{"id":1304,"date":"2026-04-22T18:11:08","date_gmt":"2026-04-22T18:11:08","guid":{"rendered":"https:\/\/www.crea.gov.co\/crea-san-pablo\/?p=1304"},"modified":"2026-04-22T18:18:35","modified_gmt":"2026-04-22T18:18:35","slug":"%f0%9f%91%89-%f0%9f%8e%acsurmetraje-inicia-su-ruta-hacia-smartfilms-con-apuestas-por-el-cine-posthumano%f0%9f%a4%96","status":"publish","type":"post","link":"https:\/\/www.crea.gov.co\/crea-san-pablo\/%f0%9f%91%89-%f0%9f%8e%acsurmetraje-inicia-su-ruta-hacia-smartfilms-con-apuestas-por-el-cine-posthumano%f0%9f%a4%96\/","title":{"rendered":"\ud83d\udc49 \ud83c\udfacSurmetraje inicia su ruta hacia SmartFilms con apuestas por el cine posthumano\ud83e\udd16"},"content":{"rendered":"<figure class=\"wp-block-post-featured-image\"><img loading=\"lazy\" decoding=\"async\" width=\"1600\" height=\"1200\" src=\"https:\/\/www.crea.gov.co\/crea-san-pablo\/wp-content\/uploads\/sites\/12\/2026\/04\/WhatsApp-Image-2026-04-21-at-4.44.08-PM.jpeg\" class=\"attachment-post-thumbnail size-post-thumbnail wp-post-image\" alt=\"\" style=\"object-fit:cover;\" srcset=\"https:\/\/www.crea.gov.co\/crea-san-pablo\/wp-content\/uploads\/sites\/12\/2026\/04\/WhatsApp-Image-2026-04-21-at-4.44.08-PM.jpeg 1600w, https:\/\/www.crea.gov.co\/crea-san-pablo\/wp-content\/uploads\/sites\/12\/2026\/04\/WhatsApp-Image-2026-04-21-at-4.44.08-PM-300x225.jpeg 300w, https:\/\/www.crea.gov.co\/crea-san-pablo\/wp-content\/uploads\/sites\/12\/2026\/04\/WhatsApp-Image-2026-04-21-at-4.44.08-PM-1024x768.jpeg 1024w, https:\/\/www.crea.gov.co\/crea-san-pablo\/wp-content\/uploads\/sites\/12\/2026\/04\/WhatsApp-Image-2026-04-21-at-4.44.08-PM-768x576.jpeg 768w, https:\/\/www.crea.gov.co\/crea-san-pablo\/wp-content\/uploads\/sites\/12\/2026\/04\/WhatsApp-Image-2026-04-21-at-4.44.08-PM-1536x1152.jpeg 1536w\" sizes=\"auto, (max-width: 1600px) 100vw, 1600px\" \/><\/figure>\n\n\n<p><em>Escrito por el art\u00edsta formador Jeferson Romero:<\/em><\/p>\n\n\n\n<p>\ud83c\udfa5\ud83d\udcf1<strong>En el Crea San Pablo, el grupo Surmetraje completa dos meses de proceso formativo y comienza una nueva etapa: la creaci\u00f3n de su cortometraje para participar en la convocatoria de SmartFilms. Este momento marca un giro clave, pasando de la exploraci\u00f3n t\u00e9cnica a una b\u00fasqueda m\u00e1s conceptual sobre c\u00f3mo narrar desde el audiovisual.<\/strong><\/p>\n\n\n\n<p><strong>Como parte de este tr\u00e1nsito, los participantes recibieron el taller Cine Posthumano, el pasado lunes 13 de&nbsp; abril, orientado por el artista Dami\u00e1n Sato, quien cuenta con estudios de maestr\u00eda en imagen en Barcelona, Espa\u00f1a. Su enfoque propuso cuestionar la c\u00e1mara no solo como herramienta, sino como un dispositivo que condiciona la forma en que percibimos y construimos realidad.&nbsp;<\/strong><\/p>\n\n\n\n<p><strong>Durante el taller, Sato invit\u00f3 a los asistentes a pensar el cine m\u00e1s all\u00e1 de los l\u00edmites tradicionales, explorando relaciones entre tecnolog\u00eda, cuerpo e imagen. El ejercicio plante\u00f3 una ruptura con los patrones \u201cnaturales\u201d del uso de la c\u00e1mara, abriendo la puerta a preguntas inc\u00f3modas pero necesarias: \u00bfdesde d\u00f3nde estamos contando nuestras historias?, \u00bfqu\u00e9 rol juega lo t\u00e9cnico en la construcci\u00f3n del relato?, \u00bfes posible narrar desde una perspectiva posthumana?<\/strong><\/p>\n\n\n\n<p><strong>En paralelo, Surmetraje particip\u00f3 en la muestra Cine, C\u00e1mara y Comunidad, realizada en la Cinemateca de Bogot\u00e1 el jueves 16 de abril. Este evento reuni\u00f3 diversas experiencias audiovisuales de base comunitaria, evidenciando el potencial del cine como herramienta de expresi\u00f3n territorial.&nbsp;<\/strong><\/p>\n\n\n\n<p><strong>La coincidencia de ambos espacios (la experimentaci\u00f3n conceptual y el encuentro con otras pr\u00e1cticas comunitarias ) abren nociones para comenzar el proceso de creaci\u00f3n y aprendizaje en el grupo.<\/strong>\ud83e\udd16\ud83c\udfac<\/p>\n\n\n\n<figure class=\"wp-block-gallery has-nested-images columns-default is-cropped wp-block-gallery-1 is-layout-flex wp-block-gallery-is-layout-flex\">\n<figure class=\"wp-block-image size-large\"><img loading=\"lazy\" decoding=\"async\" width=\"1024\" height=\"768\" data-id=\"1306\" src=\"https:\/\/www.crea.gov.co\/crea-san-pablo\/wp-content\/uploads\/sites\/12\/2026\/04\/WhatsApp-Image-2026-04-21-at-5.06.44-PM-1024x768.jpeg\" alt=\"\" class=\"wp-image-1306\" srcset=\"https:\/\/www.crea.gov.co\/crea-san-pablo\/wp-content\/uploads\/sites\/12\/2026\/04\/WhatsApp-Image-2026-04-21-at-5.06.44-PM-1024x768.jpeg 1024w, https:\/\/www.crea.gov.co\/crea-san-pablo\/wp-content\/uploads\/sites\/12\/2026\/04\/WhatsApp-Image-2026-04-21-at-5.06.44-PM-300x225.jpeg 300w, https:\/\/www.crea.gov.co\/crea-san-pablo\/wp-content\/uploads\/sites\/12\/2026\/04\/WhatsApp-Image-2026-04-21-at-5.06.44-PM-768x576.jpeg 768w, https:\/\/www.crea.gov.co\/crea-san-pablo\/wp-content\/uploads\/sites\/12\/2026\/04\/WhatsApp-Image-2026-04-21-at-5.06.44-PM.jpeg 1280w\" sizes=\"auto, (max-width: 1024px) 100vw, 1024px\" \/><\/figure>\n<\/figure>\n\n\n\n<p class=\"has-text-align-center\">\ud83d\udc49 <strong>\ud83c\udfa5\ud83d\udc65El proceso que atraviesa Surmetraje no solo marca el paso de la formaci\u00f3n a la creaci\u00f3n, sino que abre una inquietud m\u00e1s profunda sobre el sentido mismo de hacer cine hoy. Entre la exploraci\u00f3n t\u00e9cnica y la provocaci\u00f3n conceptual del enfoque posthumano, el grupo empieza a cuestionar no solo c\u00f3mo contar historias, sino desde d\u00f3nde y para qui\u00e9n se construyen esas miradas.<\/strong><\/p>\n\n\n\n<p class=\"has-text-align-center\"><strong>En ese cruce entre tecnolog\u00eda, cuerpo y territorio, el audiovisual deja de ser \u00fanicamente una herramienta para convertirse en un espacio de pensamiento cr\u00edtico. As\u00ed, m\u00e1s que llegar a una respuesta cerrada, esta nueva etapa parece invitar a sostener la pregunta: qu\u00e9 significa narrar en un mundo donde lo humano ya no es el \u00fanico punto de partida.<\/strong>\ud83d\udc49 <strong>\ud83e\udde0\ud83c\udfa5<\/strong><\/p>\n","protected":false},"excerpt":{"rendered":"<p>Escrito por el art\u00edsta formador Jeferson Romero: \ud83c\udfa5\ud83d\udcf1En el Crea San Pablo, el grupo Surmetraje completa dos meses de proceso formativo y comienza una nueva etapa: la creaci\u00f3n de su cortometraje para participar en la convocatoria de SmartFilms. Este momento marca un giro clave, pasando de la exploraci\u00f3n t\u00e9cnica a una b\u00fasqueda m\u00e1s conceptual sobre [&hellip;]<\/p>\n","protected":false},"author":88,"featured_media":1305,"comment_status":"open","ping_status":"open","sticky":false,"template":"","format":"standard","meta":{"footnotes":""},"categories":[1],"tags":[],"class_list":["post-1304","post","type-post","status-publish","format-standard","has-post-thumbnail","hentry","category-sin-categoria"],"yoast_head":"<!-- This site is optimized with the Yoast SEO plugin v24.5 - https:\/\/yoast.com\/wordpress\/plugins\/seo\/ -->\n<title>\ud83d\udc49 \ud83c\udfacSurmetraje inicia su ruta hacia SmartFilms con apuestas por el cine posthumano\ud83e\udd16 - Crea San Pablo<\/title>\n<meta name=\"robots\" content=\"index, follow, max-snippet:-1, max-image-preview:large, max-video-preview:-1\" \/>\n<link rel=\"canonical\" href=\"https:\/\/www.crea.gov.co\/crea-san-pablo\/\ud83d\udc49-\ud83c\udfacsurmetraje-inicia-su-ruta-hacia-smartfilms-con-apuestas-por-el-cine-posthumano\ud83e\udd16\/\" \/>\n<meta property=\"og:locale\" content=\"es_ES\" \/>\n<meta property=\"og:type\" content=\"article\" \/>\n<meta property=\"og:title\" content=\"\ud83d\udc49 \ud83c\udfacSurmetraje inicia su ruta hacia SmartFilms con apuestas por el cine posthumano\ud83e\udd16 - Crea San Pablo\" \/>\n<meta property=\"og:description\" content=\"Escrito por el art\u00edsta formador Jeferson Romero: \ud83c\udfa5\ud83d\udcf1En el Crea San Pablo, el grupo Surmetraje completa dos meses de proceso formativo y comienza una nueva etapa: la creaci\u00f3n de su cortometraje para participar en la convocatoria de SmartFilms. Este momento marca un giro clave, pasando de la exploraci\u00f3n t\u00e9cnica a una b\u00fasqueda m\u00e1s conceptual sobre [&hellip;]\" \/>\n<meta property=\"og:url\" content=\"https:\/\/www.crea.gov.co\/crea-san-pablo\/\ud83d\udc49-\ud83c\udfacsurmetraje-inicia-su-ruta-hacia-smartfilms-con-apuestas-por-el-cine-posthumano\ud83e\udd16\/\" \/>\n<meta property=\"og:site_name\" content=\"Crea San Pablo\" \/>\n<meta property=\"article:published_time\" content=\"2026-04-22T18:11:08+00:00\" \/>\n<meta property=\"article:modified_time\" content=\"2026-04-22T18:18:35+00:00\" \/>\n<meta property=\"og:image\" content=\"https:\/\/www.crea.gov.co\/crea-san-pablo\/wp-content\/uploads\/sites\/12\/2026\/04\/WhatsApp-Image-2026-04-21-at-4.44.08-PM.jpeg\" \/>\n\t<meta property=\"og:image:width\" content=\"1600\" \/>\n\t<meta property=\"og:image:height\" content=\"1200\" \/>\n\t<meta property=\"og:image:type\" content=\"image\/jpeg\" \/>\n<meta name=\"author\" content=\"creabosasanpablo\" \/>\n<meta name=\"twitter:card\" content=\"summary_large_image\" \/>\n<meta name=\"twitter:label1\" content=\"Escrito por\" \/>\n\t<meta name=\"twitter:data1\" content=\"creabosasanpablo\" \/>\n\t<meta name=\"twitter:label2\" content=\"Tiempo de lectura\" \/>\n\t<meta name=\"twitter:data2\" content=\"3 minutos\" \/>\n<script type=\"application\/ld+json\" class=\"yoast-schema-graph\">{\"@context\":\"https:\/\/schema.org\",\"@graph\":[{\"@type\":\"WebPage\",\"@id\":\"https:\/\/www.crea.gov.co\/crea-san-pablo\/%f0%9f%91%89-%f0%9f%8e%acsurmetraje-inicia-su-ruta-hacia-smartfilms-con-apuestas-por-el-cine-posthumano%f0%9f%a4%96\/\",\"url\":\"https:\/\/www.crea.gov.co\/crea-san-pablo\/%f0%9f%91%89-%f0%9f%8e%acsurmetraje-inicia-su-ruta-hacia-smartfilms-con-apuestas-por-el-cine-posthumano%f0%9f%a4%96\/\",\"name\":\"\ud83d\udc49 \ud83c\udfacSurmetraje inicia su ruta hacia SmartFilms con apuestas por el cine posthumano\ud83e\udd16 - Crea San Pablo\",\"isPartOf\":{\"@id\":\"https:\/\/www.crea.gov.co\/crea-san-pablo\/#website\"},\"primaryImageOfPage\":{\"@id\":\"https:\/\/www.crea.gov.co\/crea-san-pablo\/%f0%9f%91%89-%f0%9f%8e%acsurmetraje-inicia-su-ruta-hacia-smartfilms-con-apuestas-por-el-cine-posthumano%f0%9f%a4%96\/#primaryimage\"},\"image\":{\"@id\":\"https:\/\/www.crea.gov.co\/crea-san-pablo\/%f0%9f%91%89-%f0%9f%8e%acsurmetraje-inicia-su-ruta-hacia-smartfilms-con-apuestas-por-el-cine-posthumano%f0%9f%a4%96\/#primaryimage\"},\"thumbnailUrl\":\"https:\/\/www.crea.gov.co\/crea-san-pablo\/wp-content\/uploads\/sites\/12\/2026\/04\/WhatsApp-Image-2026-04-21-at-4.44.08-PM.jpeg\",\"datePublished\":\"2026-04-22T18:11:08+00:00\",\"dateModified\":\"2026-04-22T18:18:35+00:00\",\"author\":{\"@id\":\"https:\/\/www.crea.gov.co\/crea-san-pablo\/#\/schema\/person\/1a277d2e263c42608817ea5e628b3e42\"},\"breadcrumb\":{\"@id\":\"https:\/\/www.crea.gov.co\/crea-san-pablo\/%f0%9f%91%89-%f0%9f%8e%acsurmetraje-inicia-su-ruta-hacia-smartfilms-con-apuestas-por-el-cine-posthumano%f0%9f%a4%96\/#breadcrumb\"},\"inLanguage\":\"es-CO\",\"potentialAction\":[{\"@type\":\"ReadAction\",\"target\":[\"https:\/\/www.crea.gov.co\/crea-san-pablo\/%f0%9f%91%89-%f0%9f%8e%acsurmetraje-inicia-su-ruta-hacia-smartfilms-con-apuestas-por-el-cine-posthumano%f0%9f%a4%96\/\"]}]},{\"@type\":\"ImageObject\",\"inLanguage\":\"es-CO\",\"@id\":\"https:\/\/www.crea.gov.co\/crea-san-pablo\/%f0%9f%91%89-%f0%9f%8e%acsurmetraje-inicia-su-ruta-hacia-smartfilms-con-apuestas-por-el-cine-posthumano%f0%9f%a4%96\/#primaryimage\",\"url\":\"https:\/\/www.crea.gov.co\/crea-san-pablo\/wp-content\/uploads\/sites\/12\/2026\/04\/WhatsApp-Image-2026-04-21-at-4.44.08-PM.jpeg\",\"contentUrl\":\"https:\/\/www.crea.gov.co\/crea-san-pablo\/wp-content\/uploads\/sites\/12\/2026\/04\/WhatsApp-Image-2026-04-21-at-4.44.08-PM.jpeg\",\"width\":1600,\"height\":1200},{\"@type\":\"BreadcrumbList\",\"@id\":\"https:\/\/www.crea.gov.co\/crea-san-pablo\/%f0%9f%91%89-%f0%9f%8e%acsurmetraje-inicia-su-ruta-hacia-smartfilms-con-apuestas-por-el-cine-posthumano%f0%9f%a4%96\/#breadcrumb\",\"itemListElement\":[{\"@type\":\"ListItem\",\"position\":1,\"name\":\"Home\",\"item\":\"https:\/\/www.crea.gov.co\/crea-san-pablo\/\"},{\"@type\":\"ListItem\",\"position\":2,\"name\":\"\ud83d\udc49 \ud83c\udfacSurmetraje inicia su ruta hacia SmartFilms con apuestas por el cine posthumano\ud83e\udd16\"}]},{\"@type\":\"WebSite\",\"@id\":\"https:\/\/www.crea.gov.co\/crea-san-pablo\/#website\",\"url\":\"https:\/\/www.crea.gov.co\/crea-san-pablo\/\",\"name\":\"Crea San Pablo\",\"description\":\"En Bosa, este espacio es un punto de encuentro para quienes valoran la cercan\u00eda entre vecinos y las tradiciones que se transmiten de generaci\u00f3n en generaci\u00f3n. Aqu\u00ed, el arte se convierte en una manera de mantener vivas las historias del sector y de crear nuevas formas de encontrarse en comunidad.\",\"potentialAction\":[{\"@type\":\"SearchAction\",\"target\":{\"@type\":\"EntryPoint\",\"urlTemplate\":\"https:\/\/www.crea.gov.co\/crea-san-pablo\/?s={search_term_string}\"},\"query-input\":{\"@type\":\"PropertyValueSpecification\",\"valueRequired\":true,\"valueName\":\"search_term_string\"}}],\"inLanguage\":\"es-CO\"},{\"@type\":\"Person\",\"@id\":\"https:\/\/www.crea.gov.co\/crea-san-pablo\/#\/schema\/person\/1a277d2e263c42608817ea5e628b3e42\",\"name\":\"creabosasanpablo\",\"image\":{\"@type\":\"ImageObject\",\"inLanguage\":\"es-CO\",\"@id\":\"https:\/\/www.crea.gov.co\/crea-san-pablo\/#\/schema\/person\/image\/\",\"url\":\"https:\/\/secure.gravatar.com\/avatar\/7d7cb533e4c943f32b985bcbf24a58d8?s=96&d=mm&r=g\",\"contentUrl\":\"https:\/\/secure.gravatar.com\/avatar\/7d7cb533e4c943f32b985bcbf24a58d8?s=96&d=mm&r=g\",\"caption\":\"creabosasanpablo\"},\"url\":\"https:\/\/www.crea.gov.co\/crea-san-pablo\/author\/creabosasanpablo\/\"}]}<\/script>\n<!-- \/ Yoast SEO plugin. -->","yoast_head_json":{"title":"\ud83d\udc49 \ud83c\udfacSurmetraje inicia su ruta hacia SmartFilms con apuestas por el cine posthumano\ud83e\udd16 - Crea San Pablo","robots":{"index":"index","follow":"follow","max-snippet":"max-snippet:-1","max-image-preview":"max-image-preview:large","max-video-preview":"max-video-preview:-1"},"canonical":"https:\/\/www.crea.gov.co\/crea-san-pablo\/\ud83d\udc49-\ud83c\udfacsurmetraje-inicia-su-ruta-hacia-smartfilms-con-apuestas-por-el-cine-posthumano\ud83e\udd16\/","og_locale":"es_ES","og_type":"article","og_title":"\ud83d\udc49 \ud83c\udfacSurmetraje inicia su ruta hacia SmartFilms con apuestas por el cine posthumano\ud83e\udd16 - Crea San Pablo","og_description":"Escrito por el art\u00edsta formador Jeferson Romero: \ud83c\udfa5\ud83d\udcf1En el Crea San Pablo, el grupo Surmetraje completa dos meses de proceso formativo y comienza una nueva etapa: la creaci\u00f3n de su cortometraje para participar en la convocatoria de SmartFilms. Este momento marca un giro clave, pasando de la exploraci\u00f3n t\u00e9cnica a una b\u00fasqueda m\u00e1s conceptual sobre [&hellip;]","og_url":"https:\/\/www.crea.gov.co\/crea-san-pablo\/\ud83d\udc49-\ud83c\udfacsurmetraje-inicia-su-ruta-hacia-smartfilms-con-apuestas-por-el-cine-posthumano\ud83e\udd16\/","og_site_name":"Crea San Pablo","article_published_time":"2026-04-22T18:11:08+00:00","article_modified_time":"2026-04-22T18:18:35+00:00","og_image":[{"width":1600,"height":1200,"url":"https:\/\/www.crea.gov.co\/crea-san-pablo\/wp-content\/uploads\/sites\/12\/2026\/04\/WhatsApp-Image-2026-04-21-at-4.44.08-PM.jpeg","type":"image\/jpeg"}],"author":"creabosasanpablo","twitter_card":"summary_large_image","twitter_misc":{"Escrito por":"creabosasanpablo","Tiempo de lectura":"3 minutos"},"schema":{"@context":"https:\/\/schema.org","@graph":[{"@type":"WebPage","@id":"https:\/\/www.crea.gov.co\/crea-san-pablo\/%f0%9f%91%89-%f0%9f%8e%acsurmetraje-inicia-su-ruta-hacia-smartfilms-con-apuestas-por-el-cine-posthumano%f0%9f%a4%96\/","url":"https:\/\/www.crea.gov.co\/crea-san-pablo\/%f0%9f%91%89-%f0%9f%8e%acsurmetraje-inicia-su-ruta-hacia-smartfilms-con-apuestas-por-el-cine-posthumano%f0%9f%a4%96\/","name":"\ud83d\udc49 \ud83c\udfacSurmetraje inicia su ruta hacia SmartFilms con apuestas por el cine posthumano\ud83e\udd16 - Crea San Pablo","isPartOf":{"@id":"https:\/\/www.crea.gov.co\/crea-san-pablo\/#website"},"primaryImageOfPage":{"@id":"https:\/\/www.crea.gov.co\/crea-san-pablo\/%f0%9f%91%89-%f0%9f%8e%acsurmetraje-inicia-su-ruta-hacia-smartfilms-con-apuestas-por-el-cine-posthumano%f0%9f%a4%96\/#primaryimage"},"image":{"@id":"https:\/\/www.crea.gov.co\/crea-san-pablo\/%f0%9f%91%89-%f0%9f%8e%acsurmetraje-inicia-su-ruta-hacia-smartfilms-con-apuestas-por-el-cine-posthumano%f0%9f%a4%96\/#primaryimage"},"thumbnailUrl":"https:\/\/www.crea.gov.co\/crea-san-pablo\/wp-content\/uploads\/sites\/12\/2026\/04\/WhatsApp-Image-2026-04-21-at-4.44.08-PM.jpeg","datePublished":"2026-04-22T18:11:08+00:00","dateModified":"2026-04-22T18:18:35+00:00","author":{"@id":"https:\/\/www.crea.gov.co\/crea-san-pablo\/#\/schema\/person\/1a277d2e263c42608817ea5e628b3e42"},"breadcrumb":{"@id":"https:\/\/www.crea.gov.co\/crea-san-pablo\/%f0%9f%91%89-%f0%9f%8e%acsurmetraje-inicia-su-ruta-hacia-smartfilms-con-apuestas-por-el-cine-posthumano%f0%9f%a4%96\/#breadcrumb"},"inLanguage":"es-CO","potentialAction":[{"@type":"ReadAction","target":["https:\/\/www.crea.gov.co\/crea-san-pablo\/%f0%9f%91%89-%f0%9f%8e%acsurmetraje-inicia-su-ruta-hacia-smartfilms-con-apuestas-por-el-cine-posthumano%f0%9f%a4%96\/"]}]},{"@type":"ImageObject","inLanguage":"es-CO","@id":"https:\/\/www.crea.gov.co\/crea-san-pablo\/%f0%9f%91%89-%f0%9f%8e%acsurmetraje-inicia-su-ruta-hacia-smartfilms-con-apuestas-por-el-cine-posthumano%f0%9f%a4%96\/#primaryimage","url":"https:\/\/www.crea.gov.co\/crea-san-pablo\/wp-content\/uploads\/sites\/12\/2026\/04\/WhatsApp-Image-2026-04-21-at-4.44.08-PM.jpeg","contentUrl":"https:\/\/www.crea.gov.co\/crea-san-pablo\/wp-content\/uploads\/sites\/12\/2026\/04\/WhatsApp-Image-2026-04-21-at-4.44.08-PM.jpeg","width":1600,"height":1200},{"@type":"BreadcrumbList","@id":"https:\/\/www.crea.gov.co\/crea-san-pablo\/%f0%9f%91%89-%f0%9f%8e%acsurmetraje-inicia-su-ruta-hacia-smartfilms-con-apuestas-por-el-cine-posthumano%f0%9f%a4%96\/#breadcrumb","itemListElement":[{"@type":"ListItem","position":1,"name":"Home","item":"https:\/\/www.crea.gov.co\/crea-san-pablo\/"},{"@type":"ListItem","position":2,"name":"\ud83d\udc49 \ud83c\udfacSurmetraje inicia su ruta hacia SmartFilms con apuestas por el cine posthumano\ud83e\udd16"}]},{"@type":"WebSite","@id":"https:\/\/www.crea.gov.co\/crea-san-pablo\/#website","url":"https:\/\/www.crea.gov.co\/crea-san-pablo\/","name":"Crea San Pablo","description":"En Bosa, este espacio es un punto de encuentro para quienes valoran la cercan\u00eda entre vecinos y las tradiciones que se transmiten de generaci\u00f3n en generaci\u00f3n. Aqu\u00ed, el arte se convierte en una manera de mantener vivas las historias del sector y de crear nuevas formas de encontrarse en comunidad.","potentialAction":[{"@type":"SearchAction","target":{"@type":"EntryPoint","urlTemplate":"https:\/\/www.crea.gov.co\/crea-san-pablo\/?s={search_term_string}"},"query-input":{"@type":"PropertyValueSpecification","valueRequired":true,"valueName":"search_term_string"}}],"inLanguage":"es-CO"},{"@type":"Person","@id":"https:\/\/www.crea.gov.co\/crea-san-pablo\/#\/schema\/person\/1a277d2e263c42608817ea5e628b3e42","name":"creabosasanpablo","image":{"@type":"ImageObject","inLanguage":"es-CO","@id":"https:\/\/www.crea.gov.co\/crea-san-pablo\/#\/schema\/person\/image\/","url":"https:\/\/secure.gravatar.com\/avatar\/7d7cb533e4c943f32b985bcbf24a58d8?s=96&d=mm&r=g","contentUrl":"https:\/\/secure.gravatar.com\/avatar\/7d7cb533e4c943f32b985bcbf24a58d8?s=96&d=mm&r=g","caption":"creabosasanpablo"},"url":"https:\/\/www.crea.gov.co\/crea-san-pablo\/author\/creabosasanpablo\/"}]}},"_links":{"self":[{"href":"https:\/\/www.crea.gov.co\/crea-san-pablo\/wp-json\/wp\/v2\/posts\/1304","targetHints":{"allow":["GET"]}}],"collection":[{"href":"https:\/\/www.crea.gov.co\/crea-san-pablo\/wp-json\/wp\/v2\/posts"}],"about":[{"href":"https:\/\/www.crea.gov.co\/crea-san-pablo\/wp-json\/wp\/v2\/types\/post"}],"author":[{"embeddable":true,"href":"https:\/\/www.crea.gov.co\/crea-san-pablo\/wp-json\/wp\/v2\/users\/88"}],"replies":[{"embeddable":true,"href":"https:\/\/www.crea.gov.co\/crea-san-pablo\/wp-json\/wp\/v2\/comments?post=1304"}],"version-history":[{"count":3,"href":"https:\/\/www.crea.gov.co\/crea-san-pablo\/wp-json\/wp\/v2\/posts\/1304\/revisions"}],"predecessor-version":[{"id":1310,"href":"https:\/\/www.crea.gov.co\/crea-san-pablo\/wp-json\/wp\/v2\/posts\/1304\/revisions\/1310"}],"wp:featuredmedia":[{"embeddable":true,"href":"https:\/\/www.crea.gov.co\/crea-san-pablo\/wp-json\/wp\/v2\/media\/1305"}],"wp:attachment":[{"href":"https:\/\/www.crea.gov.co\/crea-san-pablo\/wp-json\/wp\/v2\/media?parent=1304"}],"wp:term":[{"taxonomy":"category","embeddable":true,"href":"https:\/\/www.crea.gov.co\/crea-san-pablo\/wp-json\/wp\/v2\/categories?post=1304"},{"taxonomy":"post_tag","embeddable":true,"href":"https:\/\/www.crea.gov.co\/crea-san-pablo\/wp-json\/wp\/v2\/tags?post=1304"}],"curies":[{"name":"wp","href":"https:\/\/api.w.org\/{rel}","templated":true}]}}