{"id":1295,"date":"2026-04-18T21:02:54","date_gmt":"2026-04-18T21:02:54","guid":{"rendered":"https:\/\/www.crea.gov.co\/crea-san-pablo\/?p=1295"},"modified":"2026-04-18T21:02:54","modified_gmt":"2026-04-18T21:02:54","slug":"%f0%9f%8e%ad%e2%9c%a8-invitacion-especial-formacion-artistica-gratis-en-crea-san-pablo-%f0%9f%8e%a8%f0%9f%93%9a","status":"publish","type":"post","link":"https:\/\/www.crea.gov.co\/crea-san-pablo\/%f0%9f%8e%ad%e2%9c%a8-invitacion-especial-formacion-artistica-gratis-en-crea-san-pablo-%f0%9f%8e%a8%f0%9f%93%9a\/","title":{"rendered":"\ud83c\udfad\u2728 \u00a1INVITACI\u00d3N ESPECIAL! Formaci\u00f3n art\u00edstica GRATIS en CREA San Pablo \ud83c\udfa8\ud83d\udcda"},"content":{"rendered":"\n<p>\u00bfTe apasiona el arte o quieres descubrir tu talento? \u00a1Esta es tu oportunidad! \ud83d\ude4c<\/p>\n\n\n<figure class=\"wp-block-post-featured-image\"><img loading=\"lazy\" decoding=\"async\" width=\"900\" height=\"1600\" src=\"https:\/\/www.crea.gov.co\/crea-san-pablo\/wp-content\/uploads\/sites\/12\/2026\/04\/WhatsApp-Image-2026-04-18-at-3.52.53-PM.jpeg\" class=\"attachment-post-thumbnail size-post-thumbnail wp-post-image\" alt=\"\" style=\"object-fit:cover;\" srcset=\"https:\/\/www.crea.gov.co\/crea-san-pablo\/wp-content\/uploads\/sites\/12\/2026\/04\/WhatsApp-Image-2026-04-18-at-3.52.53-PM.jpeg 900w, https:\/\/www.crea.gov.co\/crea-san-pablo\/wp-content\/uploads\/sites\/12\/2026\/04\/WhatsApp-Image-2026-04-18-at-3.52.53-PM-169x300.jpeg 169w, https:\/\/www.crea.gov.co\/crea-san-pablo\/wp-content\/uploads\/sites\/12\/2026\/04\/WhatsApp-Image-2026-04-18-at-3.52.53-PM-576x1024.jpeg 576w, https:\/\/www.crea.gov.co\/crea-san-pablo\/wp-content\/uploads\/sites\/12\/2026\/04\/WhatsApp-Image-2026-04-18-at-3.52.53-PM-768x1365.jpeg 768w, https:\/\/www.crea.gov.co\/crea-san-pablo\/wp-content\/uploads\/sites\/12\/2026\/04\/WhatsApp-Image-2026-04-18-at-3.52.53-PM-864x1536.jpeg 864w\" sizes=\"auto, (max-width: 900px) 100vw, 900px\" \/><\/figure>\n\n\n<p>El <strong>CREA San Pablo<\/strong> te invita a participar en sus <strong>talleres de formaci\u00f3n art\u00edstica completamente gratuitos<\/strong> \ud83d\udcaf\ud83c\udf89<\/p>\n\n\n\n<p>\ud83d\udce2 <strong>Tenemos cupos disponibles en:<\/strong><strong><br><\/strong> \ud83c\udfb5 M\u00fasica<br>\ud83d\udcd6 Literatura<br>\ud83d\udcbb Creaci\u00f3n digital<br>\ud83c\udfac Audiovisuales<br>\ud83c\udfad Teatro<\/p>\n\n\n\n<p>\ud83c\udf1f No necesitas experiencia previa, solo ganas de aprender, crear y disfrutar del arte.<\/p>\n\n\n\n<figure class=\"wp-block-gallery has-nested-images columns-default is-cropped wp-block-gallery-1 is-layout-flex wp-block-gallery-is-layout-flex\">\n<figure class=\"wp-block-image size-large\"><img loading=\"lazy\" decoding=\"async\" width=\"576\" height=\"1024\" data-id=\"1300\" src=\"https:\/\/www.crea.gov.co\/crea-san-pablo\/wp-content\/uploads\/sites\/12\/2026\/04\/WhatsApp-Image-2026-04-18-at-3.52.53-PM-2-1-576x1024.jpeg\" alt=\"\" class=\"wp-image-1300\" srcset=\"https:\/\/www.crea.gov.co\/crea-san-pablo\/wp-content\/uploads\/sites\/12\/2026\/04\/WhatsApp-Image-2026-04-18-at-3.52.53-PM-2-1-576x1024.jpeg 576w, https:\/\/www.crea.gov.co\/crea-san-pablo\/wp-content\/uploads\/sites\/12\/2026\/04\/WhatsApp-Image-2026-04-18-at-3.52.53-PM-2-1-169x300.jpeg 169w, https:\/\/www.crea.gov.co\/crea-san-pablo\/wp-content\/uploads\/sites\/12\/2026\/04\/WhatsApp-Image-2026-04-18-at-3.52.53-PM-2-1-768x1365.jpeg 768w, https:\/\/www.crea.gov.co\/crea-san-pablo\/wp-content\/uploads\/sites\/12\/2026\/04\/WhatsApp-Image-2026-04-18-at-3.52.53-PM-2-1-864x1536.jpeg 864w, https:\/\/www.crea.gov.co\/crea-san-pablo\/wp-content\/uploads\/sites\/12\/2026\/04\/WhatsApp-Image-2026-04-18-at-3.52.53-PM-2-1.jpeg 900w\" sizes=\"auto, (max-width: 576px) 100vw, 576px\" \/><\/figure>\n\n\n\n<figure class=\"wp-block-image size-large\"><img loading=\"lazy\" decoding=\"async\" width=\"576\" height=\"1024\" data-id=\"1301\" src=\"https:\/\/www.crea.gov.co\/crea-san-pablo\/wp-content\/uploads\/sites\/12\/2026\/04\/WhatsApp-Image-2026-04-18-at-3.52.53-PM-1-1-576x1024.jpeg\" alt=\"\" class=\"wp-image-1301\" srcset=\"https:\/\/www.crea.gov.co\/crea-san-pablo\/wp-content\/uploads\/sites\/12\/2026\/04\/WhatsApp-Image-2026-04-18-at-3.52.53-PM-1-1-576x1024.jpeg 576w, https:\/\/www.crea.gov.co\/crea-san-pablo\/wp-content\/uploads\/sites\/12\/2026\/04\/WhatsApp-Image-2026-04-18-at-3.52.53-PM-1-1-169x300.jpeg 169w, https:\/\/www.crea.gov.co\/crea-san-pablo\/wp-content\/uploads\/sites\/12\/2026\/04\/WhatsApp-Image-2026-04-18-at-3.52.53-PM-1-1-768x1365.jpeg 768w, https:\/\/www.crea.gov.co\/crea-san-pablo\/wp-content\/uploads\/sites\/12\/2026\/04\/WhatsApp-Image-2026-04-18-at-3.52.53-PM-1-1-864x1536.jpeg 864w, https:\/\/www.crea.gov.co\/crea-san-pablo\/wp-content\/uploads\/sites\/12\/2026\/04\/WhatsApp-Image-2026-04-18-at-3.52.53-PM-1-1.jpeg 900w\" sizes=\"auto, (max-width: 576px) 100vw, 576px\" \/><\/figure>\n<\/figure>\n\n\n\n<figure class=\"wp-block-image size-large\"><img loading=\"lazy\" decoding=\"async\" width=\"576\" height=\"1024\" src=\"https:\/\/www.crea.gov.co\/crea-san-pablo\/wp-content\/uploads\/sites\/12\/2026\/04\/WhatsApp-Image-2026-04-18-at-3.52.53-PM-3-1-576x1024.jpeg\" alt=\"\" class=\"wp-image-1302\" srcset=\"https:\/\/www.crea.gov.co\/crea-san-pablo\/wp-content\/uploads\/sites\/12\/2026\/04\/WhatsApp-Image-2026-04-18-at-3.52.53-PM-3-1-576x1024.jpeg 576w, https:\/\/www.crea.gov.co\/crea-san-pablo\/wp-content\/uploads\/sites\/12\/2026\/04\/WhatsApp-Image-2026-04-18-at-3.52.53-PM-3-1-169x300.jpeg 169w, https:\/\/www.crea.gov.co\/crea-san-pablo\/wp-content\/uploads\/sites\/12\/2026\/04\/WhatsApp-Image-2026-04-18-at-3.52.53-PM-3-1-768x1365.jpeg 768w, https:\/\/www.crea.gov.co\/crea-san-pablo\/wp-content\/uploads\/sites\/12\/2026\/04\/WhatsApp-Image-2026-04-18-at-3.52.53-PM-3-1-864x1536.jpeg 864w, https:\/\/www.crea.gov.co\/crea-san-pablo\/wp-content\/uploads\/sites\/12\/2026\/04\/WhatsApp-Image-2026-04-18-at-3.52.53-PM-3-1.jpeg 900w\" sizes=\"auto, (max-width: 576px) 100vw, 576px\" \/><\/figure>\n\n\n\n<p class=\"has-text-align-center\"><strong>\ud83d\udccd Ac\u00e9rcate a nuestras instalaciones del CREA San Pablo y haz parte de esta experiencia cultural \u00fanica.<\/strong><\/p>\n\n\n\n<p class=\"has-text-align-center\"><strong>\ud83d\udcab \u00a1Ven, participa y d\u00e9jate inspirar por el arte!<\/strong><\/p>\n","protected":false},"excerpt":{"rendered":"<p>\u00bfTe apasiona el arte o quieres descubrir tu talento? \u00a1Esta es tu oportunidad! \ud83d\ude4c El CREA San Pablo te invita a participar en sus talleres de formaci\u00f3n art\u00edstica completamente gratuitos \ud83d\udcaf\ud83c\udf89 \ud83d\udce2 Tenemos cupos disponibles en: \ud83c\udfb5 M\u00fasica\ud83d\udcd6 Literatura\ud83d\udcbb Creaci\u00f3n digital\ud83c\udfac Audiovisuales\ud83c\udfad Teatro \ud83c\udf1f No necesitas experiencia previa, solo ganas de aprender, crear y disfrutar [&hellip;]<\/p>\n","protected":false},"author":88,"featured_media":1296,"comment_status":"open","ping_status":"open","sticky":false,"template":"","format":"standard","meta":{"footnotes":""},"categories":[1],"tags":[],"class_list":["post-1295","post","type-post","status-publish","format-standard","has-post-thumbnail","hentry","category-sin-categoria"],"yoast_head":"<!-- This site is optimized with the Yoast SEO plugin v24.5 - https:\/\/yoast.com\/wordpress\/plugins\/seo\/ -->\n<title>\ud83c\udfad\u2728 \u00a1INVITACI\u00d3N ESPECIAL! Formaci\u00f3n art\u00edstica GRATIS en CREA San Pablo \ud83c\udfa8\ud83d\udcda - Crea San Pablo<\/title>\n<meta name=\"robots\" content=\"index, follow, max-snippet:-1, max-image-preview:large, max-video-preview:-1\" \/>\n<link rel=\"canonical\" href=\"https:\/\/www.crea.gov.co\/crea-san-pablo\/\ud83c\udfad\u2728-invitacion-especial-formacion-artistica-gratis-en-crea-san-pablo-\ud83c\udfa8\ud83d\udcda\/\" \/>\n<meta property=\"og:locale\" content=\"es_ES\" \/>\n<meta property=\"og:type\" content=\"article\" \/>\n<meta property=\"og:title\" content=\"\ud83c\udfad\u2728 \u00a1INVITACI\u00d3N ESPECIAL! Formaci\u00f3n art\u00edstica GRATIS en CREA San Pablo \ud83c\udfa8\ud83d\udcda - Crea San Pablo\" \/>\n<meta property=\"og:description\" content=\"\u00bfTe apasiona el arte o quieres descubrir tu talento? \u00a1Esta es tu oportunidad! \ud83d\ude4c El CREA San Pablo te invita a participar en sus talleres de formaci\u00f3n art\u00edstica completamente gratuitos \ud83d\udcaf\ud83c\udf89 \ud83d\udce2 Tenemos cupos disponibles en: \ud83c\udfb5 M\u00fasica\ud83d\udcd6 Literatura\ud83d\udcbb Creaci\u00f3n digital\ud83c\udfac Audiovisuales\ud83c\udfad Teatro \ud83c\udf1f No necesitas experiencia previa, solo ganas de aprender, crear y disfrutar [&hellip;]\" \/>\n<meta property=\"og:url\" content=\"https:\/\/www.crea.gov.co\/crea-san-pablo\/\ud83c\udfad\u2728-invitacion-especial-formacion-artistica-gratis-en-crea-san-pablo-\ud83c\udfa8\ud83d\udcda\/\" \/>\n<meta property=\"og:site_name\" content=\"Crea San Pablo\" \/>\n<meta property=\"article:published_time\" content=\"2026-04-18T21:02:54+00:00\" \/>\n<meta property=\"og:image\" content=\"https:\/\/www.crea.gov.co\/crea-san-pablo\/wp-content\/uploads\/sites\/12\/2026\/04\/WhatsApp-Image-2026-04-18-at-3.52.53-PM.jpeg\" \/>\n\t<meta property=\"og:image:width\" content=\"900\" \/>\n\t<meta property=\"og:image:height\" content=\"1600\" \/>\n\t<meta property=\"og:image:type\" content=\"image\/jpeg\" \/>\n<meta name=\"author\" content=\"creabosasanpablo\" \/>\n<meta name=\"twitter:card\" content=\"summary_large_image\" \/>\n<meta name=\"twitter:label1\" content=\"Escrito por\" \/>\n\t<meta name=\"twitter:data1\" content=\"creabosasanpablo\" \/>\n\t<meta name=\"twitter:label2\" content=\"Tiempo de lectura\" \/>\n\t<meta name=\"twitter:data2\" content=\"2 minutos\" \/>\n<script type=\"application\/ld+json\" class=\"yoast-schema-graph\">{\"@context\":\"https:\/\/schema.org\",\"@graph\":[{\"@type\":\"WebPage\",\"@id\":\"https:\/\/www.crea.gov.co\/crea-san-pablo\/%f0%9f%8e%ad%e2%9c%a8-invitacion-especial-formacion-artistica-gratis-en-crea-san-pablo-%f0%9f%8e%a8%f0%9f%93%9a\/\",\"url\":\"https:\/\/www.crea.gov.co\/crea-san-pablo\/%f0%9f%8e%ad%e2%9c%a8-invitacion-especial-formacion-artistica-gratis-en-crea-san-pablo-%f0%9f%8e%a8%f0%9f%93%9a\/\",\"name\":\"\ud83c\udfad\u2728 \u00a1INVITACI\u00d3N ESPECIAL! Formaci\u00f3n art\u00edstica GRATIS en CREA San Pablo \ud83c\udfa8\ud83d\udcda - Crea San Pablo\",\"isPartOf\":{\"@id\":\"https:\/\/www.crea.gov.co\/crea-san-pablo\/#website\"},\"primaryImageOfPage\":{\"@id\":\"https:\/\/www.crea.gov.co\/crea-san-pablo\/%f0%9f%8e%ad%e2%9c%a8-invitacion-especial-formacion-artistica-gratis-en-crea-san-pablo-%f0%9f%8e%a8%f0%9f%93%9a\/#primaryimage\"},\"image\":{\"@id\":\"https:\/\/www.crea.gov.co\/crea-san-pablo\/%f0%9f%8e%ad%e2%9c%a8-invitacion-especial-formacion-artistica-gratis-en-crea-san-pablo-%f0%9f%8e%a8%f0%9f%93%9a\/#primaryimage\"},\"thumbnailUrl\":\"https:\/\/www.crea.gov.co\/crea-san-pablo\/wp-content\/uploads\/sites\/12\/2026\/04\/WhatsApp-Image-2026-04-18-at-3.52.53-PM.jpeg\",\"datePublished\":\"2026-04-18T21:02:54+00:00\",\"author\":{\"@id\":\"https:\/\/www.crea.gov.co\/crea-san-pablo\/#\/schema\/person\/1a277d2e263c42608817ea5e628b3e42\"},\"breadcrumb\":{\"@id\":\"https:\/\/www.crea.gov.co\/crea-san-pablo\/%f0%9f%8e%ad%e2%9c%a8-invitacion-especial-formacion-artistica-gratis-en-crea-san-pablo-%f0%9f%8e%a8%f0%9f%93%9a\/#breadcrumb\"},\"inLanguage\":\"es-CO\",\"potentialAction\":[{\"@type\":\"ReadAction\",\"target\":[\"https:\/\/www.crea.gov.co\/crea-san-pablo\/%f0%9f%8e%ad%e2%9c%a8-invitacion-especial-formacion-artistica-gratis-en-crea-san-pablo-%f0%9f%8e%a8%f0%9f%93%9a\/\"]}]},{\"@type\":\"ImageObject\",\"inLanguage\":\"es-CO\",\"@id\":\"https:\/\/www.crea.gov.co\/crea-san-pablo\/%f0%9f%8e%ad%e2%9c%a8-invitacion-especial-formacion-artistica-gratis-en-crea-san-pablo-%f0%9f%8e%a8%f0%9f%93%9a\/#primaryimage\",\"url\":\"https:\/\/www.crea.gov.co\/crea-san-pablo\/wp-content\/uploads\/sites\/12\/2026\/04\/WhatsApp-Image-2026-04-18-at-3.52.53-PM.jpeg\",\"contentUrl\":\"https:\/\/www.crea.gov.co\/crea-san-pablo\/wp-content\/uploads\/sites\/12\/2026\/04\/WhatsApp-Image-2026-04-18-at-3.52.53-PM.jpeg\",\"width\":900,\"height\":1600},{\"@type\":\"BreadcrumbList\",\"@id\":\"https:\/\/www.crea.gov.co\/crea-san-pablo\/%f0%9f%8e%ad%e2%9c%a8-invitacion-especial-formacion-artistica-gratis-en-crea-san-pablo-%f0%9f%8e%a8%f0%9f%93%9a\/#breadcrumb\",\"itemListElement\":[{\"@type\":\"ListItem\",\"position\":1,\"name\":\"Home\",\"item\":\"https:\/\/www.crea.gov.co\/crea-san-pablo\/\"},{\"@type\":\"ListItem\",\"position\":2,\"name\":\"\ud83c\udfad\u2728 \u00a1INVITACI\u00d3N ESPECIAL! Formaci\u00f3n art\u00edstica GRATIS en CREA San Pablo \ud83c\udfa8\ud83d\udcda\"}]},{\"@type\":\"WebSite\",\"@id\":\"https:\/\/www.crea.gov.co\/crea-san-pablo\/#website\",\"url\":\"https:\/\/www.crea.gov.co\/crea-san-pablo\/\",\"name\":\"Crea San Pablo\",\"description\":\"En Bosa, este espacio es un punto de encuentro para quienes valoran la cercan\u00eda entre vecinos y las tradiciones que se transmiten de generaci\u00f3n en generaci\u00f3n. Aqu\u00ed, el arte se convierte en una manera de mantener vivas las historias del sector y de crear nuevas formas de encontrarse en comunidad.\",\"potentialAction\":[{\"@type\":\"SearchAction\",\"target\":{\"@type\":\"EntryPoint\",\"urlTemplate\":\"https:\/\/www.crea.gov.co\/crea-san-pablo\/?s={search_term_string}\"},\"query-input\":{\"@type\":\"PropertyValueSpecification\",\"valueRequired\":true,\"valueName\":\"search_term_string\"}}],\"inLanguage\":\"es-CO\"},{\"@type\":\"Person\",\"@id\":\"https:\/\/www.crea.gov.co\/crea-san-pablo\/#\/schema\/person\/1a277d2e263c42608817ea5e628b3e42\",\"name\":\"creabosasanpablo\",\"image\":{\"@type\":\"ImageObject\",\"inLanguage\":\"es-CO\",\"@id\":\"https:\/\/www.crea.gov.co\/crea-san-pablo\/#\/schema\/person\/image\/\",\"url\":\"https:\/\/secure.gravatar.com\/avatar\/7d7cb533e4c943f32b985bcbf24a58d8?s=96&d=mm&r=g\",\"contentUrl\":\"https:\/\/secure.gravatar.com\/avatar\/7d7cb533e4c943f32b985bcbf24a58d8?s=96&d=mm&r=g\",\"caption\":\"creabosasanpablo\"},\"url\":\"https:\/\/www.crea.gov.co\/crea-san-pablo\/author\/creabosasanpablo\/\"}]}<\/script>\n<!-- \/ Yoast SEO plugin. -->","yoast_head_json":{"title":"\ud83c\udfad\u2728 \u00a1INVITACI\u00d3N ESPECIAL! Formaci\u00f3n art\u00edstica GRATIS en CREA San Pablo \ud83c\udfa8\ud83d\udcda - Crea San Pablo","robots":{"index":"index","follow":"follow","max-snippet":"max-snippet:-1","max-image-preview":"max-image-preview:large","max-video-preview":"max-video-preview:-1"},"canonical":"https:\/\/www.crea.gov.co\/crea-san-pablo\/\ud83c\udfad\u2728-invitacion-especial-formacion-artistica-gratis-en-crea-san-pablo-\ud83c\udfa8\ud83d\udcda\/","og_locale":"es_ES","og_type":"article","og_title":"\ud83c\udfad\u2728 \u00a1INVITACI\u00d3N ESPECIAL! Formaci\u00f3n art\u00edstica GRATIS en CREA San Pablo \ud83c\udfa8\ud83d\udcda - Crea San Pablo","og_description":"\u00bfTe apasiona el arte o quieres descubrir tu talento? \u00a1Esta es tu oportunidad! \ud83d\ude4c El CREA San Pablo te invita a participar en sus talleres de formaci\u00f3n art\u00edstica completamente gratuitos \ud83d\udcaf\ud83c\udf89 \ud83d\udce2 Tenemos cupos disponibles en: \ud83c\udfb5 M\u00fasica\ud83d\udcd6 Literatura\ud83d\udcbb Creaci\u00f3n digital\ud83c\udfac Audiovisuales\ud83c\udfad Teatro \ud83c\udf1f No necesitas experiencia previa, solo ganas de aprender, crear y disfrutar [&hellip;]","og_url":"https:\/\/www.crea.gov.co\/crea-san-pablo\/\ud83c\udfad\u2728-invitacion-especial-formacion-artistica-gratis-en-crea-san-pablo-\ud83c\udfa8\ud83d\udcda\/","og_site_name":"Crea San Pablo","article_published_time":"2026-04-18T21:02:54+00:00","og_image":[{"width":900,"height":1600,"url":"https:\/\/www.crea.gov.co\/crea-san-pablo\/wp-content\/uploads\/sites\/12\/2026\/04\/WhatsApp-Image-2026-04-18-at-3.52.53-PM.jpeg","type":"image\/jpeg"}],"author":"creabosasanpablo","twitter_card":"summary_large_image","twitter_misc":{"Escrito por":"creabosasanpablo","Tiempo de lectura":"2 minutos"},"schema":{"@context":"https:\/\/schema.org","@graph":[{"@type":"WebPage","@id":"https:\/\/www.crea.gov.co\/crea-san-pablo\/%f0%9f%8e%ad%e2%9c%a8-invitacion-especial-formacion-artistica-gratis-en-crea-san-pablo-%f0%9f%8e%a8%f0%9f%93%9a\/","url":"https:\/\/www.crea.gov.co\/crea-san-pablo\/%f0%9f%8e%ad%e2%9c%a8-invitacion-especial-formacion-artistica-gratis-en-crea-san-pablo-%f0%9f%8e%a8%f0%9f%93%9a\/","name":"\ud83c\udfad\u2728 \u00a1INVITACI\u00d3N ESPECIAL! Formaci\u00f3n art\u00edstica GRATIS en CREA San Pablo \ud83c\udfa8\ud83d\udcda - Crea San Pablo","isPartOf":{"@id":"https:\/\/www.crea.gov.co\/crea-san-pablo\/#website"},"primaryImageOfPage":{"@id":"https:\/\/www.crea.gov.co\/crea-san-pablo\/%f0%9f%8e%ad%e2%9c%a8-invitacion-especial-formacion-artistica-gratis-en-crea-san-pablo-%f0%9f%8e%a8%f0%9f%93%9a\/#primaryimage"},"image":{"@id":"https:\/\/www.crea.gov.co\/crea-san-pablo\/%f0%9f%8e%ad%e2%9c%a8-invitacion-especial-formacion-artistica-gratis-en-crea-san-pablo-%f0%9f%8e%a8%f0%9f%93%9a\/#primaryimage"},"thumbnailUrl":"https:\/\/www.crea.gov.co\/crea-san-pablo\/wp-content\/uploads\/sites\/12\/2026\/04\/WhatsApp-Image-2026-04-18-at-3.52.53-PM.jpeg","datePublished":"2026-04-18T21:02:54+00:00","author":{"@id":"https:\/\/www.crea.gov.co\/crea-san-pablo\/#\/schema\/person\/1a277d2e263c42608817ea5e628b3e42"},"breadcrumb":{"@id":"https:\/\/www.crea.gov.co\/crea-san-pablo\/%f0%9f%8e%ad%e2%9c%a8-invitacion-especial-formacion-artistica-gratis-en-crea-san-pablo-%f0%9f%8e%a8%f0%9f%93%9a\/#breadcrumb"},"inLanguage":"es-CO","potentialAction":[{"@type":"ReadAction","target":["https:\/\/www.crea.gov.co\/crea-san-pablo\/%f0%9f%8e%ad%e2%9c%a8-invitacion-especial-formacion-artistica-gratis-en-crea-san-pablo-%f0%9f%8e%a8%f0%9f%93%9a\/"]}]},{"@type":"ImageObject","inLanguage":"es-CO","@id":"https:\/\/www.crea.gov.co\/crea-san-pablo\/%f0%9f%8e%ad%e2%9c%a8-invitacion-especial-formacion-artistica-gratis-en-crea-san-pablo-%f0%9f%8e%a8%f0%9f%93%9a\/#primaryimage","url":"https:\/\/www.crea.gov.co\/crea-san-pablo\/wp-content\/uploads\/sites\/12\/2026\/04\/WhatsApp-Image-2026-04-18-at-3.52.53-PM.jpeg","contentUrl":"https:\/\/www.crea.gov.co\/crea-san-pablo\/wp-content\/uploads\/sites\/12\/2026\/04\/WhatsApp-Image-2026-04-18-at-3.52.53-PM.jpeg","width":900,"height":1600},{"@type":"BreadcrumbList","@id":"https:\/\/www.crea.gov.co\/crea-san-pablo\/%f0%9f%8e%ad%e2%9c%a8-invitacion-especial-formacion-artistica-gratis-en-crea-san-pablo-%f0%9f%8e%a8%f0%9f%93%9a\/#breadcrumb","itemListElement":[{"@type":"ListItem","position":1,"name":"Home","item":"https:\/\/www.crea.gov.co\/crea-san-pablo\/"},{"@type":"ListItem","position":2,"name":"\ud83c\udfad\u2728 \u00a1INVITACI\u00d3N ESPECIAL! Formaci\u00f3n art\u00edstica GRATIS en CREA San Pablo \ud83c\udfa8\ud83d\udcda"}]},{"@type":"WebSite","@id":"https:\/\/www.crea.gov.co\/crea-san-pablo\/#website","url":"https:\/\/www.crea.gov.co\/crea-san-pablo\/","name":"Crea San Pablo","description":"En Bosa, este espacio es un punto de encuentro para quienes valoran la cercan\u00eda entre vecinos y las tradiciones que se transmiten de generaci\u00f3n en generaci\u00f3n. Aqu\u00ed, el arte se convierte en una manera de mantener vivas las historias del sector y de crear nuevas formas de encontrarse en comunidad.","potentialAction":[{"@type":"SearchAction","target":{"@type":"EntryPoint","urlTemplate":"https:\/\/www.crea.gov.co\/crea-san-pablo\/?s={search_term_string}"},"query-input":{"@type":"PropertyValueSpecification","valueRequired":true,"valueName":"search_term_string"}}],"inLanguage":"es-CO"},{"@type":"Person","@id":"https:\/\/www.crea.gov.co\/crea-san-pablo\/#\/schema\/person\/1a277d2e263c42608817ea5e628b3e42","name":"creabosasanpablo","image":{"@type":"ImageObject","inLanguage":"es-CO","@id":"https:\/\/www.crea.gov.co\/crea-san-pablo\/#\/schema\/person\/image\/","url":"https:\/\/secure.gravatar.com\/avatar\/7d7cb533e4c943f32b985bcbf24a58d8?s=96&d=mm&r=g","contentUrl":"https:\/\/secure.gravatar.com\/avatar\/7d7cb533e4c943f32b985bcbf24a58d8?s=96&d=mm&r=g","caption":"creabosasanpablo"},"url":"https:\/\/www.crea.gov.co\/crea-san-pablo\/author\/creabosasanpablo\/"}]}},"_links":{"self":[{"href":"https:\/\/www.crea.gov.co\/crea-san-pablo\/wp-json\/wp\/v2\/posts\/1295","targetHints":{"allow":["GET"]}}],"collection":[{"href":"https:\/\/www.crea.gov.co\/crea-san-pablo\/wp-json\/wp\/v2\/posts"}],"about":[{"href":"https:\/\/www.crea.gov.co\/crea-san-pablo\/wp-json\/wp\/v2\/types\/post"}],"author":[{"embeddable":true,"href":"https:\/\/www.crea.gov.co\/crea-san-pablo\/wp-json\/wp\/v2\/users\/88"}],"replies":[{"embeddable":true,"href":"https:\/\/www.crea.gov.co\/crea-san-pablo\/wp-json\/wp\/v2\/comments?post=1295"}],"version-history":[{"count":1,"href":"https:\/\/www.crea.gov.co\/crea-san-pablo\/wp-json\/wp\/v2\/posts\/1295\/revisions"}],"predecessor-version":[{"id":1303,"href":"https:\/\/www.crea.gov.co\/crea-san-pablo\/wp-json\/wp\/v2\/posts\/1295\/revisions\/1303"}],"wp:featuredmedia":[{"embeddable":true,"href":"https:\/\/www.crea.gov.co\/crea-san-pablo\/wp-json\/wp\/v2\/media\/1296"}],"wp:attachment":[{"href":"https:\/\/www.crea.gov.co\/crea-san-pablo\/wp-json\/wp\/v2\/media?parent=1295"}],"wp:term":[{"taxonomy":"category","embeddable":true,"href":"https:\/\/www.crea.gov.co\/crea-san-pablo\/wp-json\/wp\/v2\/categories?post=1295"},{"taxonomy":"post_tag","embeddable":true,"href":"https:\/\/www.crea.gov.co\/crea-san-pablo\/wp-json\/wp\/v2\/tags?post=1295"}],"curies":[{"name":"wp","href":"https:\/\/api.w.org\/{rel}","templated":true}]}}