{"id":1288,"date":"2026-03-31T16:50:29","date_gmt":"2026-03-31T16:50:29","guid":{"rendered":"https:\/\/www.crea.gov.co\/crea-san-pablo\/?p=1288"},"modified":"2026-03-31T16:50:30","modified_gmt":"2026-03-31T16:50:30","slug":"%f0%9f%92%a1%f0%9f%92%bb%f0%9f%93%b9-la-imagen-viva-en-la-articulacion-entre-la-ied-villas-del-progreso-y-el-crea-san-pablo-%f0%9f%8e%9e%ef%b8%8f%f0%9f%a7%a0%f0%9f%8e%ac","status":"publish","type":"post","link":"https:\/\/www.crea.gov.co\/crea-san-pablo\/%f0%9f%92%a1%f0%9f%92%bb%f0%9f%93%b9-la-imagen-viva-en-la-articulacion-entre-la-ied-villas-del-progreso-y-el-crea-san-pablo-%f0%9f%8e%9e%ef%b8%8f%f0%9f%a7%a0%f0%9f%8e%ac\/","title":{"rendered":"\ud83d\udca1\ud83d\udcbb\ud83d\udcf9 La imagen viva en la articulaci\u00f3n entre la IED Villas del Progreso y el CREA San Pablo \ud83c\udf9e\ufe0f\ud83e\udde0\ud83c\udfac"},"content":{"rendered":"<figure class=\"wp-block-post-featured-image\"><img loading=\"lazy\" decoding=\"async\" width=\"2560\" height=\"1441\" src=\"https:\/\/www.crea.gov.co\/crea-san-pablo\/wp-content\/uploads\/sites\/12\/2026\/03\/IMG20260318091154-1-scaled.jpg\" class=\"attachment-post-thumbnail size-post-thumbnail wp-post-image\" alt=\"\" style=\"object-fit:cover;\" srcset=\"https:\/\/www.crea.gov.co\/crea-san-pablo\/wp-content\/uploads\/sites\/12\/2026\/03\/IMG20260318091154-1-scaled.jpg 2560w, https:\/\/www.crea.gov.co\/crea-san-pablo\/wp-content\/uploads\/sites\/12\/2026\/03\/IMG20260318091154-1-300x169.jpg 300w, https:\/\/www.crea.gov.co\/crea-san-pablo\/wp-content\/uploads\/sites\/12\/2026\/03\/IMG20260318091154-1-1024x576.jpg 1024w, https:\/\/www.crea.gov.co\/crea-san-pablo\/wp-content\/uploads\/sites\/12\/2026\/03\/IMG20260318091154-1-768x432.jpg 768w, https:\/\/www.crea.gov.co\/crea-san-pablo\/wp-content\/uploads\/sites\/12\/2026\/03\/IMG20260318091154-1-1536x864.jpg 1536w, https:\/\/www.crea.gov.co\/crea-san-pablo\/wp-content\/uploads\/sites\/12\/2026\/03\/IMG20260318091154-1-2048x1153.jpg 2048w\" sizes=\"auto, (max-width: 2560px) 100vw, 2560px\" \/><\/figure>\n\n\n<p><strong><em>Realizado: Sergio Cruz \/ Enlace Pedag\u00f3gico<\/em><\/strong><\/p>\n\n\n\n<p>En el marco del inicio de actividades de la l\u00ednea Arte en la Escuela, la articulaci\u00f3n entre la IED Villas del Progreso y el CREA San Pablo da apertura a un proceso din\u00e1mico, esperado y necesario para el fortalecimiento de las experiencias art\u00edsticas y culturales de los participantes.<\/p>\n\n\n\n<p>En este contexto, el \u00e1rea de audiovisuales inicia con un reto significativo, vinculado a los debates contempor\u00e1neos sobre la imagen en el siglo XXI y a las transformaciones tecnol\u00f3gicas que atraviesan la vida cotidiana. Este escenario plantea la necesidad de abordar la imagen no solo como un recurso t\u00e9cnico, sino como un campo de reflexi\u00f3n cr\u00edtica y creaci\u00f3n sensible.<\/p>\n\n\n\n<figure class=\"wp-block-gallery has-nested-images columns-default is-cropped wp-block-gallery-1 is-layout-flex wp-block-gallery-is-layout-flex\">\n<figure class=\"wp-block-image size-large is-style-rounded\"><img loading=\"lazy\" decoding=\"async\" width=\"1024\" height=\"576\" data-id=\"1291\" src=\"https:\/\/www.crea.gov.co\/crea-san-pablo\/wp-content\/uploads\/sites\/12\/2026\/03\/IMG20260318091216-1024x576.jpg\" alt=\"\" class=\"wp-image-1291\" srcset=\"https:\/\/www.crea.gov.co\/crea-san-pablo\/wp-content\/uploads\/sites\/12\/2026\/03\/IMG20260318091216-1024x576.jpg 1024w, https:\/\/www.crea.gov.co\/crea-san-pablo\/wp-content\/uploads\/sites\/12\/2026\/03\/IMG20260318091216-300x169.jpg 300w, https:\/\/www.crea.gov.co\/crea-san-pablo\/wp-content\/uploads\/sites\/12\/2026\/03\/IMG20260318091216-768x432.jpg 768w, https:\/\/www.crea.gov.co\/crea-san-pablo\/wp-content\/uploads\/sites\/12\/2026\/03\/IMG20260318091216-1536x864.jpg 1536w, https:\/\/www.crea.gov.co\/crea-san-pablo\/wp-content\/uploads\/sites\/12\/2026\/03\/IMG20260318091216-2048x1153.jpg 2048w\" sizes=\"auto, (max-width: 1024px) 100vw, 1024px\" \/><\/figure>\n\n\n\n<figure class=\"wp-block-image size-large is-style-rounded\"><img loading=\"lazy\" decoding=\"async\" width=\"1024\" height=\"576\" data-id=\"1290\" src=\"https:\/\/www.crea.gov.co\/crea-san-pablo\/wp-content\/uploads\/sites\/12\/2026\/03\/IMG20260318090902-1024x576.jpg\" alt=\"\" class=\"wp-image-1290\" srcset=\"https:\/\/www.crea.gov.co\/crea-san-pablo\/wp-content\/uploads\/sites\/12\/2026\/03\/IMG20260318090902-1024x576.jpg 1024w, https:\/\/www.crea.gov.co\/crea-san-pablo\/wp-content\/uploads\/sites\/12\/2026\/03\/IMG20260318090902-300x169.jpg 300w, https:\/\/www.crea.gov.co\/crea-san-pablo\/wp-content\/uploads\/sites\/12\/2026\/03\/IMG20260318090902-768x432.jpg 768w, https:\/\/www.crea.gov.co\/crea-san-pablo\/wp-content\/uploads\/sites\/12\/2026\/03\/IMG20260318090902-1536x864.jpg 1536w, https:\/\/www.crea.gov.co\/crea-san-pablo\/wp-content\/uploads\/sites\/12\/2026\/03\/IMG20260318090902-2048x1153.jpg 2048w\" sizes=\"auto, (max-width: 1024px) 100vw, 1024px\" \/><\/figure>\n<\/figure>\n\n\n\n<p>El \u00e1rea se ha consolidado como un espacio relevante dentro de los procesos de articulaci\u00f3n, permitiendo que ni\u00f1os, ni\u00f1as y j\u00f3venes \u2014principalmente de grado cuarto y, en algunos casos, de grado noveno\u2014 vivan experiencias de exploraci\u00f3n, creaci\u00f3n y reflexi\u00f3n a partir de estrategias pedag\u00f3gico-art\u00edsticas implementadas por el equipo de artistas formadores.<\/p>\n\n\n\n<p>Si bien en todos los talleres de la Gerencia CREA se promueve una vivencia intensa del arte, el \u00e1rea de audiovisuales se distingue por abordar los desaf\u00edos contempor\u00e1neos de la imagen desde una perspectiva cr\u00edtica y relacional. Este enfoque permite dialogar con las realidades de las poblaciones participantes y sus contextos, reconociendo que las transformaciones tecnol\u00f3gicas no solo impactan la educaci\u00f3n, sino tambi\u00e9n los modos de vida en la contemporaneidad.<\/p>\n\n\n\n<figure class=\"wp-block-gallery has-nested-images columns-default is-cropped wp-block-gallery-2 is-layout-flex wp-block-gallery-is-layout-flex\">\n<figure class=\"wp-block-image size-large is-style-rounded\"><img loading=\"lazy\" decoding=\"async\" width=\"1024\" height=\"576\" data-id=\"1293\" src=\"https:\/\/www.crea.gov.co\/crea-san-pablo\/wp-content\/uploads\/sites\/12\/2026\/03\/IMG20260317093835-1024x576.jpg\" alt=\"\" class=\"wp-image-1293\" srcset=\"https:\/\/www.crea.gov.co\/crea-san-pablo\/wp-content\/uploads\/sites\/12\/2026\/03\/IMG20260317093835-1024x576.jpg 1024w, https:\/\/www.crea.gov.co\/crea-san-pablo\/wp-content\/uploads\/sites\/12\/2026\/03\/IMG20260317093835-300x169.jpg 300w, https:\/\/www.crea.gov.co\/crea-san-pablo\/wp-content\/uploads\/sites\/12\/2026\/03\/IMG20260317093835-768x432.jpg 768w, https:\/\/www.crea.gov.co\/crea-san-pablo\/wp-content\/uploads\/sites\/12\/2026\/03\/IMG20260317093835-1536x864.jpg 1536w, https:\/\/www.crea.gov.co\/crea-san-pablo\/wp-content\/uploads\/sites\/12\/2026\/03\/IMG20260317093835-2048x1153.jpg 2048w\" sizes=\"auto, (max-width: 1024px) 100vw, 1024px\" \/><\/figure>\n\n\n\n<figure class=\"wp-block-image size-large is-style-rounded\"><img loading=\"lazy\" decoding=\"async\" width=\"1024\" height=\"576\" data-id=\"1292\" src=\"https:\/\/www.crea.gov.co\/crea-san-pablo\/wp-content\/uploads\/sites\/12\/2026\/03\/IMG20260317093922-1-1024x576.jpg\" alt=\"\" class=\"wp-image-1292\" srcset=\"https:\/\/www.crea.gov.co\/crea-san-pablo\/wp-content\/uploads\/sites\/12\/2026\/03\/IMG20260317093922-1-1024x576.jpg 1024w, https:\/\/www.crea.gov.co\/crea-san-pablo\/wp-content\/uploads\/sites\/12\/2026\/03\/IMG20260317093922-1-300x169.jpg 300w, https:\/\/www.crea.gov.co\/crea-san-pablo\/wp-content\/uploads\/sites\/12\/2026\/03\/IMG20260317093922-1-768x432.jpg 768w, https:\/\/www.crea.gov.co\/crea-san-pablo\/wp-content\/uploads\/sites\/12\/2026\/03\/IMG20260317093922-1-1536x864.jpg 1536w, https:\/\/www.crea.gov.co\/crea-san-pablo\/wp-content\/uploads\/sites\/12\/2026\/03\/IMG20260317093922-1-2048x1153.jpg 2048w\" sizes=\"auto, (max-width: 1024px) 100vw, 1024px\" \/><\/figure>\n<\/figure>\n\n\n\n<p>Desde el CREA San Pablo, el trabajo en audiovisuales se orienta a la construcci\u00f3n de v\u00ednculos significativos y al desarrollo de miradas cr\u00edticas que aporten a la transformaci\u00f3n progresiva de los participantes. En este sentido, el proceso no se limita a la reflexi\u00f3n, sino que impulsa a los estudiantes a convertirse en exploradores, experimentadores y creadores de sus propias narrativas visuales, dentro de un ecosistema cultural y digital en constante cambio.<\/p>\n\n\n\n<p>De esta manera, el \u00e1rea proyecta un acompa\u00f1amiento atento a las experiencias que los participantes construyen, reconociendo en cada proceso una oportunidad para expandir las formas de expresi\u00f3n y fortalecer su relaci\u00f3n con las visualidades contempor\u00e1neas.<\/p>\n\n\n\n<p><\/p>\n","protected":false},"excerpt":{"rendered":"<p>Realizado: Sergio Cruz \/ Enlace Pedag\u00f3gico En el marco del inicio de actividades de la l\u00ednea Arte en la Escuela, la articulaci\u00f3n entre la IED Villas del Progreso y el CREA San Pablo da apertura a un proceso din\u00e1mico, esperado y necesario para el fortalecimiento de las experiencias art\u00edsticas y culturales de los participantes. En [&hellip;]<\/p>\n","protected":false},"author":88,"featured_media":1289,"comment_status":"open","ping_status":"open","sticky":false,"template":"","format":"standard","meta":{"footnotes":""},"categories":[1],"tags":[],"class_list":["post-1288","post","type-post","status-publish","format-standard","has-post-thumbnail","hentry","category-sin-categoria"],"yoast_head":"<!-- This site is optimized with the Yoast SEO plugin v24.5 - https:\/\/yoast.com\/wordpress\/plugins\/seo\/ -->\n<title>\ud83d\udca1\ud83d\udcbb\ud83d\udcf9 La imagen viva en la articulaci\u00f3n entre la IED Villas del Progreso y el CREA San Pablo \ud83c\udf9e\ufe0f\ud83e\udde0\ud83c\udfac - Crea San Pablo<\/title>\n<meta name=\"robots\" content=\"index, follow, max-snippet:-1, max-image-preview:large, max-video-preview:-1\" \/>\n<link rel=\"canonical\" href=\"https:\/\/www.crea.gov.co\/crea-san-pablo\/\ud83d\udca1\ud83d\udcbb\ud83d\udcf9-la-imagen-viva-en-la-articulacion-entre-la-ied-villas-del-progreso-y-el-crea-san-pablo-\ud83c\udf9e\ufe0f\ud83e\udde0\ud83c\udfac\/\" \/>\n<meta property=\"og:locale\" content=\"es_ES\" \/>\n<meta property=\"og:type\" content=\"article\" \/>\n<meta property=\"og:title\" content=\"\ud83d\udca1\ud83d\udcbb\ud83d\udcf9 La imagen viva en la articulaci\u00f3n entre la IED Villas del Progreso y el CREA San Pablo \ud83c\udf9e\ufe0f\ud83e\udde0\ud83c\udfac - Crea San Pablo\" \/>\n<meta property=\"og:description\" content=\"Realizado: Sergio Cruz \/ Enlace Pedag\u00f3gico En el marco del inicio de actividades de la l\u00ednea Arte en la Escuela, la articulaci\u00f3n entre la IED Villas del Progreso y el CREA San Pablo da apertura a un proceso din\u00e1mico, esperado y necesario para el fortalecimiento de las experiencias art\u00edsticas y culturales de los participantes. En [&hellip;]\" \/>\n<meta property=\"og:url\" content=\"https:\/\/www.crea.gov.co\/crea-san-pablo\/\ud83d\udca1\ud83d\udcbb\ud83d\udcf9-la-imagen-viva-en-la-articulacion-entre-la-ied-villas-del-progreso-y-el-crea-san-pablo-\ud83c\udf9e\ufe0f\ud83e\udde0\ud83c\udfac\/\" \/>\n<meta property=\"og:site_name\" content=\"Crea San Pablo\" \/>\n<meta property=\"article:published_time\" content=\"2026-03-31T16:50:29+00:00\" \/>\n<meta property=\"article:modified_time\" content=\"2026-03-31T16:50:30+00:00\" \/>\n<meta property=\"og:image\" content=\"https:\/\/www.crea.gov.co\/crea-san-pablo\/wp-content\/uploads\/sites\/12\/2026\/03\/IMG20260318091154-1-scaled.jpg\" \/>\n\t<meta property=\"og:image:width\" content=\"2560\" \/>\n\t<meta property=\"og:image:height\" content=\"1441\" \/>\n\t<meta property=\"og:image:type\" content=\"image\/jpeg\" \/>\n<meta name=\"author\" content=\"creabosasanpablo\" \/>\n<meta name=\"twitter:card\" content=\"summary_large_image\" \/>\n<meta name=\"twitter:label1\" content=\"Escrito por\" \/>\n\t<meta name=\"twitter:data1\" content=\"creabosasanpablo\" \/>\n\t<meta name=\"twitter:label2\" content=\"Tiempo de lectura\" \/>\n\t<meta name=\"twitter:data2\" content=\"3 minutos\" \/>\n<script type=\"application\/ld+json\" class=\"yoast-schema-graph\">{\"@context\":\"https:\/\/schema.org\",\"@graph\":[{\"@type\":\"WebPage\",\"@id\":\"https:\/\/www.crea.gov.co\/crea-san-pablo\/%f0%9f%92%a1%f0%9f%92%bb%f0%9f%93%b9-la-imagen-viva-en-la-articulacion-entre-la-ied-villas-del-progreso-y-el-crea-san-pablo-%f0%9f%8e%9e%ef%b8%8f%f0%9f%a7%a0%f0%9f%8e%ac\/\",\"url\":\"https:\/\/www.crea.gov.co\/crea-san-pablo\/%f0%9f%92%a1%f0%9f%92%bb%f0%9f%93%b9-la-imagen-viva-en-la-articulacion-entre-la-ied-villas-del-progreso-y-el-crea-san-pablo-%f0%9f%8e%9e%ef%b8%8f%f0%9f%a7%a0%f0%9f%8e%ac\/\",\"name\":\"\ud83d\udca1\ud83d\udcbb\ud83d\udcf9 La imagen viva en la articulaci\u00f3n entre la IED Villas del Progreso y el CREA San Pablo \ud83c\udf9e\ufe0f\ud83e\udde0\ud83c\udfac - Crea San Pablo\",\"isPartOf\":{\"@id\":\"https:\/\/www.crea.gov.co\/crea-san-pablo\/#website\"},\"primaryImageOfPage\":{\"@id\":\"https:\/\/www.crea.gov.co\/crea-san-pablo\/%f0%9f%92%a1%f0%9f%92%bb%f0%9f%93%b9-la-imagen-viva-en-la-articulacion-entre-la-ied-villas-del-progreso-y-el-crea-san-pablo-%f0%9f%8e%9e%ef%b8%8f%f0%9f%a7%a0%f0%9f%8e%ac\/#primaryimage\"},\"image\":{\"@id\":\"https:\/\/www.crea.gov.co\/crea-san-pablo\/%f0%9f%92%a1%f0%9f%92%bb%f0%9f%93%b9-la-imagen-viva-en-la-articulacion-entre-la-ied-villas-del-progreso-y-el-crea-san-pablo-%f0%9f%8e%9e%ef%b8%8f%f0%9f%a7%a0%f0%9f%8e%ac\/#primaryimage\"},\"thumbnailUrl\":\"https:\/\/www.crea.gov.co\/crea-san-pablo\/wp-content\/uploads\/sites\/12\/2026\/03\/IMG20260318091154-1-scaled.jpg\",\"datePublished\":\"2026-03-31T16:50:29+00:00\",\"dateModified\":\"2026-03-31T16:50:30+00:00\",\"author\":{\"@id\":\"https:\/\/www.crea.gov.co\/crea-san-pablo\/#\/schema\/person\/1a277d2e263c42608817ea5e628b3e42\"},\"breadcrumb\":{\"@id\":\"https:\/\/www.crea.gov.co\/crea-san-pablo\/%f0%9f%92%a1%f0%9f%92%bb%f0%9f%93%b9-la-imagen-viva-en-la-articulacion-entre-la-ied-villas-del-progreso-y-el-crea-san-pablo-%f0%9f%8e%9e%ef%b8%8f%f0%9f%a7%a0%f0%9f%8e%ac\/#breadcrumb\"},\"inLanguage\":\"es-CO\",\"potentialAction\":[{\"@type\":\"ReadAction\",\"target\":[\"https:\/\/www.crea.gov.co\/crea-san-pablo\/%f0%9f%92%a1%f0%9f%92%bb%f0%9f%93%b9-la-imagen-viva-en-la-articulacion-entre-la-ied-villas-del-progreso-y-el-crea-san-pablo-%f0%9f%8e%9e%ef%b8%8f%f0%9f%a7%a0%f0%9f%8e%ac\/\"]}]},{\"@type\":\"ImageObject\",\"inLanguage\":\"es-CO\",\"@id\":\"https:\/\/www.crea.gov.co\/crea-san-pablo\/%f0%9f%92%a1%f0%9f%92%bb%f0%9f%93%b9-la-imagen-viva-en-la-articulacion-entre-la-ied-villas-del-progreso-y-el-crea-san-pablo-%f0%9f%8e%9e%ef%b8%8f%f0%9f%a7%a0%f0%9f%8e%ac\/#primaryimage\",\"url\":\"https:\/\/www.crea.gov.co\/crea-san-pablo\/wp-content\/uploads\/sites\/12\/2026\/03\/IMG20260318091154-1-scaled.jpg\",\"contentUrl\":\"https:\/\/www.crea.gov.co\/crea-san-pablo\/wp-content\/uploads\/sites\/12\/2026\/03\/IMG20260318091154-1-scaled.jpg\",\"width\":2560,\"height\":1441},{\"@type\":\"BreadcrumbList\",\"@id\":\"https:\/\/www.crea.gov.co\/crea-san-pablo\/%f0%9f%92%a1%f0%9f%92%bb%f0%9f%93%b9-la-imagen-viva-en-la-articulacion-entre-la-ied-villas-del-progreso-y-el-crea-san-pablo-%f0%9f%8e%9e%ef%b8%8f%f0%9f%a7%a0%f0%9f%8e%ac\/#breadcrumb\",\"itemListElement\":[{\"@type\":\"ListItem\",\"position\":1,\"name\":\"Home\",\"item\":\"https:\/\/www.crea.gov.co\/crea-san-pablo\/\"},{\"@type\":\"ListItem\",\"position\":2,\"name\":\"\ud83d\udca1\ud83d\udcbb\ud83d\udcf9 La imagen viva en la articulaci\u00f3n entre la IED Villas del Progreso y el CREA San Pablo \ud83c\udf9e\ufe0f\ud83e\udde0\ud83c\udfac\"}]},{\"@type\":\"WebSite\",\"@id\":\"https:\/\/www.crea.gov.co\/crea-san-pablo\/#website\",\"url\":\"https:\/\/www.crea.gov.co\/crea-san-pablo\/\",\"name\":\"Crea San Pablo\",\"description\":\"En Bosa, este espacio es un punto de encuentro para quienes valoran la cercan\u00eda entre vecinos y las tradiciones que se transmiten de generaci\u00f3n en generaci\u00f3n. Aqu\u00ed, el arte se convierte en una manera de mantener vivas las historias del sector y de crear nuevas formas de encontrarse en comunidad.\",\"potentialAction\":[{\"@type\":\"SearchAction\",\"target\":{\"@type\":\"EntryPoint\",\"urlTemplate\":\"https:\/\/www.crea.gov.co\/crea-san-pablo\/?s={search_term_string}\"},\"query-input\":{\"@type\":\"PropertyValueSpecification\",\"valueRequired\":true,\"valueName\":\"search_term_string\"}}],\"inLanguage\":\"es-CO\"},{\"@type\":\"Person\",\"@id\":\"https:\/\/www.crea.gov.co\/crea-san-pablo\/#\/schema\/person\/1a277d2e263c42608817ea5e628b3e42\",\"name\":\"creabosasanpablo\",\"image\":{\"@type\":\"ImageObject\",\"inLanguage\":\"es-CO\",\"@id\":\"https:\/\/www.crea.gov.co\/crea-san-pablo\/#\/schema\/person\/image\/\",\"url\":\"https:\/\/secure.gravatar.com\/avatar\/7d7cb533e4c943f32b985bcbf24a58d8?s=96&d=mm&r=g\",\"contentUrl\":\"https:\/\/secure.gravatar.com\/avatar\/7d7cb533e4c943f32b985bcbf24a58d8?s=96&d=mm&r=g\",\"caption\":\"creabosasanpablo\"},\"url\":\"https:\/\/www.crea.gov.co\/crea-san-pablo\/author\/creabosasanpablo\/\"}]}<\/script>\n<!-- \/ Yoast SEO plugin. -->","yoast_head_json":{"title":"\ud83d\udca1\ud83d\udcbb\ud83d\udcf9 La imagen viva en la articulaci\u00f3n entre la IED Villas del Progreso y el CREA San Pablo \ud83c\udf9e\ufe0f\ud83e\udde0\ud83c\udfac - Crea San Pablo","robots":{"index":"index","follow":"follow","max-snippet":"max-snippet:-1","max-image-preview":"max-image-preview:large","max-video-preview":"max-video-preview:-1"},"canonical":"https:\/\/www.crea.gov.co\/crea-san-pablo\/\ud83d\udca1\ud83d\udcbb\ud83d\udcf9-la-imagen-viva-en-la-articulacion-entre-la-ied-villas-del-progreso-y-el-crea-san-pablo-\ud83c\udf9e\ufe0f\ud83e\udde0\ud83c\udfac\/","og_locale":"es_ES","og_type":"article","og_title":"\ud83d\udca1\ud83d\udcbb\ud83d\udcf9 La imagen viva en la articulaci\u00f3n entre la IED Villas del Progreso y el CREA San Pablo \ud83c\udf9e\ufe0f\ud83e\udde0\ud83c\udfac - Crea San Pablo","og_description":"Realizado: Sergio Cruz \/ Enlace Pedag\u00f3gico En el marco del inicio de actividades de la l\u00ednea Arte en la Escuela, la articulaci\u00f3n entre la IED Villas del Progreso y el CREA San Pablo da apertura a un proceso din\u00e1mico, esperado y necesario para el fortalecimiento de las experiencias art\u00edsticas y culturales de los participantes. En [&hellip;]","og_url":"https:\/\/www.crea.gov.co\/crea-san-pablo\/\ud83d\udca1\ud83d\udcbb\ud83d\udcf9-la-imagen-viva-en-la-articulacion-entre-la-ied-villas-del-progreso-y-el-crea-san-pablo-\ud83c\udf9e\ufe0f\ud83e\udde0\ud83c\udfac\/","og_site_name":"Crea San Pablo","article_published_time":"2026-03-31T16:50:29+00:00","article_modified_time":"2026-03-31T16:50:30+00:00","og_image":[{"width":2560,"height":1441,"url":"https:\/\/www.crea.gov.co\/crea-san-pablo\/wp-content\/uploads\/sites\/12\/2026\/03\/IMG20260318091154-1-scaled.jpg","type":"image\/jpeg"}],"author":"creabosasanpablo","twitter_card":"summary_large_image","twitter_misc":{"Escrito por":"creabosasanpablo","Tiempo de lectura":"3 minutos"},"schema":{"@context":"https:\/\/schema.org","@graph":[{"@type":"WebPage","@id":"https:\/\/www.crea.gov.co\/crea-san-pablo\/%f0%9f%92%a1%f0%9f%92%bb%f0%9f%93%b9-la-imagen-viva-en-la-articulacion-entre-la-ied-villas-del-progreso-y-el-crea-san-pablo-%f0%9f%8e%9e%ef%b8%8f%f0%9f%a7%a0%f0%9f%8e%ac\/","url":"https:\/\/www.crea.gov.co\/crea-san-pablo\/%f0%9f%92%a1%f0%9f%92%bb%f0%9f%93%b9-la-imagen-viva-en-la-articulacion-entre-la-ied-villas-del-progreso-y-el-crea-san-pablo-%f0%9f%8e%9e%ef%b8%8f%f0%9f%a7%a0%f0%9f%8e%ac\/","name":"\ud83d\udca1\ud83d\udcbb\ud83d\udcf9 La imagen viva en la articulaci\u00f3n entre la IED Villas del Progreso y el CREA San Pablo \ud83c\udf9e\ufe0f\ud83e\udde0\ud83c\udfac - Crea San Pablo","isPartOf":{"@id":"https:\/\/www.crea.gov.co\/crea-san-pablo\/#website"},"primaryImageOfPage":{"@id":"https:\/\/www.crea.gov.co\/crea-san-pablo\/%f0%9f%92%a1%f0%9f%92%bb%f0%9f%93%b9-la-imagen-viva-en-la-articulacion-entre-la-ied-villas-del-progreso-y-el-crea-san-pablo-%f0%9f%8e%9e%ef%b8%8f%f0%9f%a7%a0%f0%9f%8e%ac\/#primaryimage"},"image":{"@id":"https:\/\/www.crea.gov.co\/crea-san-pablo\/%f0%9f%92%a1%f0%9f%92%bb%f0%9f%93%b9-la-imagen-viva-en-la-articulacion-entre-la-ied-villas-del-progreso-y-el-crea-san-pablo-%f0%9f%8e%9e%ef%b8%8f%f0%9f%a7%a0%f0%9f%8e%ac\/#primaryimage"},"thumbnailUrl":"https:\/\/www.crea.gov.co\/crea-san-pablo\/wp-content\/uploads\/sites\/12\/2026\/03\/IMG20260318091154-1-scaled.jpg","datePublished":"2026-03-31T16:50:29+00:00","dateModified":"2026-03-31T16:50:30+00:00","author":{"@id":"https:\/\/www.crea.gov.co\/crea-san-pablo\/#\/schema\/person\/1a277d2e263c42608817ea5e628b3e42"},"breadcrumb":{"@id":"https:\/\/www.crea.gov.co\/crea-san-pablo\/%f0%9f%92%a1%f0%9f%92%bb%f0%9f%93%b9-la-imagen-viva-en-la-articulacion-entre-la-ied-villas-del-progreso-y-el-crea-san-pablo-%f0%9f%8e%9e%ef%b8%8f%f0%9f%a7%a0%f0%9f%8e%ac\/#breadcrumb"},"inLanguage":"es-CO","potentialAction":[{"@type":"ReadAction","target":["https:\/\/www.crea.gov.co\/crea-san-pablo\/%f0%9f%92%a1%f0%9f%92%bb%f0%9f%93%b9-la-imagen-viva-en-la-articulacion-entre-la-ied-villas-del-progreso-y-el-crea-san-pablo-%f0%9f%8e%9e%ef%b8%8f%f0%9f%a7%a0%f0%9f%8e%ac\/"]}]},{"@type":"ImageObject","inLanguage":"es-CO","@id":"https:\/\/www.crea.gov.co\/crea-san-pablo\/%f0%9f%92%a1%f0%9f%92%bb%f0%9f%93%b9-la-imagen-viva-en-la-articulacion-entre-la-ied-villas-del-progreso-y-el-crea-san-pablo-%f0%9f%8e%9e%ef%b8%8f%f0%9f%a7%a0%f0%9f%8e%ac\/#primaryimage","url":"https:\/\/www.crea.gov.co\/crea-san-pablo\/wp-content\/uploads\/sites\/12\/2026\/03\/IMG20260318091154-1-scaled.jpg","contentUrl":"https:\/\/www.crea.gov.co\/crea-san-pablo\/wp-content\/uploads\/sites\/12\/2026\/03\/IMG20260318091154-1-scaled.jpg","width":2560,"height":1441},{"@type":"BreadcrumbList","@id":"https:\/\/www.crea.gov.co\/crea-san-pablo\/%f0%9f%92%a1%f0%9f%92%bb%f0%9f%93%b9-la-imagen-viva-en-la-articulacion-entre-la-ied-villas-del-progreso-y-el-crea-san-pablo-%f0%9f%8e%9e%ef%b8%8f%f0%9f%a7%a0%f0%9f%8e%ac\/#breadcrumb","itemListElement":[{"@type":"ListItem","position":1,"name":"Home","item":"https:\/\/www.crea.gov.co\/crea-san-pablo\/"},{"@type":"ListItem","position":2,"name":"\ud83d\udca1\ud83d\udcbb\ud83d\udcf9 La imagen viva en la articulaci\u00f3n entre la IED Villas del Progreso y el CREA San Pablo \ud83c\udf9e\ufe0f\ud83e\udde0\ud83c\udfac"}]},{"@type":"WebSite","@id":"https:\/\/www.crea.gov.co\/crea-san-pablo\/#website","url":"https:\/\/www.crea.gov.co\/crea-san-pablo\/","name":"Crea San Pablo","description":"En Bosa, este espacio es un punto de encuentro para quienes valoran la cercan\u00eda entre vecinos y las tradiciones que se transmiten de generaci\u00f3n en generaci\u00f3n. Aqu\u00ed, el arte se convierte en una manera de mantener vivas las historias del sector y de crear nuevas formas de encontrarse en comunidad.","potentialAction":[{"@type":"SearchAction","target":{"@type":"EntryPoint","urlTemplate":"https:\/\/www.crea.gov.co\/crea-san-pablo\/?s={search_term_string}"},"query-input":{"@type":"PropertyValueSpecification","valueRequired":true,"valueName":"search_term_string"}}],"inLanguage":"es-CO"},{"@type":"Person","@id":"https:\/\/www.crea.gov.co\/crea-san-pablo\/#\/schema\/person\/1a277d2e263c42608817ea5e628b3e42","name":"creabosasanpablo","image":{"@type":"ImageObject","inLanguage":"es-CO","@id":"https:\/\/www.crea.gov.co\/crea-san-pablo\/#\/schema\/person\/image\/","url":"https:\/\/secure.gravatar.com\/avatar\/7d7cb533e4c943f32b985bcbf24a58d8?s=96&d=mm&r=g","contentUrl":"https:\/\/secure.gravatar.com\/avatar\/7d7cb533e4c943f32b985bcbf24a58d8?s=96&d=mm&r=g","caption":"creabosasanpablo"},"url":"https:\/\/www.crea.gov.co\/crea-san-pablo\/author\/creabosasanpablo\/"}]}},"_links":{"self":[{"href":"https:\/\/www.crea.gov.co\/crea-san-pablo\/wp-json\/wp\/v2\/posts\/1288","targetHints":{"allow":["GET"]}}],"collection":[{"href":"https:\/\/www.crea.gov.co\/crea-san-pablo\/wp-json\/wp\/v2\/posts"}],"about":[{"href":"https:\/\/www.crea.gov.co\/crea-san-pablo\/wp-json\/wp\/v2\/types\/post"}],"author":[{"embeddable":true,"href":"https:\/\/www.crea.gov.co\/crea-san-pablo\/wp-json\/wp\/v2\/users\/88"}],"replies":[{"embeddable":true,"href":"https:\/\/www.crea.gov.co\/crea-san-pablo\/wp-json\/wp\/v2\/comments?post=1288"}],"version-history":[{"count":1,"href":"https:\/\/www.crea.gov.co\/crea-san-pablo\/wp-json\/wp\/v2\/posts\/1288\/revisions"}],"predecessor-version":[{"id":1294,"href":"https:\/\/www.crea.gov.co\/crea-san-pablo\/wp-json\/wp\/v2\/posts\/1288\/revisions\/1294"}],"wp:featuredmedia":[{"embeddable":true,"href":"https:\/\/www.crea.gov.co\/crea-san-pablo\/wp-json\/wp\/v2\/media\/1289"}],"wp:attachment":[{"href":"https:\/\/www.crea.gov.co\/crea-san-pablo\/wp-json\/wp\/v2\/media?parent=1288"}],"wp:term":[{"taxonomy":"category","embeddable":true,"href":"https:\/\/www.crea.gov.co\/crea-san-pablo\/wp-json\/wp\/v2\/categories?post=1288"},{"taxonomy":"post_tag","embeddable":true,"href":"https:\/\/www.crea.gov.co\/crea-san-pablo\/wp-json\/wp\/v2\/tags?post=1288"}],"curies":[{"name":"wp","href":"https:\/\/api.w.org\/{rel}","templated":true}]}}