{"id":1272,"date":"2026-02-20T01:15:11","date_gmt":"2026-02-20T01:15:11","guid":{"rendered":"https:\/\/www.crea.gov.co\/crea-san-pablo\/?p=1272"},"modified":"2026-02-20T01:17:58","modified_gmt":"2026-02-20T01:17:58","slug":"%f0%9f%8e%ac-vuelve-el-taller-de-artes-audiovisuales-para-jovenes-y-adultos","status":"publish","type":"post","link":"https:\/\/www.crea.gov.co\/crea-san-pablo\/%f0%9f%8e%ac-vuelve-el-taller-de-artes-audiovisuales-para-jovenes-y-adultos\/","title":{"rendered":"\ud83c\udfac \u201cVuelve el taller de artes audiovisuales para j\u00f3venes y adultos\u201d"},"content":{"rendered":"<figure class=\"wp-block-post-featured-image\"><img loading=\"lazy\" decoding=\"async\" width=\"1440\" height=\"959\" src=\"https:\/\/www.crea.gov.co\/crea-san-pablo\/wp-content\/uploads\/sites\/12\/2026\/02\/WhatsApp-Image-2026-02-18-at-5.40.59-PM.jpeg\" class=\"attachment-post-thumbnail size-post-thumbnail wp-post-image\" alt=\"\" style=\"object-fit:cover;\" srcset=\"https:\/\/www.crea.gov.co\/crea-san-pablo\/wp-content\/uploads\/sites\/12\/2026\/02\/WhatsApp-Image-2026-02-18-at-5.40.59-PM.jpeg 1440w, https:\/\/www.crea.gov.co\/crea-san-pablo\/wp-content\/uploads\/sites\/12\/2026\/02\/WhatsApp-Image-2026-02-18-at-5.40.59-PM-300x200.jpeg 300w, https:\/\/www.crea.gov.co\/crea-san-pablo\/wp-content\/uploads\/sites\/12\/2026\/02\/WhatsApp-Image-2026-02-18-at-5.40.59-PM-1024x682.jpeg 1024w, https:\/\/www.crea.gov.co\/crea-san-pablo\/wp-content\/uploads\/sites\/12\/2026\/02\/WhatsApp-Image-2026-02-18-at-5.40.59-PM-768x511.jpeg 768w\" sizes=\"auto, (max-width: 1440px) 100vw, 1440px\" \/><\/figure>\n\n\n<p><strong>Te invitamos a participar en el taller de artes audiovisuales dirigido a j\u00f3venes y&nbsp; adultos entre los 17 y los 40 a\u00f1os; aqu\u00ed aprender\u00e1s los fundamentos de la fotograf\u00eda, la escritura, la puesta en escena; ser\u00e1 un proceso creativo y experimental para&nbsp; crear de manera colectiva un videoclip musical. El artista formador Jefferson Romero nos cuenta un poco sobre lo vivido en el a\u00f1o 2025, para que te animes:&nbsp;<\/strong><\/p>\n\n\n\n<p>\ud83c\udfa5El colectivo audiovisual <em><strong>Surmetraje<\/strong><\/em>, integrado por j\u00f3venes y adultos, desarroll\u00f3 durante todo el a\u00f1o 2025 un proceso de exploraci\u00f3n y creaci\u00f3n en el campo audiovisual. A lo largo de este periodo, sus participantes profundizaron en la fotograf\u00eda, la realizaci\u00f3n de cortometrajes de ficci\u00f3n y la producci\u00f3n de un falso documental, fortaleciendo sus habilidades narrativas y t\u00e9cnicas.<\/p>\n\n\n\n<p>\ud83c\udf1fComo resultado de este trabajo, las obras del colectivo fueron presentadas en espacios de exhibici\u00f3n como la Cinemateca de Bogot\u00e1 y la Muestra Internacional Documental de Bogot\u00e1, permitiendo compartir sus procesos creativos con p\u00fablicos diversos y ampliar el di\u00e1logo en torno al audiovisual comunitario.<\/p>\n\n\n\n<p>Para el a\u00f1o 2026, <strong><em>Surmetraje<\/em><\/strong> abre nuevamente inscripciones dirigidas a personas interesadas en aprender y experimentar con el audiovisual. El proceso formativo se realizar\u00e1 en el Crea San Pablo, ubicado en Bosa San Pablo, un espacio que promueve la formaci\u00f3n art\u00edstica y el desarrollo creativo en la comunidad.<\/p>\n\n\n\n<p><strong>Horario:\u00a0<\/strong>\u00a0LUNES Y JUEVES 4:00 A 6:00 P.M.<br><strong>Fecha de inicio:\u00a0<\/strong>23 de febrero 2026\/ <strong>Fecha de cierre:\u00a0<\/strong>16 de octubre 2026 <\/p>\n\n\n\n<p class=\"has-text-align-center\"><strong>\ud83c\udfb6 Arte, c\u00e1mara y acci\u00f3n<\/strong><\/p>\n\n\n\n<p>\ud83d\udccc <strong>\u00a1Te invitamos a acercarte al CREA!<\/strong><\/p>\n\n\n\n<p>\ud83d\udccd <strong>Direcci\u00f3n:<\/strong> Cll 68 Sur # 78 H-37<\/p>\n\n\n\n<h3 class=\"wp-block-heading\"><strong>\ud83d\udcc4 Documentos de inscripci\u00f3n:<\/strong><\/h3>\n\n\n\n<ul class=\"wp-block-list\">\n<li>Fotocopia del documento de identidad vigente<\/li>\n\n\n\n<li>Recibo de servicio p\u00fablico 2026 (agua, luz o gas)<\/li>\n\n\n\n<li>Certificaci\u00f3n de afiliaci\u00f3n a EPS (no mayor a 30 d\u00edas)<\/li>\n<\/ul>\n\n\n\n<h3 class=\"wp-block-heading\"><strong>\ud83d\udd52 Horario de atenci\u00f3n:<\/strong><\/h3>\n\n\n\n<ul class=\"wp-block-list\">\n<li><strong>Lunes a viernes:<\/strong> 8:00 a.m. a 5:00 p.m.<\/li>\n\n\n\n<li><strong>S\u00e1bado:<\/strong> 8:00 a.m. a 12:00 p.m.<\/li>\n\n\n\n<li>\ud83d\udcde Tel\u00e9fono: 3795750 Ext. 5267 \u2013 5286<\/li>\n<\/ul>\n","protected":false},"excerpt":{"rendered":"<p>Te invitamos a participar en el taller de artes audiovisuales dirigido a j\u00f3venes y&nbsp; adultos entre los 17 y los 40 a\u00f1os; aqu\u00ed aprender\u00e1s los fundamentos de la fotograf\u00eda, la escritura, la puesta en escena; ser\u00e1 un proceso creativo y experimental para&nbsp; crear de manera colectiva un videoclip musical. El artista formador Jefferson Romero nos [&hellip;]<\/p>\n","protected":false},"author":88,"featured_media":1273,"comment_status":"open","ping_status":"open","sticky":false,"template":"","format":"standard","meta":{"footnotes":""},"categories":[1],"tags":[],"class_list":["post-1272","post","type-post","status-publish","format-standard","has-post-thumbnail","hentry","category-sin-categoria"],"yoast_head":"<!-- This site is optimized with the Yoast SEO plugin v24.5 - https:\/\/yoast.com\/wordpress\/plugins\/seo\/ -->\n<title>\ud83c\udfac \u201cVuelve el taller de artes audiovisuales para j\u00f3venes y adultos\u201d - Crea San Pablo<\/title>\n<meta name=\"robots\" content=\"index, follow, max-snippet:-1, max-image-preview:large, max-video-preview:-1\" \/>\n<link rel=\"canonical\" href=\"https:\/\/www.crea.gov.co\/crea-san-pablo\/\ud83c\udfac-vuelve-el-taller-de-artes-audiovisuales-para-jovenes-y-adultos\/\" \/>\n<meta property=\"og:locale\" content=\"es_ES\" \/>\n<meta property=\"og:type\" content=\"article\" \/>\n<meta property=\"og:title\" content=\"\ud83c\udfac \u201cVuelve el taller de artes audiovisuales para j\u00f3venes y adultos\u201d - Crea San Pablo\" \/>\n<meta property=\"og:description\" content=\"Te invitamos a participar en el taller de artes audiovisuales dirigido a j\u00f3venes y&nbsp; adultos entre los 17 y los 40 a\u00f1os; aqu\u00ed aprender\u00e1s los fundamentos de la fotograf\u00eda, la escritura, la puesta en escena; ser\u00e1 un proceso creativo y experimental para&nbsp; crear de manera colectiva un videoclip musical. El artista formador Jefferson Romero nos [&hellip;]\" \/>\n<meta property=\"og:url\" content=\"https:\/\/www.crea.gov.co\/crea-san-pablo\/\ud83c\udfac-vuelve-el-taller-de-artes-audiovisuales-para-jovenes-y-adultos\/\" \/>\n<meta property=\"og:site_name\" content=\"Crea San Pablo\" \/>\n<meta property=\"article:published_time\" content=\"2026-02-20T01:15:11+00:00\" \/>\n<meta property=\"article:modified_time\" content=\"2026-02-20T01:17:58+00:00\" \/>\n<meta property=\"og:image\" content=\"https:\/\/www.crea.gov.co\/crea-san-pablo\/wp-content\/uploads\/sites\/12\/2026\/02\/WhatsApp-Image-2026-02-18-at-5.40.59-PM.jpeg\" \/>\n\t<meta property=\"og:image:width\" content=\"1440\" \/>\n\t<meta property=\"og:image:height\" content=\"959\" \/>\n\t<meta property=\"og:image:type\" content=\"image\/jpeg\" \/>\n<meta name=\"author\" content=\"creabosasanpablo\" \/>\n<meta name=\"twitter:card\" content=\"summary_large_image\" \/>\n<meta name=\"twitter:label1\" content=\"Escrito por\" \/>\n\t<meta name=\"twitter:data1\" content=\"creabosasanpablo\" \/>\n\t<meta name=\"twitter:label2\" content=\"Tiempo de lectura\" \/>\n\t<meta name=\"twitter:data2\" content=\"2 minutos\" \/>\n<script type=\"application\/ld+json\" class=\"yoast-schema-graph\">{\"@context\":\"https:\/\/schema.org\",\"@graph\":[{\"@type\":\"WebPage\",\"@id\":\"https:\/\/www.crea.gov.co\/crea-san-pablo\/%f0%9f%8e%ac-vuelve-el-taller-de-artes-audiovisuales-para-jovenes-y-adultos\/\",\"url\":\"https:\/\/www.crea.gov.co\/crea-san-pablo\/%f0%9f%8e%ac-vuelve-el-taller-de-artes-audiovisuales-para-jovenes-y-adultos\/\",\"name\":\"\ud83c\udfac \u201cVuelve el taller de artes audiovisuales para j\u00f3venes y adultos\u201d - Crea San Pablo\",\"isPartOf\":{\"@id\":\"https:\/\/www.crea.gov.co\/crea-san-pablo\/#website\"},\"primaryImageOfPage\":{\"@id\":\"https:\/\/www.crea.gov.co\/crea-san-pablo\/%f0%9f%8e%ac-vuelve-el-taller-de-artes-audiovisuales-para-jovenes-y-adultos\/#primaryimage\"},\"image\":{\"@id\":\"https:\/\/www.crea.gov.co\/crea-san-pablo\/%f0%9f%8e%ac-vuelve-el-taller-de-artes-audiovisuales-para-jovenes-y-adultos\/#primaryimage\"},\"thumbnailUrl\":\"https:\/\/www.crea.gov.co\/crea-san-pablo\/wp-content\/uploads\/sites\/12\/2026\/02\/WhatsApp-Image-2026-02-18-at-5.40.59-PM.jpeg\",\"datePublished\":\"2026-02-20T01:15:11+00:00\",\"dateModified\":\"2026-02-20T01:17:58+00:00\",\"author\":{\"@id\":\"https:\/\/www.crea.gov.co\/crea-san-pablo\/#\/schema\/person\/1a277d2e263c42608817ea5e628b3e42\"},\"breadcrumb\":{\"@id\":\"https:\/\/www.crea.gov.co\/crea-san-pablo\/%f0%9f%8e%ac-vuelve-el-taller-de-artes-audiovisuales-para-jovenes-y-adultos\/#breadcrumb\"},\"inLanguage\":\"es-CO\",\"potentialAction\":[{\"@type\":\"ReadAction\",\"target\":[\"https:\/\/www.crea.gov.co\/crea-san-pablo\/%f0%9f%8e%ac-vuelve-el-taller-de-artes-audiovisuales-para-jovenes-y-adultos\/\"]}]},{\"@type\":\"ImageObject\",\"inLanguage\":\"es-CO\",\"@id\":\"https:\/\/www.crea.gov.co\/crea-san-pablo\/%f0%9f%8e%ac-vuelve-el-taller-de-artes-audiovisuales-para-jovenes-y-adultos\/#primaryimage\",\"url\":\"https:\/\/www.crea.gov.co\/crea-san-pablo\/wp-content\/uploads\/sites\/12\/2026\/02\/WhatsApp-Image-2026-02-18-at-5.40.59-PM.jpeg\",\"contentUrl\":\"https:\/\/www.crea.gov.co\/crea-san-pablo\/wp-content\/uploads\/sites\/12\/2026\/02\/WhatsApp-Image-2026-02-18-at-5.40.59-PM.jpeg\",\"width\":1440,\"height\":959},{\"@type\":\"BreadcrumbList\",\"@id\":\"https:\/\/www.crea.gov.co\/crea-san-pablo\/%f0%9f%8e%ac-vuelve-el-taller-de-artes-audiovisuales-para-jovenes-y-adultos\/#breadcrumb\",\"itemListElement\":[{\"@type\":\"ListItem\",\"position\":1,\"name\":\"Home\",\"item\":\"https:\/\/www.crea.gov.co\/crea-san-pablo\/\"},{\"@type\":\"ListItem\",\"position\":2,\"name\":\"\ud83c\udfac \u201cVuelve el taller de artes audiovisuales para j\u00f3venes y adultos\u201d\"}]},{\"@type\":\"WebSite\",\"@id\":\"https:\/\/www.crea.gov.co\/crea-san-pablo\/#website\",\"url\":\"https:\/\/www.crea.gov.co\/crea-san-pablo\/\",\"name\":\"Crea San Pablo\",\"description\":\"En Bosa, este espacio es un punto de encuentro para quienes valoran la cercan\u00eda entre vecinos y las tradiciones que se transmiten de generaci\u00f3n en generaci\u00f3n. Aqu\u00ed, el arte se convierte en una manera de mantener vivas las historias del sector y de crear nuevas formas de encontrarse en comunidad.\",\"potentialAction\":[{\"@type\":\"SearchAction\",\"target\":{\"@type\":\"EntryPoint\",\"urlTemplate\":\"https:\/\/www.crea.gov.co\/crea-san-pablo\/?s={search_term_string}\"},\"query-input\":{\"@type\":\"PropertyValueSpecification\",\"valueRequired\":true,\"valueName\":\"search_term_string\"}}],\"inLanguage\":\"es-CO\"},{\"@type\":\"Person\",\"@id\":\"https:\/\/www.crea.gov.co\/crea-san-pablo\/#\/schema\/person\/1a277d2e263c42608817ea5e628b3e42\",\"name\":\"creabosasanpablo\",\"image\":{\"@type\":\"ImageObject\",\"inLanguage\":\"es-CO\",\"@id\":\"https:\/\/www.crea.gov.co\/crea-san-pablo\/#\/schema\/person\/image\/\",\"url\":\"https:\/\/secure.gravatar.com\/avatar\/7d7cb533e4c943f32b985bcbf24a58d8?s=96&d=mm&r=g\",\"contentUrl\":\"https:\/\/secure.gravatar.com\/avatar\/7d7cb533e4c943f32b985bcbf24a58d8?s=96&d=mm&r=g\",\"caption\":\"creabosasanpablo\"},\"url\":\"https:\/\/www.crea.gov.co\/crea-san-pablo\/author\/creabosasanpablo\/\"}]}<\/script>\n<!-- \/ Yoast SEO plugin. -->","yoast_head_json":{"title":"\ud83c\udfac \u201cVuelve el taller de artes audiovisuales para j\u00f3venes y adultos\u201d - Crea San Pablo","robots":{"index":"index","follow":"follow","max-snippet":"max-snippet:-1","max-image-preview":"max-image-preview:large","max-video-preview":"max-video-preview:-1"},"canonical":"https:\/\/www.crea.gov.co\/crea-san-pablo\/\ud83c\udfac-vuelve-el-taller-de-artes-audiovisuales-para-jovenes-y-adultos\/","og_locale":"es_ES","og_type":"article","og_title":"\ud83c\udfac \u201cVuelve el taller de artes audiovisuales para j\u00f3venes y adultos\u201d - Crea San Pablo","og_description":"Te invitamos a participar en el taller de artes audiovisuales dirigido a j\u00f3venes y&nbsp; adultos entre los 17 y los 40 a\u00f1os; aqu\u00ed aprender\u00e1s los fundamentos de la fotograf\u00eda, la escritura, la puesta en escena; ser\u00e1 un proceso creativo y experimental para&nbsp; crear de manera colectiva un videoclip musical. El artista formador Jefferson Romero nos [&hellip;]","og_url":"https:\/\/www.crea.gov.co\/crea-san-pablo\/\ud83c\udfac-vuelve-el-taller-de-artes-audiovisuales-para-jovenes-y-adultos\/","og_site_name":"Crea San Pablo","article_published_time":"2026-02-20T01:15:11+00:00","article_modified_time":"2026-02-20T01:17:58+00:00","og_image":[{"width":1440,"height":959,"url":"https:\/\/www.crea.gov.co\/crea-san-pablo\/wp-content\/uploads\/sites\/12\/2026\/02\/WhatsApp-Image-2026-02-18-at-5.40.59-PM.jpeg","type":"image\/jpeg"}],"author":"creabosasanpablo","twitter_card":"summary_large_image","twitter_misc":{"Escrito por":"creabosasanpablo","Tiempo de lectura":"2 minutos"},"schema":{"@context":"https:\/\/schema.org","@graph":[{"@type":"WebPage","@id":"https:\/\/www.crea.gov.co\/crea-san-pablo\/%f0%9f%8e%ac-vuelve-el-taller-de-artes-audiovisuales-para-jovenes-y-adultos\/","url":"https:\/\/www.crea.gov.co\/crea-san-pablo\/%f0%9f%8e%ac-vuelve-el-taller-de-artes-audiovisuales-para-jovenes-y-adultos\/","name":"\ud83c\udfac \u201cVuelve el taller de artes audiovisuales para j\u00f3venes y adultos\u201d - Crea San Pablo","isPartOf":{"@id":"https:\/\/www.crea.gov.co\/crea-san-pablo\/#website"},"primaryImageOfPage":{"@id":"https:\/\/www.crea.gov.co\/crea-san-pablo\/%f0%9f%8e%ac-vuelve-el-taller-de-artes-audiovisuales-para-jovenes-y-adultos\/#primaryimage"},"image":{"@id":"https:\/\/www.crea.gov.co\/crea-san-pablo\/%f0%9f%8e%ac-vuelve-el-taller-de-artes-audiovisuales-para-jovenes-y-adultos\/#primaryimage"},"thumbnailUrl":"https:\/\/www.crea.gov.co\/crea-san-pablo\/wp-content\/uploads\/sites\/12\/2026\/02\/WhatsApp-Image-2026-02-18-at-5.40.59-PM.jpeg","datePublished":"2026-02-20T01:15:11+00:00","dateModified":"2026-02-20T01:17:58+00:00","author":{"@id":"https:\/\/www.crea.gov.co\/crea-san-pablo\/#\/schema\/person\/1a277d2e263c42608817ea5e628b3e42"},"breadcrumb":{"@id":"https:\/\/www.crea.gov.co\/crea-san-pablo\/%f0%9f%8e%ac-vuelve-el-taller-de-artes-audiovisuales-para-jovenes-y-adultos\/#breadcrumb"},"inLanguage":"es-CO","potentialAction":[{"@type":"ReadAction","target":["https:\/\/www.crea.gov.co\/crea-san-pablo\/%f0%9f%8e%ac-vuelve-el-taller-de-artes-audiovisuales-para-jovenes-y-adultos\/"]}]},{"@type":"ImageObject","inLanguage":"es-CO","@id":"https:\/\/www.crea.gov.co\/crea-san-pablo\/%f0%9f%8e%ac-vuelve-el-taller-de-artes-audiovisuales-para-jovenes-y-adultos\/#primaryimage","url":"https:\/\/www.crea.gov.co\/crea-san-pablo\/wp-content\/uploads\/sites\/12\/2026\/02\/WhatsApp-Image-2026-02-18-at-5.40.59-PM.jpeg","contentUrl":"https:\/\/www.crea.gov.co\/crea-san-pablo\/wp-content\/uploads\/sites\/12\/2026\/02\/WhatsApp-Image-2026-02-18-at-5.40.59-PM.jpeg","width":1440,"height":959},{"@type":"BreadcrumbList","@id":"https:\/\/www.crea.gov.co\/crea-san-pablo\/%f0%9f%8e%ac-vuelve-el-taller-de-artes-audiovisuales-para-jovenes-y-adultos\/#breadcrumb","itemListElement":[{"@type":"ListItem","position":1,"name":"Home","item":"https:\/\/www.crea.gov.co\/crea-san-pablo\/"},{"@type":"ListItem","position":2,"name":"\ud83c\udfac \u201cVuelve el taller de artes audiovisuales para j\u00f3venes y adultos\u201d"}]},{"@type":"WebSite","@id":"https:\/\/www.crea.gov.co\/crea-san-pablo\/#website","url":"https:\/\/www.crea.gov.co\/crea-san-pablo\/","name":"Crea San Pablo","description":"En Bosa, este espacio es un punto de encuentro para quienes valoran la cercan\u00eda entre vecinos y las tradiciones que se transmiten de generaci\u00f3n en generaci\u00f3n. Aqu\u00ed, el arte se convierte en una manera de mantener vivas las historias del sector y de crear nuevas formas de encontrarse en comunidad.","potentialAction":[{"@type":"SearchAction","target":{"@type":"EntryPoint","urlTemplate":"https:\/\/www.crea.gov.co\/crea-san-pablo\/?s={search_term_string}"},"query-input":{"@type":"PropertyValueSpecification","valueRequired":true,"valueName":"search_term_string"}}],"inLanguage":"es-CO"},{"@type":"Person","@id":"https:\/\/www.crea.gov.co\/crea-san-pablo\/#\/schema\/person\/1a277d2e263c42608817ea5e628b3e42","name":"creabosasanpablo","image":{"@type":"ImageObject","inLanguage":"es-CO","@id":"https:\/\/www.crea.gov.co\/crea-san-pablo\/#\/schema\/person\/image\/","url":"https:\/\/secure.gravatar.com\/avatar\/7d7cb533e4c943f32b985bcbf24a58d8?s=96&d=mm&r=g","contentUrl":"https:\/\/secure.gravatar.com\/avatar\/7d7cb533e4c943f32b985bcbf24a58d8?s=96&d=mm&r=g","caption":"creabosasanpablo"},"url":"https:\/\/www.crea.gov.co\/crea-san-pablo\/author\/creabosasanpablo\/"}]}},"_links":{"self":[{"href":"https:\/\/www.crea.gov.co\/crea-san-pablo\/wp-json\/wp\/v2\/posts\/1272","targetHints":{"allow":["GET"]}}],"collection":[{"href":"https:\/\/www.crea.gov.co\/crea-san-pablo\/wp-json\/wp\/v2\/posts"}],"about":[{"href":"https:\/\/www.crea.gov.co\/crea-san-pablo\/wp-json\/wp\/v2\/types\/post"}],"author":[{"embeddable":true,"href":"https:\/\/www.crea.gov.co\/crea-san-pablo\/wp-json\/wp\/v2\/users\/88"}],"replies":[{"embeddable":true,"href":"https:\/\/www.crea.gov.co\/crea-san-pablo\/wp-json\/wp\/v2\/comments?post=1272"}],"version-history":[{"count":4,"href":"https:\/\/www.crea.gov.co\/crea-san-pablo\/wp-json\/wp\/v2\/posts\/1272\/revisions"}],"predecessor-version":[{"id":1278,"href":"https:\/\/www.crea.gov.co\/crea-san-pablo\/wp-json\/wp\/v2\/posts\/1272\/revisions\/1278"}],"wp:featuredmedia":[{"embeddable":true,"href":"https:\/\/www.crea.gov.co\/crea-san-pablo\/wp-json\/wp\/v2\/media\/1273"}],"wp:attachment":[{"href":"https:\/\/www.crea.gov.co\/crea-san-pablo\/wp-json\/wp\/v2\/media?parent=1272"}],"wp:term":[{"taxonomy":"category","embeddable":true,"href":"https:\/\/www.crea.gov.co\/crea-san-pablo\/wp-json\/wp\/v2\/categories?post=1272"},{"taxonomy":"post_tag","embeddable":true,"href":"https:\/\/www.crea.gov.co\/crea-san-pablo\/wp-json\/wp\/v2\/tags?post=1272"}],"curies":[{"name":"wp","href":"https:\/\/api.w.org\/{rel}","templated":true}]}}