{"id":1267,"date":"2026-02-16T00:26:35","date_gmt":"2026-02-16T00:26:35","guid":{"rendered":"https:\/\/www.crea.gov.co\/crea-san-pablo\/?p=1267"},"modified":"2026-02-16T00:33:40","modified_gmt":"2026-02-16T00:33:40","slug":"%e2%9c%a8-si-tu-proposito-para-el-ano-2026-es-aprender-algo-nuevo-es-momento-de-cumplirlo-%e2%9c%a8","status":"publish","type":"post","link":"https:\/\/www.crea.gov.co\/crea-san-pablo\/%e2%9c%a8-si-tu-proposito-para-el-ano-2026-es-aprender-algo-nuevo-es-momento-de-cumplirlo-%e2%9c%a8\/","title":{"rendered":"\u2728 Si tu prop\u00f3sito para el a\u00f1o 2026 es aprender algo nuevo\u2026 \u00a1Es momento de cumplirlo! \u2728"},"content":{"rendered":"<figure class=\"wp-block-post-featured-image\"><img loading=\"lazy\" decoding=\"async\" width=\"1600\" height=\"1200\" src=\"https:\/\/www.crea.gov.co\/crea-san-pablo\/wp-content\/uploads\/sites\/12\/2026\/02\/WhatsApp-Image-2024-11-25-at-11.51.08-AM.jpeg\" class=\"attachment-post-thumbnail size-post-thumbnail wp-post-image\" alt=\"\" style=\"object-fit:cover;\" srcset=\"https:\/\/www.crea.gov.co\/crea-san-pablo\/wp-content\/uploads\/sites\/12\/2026\/02\/WhatsApp-Image-2024-11-25-at-11.51.08-AM.jpeg 1600w, https:\/\/www.crea.gov.co\/crea-san-pablo\/wp-content\/uploads\/sites\/12\/2026\/02\/WhatsApp-Image-2024-11-25-at-11.51.08-AM-300x225.jpeg 300w, https:\/\/www.crea.gov.co\/crea-san-pablo\/wp-content\/uploads\/sites\/12\/2026\/02\/WhatsApp-Image-2024-11-25-at-11.51.08-AM-1024x768.jpeg 1024w, https:\/\/www.crea.gov.co\/crea-san-pablo\/wp-content\/uploads\/sites\/12\/2026\/02\/WhatsApp-Image-2024-11-25-at-11.51.08-AM-768x576.jpeg 768w, https:\/\/www.crea.gov.co\/crea-san-pablo\/wp-content\/uploads\/sites\/12\/2026\/02\/WhatsApp-Image-2024-11-25-at-11.51.08-AM-1536x1152.jpeg 1536w\" sizes=\"auto, (max-width: 1600px) 100vw, 1600px\" \/><\/figure>\n\n\n<p>\ud83c\udfa8 El <strong>CREA San Pablo<\/strong> abre nuevamente sus puertas para toda la comunidad, invitando a ni\u00f1as, ni\u00f1os, j\u00f3venes, adultos y personas mayores a vivir el arte como un espacio de encuentro, aprendizaje y creaci\u00f3n.<\/p>\n\n\n\n<p>\ud83c\udfad Regresan los talleres de formaci\u00f3n y creaci\u00f3n art\u00edstica en diversas \u00e1reas:<br>\ud83d\udd8c\ufe0f Artes pl\u00e1sticas<br>\ud83c\udfb6 M\u00fasica<br>\ud83d\udc83 Danza<br>\ud83c\udfac Teatro<br>\ud83d\udcda Literatura<br>\ud83d\udcbb Creaci\u00f3n digital<br>\ud83c\udfa5 Audiovisuales<\/p>\n\n\n\n<p>Un lugar donde cada lenguaje art\u00edstico se convierte en una oportunidad para descubrir talentos, compartir ideas y fortalecer la imaginaci\u00f3n. \ud83c\udf1f<\/p>\n\n\n\n<p>\ud83d\udccc <strong>\u00a1Te invitamos a acercarte al CREA!<\/strong><\/p>\n\n\n\n<p>\ud83d\udccd <strong>Direcci\u00f3n:<\/strong> Cll 68 Sur # 78 H-37<\/p>\n\n\n\n<p>Conoce nuestra oferta de talleres e inscr\u00edbete para disfrutar, <strong>completamente gratis<\/strong>, de experiencias que transforman, inspiran y conectan. <\/p>\n\n\n\n<p><a href=\"https:\/\/sif.idartes.gov.co\/sif\/framework\/crea\/territorial\/oferta\/oferta-disponible#\">https:\/\/sif.idartes.gov.co\/sif\/framework\/crea\/territorial\/oferta\/oferta-disponible#<\/a><\/p>\n\n\n\n<h3 class=\"wp-block-heading\"><strong>\ud83d\udcc4 Documentos de inscripci\u00f3n:<\/strong><\/h3>\n\n\n\n<ul class=\"wp-block-list\">\n<li>Fotocopia del documento de identidad vigente<\/li>\n\n\n\n<li>Recibo de servicio p\u00fablico 2026 (agua, luz o gas)<\/li>\n\n\n\n<li>Certificaci\u00f3n de afiliaci\u00f3n a EPS (no mayor a 30 d\u00edas)<\/li>\n<\/ul>\n\n\n\n<h3 class=\"wp-block-heading\"><strong>\ud83d\udd52 Horario de atenci\u00f3n:<\/strong><\/h3>\n\n\n\n<ul class=\"wp-block-list\">\n<li><strong>Lunes a viernes:<\/strong> 8:00 a.m. a 5:00 p.m.<\/li>\n\n\n\n<li><strong>S\u00e1bado:<\/strong> 8:00 a.m. a 12:00 p.m.<\/li>\n<\/ul>\n\n\n\n<p>\ud83d\udcde Tel\u00e9fono: 3795750 Ext. 5267 \u2013 5286<\/p>\n\n\n\n<p class=\"has-text-align-center\">\ud83e\udd1d 2026 ser\u00e1 un a\u00f1o para que el arte nos una como comunidad.<br>\ud83d\udc9b \u00a1Te esperamos!<\/p>\n","protected":false},"excerpt":{"rendered":"<p>\ud83c\udfa8 El CREA San Pablo abre nuevamente sus puertas para toda la comunidad, invitando a ni\u00f1as, ni\u00f1os, j\u00f3venes, adultos y personas mayores a vivir el arte como un espacio de encuentro, aprendizaje y creaci\u00f3n. \ud83c\udfad Regresan los talleres de formaci\u00f3n y creaci\u00f3n art\u00edstica en diversas \u00e1reas:\ud83d\udd8c\ufe0f Artes pl\u00e1sticas\ud83c\udfb6 M\u00fasica\ud83d\udc83 Danza\ud83c\udfac Teatro\ud83d\udcda Literatura\ud83d\udcbb Creaci\u00f3n digital\ud83c\udfa5 Audiovisuales [&hellip;]<\/p>\n","protected":false},"author":88,"featured_media":1268,"comment_status":"open","ping_status":"open","sticky":false,"template":"","format":"standard","meta":{"footnotes":""},"categories":[1],"tags":[],"class_list":["post-1267","post","type-post","status-publish","format-standard","has-post-thumbnail","hentry","category-sin-categoria"],"yoast_head":"<!-- This site is optimized with the Yoast SEO plugin v24.5 - https:\/\/yoast.com\/wordpress\/plugins\/seo\/ -->\n<title>\u2728 Si tu prop\u00f3sito para el a\u00f1o 2026 es aprender algo nuevo\u2026 \u00a1Es momento de cumplirlo! \u2728 - Crea San Pablo<\/title>\n<meta name=\"robots\" content=\"index, follow, max-snippet:-1, max-image-preview:large, max-video-preview:-1\" \/>\n<link rel=\"canonical\" href=\"https:\/\/www.crea.gov.co\/crea-san-pablo\/\u2728-si-tu-proposito-para-el-ano-2026-es-aprender-algo-nuevo-es-momento-de-cumplirlo-\u2728\/\" \/>\n<meta property=\"og:locale\" content=\"es_ES\" \/>\n<meta property=\"og:type\" content=\"article\" \/>\n<meta property=\"og:title\" content=\"\u2728 Si tu prop\u00f3sito para el a\u00f1o 2026 es aprender algo nuevo\u2026 \u00a1Es momento de cumplirlo! \u2728 - Crea San Pablo\" \/>\n<meta property=\"og:description\" content=\"\ud83c\udfa8 El CREA San Pablo abre nuevamente sus puertas para toda la comunidad, invitando a ni\u00f1as, ni\u00f1os, j\u00f3venes, adultos y personas mayores a vivir el arte como un espacio de encuentro, aprendizaje y creaci\u00f3n. \ud83c\udfad Regresan los talleres de formaci\u00f3n y creaci\u00f3n art\u00edstica en diversas \u00e1reas:\ud83d\udd8c\ufe0f Artes pl\u00e1sticas\ud83c\udfb6 M\u00fasica\ud83d\udc83 Danza\ud83c\udfac Teatro\ud83d\udcda Literatura\ud83d\udcbb Creaci\u00f3n digital\ud83c\udfa5 Audiovisuales [&hellip;]\" \/>\n<meta property=\"og:url\" content=\"https:\/\/www.crea.gov.co\/crea-san-pablo\/\u2728-si-tu-proposito-para-el-ano-2026-es-aprender-algo-nuevo-es-momento-de-cumplirlo-\u2728\/\" \/>\n<meta property=\"og:site_name\" content=\"Crea San Pablo\" \/>\n<meta property=\"article:published_time\" content=\"2026-02-16T00:26:35+00:00\" \/>\n<meta property=\"article:modified_time\" content=\"2026-02-16T00:33:40+00:00\" \/>\n<meta property=\"og:image\" content=\"https:\/\/www.crea.gov.co\/crea-san-pablo\/wp-content\/uploads\/sites\/12\/2026\/02\/WhatsApp-Image-2024-11-25-at-11.51.08-AM.jpeg\" \/>\n\t<meta property=\"og:image:width\" content=\"1600\" \/>\n\t<meta property=\"og:image:height\" content=\"1200\" \/>\n\t<meta property=\"og:image:type\" content=\"image\/jpeg\" \/>\n<meta name=\"author\" content=\"creabosasanpablo\" \/>\n<meta name=\"twitter:card\" content=\"summary_large_image\" \/>\n<meta name=\"twitter:label1\" content=\"Escrito por\" \/>\n\t<meta name=\"twitter:data1\" content=\"creabosasanpablo\" \/>\n\t<meta name=\"twitter:label2\" content=\"Tiempo de lectura\" \/>\n\t<meta name=\"twitter:data2\" content=\"2 minutos\" \/>\n<script type=\"application\/ld+json\" class=\"yoast-schema-graph\">{\"@context\":\"https:\/\/schema.org\",\"@graph\":[{\"@type\":\"WebPage\",\"@id\":\"https:\/\/www.crea.gov.co\/crea-san-pablo\/%e2%9c%a8-si-tu-proposito-para-el-ano-2026-es-aprender-algo-nuevo-es-momento-de-cumplirlo-%e2%9c%a8\/\",\"url\":\"https:\/\/www.crea.gov.co\/crea-san-pablo\/%e2%9c%a8-si-tu-proposito-para-el-ano-2026-es-aprender-algo-nuevo-es-momento-de-cumplirlo-%e2%9c%a8\/\",\"name\":\"\u2728 Si tu prop\u00f3sito para el a\u00f1o 2026 es aprender algo nuevo\u2026 \u00a1Es momento de cumplirlo! \u2728 - Crea San Pablo\",\"isPartOf\":{\"@id\":\"https:\/\/www.crea.gov.co\/crea-san-pablo\/#website\"},\"primaryImageOfPage\":{\"@id\":\"https:\/\/www.crea.gov.co\/crea-san-pablo\/%e2%9c%a8-si-tu-proposito-para-el-ano-2026-es-aprender-algo-nuevo-es-momento-de-cumplirlo-%e2%9c%a8\/#primaryimage\"},\"image\":{\"@id\":\"https:\/\/www.crea.gov.co\/crea-san-pablo\/%e2%9c%a8-si-tu-proposito-para-el-ano-2026-es-aprender-algo-nuevo-es-momento-de-cumplirlo-%e2%9c%a8\/#primaryimage\"},\"thumbnailUrl\":\"https:\/\/www.crea.gov.co\/crea-san-pablo\/wp-content\/uploads\/sites\/12\/2026\/02\/WhatsApp-Image-2024-11-25-at-11.51.08-AM.jpeg\",\"datePublished\":\"2026-02-16T00:26:35+00:00\",\"dateModified\":\"2026-02-16T00:33:40+00:00\",\"author\":{\"@id\":\"https:\/\/www.crea.gov.co\/crea-san-pablo\/#\/schema\/person\/1a277d2e263c42608817ea5e628b3e42\"},\"breadcrumb\":{\"@id\":\"https:\/\/www.crea.gov.co\/crea-san-pablo\/%e2%9c%a8-si-tu-proposito-para-el-ano-2026-es-aprender-algo-nuevo-es-momento-de-cumplirlo-%e2%9c%a8\/#breadcrumb\"},\"inLanguage\":\"es-CO\",\"potentialAction\":[{\"@type\":\"ReadAction\",\"target\":[\"https:\/\/www.crea.gov.co\/crea-san-pablo\/%e2%9c%a8-si-tu-proposito-para-el-ano-2026-es-aprender-algo-nuevo-es-momento-de-cumplirlo-%e2%9c%a8\/\"]}]},{\"@type\":\"ImageObject\",\"inLanguage\":\"es-CO\",\"@id\":\"https:\/\/www.crea.gov.co\/crea-san-pablo\/%e2%9c%a8-si-tu-proposito-para-el-ano-2026-es-aprender-algo-nuevo-es-momento-de-cumplirlo-%e2%9c%a8\/#primaryimage\",\"url\":\"https:\/\/www.crea.gov.co\/crea-san-pablo\/wp-content\/uploads\/sites\/12\/2026\/02\/WhatsApp-Image-2024-11-25-at-11.51.08-AM.jpeg\",\"contentUrl\":\"https:\/\/www.crea.gov.co\/crea-san-pablo\/wp-content\/uploads\/sites\/12\/2026\/02\/WhatsApp-Image-2024-11-25-at-11.51.08-AM.jpeg\",\"width\":1600,\"height\":1200},{\"@type\":\"BreadcrumbList\",\"@id\":\"https:\/\/www.crea.gov.co\/crea-san-pablo\/%e2%9c%a8-si-tu-proposito-para-el-ano-2026-es-aprender-algo-nuevo-es-momento-de-cumplirlo-%e2%9c%a8\/#breadcrumb\",\"itemListElement\":[{\"@type\":\"ListItem\",\"position\":1,\"name\":\"Home\",\"item\":\"https:\/\/www.crea.gov.co\/crea-san-pablo\/\"},{\"@type\":\"ListItem\",\"position\":2,\"name\":\"\u2728 Si tu prop\u00f3sito para el a\u00f1o 2026 es aprender algo nuevo\u2026 \u00a1Es momento de cumplirlo! \u2728\"}]},{\"@type\":\"WebSite\",\"@id\":\"https:\/\/www.crea.gov.co\/crea-san-pablo\/#website\",\"url\":\"https:\/\/www.crea.gov.co\/crea-san-pablo\/\",\"name\":\"Crea San Pablo\",\"description\":\"En Bosa, este espacio es un punto de encuentro para quienes valoran la cercan\u00eda entre vecinos y las tradiciones que se transmiten de generaci\u00f3n en generaci\u00f3n. Aqu\u00ed, el arte se convierte en una manera de mantener vivas las historias del sector y de crear nuevas formas de encontrarse en comunidad.\",\"potentialAction\":[{\"@type\":\"SearchAction\",\"target\":{\"@type\":\"EntryPoint\",\"urlTemplate\":\"https:\/\/www.crea.gov.co\/crea-san-pablo\/?s={search_term_string}\"},\"query-input\":{\"@type\":\"PropertyValueSpecification\",\"valueRequired\":true,\"valueName\":\"search_term_string\"}}],\"inLanguage\":\"es-CO\"},{\"@type\":\"Person\",\"@id\":\"https:\/\/www.crea.gov.co\/crea-san-pablo\/#\/schema\/person\/1a277d2e263c42608817ea5e628b3e42\",\"name\":\"creabosasanpablo\",\"image\":{\"@type\":\"ImageObject\",\"inLanguage\":\"es-CO\",\"@id\":\"https:\/\/www.crea.gov.co\/crea-san-pablo\/#\/schema\/person\/image\/\",\"url\":\"https:\/\/secure.gravatar.com\/avatar\/7d7cb533e4c943f32b985bcbf24a58d8?s=96&d=mm&r=g\",\"contentUrl\":\"https:\/\/secure.gravatar.com\/avatar\/7d7cb533e4c943f32b985bcbf24a58d8?s=96&d=mm&r=g\",\"caption\":\"creabosasanpablo\"},\"url\":\"https:\/\/www.crea.gov.co\/crea-san-pablo\/author\/creabosasanpablo\/\"}]}<\/script>\n<!-- \/ Yoast SEO plugin. -->","yoast_head_json":{"title":"\u2728 Si tu prop\u00f3sito para el a\u00f1o 2026 es aprender algo nuevo\u2026 \u00a1Es momento de cumplirlo! \u2728 - Crea San Pablo","robots":{"index":"index","follow":"follow","max-snippet":"max-snippet:-1","max-image-preview":"max-image-preview:large","max-video-preview":"max-video-preview:-1"},"canonical":"https:\/\/www.crea.gov.co\/crea-san-pablo\/\u2728-si-tu-proposito-para-el-ano-2026-es-aprender-algo-nuevo-es-momento-de-cumplirlo-\u2728\/","og_locale":"es_ES","og_type":"article","og_title":"\u2728 Si tu prop\u00f3sito para el a\u00f1o 2026 es aprender algo nuevo\u2026 \u00a1Es momento de cumplirlo! \u2728 - Crea San Pablo","og_description":"\ud83c\udfa8 El CREA San Pablo abre nuevamente sus puertas para toda la comunidad, invitando a ni\u00f1as, ni\u00f1os, j\u00f3venes, adultos y personas mayores a vivir el arte como un espacio de encuentro, aprendizaje y creaci\u00f3n. \ud83c\udfad Regresan los talleres de formaci\u00f3n y creaci\u00f3n art\u00edstica en diversas \u00e1reas:\ud83d\udd8c\ufe0f Artes pl\u00e1sticas\ud83c\udfb6 M\u00fasica\ud83d\udc83 Danza\ud83c\udfac Teatro\ud83d\udcda Literatura\ud83d\udcbb Creaci\u00f3n digital\ud83c\udfa5 Audiovisuales [&hellip;]","og_url":"https:\/\/www.crea.gov.co\/crea-san-pablo\/\u2728-si-tu-proposito-para-el-ano-2026-es-aprender-algo-nuevo-es-momento-de-cumplirlo-\u2728\/","og_site_name":"Crea San Pablo","article_published_time":"2026-02-16T00:26:35+00:00","article_modified_time":"2026-02-16T00:33:40+00:00","og_image":[{"width":1600,"height":1200,"url":"https:\/\/www.crea.gov.co\/crea-san-pablo\/wp-content\/uploads\/sites\/12\/2026\/02\/WhatsApp-Image-2024-11-25-at-11.51.08-AM.jpeg","type":"image\/jpeg"}],"author":"creabosasanpablo","twitter_card":"summary_large_image","twitter_misc":{"Escrito por":"creabosasanpablo","Tiempo de lectura":"2 minutos"},"schema":{"@context":"https:\/\/schema.org","@graph":[{"@type":"WebPage","@id":"https:\/\/www.crea.gov.co\/crea-san-pablo\/%e2%9c%a8-si-tu-proposito-para-el-ano-2026-es-aprender-algo-nuevo-es-momento-de-cumplirlo-%e2%9c%a8\/","url":"https:\/\/www.crea.gov.co\/crea-san-pablo\/%e2%9c%a8-si-tu-proposito-para-el-ano-2026-es-aprender-algo-nuevo-es-momento-de-cumplirlo-%e2%9c%a8\/","name":"\u2728 Si tu prop\u00f3sito para el a\u00f1o 2026 es aprender algo nuevo\u2026 \u00a1Es momento de cumplirlo! \u2728 - Crea San Pablo","isPartOf":{"@id":"https:\/\/www.crea.gov.co\/crea-san-pablo\/#website"},"primaryImageOfPage":{"@id":"https:\/\/www.crea.gov.co\/crea-san-pablo\/%e2%9c%a8-si-tu-proposito-para-el-ano-2026-es-aprender-algo-nuevo-es-momento-de-cumplirlo-%e2%9c%a8\/#primaryimage"},"image":{"@id":"https:\/\/www.crea.gov.co\/crea-san-pablo\/%e2%9c%a8-si-tu-proposito-para-el-ano-2026-es-aprender-algo-nuevo-es-momento-de-cumplirlo-%e2%9c%a8\/#primaryimage"},"thumbnailUrl":"https:\/\/www.crea.gov.co\/crea-san-pablo\/wp-content\/uploads\/sites\/12\/2026\/02\/WhatsApp-Image-2024-11-25-at-11.51.08-AM.jpeg","datePublished":"2026-02-16T00:26:35+00:00","dateModified":"2026-02-16T00:33:40+00:00","author":{"@id":"https:\/\/www.crea.gov.co\/crea-san-pablo\/#\/schema\/person\/1a277d2e263c42608817ea5e628b3e42"},"breadcrumb":{"@id":"https:\/\/www.crea.gov.co\/crea-san-pablo\/%e2%9c%a8-si-tu-proposito-para-el-ano-2026-es-aprender-algo-nuevo-es-momento-de-cumplirlo-%e2%9c%a8\/#breadcrumb"},"inLanguage":"es-CO","potentialAction":[{"@type":"ReadAction","target":["https:\/\/www.crea.gov.co\/crea-san-pablo\/%e2%9c%a8-si-tu-proposito-para-el-ano-2026-es-aprender-algo-nuevo-es-momento-de-cumplirlo-%e2%9c%a8\/"]}]},{"@type":"ImageObject","inLanguage":"es-CO","@id":"https:\/\/www.crea.gov.co\/crea-san-pablo\/%e2%9c%a8-si-tu-proposito-para-el-ano-2026-es-aprender-algo-nuevo-es-momento-de-cumplirlo-%e2%9c%a8\/#primaryimage","url":"https:\/\/www.crea.gov.co\/crea-san-pablo\/wp-content\/uploads\/sites\/12\/2026\/02\/WhatsApp-Image-2024-11-25-at-11.51.08-AM.jpeg","contentUrl":"https:\/\/www.crea.gov.co\/crea-san-pablo\/wp-content\/uploads\/sites\/12\/2026\/02\/WhatsApp-Image-2024-11-25-at-11.51.08-AM.jpeg","width":1600,"height":1200},{"@type":"BreadcrumbList","@id":"https:\/\/www.crea.gov.co\/crea-san-pablo\/%e2%9c%a8-si-tu-proposito-para-el-ano-2026-es-aprender-algo-nuevo-es-momento-de-cumplirlo-%e2%9c%a8\/#breadcrumb","itemListElement":[{"@type":"ListItem","position":1,"name":"Home","item":"https:\/\/www.crea.gov.co\/crea-san-pablo\/"},{"@type":"ListItem","position":2,"name":"\u2728 Si tu prop\u00f3sito para el a\u00f1o 2026 es aprender algo nuevo\u2026 \u00a1Es momento de cumplirlo! \u2728"}]},{"@type":"WebSite","@id":"https:\/\/www.crea.gov.co\/crea-san-pablo\/#website","url":"https:\/\/www.crea.gov.co\/crea-san-pablo\/","name":"Crea San Pablo","description":"En Bosa, este espacio es un punto de encuentro para quienes valoran la cercan\u00eda entre vecinos y las tradiciones que se transmiten de generaci\u00f3n en generaci\u00f3n. Aqu\u00ed, el arte se convierte en una manera de mantener vivas las historias del sector y de crear nuevas formas de encontrarse en comunidad.","potentialAction":[{"@type":"SearchAction","target":{"@type":"EntryPoint","urlTemplate":"https:\/\/www.crea.gov.co\/crea-san-pablo\/?s={search_term_string}"},"query-input":{"@type":"PropertyValueSpecification","valueRequired":true,"valueName":"search_term_string"}}],"inLanguage":"es-CO"},{"@type":"Person","@id":"https:\/\/www.crea.gov.co\/crea-san-pablo\/#\/schema\/person\/1a277d2e263c42608817ea5e628b3e42","name":"creabosasanpablo","image":{"@type":"ImageObject","inLanguage":"es-CO","@id":"https:\/\/www.crea.gov.co\/crea-san-pablo\/#\/schema\/person\/image\/","url":"https:\/\/secure.gravatar.com\/avatar\/7d7cb533e4c943f32b985bcbf24a58d8?s=96&d=mm&r=g","contentUrl":"https:\/\/secure.gravatar.com\/avatar\/7d7cb533e4c943f32b985bcbf24a58d8?s=96&d=mm&r=g","caption":"creabosasanpablo"},"url":"https:\/\/www.crea.gov.co\/crea-san-pablo\/author\/creabosasanpablo\/"}]}},"_links":{"self":[{"href":"https:\/\/www.crea.gov.co\/crea-san-pablo\/wp-json\/wp\/v2\/posts\/1267","targetHints":{"allow":["GET"]}}],"collection":[{"href":"https:\/\/www.crea.gov.co\/crea-san-pablo\/wp-json\/wp\/v2\/posts"}],"about":[{"href":"https:\/\/www.crea.gov.co\/crea-san-pablo\/wp-json\/wp\/v2\/types\/post"}],"author":[{"embeddable":true,"href":"https:\/\/www.crea.gov.co\/crea-san-pablo\/wp-json\/wp\/v2\/users\/88"}],"replies":[{"embeddable":true,"href":"https:\/\/www.crea.gov.co\/crea-san-pablo\/wp-json\/wp\/v2\/comments?post=1267"}],"version-history":[{"count":2,"href":"https:\/\/www.crea.gov.co\/crea-san-pablo\/wp-json\/wp\/v2\/posts\/1267\/revisions"}],"predecessor-version":[{"id":1271,"href":"https:\/\/www.crea.gov.co\/crea-san-pablo\/wp-json\/wp\/v2\/posts\/1267\/revisions\/1271"}],"wp:featuredmedia":[{"embeddable":true,"href":"https:\/\/www.crea.gov.co\/crea-san-pablo\/wp-json\/wp\/v2\/media\/1268"}],"wp:attachment":[{"href":"https:\/\/www.crea.gov.co\/crea-san-pablo\/wp-json\/wp\/v2\/media?parent=1267"}],"wp:term":[{"taxonomy":"category","embeddable":true,"href":"https:\/\/www.crea.gov.co\/crea-san-pablo\/wp-json\/wp\/v2\/categories?post=1267"},{"taxonomy":"post_tag","embeddable":true,"href":"https:\/\/www.crea.gov.co\/crea-san-pablo\/wp-json\/wp\/v2\/tags?post=1267"}],"curies":[{"name":"wp","href":"https:\/\/api.w.org\/{rel}","templated":true}]}}