{"id":11,"date":"2021-10-07T17:43:46","date_gmt":"2021-10-07T17:43:46","guid":{"rendered":"https:\/\/www.crea.gov.co\/crea-san-pablo\/?post_type=news&#038;p=11"},"modified":"2024-08-04T01:05:48","modified_gmt":"2024-08-04T01:05:48","slug":"laboratorio-rap-en-el-primer-festival-de-musica-crea","status":"publish","type":"post","link":"https:\/\/www.crea.gov.co\/crea-san-pablo\/laboratorio-rap-en-el-primer-festival-de-musica-crea\/","title":{"rendered":"LABORATORIO RAP en el Primer Festival de M\u00fasica Crea"},"content":{"rendered":"\n<p class=\"has-black-color has-text-color\">El pasado <strong>30 de septiembre<\/strong> tuvimos la oportunidad de ver en escena en el\u00a0<strong>Teatro Al Aire libre La Media Torta<\/strong>, representando al Crea San Pablo, al grupo de la L\u00ednea Converge <strong>Laboratorio RAP<\/strong> dirigido por el <strong>Artista Formador Giovanni Nieto<\/strong>, participando en el marco del Primer Festival de M\u00fasica Crea. <\/p>\n\n\n<figure class=\"wp-block-post-featured-image\"><img loading=\"lazy\" decoding=\"async\" width=\"2560\" height=\"1440\" src=\"https:\/\/www.crea.gov.co\/crea-san-pablo\/wp-content\/uploads\/sites\/12\/2021\/10\/IMG-20210930-WA0034-scaled.jpeg\" class=\"attachment-post-thumbnail size-post-thumbnail wp-post-image\" alt=\"\" style=\"object-fit:cover;\" srcset=\"https:\/\/www.crea.gov.co\/crea-san-pablo\/wp-content\/uploads\/sites\/12\/2021\/10\/IMG-20210930-WA0034-scaled.jpeg 2560w, https:\/\/www.crea.gov.co\/crea-san-pablo\/wp-content\/uploads\/sites\/12\/2021\/10\/IMG-20210930-WA0034-300x169.jpeg 300w, https:\/\/www.crea.gov.co\/crea-san-pablo\/wp-content\/uploads\/sites\/12\/2021\/10\/IMG-20210930-WA0034-1024x576.jpeg 1024w, https:\/\/www.crea.gov.co\/crea-san-pablo\/wp-content\/uploads\/sites\/12\/2021\/10\/IMG-20210930-WA0034-768x432.jpeg 768w, https:\/\/www.crea.gov.co\/crea-san-pablo\/wp-content\/uploads\/sites\/12\/2021\/10\/IMG-20210930-WA0034-1536x864.jpeg 1536w, https:\/\/www.crea.gov.co\/crea-san-pablo\/wp-content\/uploads\/sites\/12\/2021\/10\/IMG-20210930-WA0034-2048x1152.jpeg 2048w\" sizes=\"auto, (max-width: 2560px) 100vw, 2560px\" \/><\/figure>\n\n\n<p>Con su l\u00edrica social, lograron transmitir toda su energ\u00eda y tenacidad, demostrando una vez m\u00e1s que desde el Hip-Hop es posible visibilizar la realidad de los j\u00f3venes y su capacidad de transformarla.<\/p>\n\n\n\n<figure class=\"wp-block-gallery has-nested-images columns-default is-cropped wp-block-gallery-1 is-layout-flex wp-block-gallery-is-layout-flex\">\n<figure class=\"wp-block-image size-large\"><img loading=\"lazy\" decoding=\"async\" width=\"720\" height=\"839\" data-id=\"12\" src=\"https:\/\/www.crea.gov.co\/crea-san-pablo\/wp-content\/uploads\/sites\/12\/2021\/10\/Screenshot_20211007-121402_2.png\" alt=\"\" class=\"wp-image-12\" srcset=\"https:\/\/www.crea.gov.co\/crea-san-pablo\/wp-content\/uploads\/sites\/12\/2021\/10\/Screenshot_20211007-121402_2.png 720w, https:\/\/www.crea.gov.co\/crea-san-pablo\/wp-content\/uploads\/sites\/12\/2021\/10\/Screenshot_20211007-121402_2-257x300.png 257w\" sizes=\"auto, (max-width: 720px) 100vw, 720px\" \/><\/figure>\n\n\n\n<figure class=\"wp-block-image size-large\"><img loading=\"lazy\" decoding=\"async\" width=\"1024\" height=\"576\" data-id=\"13\" src=\"https:\/\/www.crea.gov.co\/crea-san-pablo\/wp-content\/uploads\/sites\/12\/2021\/10\/IMG-20210930-WA0036-1024x576.jpeg\" alt=\"\" class=\"wp-image-13\" srcset=\"https:\/\/www.crea.gov.co\/crea-san-pablo\/wp-content\/uploads\/sites\/12\/2021\/10\/IMG-20210930-WA0036-1024x576.jpeg 1024w, https:\/\/www.crea.gov.co\/crea-san-pablo\/wp-content\/uploads\/sites\/12\/2021\/10\/IMG-20210930-WA0036-300x169.jpeg 300w, https:\/\/www.crea.gov.co\/crea-san-pablo\/wp-content\/uploads\/sites\/12\/2021\/10\/IMG-20210930-WA0036-768x432.jpeg 768w, https:\/\/www.crea.gov.co\/crea-san-pablo\/wp-content\/uploads\/sites\/12\/2021\/10\/IMG-20210930-WA0036-1536x864.jpeg 1536w, https:\/\/www.crea.gov.co\/crea-san-pablo\/wp-content\/uploads\/sites\/12\/2021\/10\/IMG-20210930-WA0036-2048x1152.jpeg 2048w\" sizes=\"auto, (max-width: 1024px) 100vw, 1024px\" \/><\/figure>\n<\/figure>\n","protected":false},"excerpt":{"rendered":"<p>El pasado 30 de septiembre tuvimos la oportunidad de ver en escena en el\u00a0Teatro Al Aire libre La Media Torta, representando al Crea San Pablo, al grupo de la L\u00ednea Converge Laboratorio RAP dirigido por el Artista Formador Giovanni Nieto, participando en el marco del Primer Festival de M\u00fasica Crea. Con su l\u00edrica social, lograron [&hellip;]<\/p>\n","protected":false},"author":46,"featured_media":14,"comment_status":"open","ping_status":"closed","sticky":false,"template":"","format":"standard","meta":{"footnotes":""},"categories":[1],"tags":[],"class_list":["post-11","post","type-post","status-publish","format-standard","has-post-thumbnail","hentry","category-sin-categoria"],"yoast_head":"<!-- This site is optimized with the Yoast SEO plugin v24.5 - https:\/\/yoast.com\/wordpress\/plugins\/seo\/ -->\n<title>LABORATORIO RAP en el Primer Festival de M\u00fasica Crea - Crea San Pablo<\/title>\n<meta name=\"robots\" content=\"index, follow, max-snippet:-1, max-image-preview:large, max-video-preview:-1\" \/>\n<link rel=\"canonical\" href=\"https:\/\/www.crea.gov.co\/crea-san-pablo\/laboratorio-rap-en-el-primer-festival-de-musica-crea\/\" \/>\n<meta property=\"og:locale\" content=\"es_ES\" \/>\n<meta property=\"og:type\" content=\"article\" \/>\n<meta property=\"og:title\" content=\"LABORATORIO RAP en el Primer Festival de M\u00fasica Crea - Crea San Pablo\" \/>\n<meta property=\"og:description\" content=\"El pasado 30 de septiembre tuvimos la oportunidad de ver en escena en el\u00a0Teatro Al Aire libre La Media Torta, representando al Crea San Pablo, al grupo de la L\u00ednea Converge Laboratorio RAP dirigido por el Artista Formador Giovanni Nieto, participando en el marco del Primer Festival de M\u00fasica Crea. Con su l\u00edrica social, lograron [&hellip;]\" \/>\n<meta property=\"og:url\" content=\"https:\/\/www.crea.gov.co\/crea-san-pablo\/laboratorio-rap-en-el-primer-festival-de-musica-crea\/\" \/>\n<meta property=\"og:site_name\" content=\"Crea San Pablo\" \/>\n<meta property=\"article:published_time\" content=\"2021-10-07T17:43:46+00:00\" \/>\n<meta property=\"article:modified_time\" content=\"2024-08-04T01:05:48+00:00\" \/>\n<meta property=\"og:image\" content=\"https:\/\/www.crea.gov.co\/crea-san-pablo\/wp-content\/uploads\/sites\/12\/2021\/10\/IMG-20210930-WA0034-scaled.jpeg\" \/>\n\t<meta property=\"og:image:width\" content=\"2560\" \/>\n\t<meta property=\"og:image:height\" content=\"1440\" \/>\n\t<meta property=\"og:image:type\" content=\"image\/jpeg\" \/>\n<meta name=\"author\" content=\"carolinazapata\" \/>\n<meta name=\"twitter:card\" content=\"summary_large_image\" \/>\n<meta name=\"twitter:label1\" content=\"Escrito por\" \/>\n\t<meta name=\"twitter:data1\" content=\"carolinazapata\" \/>\n\t<meta name=\"twitter:label2\" content=\"Tiempo de lectura\" \/>\n\t<meta name=\"twitter:data2\" content=\"2 minutos\" \/>\n<script type=\"application\/ld+json\" class=\"yoast-schema-graph\">{\"@context\":\"https:\/\/schema.org\",\"@graph\":[{\"@type\":\"WebPage\",\"@id\":\"https:\/\/www.crea.gov.co\/crea-san-pablo\/laboratorio-rap-en-el-primer-festival-de-musica-crea\/\",\"url\":\"https:\/\/www.crea.gov.co\/crea-san-pablo\/laboratorio-rap-en-el-primer-festival-de-musica-crea\/\",\"name\":\"LABORATORIO RAP en el Primer Festival de M\u00fasica Crea - Crea San Pablo\",\"isPartOf\":{\"@id\":\"https:\/\/www.crea.gov.co\/crea-san-pablo\/#website\"},\"primaryImageOfPage\":{\"@id\":\"https:\/\/www.crea.gov.co\/crea-san-pablo\/laboratorio-rap-en-el-primer-festival-de-musica-crea\/#primaryimage\"},\"image\":{\"@id\":\"https:\/\/www.crea.gov.co\/crea-san-pablo\/laboratorio-rap-en-el-primer-festival-de-musica-crea\/#primaryimage\"},\"thumbnailUrl\":\"https:\/\/www.crea.gov.co\/crea-san-pablo\/wp-content\/uploads\/sites\/12\/2021\/10\/IMG-20210930-WA0034-scaled.jpeg\",\"datePublished\":\"2021-10-07T17:43:46+00:00\",\"dateModified\":\"2024-08-04T01:05:48+00:00\",\"author\":{\"@id\":\"https:\/\/www.crea.gov.co\/crea-san-pablo\/#\/schema\/person\/704aa119fec7f77149637652eb64865a\"},\"breadcrumb\":{\"@id\":\"https:\/\/www.crea.gov.co\/crea-san-pablo\/laboratorio-rap-en-el-primer-festival-de-musica-crea\/#breadcrumb\"},\"inLanguage\":\"es-CO\",\"potentialAction\":[{\"@type\":\"ReadAction\",\"target\":[\"https:\/\/www.crea.gov.co\/crea-san-pablo\/laboratorio-rap-en-el-primer-festival-de-musica-crea\/\"]}]},{\"@type\":\"ImageObject\",\"inLanguage\":\"es-CO\",\"@id\":\"https:\/\/www.crea.gov.co\/crea-san-pablo\/laboratorio-rap-en-el-primer-festival-de-musica-crea\/#primaryimage\",\"url\":\"https:\/\/www.crea.gov.co\/crea-san-pablo\/wp-content\/uploads\/sites\/12\/2021\/10\/IMG-20210930-WA0034-scaled.jpeg\",\"contentUrl\":\"https:\/\/www.crea.gov.co\/crea-san-pablo\/wp-content\/uploads\/sites\/12\/2021\/10\/IMG-20210930-WA0034-scaled.jpeg\",\"width\":2560,\"height\":1440},{\"@type\":\"BreadcrumbList\",\"@id\":\"https:\/\/www.crea.gov.co\/crea-san-pablo\/laboratorio-rap-en-el-primer-festival-de-musica-crea\/#breadcrumb\",\"itemListElement\":[{\"@type\":\"ListItem\",\"position\":1,\"name\":\"Home\",\"item\":\"https:\/\/www.crea.gov.co\/crea-san-pablo\/\"},{\"@type\":\"ListItem\",\"position\":2,\"name\":\"LABORATORIO RAP en el Primer Festival de M\u00fasica Crea\"}]},{\"@type\":\"WebSite\",\"@id\":\"https:\/\/www.crea.gov.co\/crea-san-pablo\/#website\",\"url\":\"https:\/\/www.crea.gov.co\/crea-san-pablo\/\",\"name\":\"Crea San Pablo\",\"description\":\"En Bosa, este espacio es un punto de encuentro para quienes valoran la cercan\u00eda entre vecinos y las tradiciones que se transmiten de generaci\u00f3n en generaci\u00f3n. Aqu\u00ed, el arte se convierte en una manera de mantener vivas las historias del sector y de crear nuevas formas de encontrarse en comunidad.\",\"potentialAction\":[{\"@type\":\"SearchAction\",\"target\":{\"@type\":\"EntryPoint\",\"urlTemplate\":\"https:\/\/www.crea.gov.co\/crea-san-pablo\/?s={search_term_string}\"},\"query-input\":{\"@type\":\"PropertyValueSpecification\",\"valueRequired\":true,\"valueName\":\"search_term_string\"}}],\"inLanguage\":\"es-CO\"},{\"@type\":\"Person\",\"@id\":\"https:\/\/www.crea.gov.co\/crea-san-pablo\/#\/schema\/person\/704aa119fec7f77149637652eb64865a\",\"name\":\"carolinazapata\",\"image\":{\"@type\":\"ImageObject\",\"inLanguage\":\"es-CO\",\"@id\":\"https:\/\/www.crea.gov.co\/crea-san-pablo\/#\/schema\/person\/image\/\",\"url\":\"https:\/\/secure.gravatar.com\/avatar\/633c105bc28ed3dcfe6afb1b8943311c?s=96&d=mm&r=g\",\"contentUrl\":\"https:\/\/secure.gravatar.com\/avatar\/633c105bc28ed3dcfe6afb1b8943311c?s=96&d=mm&r=g\",\"caption\":\"carolinazapata\"},\"url\":\"https:\/\/www.crea.gov.co\/crea-san-pablo\/author\/carolinazapata\/\"}]}<\/script>\n<!-- \/ Yoast SEO plugin. -->","yoast_head_json":{"title":"LABORATORIO RAP en el Primer Festival de M\u00fasica Crea - Crea San Pablo","robots":{"index":"index","follow":"follow","max-snippet":"max-snippet:-1","max-image-preview":"max-image-preview:large","max-video-preview":"max-video-preview:-1"},"canonical":"https:\/\/www.crea.gov.co\/crea-san-pablo\/laboratorio-rap-en-el-primer-festival-de-musica-crea\/","og_locale":"es_ES","og_type":"article","og_title":"LABORATORIO RAP en el Primer Festival de M\u00fasica Crea - Crea San Pablo","og_description":"El pasado 30 de septiembre tuvimos la oportunidad de ver en escena en el\u00a0Teatro Al Aire libre La Media Torta, representando al Crea San Pablo, al grupo de la L\u00ednea Converge Laboratorio RAP dirigido por el Artista Formador Giovanni Nieto, participando en el marco del Primer Festival de M\u00fasica Crea. Con su l\u00edrica social, lograron [&hellip;]","og_url":"https:\/\/www.crea.gov.co\/crea-san-pablo\/laboratorio-rap-en-el-primer-festival-de-musica-crea\/","og_site_name":"Crea San Pablo","article_published_time":"2021-10-07T17:43:46+00:00","article_modified_time":"2024-08-04T01:05:48+00:00","og_image":[{"width":2560,"height":1440,"url":"https:\/\/www.crea.gov.co\/crea-san-pablo\/wp-content\/uploads\/sites\/12\/2021\/10\/IMG-20210930-WA0034-scaled.jpeg","type":"image\/jpeg"}],"author":"carolinazapata","twitter_card":"summary_large_image","twitter_misc":{"Escrito por":"carolinazapata","Tiempo de lectura":"2 minutos"},"schema":{"@context":"https:\/\/schema.org","@graph":[{"@type":"WebPage","@id":"https:\/\/www.crea.gov.co\/crea-san-pablo\/laboratorio-rap-en-el-primer-festival-de-musica-crea\/","url":"https:\/\/www.crea.gov.co\/crea-san-pablo\/laboratorio-rap-en-el-primer-festival-de-musica-crea\/","name":"LABORATORIO RAP en el Primer Festival de M\u00fasica Crea - Crea San Pablo","isPartOf":{"@id":"https:\/\/www.crea.gov.co\/crea-san-pablo\/#website"},"primaryImageOfPage":{"@id":"https:\/\/www.crea.gov.co\/crea-san-pablo\/laboratorio-rap-en-el-primer-festival-de-musica-crea\/#primaryimage"},"image":{"@id":"https:\/\/www.crea.gov.co\/crea-san-pablo\/laboratorio-rap-en-el-primer-festival-de-musica-crea\/#primaryimage"},"thumbnailUrl":"https:\/\/www.crea.gov.co\/crea-san-pablo\/wp-content\/uploads\/sites\/12\/2021\/10\/IMG-20210930-WA0034-scaled.jpeg","datePublished":"2021-10-07T17:43:46+00:00","dateModified":"2024-08-04T01:05:48+00:00","author":{"@id":"https:\/\/www.crea.gov.co\/crea-san-pablo\/#\/schema\/person\/704aa119fec7f77149637652eb64865a"},"breadcrumb":{"@id":"https:\/\/www.crea.gov.co\/crea-san-pablo\/laboratorio-rap-en-el-primer-festival-de-musica-crea\/#breadcrumb"},"inLanguage":"es-CO","potentialAction":[{"@type":"ReadAction","target":["https:\/\/www.crea.gov.co\/crea-san-pablo\/laboratorio-rap-en-el-primer-festival-de-musica-crea\/"]}]},{"@type":"ImageObject","inLanguage":"es-CO","@id":"https:\/\/www.crea.gov.co\/crea-san-pablo\/laboratorio-rap-en-el-primer-festival-de-musica-crea\/#primaryimage","url":"https:\/\/www.crea.gov.co\/crea-san-pablo\/wp-content\/uploads\/sites\/12\/2021\/10\/IMG-20210930-WA0034-scaled.jpeg","contentUrl":"https:\/\/www.crea.gov.co\/crea-san-pablo\/wp-content\/uploads\/sites\/12\/2021\/10\/IMG-20210930-WA0034-scaled.jpeg","width":2560,"height":1440},{"@type":"BreadcrumbList","@id":"https:\/\/www.crea.gov.co\/crea-san-pablo\/laboratorio-rap-en-el-primer-festival-de-musica-crea\/#breadcrumb","itemListElement":[{"@type":"ListItem","position":1,"name":"Home","item":"https:\/\/www.crea.gov.co\/crea-san-pablo\/"},{"@type":"ListItem","position":2,"name":"LABORATORIO RAP en el Primer Festival de M\u00fasica Crea"}]},{"@type":"WebSite","@id":"https:\/\/www.crea.gov.co\/crea-san-pablo\/#website","url":"https:\/\/www.crea.gov.co\/crea-san-pablo\/","name":"Crea San Pablo","description":"En Bosa, este espacio es un punto de encuentro para quienes valoran la cercan\u00eda entre vecinos y las tradiciones que se transmiten de generaci\u00f3n en generaci\u00f3n. Aqu\u00ed, el arte se convierte en una manera de mantener vivas las historias del sector y de crear nuevas formas de encontrarse en comunidad.","potentialAction":[{"@type":"SearchAction","target":{"@type":"EntryPoint","urlTemplate":"https:\/\/www.crea.gov.co\/crea-san-pablo\/?s={search_term_string}"},"query-input":{"@type":"PropertyValueSpecification","valueRequired":true,"valueName":"search_term_string"}}],"inLanguage":"es-CO"},{"@type":"Person","@id":"https:\/\/www.crea.gov.co\/crea-san-pablo\/#\/schema\/person\/704aa119fec7f77149637652eb64865a","name":"carolinazapata","image":{"@type":"ImageObject","inLanguage":"es-CO","@id":"https:\/\/www.crea.gov.co\/crea-san-pablo\/#\/schema\/person\/image\/","url":"https:\/\/secure.gravatar.com\/avatar\/633c105bc28ed3dcfe6afb1b8943311c?s=96&d=mm&r=g","contentUrl":"https:\/\/secure.gravatar.com\/avatar\/633c105bc28ed3dcfe6afb1b8943311c?s=96&d=mm&r=g","caption":"carolinazapata"},"url":"https:\/\/www.crea.gov.co\/crea-san-pablo\/author\/carolinazapata\/"}]}},"_links":{"self":[{"href":"https:\/\/www.crea.gov.co\/crea-san-pablo\/wp-json\/wp\/v2\/posts\/11","targetHints":{"allow":["GET"]}}],"collection":[{"href":"https:\/\/www.crea.gov.co\/crea-san-pablo\/wp-json\/wp\/v2\/posts"}],"about":[{"href":"https:\/\/www.crea.gov.co\/crea-san-pablo\/wp-json\/wp\/v2\/types\/post"}],"author":[{"embeddable":true,"href":"https:\/\/www.crea.gov.co\/crea-san-pablo\/wp-json\/wp\/v2\/users\/46"}],"replies":[{"embeddable":true,"href":"https:\/\/www.crea.gov.co\/crea-san-pablo\/wp-json\/wp\/v2\/comments?post=11"}],"version-history":[{"count":1,"href":"https:\/\/www.crea.gov.co\/crea-san-pablo\/wp-json\/wp\/v2\/posts\/11\/revisions"}],"predecessor-version":[{"id":921,"href":"https:\/\/www.crea.gov.co\/crea-san-pablo\/wp-json\/wp\/v2\/posts\/11\/revisions\/921"}],"wp:featuredmedia":[{"embeddable":true,"href":"https:\/\/www.crea.gov.co\/crea-san-pablo\/wp-json\/wp\/v2\/media\/14"}],"wp:attachment":[{"href":"https:\/\/www.crea.gov.co\/crea-san-pablo\/wp-json\/wp\/v2\/media?parent=11"}],"wp:term":[{"taxonomy":"category","embeddable":true,"href":"https:\/\/www.crea.gov.co\/crea-san-pablo\/wp-json\/wp\/v2\/categories?post=11"},{"taxonomy":"post_tag","embeddable":true,"href":"https:\/\/www.crea.gov.co\/crea-san-pablo\/wp-json\/wp\/v2\/tags?post=11"}],"curies":[{"name":"wp","href":"https:\/\/api.w.org\/{rel}","templated":true}]}}