{"id":1066,"date":"2024-11-10T01:08:18","date_gmt":"2024-11-10T01:08:18","guid":{"rendered":"https:\/\/www.crea.gov.co\/crea-san-pablo\/?p=1066"},"modified":"2024-11-10T01:08:19","modified_gmt":"2024-11-10T01:08:19","slug":"la-creacion-literaria-y-el-teatro-de-la-mano-en-ecosistema-crea","status":"publish","type":"post","link":"https:\/\/www.crea.gov.co\/crea-san-pablo\/la-creacion-literaria-y-el-teatro-de-la-mano-en-ecosistema-crea\/","title":{"rendered":"La creaci\u00f3n literaria y el teatro, de la mano en Ecosistema Crea"},"content":{"rendered":"\n<h2 class=\"wp-block-heading has-text-align-right\">Apuestas art\u00edsticas que ponen a ver, sentir y pensar m\u00e1s all\u00e1 de lo evidente<\/h2>\n\n\n\n<p>Presentaci\u00f3n de procesos art\u00edsticos de la l\u00ednea de impulso colectivo, colectivos ESCRITORES M\u00c1GICOS de creaci\u00f3n literaria y SERPIENTES DE COLORES del taller de teatro, en el marco del Ecosistema Crea &#8221; En mi fin est\u00e1 mi comienzo, mundos que se transforman&#8221;, un espacio de cocreaci\u00f3n y habitar en colectivo; participantes, equipo Crea, artistas formadores en la sala en Escena de la Corporaci\u00f3n Mascarada, donde se evidenci\u00f3 gran parte de la apropiaci\u00f3n de los procesos, presentando la exposici\u00f3n literaria, Odas, experiencia sonora, lectura de antolog\u00eda y el cierre con la obra de teatro \u201cTerraferno\u201d.\u00a0<\/p>\n\n\n<figure class=\"wp-block-post-featured-image\"><img loading=\"lazy\" decoding=\"async\" width=\"1600\" height=\"1200\" src=\"https:\/\/www.crea.gov.co\/crea-san-pablo\/wp-content\/uploads\/sites\/12\/2024\/11\/WhatsApp-Image-2024-11-07-at-4.24.23-PM.jpeg\" class=\"attachment-post-thumbnail size-post-thumbnail wp-post-image\" alt=\"\" style=\"object-fit:cover;\" srcset=\"https:\/\/www.crea.gov.co\/crea-san-pablo\/wp-content\/uploads\/sites\/12\/2024\/11\/WhatsApp-Image-2024-11-07-at-4.24.23-PM.jpeg 1600w, https:\/\/www.crea.gov.co\/crea-san-pablo\/wp-content\/uploads\/sites\/12\/2024\/11\/WhatsApp-Image-2024-11-07-at-4.24.23-PM-300x225.jpeg 300w, https:\/\/www.crea.gov.co\/crea-san-pablo\/wp-content\/uploads\/sites\/12\/2024\/11\/WhatsApp-Image-2024-11-07-at-4.24.23-PM-1024x768.jpeg 1024w, https:\/\/www.crea.gov.co\/crea-san-pablo\/wp-content\/uploads\/sites\/12\/2024\/11\/WhatsApp-Image-2024-11-07-at-4.24.23-PM-768x576.jpeg 768w, https:\/\/www.crea.gov.co\/crea-san-pablo\/wp-content\/uploads\/sites\/12\/2024\/11\/WhatsApp-Image-2024-11-07-at-4.24.23-PM-1536x1152.jpeg 1536w\" sizes=\"auto, (max-width: 1600px) 100vw, 1600px\" \/><\/figure>\n\n\n<figure class=\"wp-block-gallery has-nested-images columns-default is-cropped wp-block-gallery-1 is-layout-flex wp-block-gallery-is-layout-flex\">\n<figure class=\"wp-block-image size-large\"><img loading=\"lazy\" decoding=\"async\" width=\"805\" height=\"1024\" data-id=\"1072\" src=\"https:\/\/www.crea.gov.co\/crea-san-pablo\/wp-content\/uploads\/sites\/12\/2024\/11\/IMG_20241107_160126189-1-805x1024.jpg\" alt=\"\" class=\"wp-image-1072\" srcset=\"https:\/\/www.crea.gov.co\/crea-san-pablo\/wp-content\/uploads\/sites\/12\/2024\/11\/IMG_20241107_160126189-1-805x1024.jpg 805w, https:\/\/www.crea.gov.co\/crea-san-pablo\/wp-content\/uploads\/sites\/12\/2024\/11\/IMG_20241107_160126189-1-236x300.jpg 236w, https:\/\/www.crea.gov.co\/crea-san-pablo\/wp-content\/uploads\/sites\/12\/2024\/11\/IMG_20241107_160126189-1-768x977.jpg 768w, https:\/\/www.crea.gov.co\/crea-san-pablo\/wp-content\/uploads\/sites\/12\/2024\/11\/IMG_20241107_160126189-1-1207x1536.jpg 1207w, https:\/\/www.crea.gov.co\/crea-san-pablo\/wp-content\/uploads\/sites\/12\/2024\/11\/IMG_20241107_160126189-1-1609x2048.jpg 1609w, https:\/\/www.crea.gov.co\/crea-san-pablo\/wp-content\/uploads\/sites\/12\/2024\/11\/IMG_20241107_160126189-1-scaled.jpg 2012w\" sizes=\"auto, (max-width: 805px) 100vw, 805px\" \/><\/figure>\n\n\n\n<figure class=\"wp-block-image size-large\"><img loading=\"lazy\" decoding=\"async\" width=\"771\" height=\"1024\" data-id=\"1069\" src=\"https:\/\/www.crea.gov.co\/crea-san-pablo\/wp-content\/uploads\/sites\/12\/2024\/11\/IMG_20241107_153413553-771x1024.jpg\" alt=\"\" class=\"wp-image-1069\" srcset=\"https:\/\/www.crea.gov.co\/crea-san-pablo\/wp-content\/uploads\/sites\/12\/2024\/11\/IMG_20241107_153413553-771x1024.jpg 771w, https:\/\/www.crea.gov.co\/crea-san-pablo\/wp-content\/uploads\/sites\/12\/2024\/11\/IMG_20241107_153413553-226x300.jpg 226w, https:\/\/www.crea.gov.co\/crea-san-pablo\/wp-content\/uploads\/sites\/12\/2024\/11\/IMG_20241107_153413553-768x1020.jpg 768w, https:\/\/www.crea.gov.co\/crea-san-pablo\/wp-content\/uploads\/sites\/12\/2024\/11\/IMG_20241107_153413553-1157x1536.jpg 1157w, https:\/\/www.crea.gov.co\/crea-san-pablo\/wp-content\/uploads\/sites\/12\/2024\/11\/IMG_20241107_153413553-1542x2048.jpg 1542w, https:\/\/www.crea.gov.co\/crea-san-pablo\/wp-content\/uploads\/sites\/12\/2024\/11\/IMG_20241107_153413553-scaled.jpg 1928w\" sizes=\"auto, (max-width: 771px) 100vw, 771px\" \/><\/figure>\n\n\n\n<figure class=\"wp-block-image size-large\"><img loading=\"lazy\" decoding=\"async\" width=\"1024\" height=\"768\" data-id=\"1070\" src=\"https:\/\/www.crea.gov.co\/crea-san-pablo\/wp-content\/uploads\/sites\/12\/2024\/11\/WhatsApp-Image-2024-11-07-at-4.23.45-PM-1-1024x768.jpeg\" alt=\"\" class=\"wp-image-1070\" srcset=\"https:\/\/www.crea.gov.co\/crea-san-pablo\/wp-content\/uploads\/sites\/12\/2024\/11\/WhatsApp-Image-2024-11-07-at-4.23.45-PM-1-1024x768.jpeg 1024w, https:\/\/www.crea.gov.co\/crea-san-pablo\/wp-content\/uploads\/sites\/12\/2024\/11\/WhatsApp-Image-2024-11-07-at-4.23.45-PM-1-300x225.jpeg 300w, https:\/\/www.crea.gov.co\/crea-san-pablo\/wp-content\/uploads\/sites\/12\/2024\/11\/WhatsApp-Image-2024-11-07-at-4.23.45-PM-1-768x576.jpeg 768w, https:\/\/www.crea.gov.co\/crea-san-pablo\/wp-content\/uploads\/sites\/12\/2024\/11\/WhatsApp-Image-2024-11-07-at-4.23.45-PM-1-1536x1152.jpeg 1536w, https:\/\/www.crea.gov.co\/crea-san-pablo\/wp-content\/uploads\/sites\/12\/2024\/11\/WhatsApp-Image-2024-11-07-at-4.23.45-PM-1.jpeg 1600w\" sizes=\"auto, (max-width: 1024px) 100vw, 1024px\" \/><\/figure>\n\n\n\n<figure class=\"wp-block-image size-large\"><img loading=\"lazy\" decoding=\"async\" width=\"1024\" height=\"570\" data-id=\"1071\" src=\"https:\/\/www.crea.gov.co\/crea-san-pablo\/wp-content\/uploads\/sites\/12\/2024\/11\/WhatsApp-Image-2024-11-07-at-4.08.37-PM-1-1024x570.jpeg\" alt=\"\" class=\"wp-image-1071\" srcset=\"https:\/\/www.crea.gov.co\/crea-san-pablo\/wp-content\/uploads\/sites\/12\/2024\/11\/WhatsApp-Image-2024-11-07-at-4.08.37-PM-1-1024x570.jpeg 1024w, https:\/\/www.crea.gov.co\/crea-san-pablo\/wp-content\/uploads\/sites\/12\/2024\/11\/WhatsApp-Image-2024-11-07-at-4.08.37-PM-1-300x167.jpeg 300w, https:\/\/www.crea.gov.co\/crea-san-pablo\/wp-content\/uploads\/sites\/12\/2024\/11\/WhatsApp-Image-2024-11-07-at-4.08.37-PM-1-768x427.jpeg 768w, https:\/\/www.crea.gov.co\/crea-san-pablo\/wp-content\/uploads\/sites\/12\/2024\/11\/WhatsApp-Image-2024-11-07-at-4.08.37-PM-1.jpeg 1080w\" sizes=\"auto, (max-width: 1024px) 100vw, 1024px\" \/><\/figure>\n<\/figure>\n","protected":false},"excerpt":{"rendered":"<p>Apuestas art\u00edsticas que ponen a ver, sentir y pensar m\u00e1s all\u00e1 de lo evidente Presentaci\u00f3n de procesos art\u00edsticos de la l\u00ednea de impulso colectivo, colectivos ESCRITORES M\u00c1GICOS de creaci\u00f3n literaria y SERPIENTES DE COLORES del taller de teatro, en el marco del Ecosistema Crea &#8221; En mi fin est\u00e1 mi comienzo, mundos que se transforman&#8221;, [&hellip;]<\/p>\n","protected":false},"author":46,"featured_media":1067,"comment_status":"open","ping_status":"open","sticky":false,"template":"","format":"standard","meta":{"footnotes":""},"categories":[1],"tags":[],"class_list":["post-1066","post","type-post","status-publish","format-standard","has-post-thumbnail","hentry","category-sin-categoria"],"yoast_head":"<!-- This site is optimized with the Yoast SEO plugin v24.5 - https:\/\/yoast.com\/wordpress\/plugins\/seo\/ -->\n<title>La creaci\u00f3n literaria y el teatro, de la mano en Ecosistema Crea - Crea San Pablo<\/title>\n<meta name=\"robots\" content=\"index, follow, max-snippet:-1, max-image-preview:large, max-video-preview:-1\" \/>\n<link rel=\"canonical\" href=\"https:\/\/www.crea.gov.co\/crea-san-pablo\/la-creacion-literaria-y-el-teatro-de-la-mano-en-ecosistema-crea\/\" \/>\n<meta property=\"og:locale\" content=\"es_ES\" \/>\n<meta property=\"og:type\" content=\"article\" \/>\n<meta property=\"og:title\" content=\"La creaci\u00f3n literaria y el teatro, de la mano en Ecosistema Crea - Crea San Pablo\" \/>\n<meta property=\"og:description\" content=\"Apuestas art\u00edsticas que ponen a ver, sentir y pensar m\u00e1s all\u00e1 de lo evidente Presentaci\u00f3n de procesos art\u00edsticos de la l\u00ednea de impulso colectivo, colectivos ESCRITORES M\u00c1GICOS de creaci\u00f3n literaria y SERPIENTES DE COLORES del taller de teatro, en el marco del Ecosistema Crea &#8221; En mi fin est\u00e1 mi comienzo, mundos que se transforman&#8221;, [&hellip;]\" \/>\n<meta property=\"og:url\" content=\"https:\/\/www.crea.gov.co\/crea-san-pablo\/la-creacion-literaria-y-el-teatro-de-la-mano-en-ecosistema-crea\/\" \/>\n<meta property=\"og:site_name\" content=\"Crea San Pablo\" \/>\n<meta property=\"article:published_time\" content=\"2024-11-10T01:08:18+00:00\" \/>\n<meta property=\"article:modified_time\" content=\"2024-11-10T01:08:19+00:00\" \/>\n<meta property=\"og:image\" content=\"https:\/\/www.crea.gov.co\/crea-san-pablo\/wp-content\/uploads\/sites\/12\/2024\/11\/WhatsApp-Image-2024-11-07-at-4.24.23-PM.jpeg\" \/>\n\t<meta property=\"og:image:width\" content=\"1600\" \/>\n\t<meta property=\"og:image:height\" content=\"1200\" \/>\n\t<meta property=\"og:image:type\" content=\"image\/jpeg\" \/>\n<meta name=\"author\" content=\"carolinazapata\" \/>\n<meta name=\"twitter:card\" content=\"summary_large_image\" \/>\n<meta name=\"twitter:label1\" content=\"Escrito por\" \/>\n\t<meta name=\"twitter:data1\" content=\"carolinazapata\" \/>\n\t<meta name=\"twitter:label2\" content=\"Tiempo de lectura\" \/>\n\t<meta name=\"twitter:data2\" content=\"2 minutos\" \/>\n<script type=\"application\/ld+json\" class=\"yoast-schema-graph\">{\"@context\":\"https:\/\/schema.org\",\"@graph\":[{\"@type\":\"WebPage\",\"@id\":\"https:\/\/www.crea.gov.co\/crea-san-pablo\/la-creacion-literaria-y-el-teatro-de-la-mano-en-ecosistema-crea\/\",\"url\":\"https:\/\/www.crea.gov.co\/crea-san-pablo\/la-creacion-literaria-y-el-teatro-de-la-mano-en-ecosistema-crea\/\",\"name\":\"La creaci\u00f3n literaria y el teatro, de la mano en Ecosistema Crea - Crea San Pablo\",\"isPartOf\":{\"@id\":\"https:\/\/www.crea.gov.co\/crea-san-pablo\/#website\"},\"primaryImageOfPage\":{\"@id\":\"https:\/\/www.crea.gov.co\/crea-san-pablo\/la-creacion-literaria-y-el-teatro-de-la-mano-en-ecosistema-crea\/#primaryimage\"},\"image\":{\"@id\":\"https:\/\/www.crea.gov.co\/crea-san-pablo\/la-creacion-literaria-y-el-teatro-de-la-mano-en-ecosistema-crea\/#primaryimage\"},\"thumbnailUrl\":\"https:\/\/www.crea.gov.co\/crea-san-pablo\/wp-content\/uploads\/sites\/12\/2024\/11\/WhatsApp-Image-2024-11-07-at-4.24.23-PM.jpeg\",\"datePublished\":\"2024-11-10T01:08:18+00:00\",\"dateModified\":\"2024-11-10T01:08:19+00:00\",\"author\":{\"@id\":\"https:\/\/www.crea.gov.co\/crea-san-pablo\/#\/schema\/person\/704aa119fec7f77149637652eb64865a\"},\"breadcrumb\":{\"@id\":\"https:\/\/www.crea.gov.co\/crea-san-pablo\/la-creacion-literaria-y-el-teatro-de-la-mano-en-ecosistema-crea\/#breadcrumb\"},\"inLanguage\":\"es-CO\",\"potentialAction\":[{\"@type\":\"ReadAction\",\"target\":[\"https:\/\/www.crea.gov.co\/crea-san-pablo\/la-creacion-literaria-y-el-teatro-de-la-mano-en-ecosistema-crea\/\"]}]},{\"@type\":\"ImageObject\",\"inLanguage\":\"es-CO\",\"@id\":\"https:\/\/www.crea.gov.co\/crea-san-pablo\/la-creacion-literaria-y-el-teatro-de-la-mano-en-ecosistema-crea\/#primaryimage\",\"url\":\"https:\/\/www.crea.gov.co\/crea-san-pablo\/wp-content\/uploads\/sites\/12\/2024\/11\/WhatsApp-Image-2024-11-07-at-4.24.23-PM.jpeg\",\"contentUrl\":\"https:\/\/www.crea.gov.co\/crea-san-pablo\/wp-content\/uploads\/sites\/12\/2024\/11\/WhatsApp-Image-2024-11-07-at-4.24.23-PM.jpeg\",\"width\":1600,\"height\":1200},{\"@type\":\"BreadcrumbList\",\"@id\":\"https:\/\/www.crea.gov.co\/crea-san-pablo\/la-creacion-literaria-y-el-teatro-de-la-mano-en-ecosistema-crea\/#breadcrumb\",\"itemListElement\":[{\"@type\":\"ListItem\",\"position\":1,\"name\":\"Home\",\"item\":\"https:\/\/www.crea.gov.co\/crea-san-pablo\/\"},{\"@type\":\"ListItem\",\"position\":2,\"name\":\"La creaci\u00f3n literaria y el teatro, de la mano en Ecosistema Crea\"}]},{\"@type\":\"WebSite\",\"@id\":\"https:\/\/www.crea.gov.co\/crea-san-pablo\/#website\",\"url\":\"https:\/\/www.crea.gov.co\/crea-san-pablo\/\",\"name\":\"Crea San Pablo\",\"description\":\"En Bosa, este espacio es un punto de encuentro para quienes valoran la cercan\u00eda entre vecinos y las tradiciones que se transmiten de generaci\u00f3n en generaci\u00f3n. Aqu\u00ed, el arte se convierte en una manera de mantener vivas las historias del sector y de crear nuevas formas de encontrarse en comunidad.\",\"potentialAction\":[{\"@type\":\"SearchAction\",\"target\":{\"@type\":\"EntryPoint\",\"urlTemplate\":\"https:\/\/www.crea.gov.co\/crea-san-pablo\/?s={search_term_string}\"},\"query-input\":{\"@type\":\"PropertyValueSpecification\",\"valueRequired\":true,\"valueName\":\"search_term_string\"}}],\"inLanguage\":\"es-CO\"},{\"@type\":\"Person\",\"@id\":\"https:\/\/www.crea.gov.co\/crea-san-pablo\/#\/schema\/person\/704aa119fec7f77149637652eb64865a\",\"name\":\"carolinazapata\",\"image\":{\"@type\":\"ImageObject\",\"inLanguage\":\"es-CO\",\"@id\":\"https:\/\/www.crea.gov.co\/crea-san-pablo\/#\/schema\/person\/image\/\",\"url\":\"https:\/\/secure.gravatar.com\/avatar\/633c105bc28ed3dcfe6afb1b8943311c?s=96&d=mm&r=g\",\"contentUrl\":\"https:\/\/secure.gravatar.com\/avatar\/633c105bc28ed3dcfe6afb1b8943311c?s=96&d=mm&r=g\",\"caption\":\"carolinazapata\"},\"url\":\"https:\/\/www.crea.gov.co\/crea-san-pablo\/author\/carolinazapata\/\"}]}<\/script>\n<!-- \/ Yoast SEO plugin. -->","yoast_head_json":{"title":"La creaci\u00f3n literaria y el teatro, de la mano en Ecosistema Crea - Crea San Pablo","robots":{"index":"index","follow":"follow","max-snippet":"max-snippet:-1","max-image-preview":"max-image-preview:large","max-video-preview":"max-video-preview:-1"},"canonical":"https:\/\/www.crea.gov.co\/crea-san-pablo\/la-creacion-literaria-y-el-teatro-de-la-mano-en-ecosistema-crea\/","og_locale":"es_ES","og_type":"article","og_title":"La creaci\u00f3n literaria y el teatro, de la mano en Ecosistema Crea - Crea San Pablo","og_description":"Apuestas art\u00edsticas que ponen a ver, sentir y pensar m\u00e1s all\u00e1 de lo evidente Presentaci\u00f3n de procesos art\u00edsticos de la l\u00ednea de impulso colectivo, colectivos ESCRITORES M\u00c1GICOS de creaci\u00f3n literaria y SERPIENTES DE COLORES del taller de teatro, en el marco del Ecosistema Crea &#8221; En mi fin est\u00e1 mi comienzo, mundos que se transforman&#8221;, [&hellip;]","og_url":"https:\/\/www.crea.gov.co\/crea-san-pablo\/la-creacion-literaria-y-el-teatro-de-la-mano-en-ecosistema-crea\/","og_site_name":"Crea San Pablo","article_published_time":"2024-11-10T01:08:18+00:00","article_modified_time":"2024-11-10T01:08:19+00:00","og_image":[{"width":1600,"height":1200,"url":"https:\/\/www.crea.gov.co\/crea-san-pablo\/wp-content\/uploads\/sites\/12\/2024\/11\/WhatsApp-Image-2024-11-07-at-4.24.23-PM.jpeg","type":"image\/jpeg"}],"author":"carolinazapata","twitter_card":"summary_large_image","twitter_misc":{"Escrito por":"carolinazapata","Tiempo de lectura":"2 minutos"},"schema":{"@context":"https:\/\/schema.org","@graph":[{"@type":"WebPage","@id":"https:\/\/www.crea.gov.co\/crea-san-pablo\/la-creacion-literaria-y-el-teatro-de-la-mano-en-ecosistema-crea\/","url":"https:\/\/www.crea.gov.co\/crea-san-pablo\/la-creacion-literaria-y-el-teatro-de-la-mano-en-ecosistema-crea\/","name":"La creaci\u00f3n literaria y el teatro, de la mano en Ecosistema Crea - Crea San Pablo","isPartOf":{"@id":"https:\/\/www.crea.gov.co\/crea-san-pablo\/#website"},"primaryImageOfPage":{"@id":"https:\/\/www.crea.gov.co\/crea-san-pablo\/la-creacion-literaria-y-el-teatro-de-la-mano-en-ecosistema-crea\/#primaryimage"},"image":{"@id":"https:\/\/www.crea.gov.co\/crea-san-pablo\/la-creacion-literaria-y-el-teatro-de-la-mano-en-ecosistema-crea\/#primaryimage"},"thumbnailUrl":"https:\/\/www.crea.gov.co\/crea-san-pablo\/wp-content\/uploads\/sites\/12\/2024\/11\/WhatsApp-Image-2024-11-07-at-4.24.23-PM.jpeg","datePublished":"2024-11-10T01:08:18+00:00","dateModified":"2024-11-10T01:08:19+00:00","author":{"@id":"https:\/\/www.crea.gov.co\/crea-san-pablo\/#\/schema\/person\/704aa119fec7f77149637652eb64865a"},"breadcrumb":{"@id":"https:\/\/www.crea.gov.co\/crea-san-pablo\/la-creacion-literaria-y-el-teatro-de-la-mano-en-ecosistema-crea\/#breadcrumb"},"inLanguage":"es-CO","potentialAction":[{"@type":"ReadAction","target":["https:\/\/www.crea.gov.co\/crea-san-pablo\/la-creacion-literaria-y-el-teatro-de-la-mano-en-ecosistema-crea\/"]}]},{"@type":"ImageObject","inLanguage":"es-CO","@id":"https:\/\/www.crea.gov.co\/crea-san-pablo\/la-creacion-literaria-y-el-teatro-de-la-mano-en-ecosistema-crea\/#primaryimage","url":"https:\/\/www.crea.gov.co\/crea-san-pablo\/wp-content\/uploads\/sites\/12\/2024\/11\/WhatsApp-Image-2024-11-07-at-4.24.23-PM.jpeg","contentUrl":"https:\/\/www.crea.gov.co\/crea-san-pablo\/wp-content\/uploads\/sites\/12\/2024\/11\/WhatsApp-Image-2024-11-07-at-4.24.23-PM.jpeg","width":1600,"height":1200},{"@type":"BreadcrumbList","@id":"https:\/\/www.crea.gov.co\/crea-san-pablo\/la-creacion-literaria-y-el-teatro-de-la-mano-en-ecosistema-crea\/#breadcrumb","itemListElement":[{"@type":"ListItem","position":1,"name":"Home","item":"https:\/\/www.crea.gov.co\/crea-san-pablo\/"},{"@type":"ListItem","position":2,"name":"La creaci\u00f3n literaria y el teatro, de la mano en Ecosistema Crea"}]},{"@type":"WebSite","@id":"https:\/\/www.crea.gov.co\/crea-san-pablo\/#website","url":"https:\/\/www.crea.gov.co\/crea-san-pablo\/","name":"Crea San Pablo","description":"En Bosa, este espacio es un punto de encuentro para quienes valoran la cercan\u00eda entre vecinos y las tradiciones que se transmiten de generaci\u00f3n en generaci\u00f3n. Aqu\u00ed, el arte se convierte en una manera de mantener vivas las historias del sector y de crear nuevas formas de encontrarse en comunidad.","potentialAction":[{"@type":"SearchAction","target":{"@type":"EntryPoint","urlTemplate":"https:\/\/www.crea.gov.co\/crea-san-pablo\/?s={search_term_string}"},"query-input":{"@type":"PropertyValueSpecification","valueRequired":true,"valueName":"search_term_string"}}],"inLanguage":"es-CO"},{"@type":"Person","@id":"https:\/\/www.crea.gov.co\/crea-san-pablo\/#\/schema\/person\/704aa119fec7f77149637652eb64865a","name":"carolinazapata","image":{"@type":"ImageObject","inLanguage":"es-CO","@id":"https:\/\/www.crea.gov.co\/crea-san-pablo\/#\/schema\/person\/image\/","url":"https:\/\/secure.gravatar.com\/avatar\/633c105bc28ed3dcfe6afb1b8943311c?s=96&d=mm&r=g","contentUrl":"https:\/\/secure.gravatar.com\/avatar\/633c105bc28ed3dcfe6afb1b8943311c?s=96&d=mm&r=g","caption":"carolinazapata"},"url":"https:\/\/www.crea.gov.co\/crea-san-pablo\/author\/carolinazapata\/"}]}},"_links":{"self":[{"href":"https:\/\/www.crea.gov.co\/crea-san-pablo\/wp-json\/wp\/v2\/posts\/1066","targetHints":{"allow":["GET"]}}],"collection":[{"href":"https:\/\/www.crea.gov.co\/crea-san-pablo\/wp-json\/wp\/v2\/posts"}],"about":[{"href":"https:\/\/www.crea.gov.co\/crea-san-pablo\/wp-json\/wp\/v2\/types\/post"}],"author":[{"embeddable":true,"href":"https:\/\/www.crea.gov.co\/crea-san-pablo\/wp-json\/wp\/v2\/users\/46"}],"replies":[{"embeddable":true,"href":"https:\/\/www.crea.gov.co\/crea-san-pablo\/wp-json\/wp\/v2\/comments?post=1066"}],"version-history":[{"count":1,"href":"https:\/\/www.crea.gov.co\/crea-san-pablo\/wp-json\/wp\/v2\/posts\/1066\/revisions"}],"predecessor-version":[{"id":1073,"href":"https:\/\/www.crea.gov.co\/crea-san-pablo\/wp-json\/wp\/v2\/posts\/1066\/revisions\/1073"}],"wp:featuredmedia":[{"embeddable":true,"href":"https:\/\/www.crea.gov.co\/crea-san-pablo\/wp-json\/wp\/v2\/media\/1067"}],"wp:attachment":[{"href":"https:\/\/www.crea.gov.co\/crea-san-pablo\/wp-json\/wp\/v2\/media?parent=1066"}],"wp:term":[{"taxonomy":"category","embeddable":true,"href":"https:\/\/www.crea.gov.co\/crea-san-pablo\/wp-json\/wp\/v2\/categories?post=1066"},{"taxonomy":"post_tag","embeddable":true,"href":"https:\/\/www.crea.gov.co\/crea-san-pablo\/wp-json\/wp\/v2\/tags?post=1066"}],"curies":[{"name":"wp","href":"https:\/\/api.w.org\/{rel}","templated":true}]}}