{"id":674,"date":"2025-09-11T07:51:24","date_gmt":"2025-09-11T12:51:24","guid":{"rendered":"https:\/\/www.crea.gov.co\/crea-san-cristobal\/?p=674"},"modified":"2025-09-16T13:51:25","modified_gmt":"2025-09-16T18:51:25","slug":"mas-cultura-local-fortalece-el-sector-artistico-y-cultural-con-nuevas-convocatorias","status":"publish","type":"post","link":"https:\/\/www.crea.gov.co\/crea-san-cristobal\/2025\/09\/11\/mas-cultura-local-fortalece-el-sector-artistico-y-cultural-con-nuevas-convocatorias\/","title":{"rendered":"M\u00e1s Cultura Local fortalece el sector art\u00edstico y cultural con nuevas convocatorias\u00a0"},"content":{"rendered":"\n<p><em>Con una inversi\u00f3n de m\u00e1s de 15 mil millones de pesos, el segundo semestre de 2025 llega cargado de buenas noticias, para los agentes art\u00edsticos y culturales de Bogot\u00e1.<\/em><\/p>\n\n\n\n<figure class=\"wp-block-image size-large\"><img loading=\"lazy\" decoding=\"async\" width=\"1024\" height=\"683\" src=\"https:\/\/www.crea.gov.co\/crea-san-cristobal\/wp-content\/uploads\/sites\/26\/2025\/09\/Toma-Cultural-SC-02-1024x683.jpg\" alt=\"\" class=\"wp-image-675\" srcset=\"https:\/\/www.crea.gov.co\/crea-san-cristobal\/wp-content\/uploads\/sites\/26\/2025\/09\/Toma-Cultural-SC-02-1024x683.jpg 1024w, https:\/\/www.crea.gov.co\/crea-san-cristobal\/wp-content\/uploads\/sites\/26\/2025\/09\/Toma-Cultural-SC-02-300x200.jpg 300w, https:\/\/www.crea.gov.co\/crea-san-cristobal\/wp-content\/uploads\/sites\/26\/2025\/09\/Toma-Cultural-SC-02-768x512.jpg 768w, https:\/\/www.crea.gov.co\/crea-san-cristobal\/wp-content\/uploads\/sites\/26\/2025\/09\/Toma-Cultural-SC-02-1536x1024.jpg 1536w, https:\/\/www.crea.gov.co\/crea-san-cristobal\/wp-content\/uploads\/sites\/26\/2025\/09\/Toma-Cultural-SC-02-2048x1365.jpg 2048w\" sizes=\"auto, (max-width: 1024px) 100vw, 1024px\" \/><\/figure>\n\n\n\n<p><strong>Bogot\u00e1, 6 de septiembre de 2025-.<\/strong> El <a href=\"http:\/\/www.idartes.gov.co\/es\"><strong>Instituto Distrital de las Artes \u2013 Idartes<\/strong><\/a> en alianza con los Fondos de Desarrollo Local, contin\u00faa avanzando en el prop\u00f3sito de promover la transformaci\u00f3n social, econ\u00f3mica y comunitaria de las localidades de Bogot\u00e1, a trav\u00e9s del arte y la cultura, mediante el programa<strong> M\u00e1s Cultura Local.\u00a0<\/strong><\/p>\n\n\n\n<p>Desde el 4 de septiembre la plataforma <a href=\"https:\/\/sicon.scrd.gov.co\/\">sicon.scrd.gov.co<\/a> se encuentra habilitada, para que los ciudadanos interesados ingresen y se inscriban a una de las <strong>35 convocatorias <\/strong>ofertadas.&nbsp;<\/p>\n\n\n\n<p>Con una inversi\u00f3n de m\u00e1s de&nbsp;<strong>15 mil millones de pesos<\/strong>, se otorgar\u00e1n <strong>570 est\u00edmulos econ\u00f3micos<\/strong> en Usaqu\u00e9n, Chapinero, San Crist\u00f3bal, Usme, Tunjuelito, Bosa, Kennedy, Fontib\u00f3n, Engativ\u00e1, Suba, Barrios Unidos, Teusaquillo, Antonio Nari\u00f1o, Puente Aranda, Rafael Uribe Uribe y Ciudad Bol\u00edvar; localidades en las que tiene presencia <strong>Idartes<\/strong>, con <strong>M\u00e1s Cultura Local<\/strong>.&nbsp;<\/p>\n\n\n\n<p>Adicionalmente, quienes est\u00e9n interesados en postularse como jurados expertos, para evaluar las propuestas y elegir las mejores, podr\u00e1n acceder a uno de los <strong>105 reconocimientos<\/strong> que se han destinado para tal fin.<\/p>\n\n\n\n<p>La invitaci\u00f3n est\u00e1 abierta a todas las personas que desean contribuir a la transformaci\u00f3n de Bogot\u00e1, a trav\u00e9s del fortalecimiento y desarrollo de sus proyectos art\u00edsticos y culturales.&nbsp;<\/p>\n\n\n\n<p>Para acceder a las convocatorias hay dos rutas disponibles:&nbsp;<\/p>\n\n\n\n<ul class=\"wp-block-list\">\n<li>Ingresando a <a href=\"https:\/\/sicon.scrd.gov.co\/\">sicon.scrd.gov.co<\/a>. En el men\u00fa seleccione la opci\u00f3n \u2018Consulta las convocatorias de est\u00edmulos 2025\u2019 posteriormente, en \u2018Tipo de programa\u2019; elija <strong>M\u00e1s Cultura Local<\/strong>. Tenga en cuenta que las nuevas convocatorias aparecen con la etiqueta \u2018Convocatoria publicada\u2019.\u00a0<\/li>\n<\/ul>\n\n\n\n<p>Ingresando al siguiente enlace <a href=\"https:\/\/www.idartes.gov.co\/es\/mas-cultura-local\/convocatorias-segundo-semestre\">Convocatorias 2025 | M\u00e1s Cultura Local<\/a><\/p>\n\n\n\n<figure class=\"wp-block-gallery has-nested-images columns-default is-cropped wp-block-gallery-1 is-layout-flex wp-block-gallery-is-layout-flex\">\n<figure class=\"wp-block-image size-large\"><img loading=\"lazy\" decoding=\"async\" width=\"683\" height=\"1024\" data-id=\"678\" src=\"https:\/\/www.crea.gov.co\/crea-san-cristobal\/wp-content\/uploads\/sites\/26\/2025\/09\/Humo-Corporacion-07-683x1024.jpg\" alt=\"\" class=\"wp-image-678\" srcset=\"https:\/\/www.crea.gov.co\/crea-san-cristobal\/wp-content\/uploads\/sites\/26\/2025\/09\/Humo-Corporacion-07-683x1024.jpg 683w, https:\/\/www.crea.gov.co\/crea-san-cristobal\/wp-content\/uploads\/sites\/26\/2025\/09\/Humo-Corporacion-07-200x300.jpg 200w, https:\/\/www.crea.gov.co\/crea-san-cristobal\/wp-content\/uploads\/sites\/26\/2025\/09\/Humo-Corporacion-07-768x1152.jpg 768w, https:\/\/www.crea.gov.co\/crea-san-cristobal\/wp-content\/uploads\/sites\/26\/2025\/09\/Humo-Corporacion-07-1024x1536.jpg 1024w, https:\/\/www.crea.gov.co\/crea-san-cristobal\/wp-content\/uploads\/sites\/26\/2025\/09\/Humo-Corporacion-07-1365x2048.jpg 1365w, https:\/\/www.crea.gov.co\/crea-san-cristobal\/wp-content\/uploads\/sites\/26\/2025\/09\/Humo-Corporacion-07-scaled.jpg 1707w\" sizes=\"auto, (max-width: 683px) 100vw, 683px\" \/><\/figure>\n\n\n\n<figure class=\"wp-block-image size-large\"><img loading=\"lazy\" decoding=\"async\" width=\"683\" height=\"1024\" data-id=\"676\" src=\"https:\/\/www.crea.gov.co\/crea-san-cristobal\/wp-content\/uploads\/sites\/26\/2025\/09\/Toma-Cultural-Opalas-RUU-10-683x1024.jpg\" alt=\"\" class=\"wp-image-676\" srcset=\"https:\/\/www.crea.gov.co\/crea-san-cristobal\/wp-content\/uploads\/sites\/26\/2025\/09\/Toma-Cultural-Opalas-RUU-10-683x1024.jpg 683w, https:\/\/www.crea.gov.co\/crea-san-cristobal\/wp-content\/uploads\/sites\/26\/2025\/09\/Toma-Cultural-Opalas-RUU-10-200x300.jpg 200w, https:\/\/www.crea.gov.co\/crea-san-cristobal\/wp-content\/uploads\/sites\/26\/2025\/09\/Toma-Cultural-Opalas-RUU-10-768x1152.jpg 768w, https:\/\/www.crea.gov.co\/crea-san-cristobal\/wp-content\/uploads\/sites\/26\/2025\/09\/Toma-Cultural-Opalas-RUU-10-1024x1536.jpg 1024w, https:\/\/www.crea.gov.co\/crea-san-cristobal\/wp-content\/uploads\/sites\/26\/2025\/09\/Toma-Cultural-Opalas-RUU-10-1365x2048.jpg 1365w, https:\/\/www.crea.gov.co\/crea-san-cristobal\/wp-content\/uploads\/sites\/26\/2025\/09\/Toma-Cultural-Opalas-RUU-10-scaled.jpg 1707w\" sizes=\"auto, (max-width: 683px) 100vw, 683px\" \/><\/figure>\n\n\n\n<figure class=\"wp-block-image size-large\"><img loading=\"lazy\" decoding=\"async\" width=\"683\" height=\"1024\" data-id=\"677\" src=\"https:\/\/www.crea.gov.co\/crea-san-cristobal\/wp-content\/uploads\/sites\/26\/2025\/09\/Festival-de-Teatro-lambeLambe-19-683x1024.jpg\" alt=\"\" class=\"wp-image-677\" srcset=\"https:\/\/www.crea.gov.co\/crea-san-cristobal\/wp-content\/uploads\/sites\/26\/2025\/09\/Festival-de-Teatro-lambeLambe-19-683x1024.jpg 683w, https:\/\/www.crea.gov.co\/crea-san-cristobal\/wp-content\/uploads\/sites\/26\/2025\/09\/Festival-de-Teatro-lambeLambe-19-200x300.jpg 200w, https:\/\/www.crea.gov.co\/crea-san-cristobal\/wp-content\/uploads\/sites\/26\/2025\/09\/Festival-de-Teatro-lambeLambe-19-768x1152.jpg 768w, https:\/\/www.crea.gov.co\/crea-san-cristobal\/wp-content\/uploads\/sites\/26\/2025\/09\/Festival-de-Teatro-lambeLambe-19-1024x1536.jpg 1024w, https:\/\/www.crea.gov.co\/crea-san-cristobal\/wp-content\/uploads\/sites\/26\/2025\/09\/Festival-de-Teatro-lambeLambe-19-1365x2048.jpg 1365w, https:\/\/www.crea.gov.co\/crea-san-cristobal\/wp-content\/uploads\/sites\/26\/2025\/09\/Festival-de-Teatro-lambeLambe-19-scaled.jpg 1707w\" sizes=\"auto, (max-width: 683px) 100vw, 683px\" \/><\/figure>\n<\/figure>\n\n\n\n<p><strong>Acerca del programa<\/strong><\/p>\n\n\n\n<p>M\u00e1s Cultura Local es un programa de fomento que tiene como prop\u00f3sito&nbsp;<strong>impulsar la transformaci\u00f3n social, econ\u00f3mica y comunitaria de las 20 localidades de Bogot\u00e1<\/strong>, a trav\u00e9s de acciones, iniciativas y proyectos culturales ejecutados por medio de incentivos y est\u00edmulos.&nbsp;<\/p>\n\n\n\n<p>El Programa se estructura en tres componentes. Componente A: Iniciativas priorizadas a trav\u00e9s de presupuestos participativos, acuerdos locales o concertaciones con grupos de inter\u00e9s; Componente B: Convocatorias p\u00fablicas que otorgan est\u00edmulos a los diferentes agentes art\u00edsticos y culturales; y el Componente C, dirigido a fortalecer y promover las conexiones culturales de los agentes, nuevo en esta versi\u00f3n.<\/p>\n\n\n\n<p>Este programa surge de una alianza estrat\u00e9gica entre la&nbsp;<a href=\"https:\/\/www.instagram.com\/culturaenbta?igsh=MTRiMXpubnR2eGpxeg==\"><strong>Secretar\u00eda de Cultura, Recreaci\u00f3n y Deporte &#8211; SCRD<\/strong><\/a>, que tiene a su cargo el componente A del programa, el componente B para la localidad de Sumapaz y el componente C; el&nbsp;<a href=\"https:\/\/www.instagram.com\/idartes?igsh=MWYwcTYxdjVxdW4wYQ==\"><strong>Instituto Distrital de las Artes &#8211; Idartes<\/strong><\/a>,&nbsp;la <a href=\"https:\/\/www.instagram.com\/fundaciongilbertoalzate?igsh=aWpqa2dqdDRwd2sw\"><strong>Fundaci\u00f3n Gilberto Alzate Avenda\u00f1o &#8211; FUGA<\/strong><\/a><strong>,<\/strong> que tiene a su cargo las localidades de Los M\u00e1rtires, Santa Fe y La Candelaria, en el Componente B, la <a href=\"https:\/\/www.gobiernobogota.gov.co\/\"><strong>Secretar\u00eda Distrital de Gobierno<\/strong><\/a>&nbsp;y los 20 Fondos de Desarrollo Local.<\/p>\n\n\n\n<p>Para conocer m\u00e1s informaci\u00f3n sobre el programa acceda <a href=\"https:\/\/culturarecreacionydeporte.gov.co\/es\/principal\/noticias\/nueva-version-de-mas-cultura-local-impulso-sostenibilidad\"><strong>aqu\u00ed<\/strong><\/a><\/p>\n\n\n\n<p><strong>Si desea conocer toda la oferta y las actividades que ofrece el <a href=\"https:\/\/www.crea.gov.co\/crea-san-cristobal\/\">Crea Crist\u00f3bal <\/a>puede consultarnos en:<\/strong><\/p>\n\n\n\n<div class=\"wp-block-group is-vertical is-layout-flex wp-container-core-group-is-layout-1 wp-block-group-is-layout-flex\">\n<p class=\"has-text-align-left\">\ud83d\udccd Puede dirigirse al Crea <a href=\"https:\/\/www.crea.gov.co\/crea-san-cristobal\/\"><strong>San Crist\u00f3bal<\/strong><\/a> (Calle 17A sur No. 2A -60 Este) de lunes a viernes de 8:00 am a 5:00 pm.<\/p>\n\n\n\n<p class=\"has-text-align-left\">\ud83d\udcbbConsultar nuestra <strong><a href=\"https:\/\/sif.idartes.gov.co\/sif\/framework\/crea\/territorial\/oferta\/oferta-disponible\">oferta disponible <\/a><\/strong><\/p>\n\n\n\n<p class=\"has-text-align-left\">\u260e\ufe0fContactarnos al: 3795750 Ext: 5298 &#8211; 5299<\/p>\n\n\n\n<p class=\"has-text-align-left\">\ud83d\udce7Escribirnos a: crea.sancristobal@idartes.gov.co<\/p>\n<\/div>\n","protected":false},"excerpt":{"rendered":"<p>Con una inversi\u00f3n de m\u00e1s de 15 mil millones de pesos, el segundo semestre de 2025 llega cargado de buenas noticias, para los agentes art\u00edsticos y culturales de Bogot\u00e1. Bogot\u00e1, 6 de septiembre de 2025-. El Instituto Distrital de las Artes \u2013 Idartes en alianza con los Fondos de Desarrollo Local, contin\u00faa avanzando en el [&hellip;]<\/p>\n","protected":false},"author":95,"featured_media":679,"comment_status":"open","ping_status":"open","sticky":false,"template":"","format":"standard","meta":{"footnotes":""},"categories":[1],"tags":[],"class_list":["post-674","post","type-post","status-publish","format-standard","has-post-thumbnail","hentry","category-sin-categoria"],"yoast_head":"<!-- This site is optimized with the Yoast SEO plugin v24.5 - https:\/\/yoast.com\/wordpress\/plugins\/seo\/ -->\n<title>M\u00e1s Cultura Local fortalece el sector art\u00edstico y cultural con nuevas convocatorias\u00a0 - Crea San Cristobal<\/title>\n<meta name=\"robots\" content=\"index, follow, max-snippet:-1, max-image-preview:large, max-video-preview:-1\" \/>\n<link rel=\"canonical\" href=\"https:\/\/www.crea.gov.co\/crea-san-cristobal\/2025\/09\/11\/mas-cultura-local-fortalece-el-sector-artistico-y-cultural-con-nuevas-convocatorias\/\" \/>\n<meta property=\"og:locale\" content=\"es_ES\" \/>\n<meta property=\"og:type\" content=\"article\" \/>\n<meta property=\"og:title\" content=\"M\u00e1s Cultura Local fortalece el sector art\u00edstico y cultural con nuevas convocatorias\u00a0 - Crea San Cristobal\" \/>\n<meta property=\"og:description\" content=\"Con una inversi\u00f3n de m\u00e1s de 15 mil millones de pesos, el segundo semestre de 2025 llega cargado de buenas noticias, para los agentes art\u00edsticos y culturales de Bogot\u00e1. Bogot\u00e1, 6 de septiembre de 2025-. El Instituto Distrital de las Artes \u2013 Idartes en alianza con los Fondos de Desarrollo Local, contin\u00faa avanzando en el [&hellip;]\" \/>\n<meta property=\"og:url\" content=\"https:\/\/www.crea.gov.co\/crea-san-cristobal\/2025\/09\/11\/mas-cultura-local-fortalece-el-sector-artistico-y-cultural-con-nuevas-convocatorias\/\" \/>\n<meta property=\"og:site_name\" content=\"Crea San Cristobal\" \/>\n<meta property=\"article:published_time\" content=\"2025-09-11T12:51:24+00:00\" \/>\n<meta property=\"article:modified_time\" content=\"2025-09-16T18:51:25+00:00\" \/>\n<meta property=\"og:image\" content=\"https:\/\/www.crea.gov.co\/crea-san-cristobal\/wp-content\/uploads\/sites\/26\/2025\/09\/Autodesignaccion-PA-2-scaled.jpg\" \/>\n\t<meta property=\"og:image:width\" content=\"2560\" \/>\n\t<meta property=\"og:image:height\" content=\"1707\" \/>\n\t<meta property=\"og:image:type\" content=\"image\/jpeg\" \/>\n<meta name=\"author\" content=\"creasancristobal\" \/>\n<meta name=\"twitter:card\" content=\"summary_large_image\" \/>\n<meta name=\"twitter:label1\" content=\"Escrito por\" \/>\n\t<meta name=\"twitter:data1\" content=\"creasancristobal\" \/>\n\t<meta name=\"twitter:label2\" content=\"Tiempo de lectura\" \/>\n\t<meta name=\"twitter:data2\" content=\"4 minutos\" \/>\n<script type=\"application\/ld+json\" class=\"yoast-schema-graph\">{\"@context\":\"https:\/\/schema.org\",\"@graph\":[{\"@type\":\"WebPage\",\"@id\":\"https:\/\/www.crea.gov.co\/crea-san-cristobal\/2025\/09\/11\/mas-cultura-local-fortalece-el-sector-artistico-y-cultural-con-nuevas-convocatorias\/\",\"url\":\"https:\/\/www.crea.gov.co\/crea-san-cristobal\/2025\/09\/11\/mas-cultura-local-fortalece-el-sector-artistico-y-cultural-con-nuevas-convocatorias\/\",\"name\":\"M\u00e1s Cultura Local fortalece el sector art\u00edstico y cultural con nuevas convocatorias\u00a0 - Crea San Cristobal\",\"isPartOf\":{\"@id\":\"https:\/\/www.crea.gov.co\/crea-san-cristobal\/#website\"},\"primaryImageOfPage\":{\"@id\":\"https:\/\/www.crea.gov.co\/crea-san-cristobal\/2025\/09\/11\/mas-cultura-local-fortalece-el-sector-artistico-y-cultural-con-nuevas-convocatorias\/#primaryimage\"},\"image\":{\"@id\":\"https:\/\/www.crea.gov.co\/crea-san-cristobal\/2025\/09\/11\/mas-cultura-local-fortalece-el-sector-artistico-y-cultural-con-nuevas-convocatorias\/#primaryimage\"},\"thumbnailUrl\":\"https:\/\/www.crea.gov.co\/crea-san-cristobal\/wp-content\/uploads\/sites\/26\/2025\/09\/Autodesignaccion-PA-2-scaled.jpg\",\"datePublished\":\"2025-09-11T12:51:24+00:00\",\"dateModified\":\"2025-09-16T18:51:25+00:00\",\"author\":{\"@id\":\"https:\/\/www.crea.gov.co\/crea-san-cristobal\/#\/schema\/person\/d9fafe37fab1422efd14c3d9cacf602e\"},\"breadcrumb\":{\"@id\":\"https:\/\/www.crea.gov.co\/crea-san-cristobal\/2025\/09\/11\/mas-cultura-local-fortalece-el-sector-artistico-y-cultural-con-nuevas-convocatorias\/#breadcrumb\"},\"inLanguage\":\"es-CO\",\"potentialAction\":[{\"@type\":\"ReadAction\",\"target\":[\"https:\/\/www.crea.gov.co\/crea-san-cristobal\/2025\/09\/11\/mas-cultura-local-fortalece-el-sector-artistico-y-cultural-con-nuevas-convocatorias\/\"]}]},{\"@type\":\"ImageObject\",\"inLanguage\":\"es-CO\",\"@id\":\"https:\/\/www.crea.gov.co\/crea-san-cristobal\/2025\/09\/11\/mas-cultura-local-fortalece-el-sector-artistico-y-cultural-con-nuevas-convocatorias\/#primaryimage\",\"url\":\"https:\/\/www.crea.gov.co\/crea-san-cristobal\/wp-content\/uploads\/sites\/26\/2025\/09\/Autodesignaccion-PA-2-scaled.jpg\",\"contentUrl\":\"https:\/\/www.crea.gov.co\/crea-san-cristobal\/wp-content\/uploads\/sites\/26\/2025\/09\/Autodesignaccion-PA-2-scaled.jpg\",\"width\":2560,\"height\":1707},{\"@type\":\"BreadcrumbList\",\"@id\":\"https:\/\/www.crea.gov.co\/crea-san-cristobal\/2025\/09\/11\/mas-cultura-local-fortalece-el-sector-artistico-y-cultural-con-nuevas-convocatorias\/#breadcrumb\",\"itemListElement\":[{\"@type\":\"ListItem\",\"position\":1,\"name\":\"Inicio\",\"item\":\"https:\/\/www.crea.gov.co\/crea-san-cristobal\/\"},{\"@type\":\"ListItem\",\"position\":2,\"name\":\"M\u00e1s Cultura Local fortalece el sector art\u00edstico y cultural con nuevas convocatorias\u00a0\"}]},{\"@type\":\"WebSite\",\"@id\":\"https:\/\/www.crea.gov.co\/crea-san-cristobal\/#website\",\"url\":\"https:\/\/www.crea.gov.co\/crea-san-cristobal\/\",\"name\":\"Crea San Cristobal\",\"description\":\"Entre monta\u00f1as y miradores, este espacio respira el aire fresco del oriente de Bogot\u00e1, donde el arte se convierte en puente entre lo natural y lo urbano. Aqu\u00ed, la creatividad se eleva junto con el paisaje, ofreciendo a las comunidades un lugar para construir identidad, fortalecer v\u00ednculos y abrir caminos hacia nuevas posibilidades. En uno de los territorios m\u00e1s altos y diversos de la ciudad, el arte se arraiga en el presente y se proyecta hacia el futuro de quienes lo habitan.\",\"potentialAction\":[{\"@type\":\"SearchAction\",\"target\":{\"@type\":\"EntryPoint\",\"urlTemplate\":\"https:\/\/www.crea.gov.co\/crea-san-cristobal\/?s={search_term_string}\"},\"query-input\":{\"@type\":\"PropertyValueSpecification\",\"valueRequired\":true,\"valueName\":\"search_term_string\"}}],\"inLanguage\":\"es-CO\"},{\"@type\":\"Person\",\"@id\":\"https:\/\/www.crea.gov.co\/crea-san-cristobal\/#\/schema\/person\/d9fafe37fab1422efd14c3d9cacf602e\",\"name\":\"creasancristobal\",\"image\":{\"@type\":\"ImageObject\",\"inLanguage\":\"es-CO\",\"@id\":\"https:\/\/www.crea.gov.co\/crea-san-cristobal\/#\/schema\/person\/image\/\",\"url\":\"https:\/\/secure.gravatar.com\/avatar\/96dbc24b7f529294e012345c53b5e659?s=96&d=mm&r=g\",\"contentUrl\":\"https:\/\/secure.gravatar.com\/avatar\/96dbc24b7f529294e012345c53b5e659?s=96&d=mm&r=g\",\"caption\":\"creasancristobal\"},\"url\":\"https:\/\/www.crea.gov.co\/crea-san-cristobal\/author\/creasancristobal\/\"}]}<\/script>\n<!-- \/ Yoast SEO plugin. -->","yoast_head_json":{"title":"M\u00e1s Cultura Local fortalece el sector art\u00edstico y cultural con nuevas convocatorias\u00a0 - Crea San Cristobal","robots":{"index":"index","follow":"follow","max-snippet":"max-snippet:-1","max-image-preview":"max-image-preview:large","max-video-preview":"max-video-preview:-1"},"canonical":"https:\/\/www.crea.gov.co\/crea-san-cristobal\/2025\/09\/11\/mas-cultura-local-fortalece-el-sector-artistico-y-cultural-con-nuevas-convocatorias\/","og_locale":"es_ES","og_type":"article","og_title":"M\u00e1s Cultura Local fortalece el sector art\u00edstico y cultural con nuevas convocatorias\u00a0 - Crea San Cristobal","og_description":"Con una inversi\u00f3n de m\u00e1s de 15 mil millones de pesos, el segundo semestre de 2025 llega cargado de buenas noticias, para los agentes art\u00edsticos y culturales de Bogot\u00e1. Bogot\u00e1, 6 de septiembre de 2025-. El Instituto Distrital de las Artes \u2013 Idartes en alianza con los Fondos de Desarrollo Local, contin\u00faa avanzando en el [&hellip;]","og_url":"https:\/\/www.crea.gov.co\/crea-san-cristobal\/2025\/09\/11\/mas-cultura-local-fortalece-el-sector-artistico-y-cultural-con-nuevas-convocatorias\/","og_site_name":"Crea San Cristobal","article_published_time":"2025-09-11T12:51:24+00:00","article_modified_time":"2025-09-16T18:51:25+00:00","og_image":[{"width":2560,"height":1707,"url":"https:\/\/www.crea.gov.co\/crea-san-cristobal\/wp-content\/uploads\/sites\/26\/2025\/09\/Autodesignaccion-PA-2-scaled.jpg","type":"image\/jpeg"}],"author":"creasancristobal","twitter_card":"summary_large_image","twitter_misc":{"Escrito por":"creasancristobal","Tiempo de lectura":"4 minutos"},"schema":{"@context":"https:\/\/schema.org","@graph":[{"@type":"WebPage","@id":"https:\/\/www.crea.gov.co\/crea-san-cristobal\/2025\/09\/11\/mas-cultura-local-fortalece-el-sector-artistico-y-cultural-con-nuevas-convocatorias\/","url":"https:\/\/www.crea.gov.co\/crea-san-cristobal\/2025\/09\/11\/mas-cultura-local-fortalece-el-sector-artistico-y-cultural-con-nuevas-convocatorias\/","name":"M\u00e1s Cultura Local fortalece el sector art\u00edstico y cultural con nuevas convocatorias\u00a0 - Crea San Cristobal","isPartOf":{"@id":"https:\/\/www.crea.gov.co\/crea-san-cristobal\/#website"},"primaryImageOfPage":{"@id":"https:\/\/www.crea.gov.co\/crea-san-cristobal\/2025\/09\/11\/mas-cultura-local-fortalece-el-sector-artistico-y-cultural-con-nuevas-convocatorias\/#primaryimage"},"image":{"@id":"https:\/\/www.crea.gov.co\/crea-san-cristobal\/2025\/09\/11\/mas-cultura-local-fortalece-el-sector-artistico-y-cultural-con-nuevas-convocatorias\/#primaryimage"},"thumbnailUrl":"https:\/\/www.crea.gov.co\/crea-san-cristobal\/wp-content\/uploads\/sites\/26\/2025\/09\/Autodesignaccion-PA-2-scaled.jpg","datePublished":"2025-09-11T12:51:24+00:00","dateModified":"2025-09-16T18:51:25+00:00","author":{"@id":"https:\/\/www.crea.gov.co\/crea-san-cristobal\/#\/schema\/person\/d9fafe37fab1422efd14c3d9cacf602e"},"breadcrumb":{"@id":"https:\/\/www.crea.gov.co\/crea-san-cristobal\/2025\/09\/11\/mas-cultura-local-fortalece-el-sector-artistico-y-cultural-con-nuevas-convocatorias\/#breadcrumb"},"inLanguage":"es-CO","potentialAction":[{"@type":"ReadAction","target":["https:\/\/www.crea.gov.co\/crea-san-cristobal\/2025\/09\/11\/mas-cultura-local-fortalece-el-sector-artistico-y-cultural-con-nuevas-convocatorias\/"]}]},{"@type":"ImageObject","inLanguage":"es-CO","@id":"https:\/\/www.crea.gov.co\/crea-san-cristobal\/2025\/09\/11\/mas-cultura-local-fortalece-el-sector-artistico-y-cultural-con-nuevas-convocatorias\/#primaryimage","url":"https:\/\/www.crea.gov.co\/crea-san-cristobal\/wp-content\/uploads\/sites\/26\/2025\/09\/Autodesignaccion-PA-2-scaled.jpg","contentUrl":"https:\/\/www.crea.gov.co\/crea-san-cristobal\/wp-content\/uploads\/sites\/26\/2025\/09\/Autodesignaccion-PA-2-scaled.jpg","width":2560,"height":1707},{"@type":"BreadcrumbList","@id":"https:\/\/www.crea.gov.co\/crea-san-cristobal\/2025\/09\/11\/mas-cultura-local-fortalece-el-sector-artistico-y-cultural-con-nuevas-convocatorias\/#breadcrumb","itemListElement":[{"@type":"ListItem","position":1,"name":"Inicio","item":"https:\/\/www.crea.gov.co\/crea-san-cristobal\/"},{"@type":"ListItem","position":2,"name":"M\u00e1s Cultura Local fortalece el sector art\u00edstico y cultural con nuevas convocatorias\u00a0"}]},{"@type":"WebSite","@id":"https:\/\/www.crea.gov.co\/crea-san-cristobal\/#website","url":"https:\/\/www.crea.gov.co\/crea-san-cristobal\/","name":"Crea San Cristobal","description":"Entre monta\u00f1as y miradores, este espacio respira el aire fresco del oriente de Bogot\u00e1, donde el arte se convierte en puente entre lo natural y lo urbano. Aqu\u00ed, la creatividad se eleva junto con el paisaje, ofreciendo a las comunidades un lugar para construir identidad, fortalecer v\u00ednculos y abrir caminos hacia nuevas posibilidades. En uno de los territorios m\u00e1s altos y diversos de la ciudad, el arte se arraiga en el presente y se proyecta hacia el futuro de quienes lo habitan.","potentialAction":[{"@type":"SearchAction","target":{"@type":"EntryPoint","urlTemplate":"https:\/\/www.crea.gov.co\/crea-san-cristobal\/?s={search_term_string}"},"query-input":{"@type":"PropertyValueSpecification","valueRequired":true,"valueName":"search_term_string"}}],"inLanguage":"es-CO"},{"@type":"Person","@id":"https:\/\/www.crea.gov.co\/crea-san-cristobal\/#\/schema\/person\/d9fafe37fab1422efd14c3d9cacf602e","name":"creasancristobal","image":{"@type":"ImageObject","inLanguage":"es-CO","@id":"https:\/\/www.crea.gov.co\/crea-san-cristobal\/#\/schema\/person\/image\/","url":"https:\/\/secure.gravatar.com\/avatar\/96dbc24b7f529294e012345c53b5e659?s=96&d=mm&r=g","contentUrl":"https:\/\/secure.gravatar.com\/avatar\/96dbc24b7f529294e012345c53b5e659?s=96&d=mm&r=g","caption":"creasancristobal"},"url":"https:\/\/www.crea.gov.co\/crea-san-cristobal\/author\/creasancristobal\/"}]}},"_links":{"self":[{"href":"https:\/\/www.crea.gov.co\/crea-san-cristobal\/wp-json\/wp\/v2\/posts\/674","targetHints":{"allow":["GET"]}}],"collection":[{"href":"https:\/\/www.crea.gov.co\/crea-san-cristobal\/wp-json\/wp\/v2\/posts"}],"about":[{"href":"https:\/\/www.crea.gov.co\/crea-san-cristobal\/wp-json\/wp\/v2\/types\/post"}],"author":[{"embeddable":true,"href":"https:\/\/www.crea.gov.co\/crea-san-cristobal\/wp-json\/wp\/v2\/users\/95"}],"replies":[{"embeddable":true,"href":"https:\/\/www.crea.gov.co\/crea-san-cristobal\/wp-json\/wp\/v2\/comments?post=674"}],"version-history":[{"count":1,"href":"https:\/\/www.crea.gov.co\/crea-san-cristobal\/wp-json\/wp\/v2\/posts\/674\/revisions"}],"predecessor-version":[{"id":680,"href":"https:\/\/www.crea.gov.co\/crea-san-cristobal\/wp-json\/wp\/v2\/posts\/674\/revisions\/680"}],"wp:featuredmedia":[{"embeddable":true,"href":"https:\/\/www.crea.gov.co\/crea-san-cristobal\/wp-json\/wp\/v2\/media\/679"}],"wp:attachment":[{"href":"https:\/\/www.crea.gov.co\/crea-san-cristobal\/wp-json\/wp\/v2\/media?parent=674"}],"wp:term":[{"taxonomy":"category","embeddable":true,"href":"https:\/\/www.crea.gov.co\/crea-san-cristobal\/wp-json\/wp\/v2\/categories?post=674"},{"taxonomy":"post_tag","embeddable":true,"href":"https:\/\/www.crea.gov.co\/crea-san-cristobal\/wp-json\/wp\/v2\/tags?post=674"}],"curies":[{"name":"wp","href":"https:\/\/api.w.org\/{rel}","templated":true}]}}