{"id":988,"date":"2023-12-09T18:17:59","date_gmt":"2023-12-09T18:17:59","guid":{"rendered":"https:\/\/www.crea.gov.co\/crea-roma\/?p=988"},"modified":"2023-12-09T18:18:59","modified_gmt":"2023-12-09T18:18:59","slug":"breve-recorrido-para-recordar","status":"publish","type":"post","link":"https:\/\/www.crea.gov.co\/crea-roma\/breve-recorrido-para-recordar\/","title":{"rendered":"BREVE RECORRIDO PARA RECORDAR&#8230;."},"content":{"rendered":"\n<p>Muchos recuerdos nos dej\u00f3 este maravilloso a\u00f1o, celebraciones inolvidables , eventos multitudinarios , encuentros entre grandes y chicos. Todo un acerbo de vivencias que construir\u00e1n nuestro quehacer art\u00edstico para poder ofrecer a\u00f1o tras a\u00f1o un mejor servicio y  esperiencias satisfactorias que seguir\u00e1n sacando lo mejor de todos nosotros. BIENVENIDA SEA LA CREATIVIDAD , INCLUSI\u00d3N ,FORMACI\u00d3N , INNOVACI\u00d3N, INTEGRACI\u00d3N COMUNITARIA Y ACCESIBILIDAD PARA TODA LA COMUNIDAD!!!!! <\/p>\n\n\n\n<figure class=\"wp-block-gallery has-nested-images columns-default is-cropped wp-block-gallery-1 is-layout-flex wp-block-gallery-is-layout-flex\">\n<figure class=\"wp-block-image size-full\"><img loading=\"lazy\" decoding=\"async\" width=\"460\" height=\"809\" data-id=\"990\" src=\"https:\/\/www.crea.gov.co\/crea-roma\/wp-content\/uploads\/sites\/10\/2023\/12\/20211228_093008NAVIDAD-1.jpg\" alt=\"\" class=\"wp-image-990\" srcset=\"https:\/\/www.crea.gov.co\/crea-roma\/wp-content\/uploads\/sites\/10\/2023\/12\/20211228_093008NAVIDAD-1.jpg 460w, https:\/\/www.crea.gov.co\/crea-roma\/wp-content\/uploads\/sites\/10\/2023\/12\/20211228_093008NAVIDAD-1-171x300.jpg 171w\" sizes=\"auto, (max-width: 460px) 100vw, 460px\" \/><\/figure>\n<\/figure>\n\n\n<div class=\"wp-block-image\">\n<figure class=\"aligncenter size-full\"><img loading=\"lazy\" decoding=\"async\" width=\"765\" height=\"1020\" src=\"https:\/\/www.crea.gov.co\/crea-roma\/wp-content\/uploads\/sites\/10\/2023\/12\/2019-11-20.jpg\" alt=\"\" class=\"wp-image-991\" srcset=\"https:\/\/www.crea.gov.co\/crea-roma\/wp-content\/uploads\/sites\/10\/2023\/12\/2019-11-20.jpg 765w, https:\/\/www.crea.gov.co\/crea-roma\/wp-content\/uploads\/sites\/10\/2023\/12\/2019-11-20-225x300.jpg 225w\" sizes=\"auto, (max-width: 765px) 100vw, 765px\" \/><\/figure><\/div>\n\n\n<figure class=\"wp-block-gallery has-nested-images columns-default is-cropped wp-block-gallery-2 is-layout-flex wp-block-gallery-is-layout-flex\">\n<figure class=\"wp-block-image size-large\"><img loading=\"lazy\" decoding=\"async\" width=\"1012\" height=\"1024\" data-id=\"878\" src=\"https:\/\/www.crea.gov.co\/crea-roma\/wp-content\/uploads\/sites\/10\/2023\/10\/image-2-1012x1024.png\" alt=\"\" class=\"wp-image-878\" srcset=\"https:\/\/www.crea.gov.co\/crea-roma\/wp-content\/uploads\/sites\/10\/2023\/10\/image-2-1012x1024.png 1012w, https:\/\/www.crea.gov.co\/crea-roma\/wp-content\/uploads\/sites\/10\/2023\/10\/image-2-297x300.png 297w, https:\/\/www.crea.gov.co\/crea-roma\/wp-content\/uploads\/sites\/10\/2023\/10\/image-2-768x777.png 768w, https:\/\/www.crea.gov.co\/crea-roma\/wp-content\/uploads\/sites\/10\/2023\/10\/image-2-1519x1536.png 1519w, https:\/\/www.crea.gov.co\/crea-roma\/wp-content\/uploads\/sites\/10\/2023\/10\/image-2-2025x2048.png 2025w\" sizes=\"auto, (max-width: 1012px) 100vw, 1012px\" \/><\/figure>\n\n\n\n<figure class=\"wp-block-image size-large\"><img loading=\"lazy\" decoding=\"async\" width=\"1024\" height=\"1024\" data-id=\"875\" src=\"https:\/\/www.crea.gov.co\/crea-roma\/wp-content\/uploads\/sites\/10\/2023\/10\/image-1-1024x1024.png\" alt=\"\" class=\"wp-image-875\" srcset=\"https:\/\/www.crea.gov.co\/crea-roma\/wp-content\/uploads\/sites\/10\/2023\/10\/image-1-1024x1024.png 1024w, https:\/\/www.crea.gov.co\/crea-roma\/wp-content\/uploads\/sites\/10\/2023\/10\/image-1-300x300.png 300w, https:\/\/www.crea.gov.co\/crea-roma\/wp-content\/uploads\/sites\/10\/2023\/10\/image-1-150x150.png 150w, https:\/\/www.crea.gov.co\/crea-roma\/wp-content\/uploads\/sites\/10\/2023\/10\/image-1-768x768.png 768w, https:\/\/www.crea.gov.co\/crea-roma\/wp-content\/uploads\/sites\/10\/2023\/10\/image-1.png 1182w\" sizes=\"auto, (max-width: 1024px) 100vw, 1024px\" \/><\/figure>\n\n\n\n<figure class=\"wp-block-image size-large\"><img loading=\"lazy\" decoding=\"async\" width=\"1024\" height=\"768\" data-id=\"846\" src=\"https:\/\/www.crea.gov.co\/crea-roma\/wp-content\/uploads\/sites\/10\/2023\/09\/1695597942092-1024x768.jpg\" alt=\"\" class=\"wp-image-846\" srcset=\"https:\/\/www.crea.gov.co\/crea-roma\/wp-content\/uploads\/sites\/10\/2023\/09\/1695597942092-1024x768.jpg 1024w, https:\/\/www.crea.gov.co\/crea-roma\/wp-content\/uploads\/sites\/10\/2023\/09\/1695597942092-300x225.jpg 300w, https:\/\/www.crea.gov.co\/crea-roma\/wp-content\/uploads\/sites\/10\/2023\/09\/1695597942092-768x576.jpg 768w, https:\/\/www.crea.gov.co\/crea-roma\/wp-content\/uploads\/sites\/10\/2023\/09\/1695597942092-1536x1152.jpg 1536w, https:\/\/www.crea.gov.co\/crea-roma\/wp-content\/uploads\/sites\/10\/2023\/09\/1695597942092.jpg 1600w\" sizes=\"auto, (max-width: 1024px) 100vw, 1024px\" \/><\/figure>\n\n\n\n<figure class=\"wp-block-image size-large\"><img loading=\"lazy\" decoding=\"async\" width=\"996\" height=\"460\" data-id=\"849\" src=\"https:\/\/www.crea.gov.co\/crea-roma\/wp-content\/uploads\/sites\/10\/2023\/09\/1695597942043.jpg\" alt=\"\" class=\"wp-image-849\" srcset=\"https:\/\/www.crea.gov.co\/crea-roma\/wp-content\/uploads\/sites\/10\/2023\/09\/1695597942043.jpg 996w, https:\/\/www.crea.gov.co\/crea-roma\/wp-content\/uploads\/sites\/10\/2023\/09\/1695597942043-300x139.jpg 300w, https:\/\/www.crea.gov.co\/crea-roma\/wp-content\/uploads\/sites\/10\/2023\/09\/1695597942043-768x355.jpg 768w\" sizes=\"auto, (max-width: 996px) 100vw, 996px\" \/><\/figure>\n\n\n\n<figure class=\"wp-block-image size-large\"><img loading=\"lazy\" decoding=\"async\" width=\"819\" height=\"1024\" data-id=\"815\" src=\"https:\/\/www.crea.gov.co\/crea-roma\/wp-content\/uploads\/sites\/10\/2023\/08\/imagen-de-circuito-arte-en-la-escuela-819x1024.jpg\" alt=\"\" class=\"wp-image-815\" srcset=\"https:\/\/www.crea.gov.co\/crea-roma\/wp-content\/uploads\/sites\/10\/2023\/08\/imagen-de-circuito-arte-en-la-escuela-819x1024.jpg 819w, https:\/\/www.crea.gov.co\/crea-roma\/wp-content\/uploads\/sites\/10\/2023\/08\/imagen-de-circuito-arte-en-la-escuela-240x300.jpg 240w, https:\/\/www.crea.gov.co\/crea-roma\/wp-content\/uploads\/sites\/10\/2023\/08\/imagen-de-circuito-arte-en-la-escuela-768x960.jpg 768w, https:\/\/www.crea.gov.co\/crea-roma\/wp-content\/uploads\/sites\/10\/2023\/08\/imagen-de-circuito-arte-en-la-escuela.jpg 1080w\" sizes=\"auto, (max-width: 819px) 100vw, 819px\" \/><\/figure>\n\n\n\n<figure class=\"wp-block-image size-large\"><img loading=\"lazy\" decoding=\"async\" width=\"1024\" height=\"768\" data-id=\"760\" src=\"https:\/\/www.crea.gov.co\/crea-roma\/wp-content\/uploads\/sites\/10\/2023\/04\/WhatsApp-Image-2023-04-29-at-5.05.51-PM-1024x768.jpeg\" alt=\"\" class=\"wp-image-760\" srcset=\"https:\/\/www.crea.gov.co\/crea-roma\/wp-content\/uploads\/sites\/10\/2023\/04\/WhatsApp-Image-2023-04-29-at-5.05.51-PM-1024x768.jpeg 1024w, https:\/\/www.crea.gov.co\/crea-roma\/wp-content\/uploads\/sites\/10\/2023\/04\/WhatsApp-Image-2023-04-29-at-5.05.51-PM-300x225.jpeg 300w, https:\/\/www.crea.gov.co\/crea-roma\/wp-content\/uploads\/sites\/10\/2023\/04\/WhatsApp-Image-2023-04-29-at-5.05.51-PM-768x576.jpeg 768w, https:\/\/www.crea.gov.co\/crea-roma\/wp-content\/uploads\/sites\/10\/2023\/04\/WhatsApp-Image-2023-04-29-at-5.05.51-PM.jpeg 1280w\" sizes=\"auto, (max-width: 1024px) 100vw, 1024px\" \/><\/figure>\n\n\n\n<figure class=\"wp-block-image size-large\"><img loading=\"lazy\" decoding=\"async\" width=\"460\" height=\"1024\" data-id=\"763\" src=\"https:\/\/www.crea.gov.co\/crea-roma\/wp-content\/uploads\/sites\/10\/2023\/04\/WhatsApp-Image-2023-04-29-at-5.04.23-PM-460x1024.jpeg\" alt=\"\" class=\"wp-image-763\" srcset=\"https:\/\/www.crea.gov.co\/crea-roma\/wp-content\/uploads\/sites\/10\/2023\/04\/WhatsApp-Image-2023-04-29-at-5.04.23-PM-460x1024.jpeg 460w, https:\/\/www.crea.gov.co\/crea-roma\/wp-content\/uploads\/sites\/10\/2023\/04\/WhatsApp-Image-2023-04-29-at-5.04.23-PM-135x300.jpeg 135w, https:\/\/www.crea.gov.co\/crea-roma\/wp-content\/uploads\/sites\/10\/2023\/04\/WhatsApp-Image-2023-04-29-at-5.04.23-PM-690x1536.jpeg 690w, https:\/\/www.crea.gov.co\/crea-roma\/wp-content\/uploads\/sites\/10\/2023\/04\/WhatsApp-Image-2023-04-29-at-5.04.23-PM.jpeg 719w\" sizes=\"auto, (max-width: 460px) 100vw, 460px\" \/><\/figure>\n\n\n\n<figure class=\"wp-block-image size-large\"><img loading=\"lazy\" decoding=\"async\" width=\"768\" height=\"1024\" data-id=\"762\" src=\"https:\/\/www.crea.gov.co\/crea-roma\/wp-content\/uploads\/sites\/10\/2023\/04\/WhatsApp-Image-2023-04-29-at-5.03.29-PM-768x1024.jpeg\" alt=\"\" class=\"wp-image-762\" srcset=\"https:\/\/www.crea.gov.co\/crea-roma\/wp-content\/uploads\/sites\/10\/2023\/04\/WhatsApp-Image-2023-04-29-at-5.03.29-PM-768x1024.jpeg 768w, https:\/\/www.crea.gov.co\/crea-roma\/wp-content\/uploads\/sites\/10\/2023\/04\/WhatsApp-Image-2023-04-29-at-5.03.29-PM-225x300.jpeg 225w, https:\/\/www.crea.gov.co\/crea-roma\/wp-content\/uploads\/sites\/10\/2023\/04\/WhatsApp-Image-2023-04-29-at-5.03.29-PM-1152x1536.jpeg 1152w, https:\/\/www.crea.gov.co\/crea-roma\/wp-content\/uploads\/sites\/10\/2023\/04\/WhatsApp-Image-2023-04-29-at-5.03.29-PM.jpeg 1200w\" sizes=\"auto, (max-width: 768px) 100vw, 768px\" \/><\/figure>\n\n\n\n<figure class=\"wp-block-image size-large\"><img loading=\"lazy\" decoding=\"async\" width=\"1024\" height=\"768\" data-id=\"724\" src=\"https:\/\/www.crea.gov.co\/crea-roma\/wp-content\/uploads\/sites\/10\/2022\/12\/WhatsApp-Image-2022-12-13-at-5.05.28-PM-1024x768.jpeg\" alt=\"\" class=\"wp-image-724\" srcset=\"https:\/\/www.crea.gov.co\/crea-roma\/wp-content\/uploads\/sites\/10\/2022\/12\/WhatsApp-Image-2022-12-13-at-5.05.28-PM-1024x768.jpeg 1024w, https:\/\/www.crea.gov.co\/crea-roma\/wp-content\/uploads\/sites\/10\/2022\/12\/WhatsApp-Image-2022-12-13-at-5.05.28-PM-300x225.jpeg 300w, https:\/\/www.crea.gov.co\/crea-roma\/wp-content\/uploads\/sites\/10\/2022\/12\/WhatsApp-Image-2022-12-13-at-5.05.28-PM-768x576.jpeg 768w, https:\/\/www.crea.gov.co\/crea-roma\/wp-content\/uploads\/sites\/10\/2022\/12\/WhatsApp-Image-2022-12-13-at-5.05.28-PM-1536x1152.jpeg 1536w, https:\/\/www.crea.gov.co\/crea-roma\/wp-content\/uploads\/sites\/10\/2022\/12\/WhatsApp-Image-2022-12-13-at-5.05.28-PM.jpeg 1600w\" sizes=\"auto, (max-width: 1024px) 100vw, 1024px\" \/><\/figure>\n\n\n\n<figure class=\"wp-block-image size-large\"><img loading=\"lazy\" decoding=\"async\" width=\"1024\" height=\"576\" data-id=\"720\" src=\"https:\/\/www.crea.gov.co\/crea-roma\/wp-content\/uploads\/sites\/10\/2022\/12\/WhatsApp-Image-2022-12-13-at-2.33.28-PM-1024x576.jpeg\" alt=\"\" class=\"wp-image-720\" srcset=\"https:\/\/www.crea.gov.co\/crea-roma\/wp-content\/uploads\/sites\/10\/2022\/12\/WhatsApp-Image-2022-12-13-at-2.33.28-PM-1024x576.jpeg 1024w, https:\/\/www.crea.gov.co\/crea-roma\/wp-content\/uploads\/sites\/10\/2022\/12\/WhatsApp-Image-2022-12-13-at-2.33.28-PM-300x169.jpeg 300w, https:\/\/www.crea.gov.co\/crea-roma\/wp-content\/uploads\/sites\/10\/2022\/12\/WhatsApp-Image-2022-12-13-at-2.33.28-PM-768x432.jpeg 768w, https:\/\/www.crea.gov.co\/crea-roma\/wp-content\/uploads\/sites\/10\/2022\/12\/WhatsApp-Image-2022-12-13-at-2.33.28-PM-1536x864.jpeg 1536w, https:\/\/www.crea.gov.co\/crea-roma\/wp-content\/uploads\/sites\/10\/2022\/12\/WhatsApp-Image-2022-12-13-at-2.33.28-PM.jpeg 1600w\" sizes=\"auto, (max-width: 1024px) 100vw, 1024px\" \/><\/figure>\n\n\n\n<figure class=\"wp-block-image size-large\"><img loading=\"lazy\" decoding=\"async\" width=\"1024\" height=\"576\" data-id=\"915\" src=\"https:\/\/www.crea.gov.co\/crea-roma\/wp-content\/uploads\/sites\/10\/2023\/11\/IMG_20231026_111527-1024x576.jpg\" alt=\"\" class=\"wp-image-915\" srcset=\"https:\/\/www.crea.gov.co\/crea-roma\/wp-content\/uploads\/sites\/10\/2023\/11\/IMG_20231026_111527-1024x576.jpg 1024w, https:\/\/www.crea.gov.co\/crea-roma\/wp-content\/uploads\/sites\/10\/2023\/11\/IMG_20231026_111527-300x169.jpg 300w, https:\/\/www.crea.gov.co\/crea-roma\/wp-content\/uploads\/sites\/10\/2023\/11\/IMG_20231026_111527-768x432.jpg 768w, https:\/\/www.crea.gov.co\/crea-roma\/wp-content\/uploads\/sites\/10\/2023\/11\/IMG_20231026_111527-1536x864.jpg 1536w, https:\/\/www.crea.gov.co\/crea-roma\/wp-content\/uploads\/sites\/10\/2023\/11\/IMG_20231026_111527.jpg 1920w\" sizes=\"auto, (max-width: 1024px) 100vw, 1024px\" \/><\/figure>\n\n\n\n<figure class=\"wp-block-image size-large\"><img loading=\"lazy\" decoding=\"async\" width=\"1024\" height=\"768\" data-id=\"918\" src=\"https:\/\/www.crea.gov.co\/crea-roma\/wp-content\/uploads\/sites\/10\/2023\/11\/IMG_20231025_115651-1024x768.jpg\" alt=\"\" class=\"wp-image-918\" srcset=\"https:\/\/www.crea.gov.co\/crea-roma\/wp-content\/uploads\/sites\/10\/2023\/11\/IMG_20231025_115651-1024x768.jpg 1024w, https:\/\/www.crea.gov.co\/crea-roma\/wp-content\/uploads\/sites\/10\/2023\/11\/IMG_20231025_115651-300x225.jpg 300w, https:\/\/www.crea.gov.co\/crea-roma\/wp-content\/uploads\/sites\/10\/2023\/11\/IMG_20231025_115651-768x576.jpg 768w, https:\/\/www.crea.gov.co\/crea-roma\/wp-content\/uploads\/sites\/10\/2023\/11\/IMG_20231025_115651-1536x1152.jpg 1536w, https:\/\/www.crea.gov.co\/crea-roma\/wp-content\/uploads\/sites\/10\/2023\/11\/IMG_20231025_115651-2048x1536.jpg 2048w\" sizes=\"auto, (max-width: 1024px) 100vw, 1024px\" \/><\/figure>\n<\/figure>\n\n\n\n<figure class=\"wp-block-gallery has-nested-images columns-default is-cropped wp-block-gallery-3 is-layout-flex wp-block-gallery-is-layout-flex\">\n<figure class=\"wp-block-image size-large\"><img loading=\"lazy\" decoding=\"async\" width=\"1024\" height=\"768\" data-id=\"957\" src=\"https:\/\/www.crea.gov.co\/crea-roma\/wp-content\/uploads\/sites\/10\/2023\/11\/IMG_20231102_102942-1024x768.jpg\" alt=\"\" class=\"wp-image-957\" srcset=\"https:\/\/www.crea.gov.co\/crea-roma\/wp-content\/uploads\/sites\/10\/2023\/11\/IMG_20231102_102942-1024x768.jpg 1024w, https:\/\/www.crea.gov.co\/crea-roma\/wp-content\/uploads\/sites\/10\/2023\/11\/IMG_20231102_102942-300x225.jpg 300w, https:\/\/www.crea.gov.co\/crea-roma\/wp-content\/uploads\/sites\/10\/2023\/11\/IMG_20231102_102942-768x576.jpg 768w, https:\/\/www.crea.gov.co\/crea-roma\/wp-content\/uploads\/sites\/10\/2023\/11\/IMG_20231102_102942-1536x1152.jpg 1536w, https:\/\/www.crea.gov.co\/crea-roma\/wp-content\/uploads\/sites\/10\/2023\/11\/IMG_20231102_102942-2048x1536.jpg 2048w\" sizes=\"auto, (max-width: 1024px) 100vw, 1024px\" \/><\/figure>\n\n\n\n<figure class=\"wp-block-image size-large\"><img loading=\"lazy\" decoding=\"async\" width=\"768\" height=\"1024\" data-id=\"938\" src=\"https:\/\/www.crea.gov.co\/crea-roma\/wp-content\/uploads\/sites\/10\/2023\/11\/IMG_20231025_114158-1-768x1024.jpg\" alt=\"\" class=\"wp-image-938\" srcset=\"https:\/\/www.crea.gov.co\/crea-roma\/wp-content\/uploads\/sites\/10\/2023\/11\/IMG_20231025_114158-1-768x1024.jpg 768w, https:\/\/www.crea.gov.co\/crea-roma\/wp-content\/uploads\/sites\/10\/2023\/11\/IMG_20231025_114158-1-225x300.jpg 225w, https:\/\/www.crea.gov.co\/crea-roma\/wp-content\/uploads\/sites\/10\/2023\/11\/IMG_20231025_114158-1-1152x1536.jpg 1152w, https:\/\/www.crea.gov.co\/crea-roma\/wp-content\/uploads\/sites\/10\/2023\/11\/IMG_20231025_114158-1-1536x2048.jpg 1536w, https:\/\/www.crea.gov.co\/crea-roma\/wp-content\/uploads\/sites\/10\/2023\/11\/IMG_20231025_114158-1-scaled.jpg 1920w\" sizes=\"auto, (max-width: 768px) 100vw, 768px\" \/><\/figure>\n\n\n\n<figure class=\"wp-block-image size-large\"><img loading=\"lazy\" decoding=\"async\" width=\"1024\" height=\"576\" data-id=\"920\" src=\"https:\/\/www.crea.gov.co\/crea-roma\/wp-content\/uploads\/sites\/10\/2023\/11\/IMG_20231025_113746-1024x576.jpg\" alt=\"\" class=\"wp-image-920\" srcset=\"https:\/\/www.crea.gov.co\/crea-roma\/wp-content\/uploads\/sites\/10\/2023\/11\/IMG_20231025_113746-1024x576.jpg 1024w, https:\/\/www.crea.gov.co\/crea-roma\/wp-content\/uploads\/sites\/10\/2023\/11\/IMG_20231025_113746-300x169.jpg 300w, https:\/\/www.crea.gov.co\/crea-roma\/wp-content\/uploads\/sites\/10\/2023\/11\/IMG_20231025_113746-768x432.jpg 768w, https:\/\/www.crea.gov.co\/crea-roma\/wp-content\/uploads\/sites\/10\/2023\/11\/IMG_20231025_113746-1536x864.jpg 1536w, https:\/\/www.crea.gov.co\/crea-roma\/wp-content\/uploads\/sites\/10\/2023\/11\/IMG_20231025_113746.jpg 1920w\" sizes=\"auto, (max-width: 1024px) 100vw, 1024px\" \/><\/figure>\n\n\n\n<figure class=\"wp-block-image size-large\"><img loading=\"lazy\" decoding=\"async\" width=\"1024\" height=\"768\" data-id=\"907\" src=\"https:\/\/www.crea.gov.co\/crea-roma\/wp-content\/uploads\/sites\/10\/2023\/11\/IMG_20231026_120523436-1024x768.jpg\" alt=\"\" class=\"wp-image-907\" srcset=\"https:\/\/www.crea.gov.co\/crea-roma\/wp-content\/uploads\/sites\/10\/2023\/11\/IMG_20231026_120523436-1024x768.jpg 1024w, https:\/\/www.crea.gov.co\/crea-roma\/wp-content\/uploads\/sites\/10\/2023\/11\/IMG_20231026_120523436-300x225.jpg 300w, https:\/\/www.crea.gov.co\/crea-roma\/wp-content\/uploads\/sites\/10\/2023\/11\/IMG_20231026_120523436-768x576.jpg 768w, https:\/\/www.crea.gov.co\/crea-roma\/wp-content\/uploads\/sites\/10\/2023\/11\/IMG_20231026_120523436-1536x1152.jpg 1536w, https:\/\/www.crea.gov.co\/crea-roma\/wp-content\/uploads\/sites\/10\/2023\/11\/IMG_20231026_120523436-2048x1536.jpg 2048w\" sizes=\"auto, (max-width: 1024px) 100vw, 1024px\" \/><\/figure>\n\n\n\n<figure class=\"wp-block-image size-large\"><img loading=\"lazy\" decoding=\"async\" width=\"598\" height=\"301\" data-id=\"904\" src=\"https:\/\/www.crea.gov.co\/crea-roma\/wp-content\/uploads\/sites\/10\/2023\/11\/Captura.jpg\" alt=\"\" class=\"wp-image-904\" srcset=\"https:\/\/www.crea.gov.co\/crea-roma\/wp-content\/uploads\/sites\/10\/2023\/11\/Captura.jpg 598w, https:\/\/www.crea.gov.co\/crea-roma\/wp-content\/uploads\/sites\/10\/2023\/11\/Captura-300x151.jpg 300w\" sizes=\"auto, (max-width: 598px) 100vw, 598px\" \/><\/figure>\n\n\n\n<figure class=\"wp-block-image size-large\"><img loading=\"lazy\" decoding=\"async\" width=\"1024\" height=\"768\" data-id=\"902\" src=\"https:\/\/www.crea.gov.co\/crea-roma\/wp-content\/uploads\/sites\/10\/2023\/11\/IMG_20231024_090135-1024x768.jpg\" alt=\"\" class=\"wp-image-902\" srcset=\"https:\/\/www.crea.gov.co\/crea-roma\/wp-content\/uploads\/sites\/10\/2023\/11\/IMG_20231024_090135-1024x768.jpg 1024w, https:\/\/www.crea.gov.co\/crea-roma\/wp-content\/uploads\/sites\/10\/2023\/11\/IMG_20231024_090135-300x225.jpg 300w, https:\/\/www.crea.gov.co\/crea-roma\/wp-content\/uploads\/sites\/10\/2023\/11\/IMG_20231024_090135-768x576.jpg 768w, https:\/\/www.crea.gov.co\/crea-roma\/wp-content\/uploads\/sites\/10\/2023\/11\/IMG_20231024_090135-1536x1152.jpg 1536w, https:\/\/www.crea.gov.co\/crea-roma\/wp-content\/uploads\/sites\/10\/2023\/11\/IMG_20231024_090135-2048x1536.jpg 2048w\" sizes=\"auto, (max-width: 1024px) 100vw, 1024px\" \/><\/figure>\n\n\n\n<figure class=\"wp-block-image size-large\"><img loading=\"lazy\" decoding=\"async\" width=\"1024\" height=\"768\" data-id=\"612\" src=\"https:\/\/www.crea.gov.co\/crea-roma\/wp-content\/uploads\/sites\/10\/2022\/10\/WhatsApp-Image-2022-10-18-at-10.27.21-AM-1024x768.jpeg\" alt=\"\" class=\"wp-image-612\" srcset=\"https:\/\/www.crea.gov.co\/crea-roma\/wp-content\/uploads\/sites\/10\/2022\/10\/WhatsApp-Image-2022-10-18-at-10.27.21-AM-1024x768.jpeg 1024w, https:\/\/www.crea.gov.co\/crea-roma\/wp-content\/uploads\/sites\/10\/2022\/10\/WhatsApp-Image-2022-10-18-at-10.27.21-AM-300x225.jpeg 300w, https:\/\/www.crea.gov.co\/crea-roma\/wp-content\/uploads\/sites\/10\/2022\/10\/WhatsApp-Image-2022-10-18-at-10.27.21-AM-768x576.jpeg 768w, https:\/\/www.crea.gov.co\/crea-roma\/wp-content\/uploads\/sites\/10\/2022\/10\/WhatsApp-Image-2022-10-18-at-10.27.21-AM-1536x1152.jpeg 1536w, https:\/\/www.crea.gov.co\/crea-roma\/wp-content\/uploads\/sites\/10\/2022\/10\/WhatsApp-Image-2022-10-18-at-10.27.21-AM.jpeg 1600w\" sizes=\"auto, (max-width: 1024px) 100vw, 1024px\" \/><\/figure>\n\n\n\n<figure class=\"wp-block-image size-large\"><img loading=\"lazy\" decoding=\"async\" width=\"1024\" height=\"576\" data-id=\"561\" src=\"https:\/\/www.crea.gov.co\/crea-roma\/wp-content\/uploads\/sites\/10\/2022\/09\/WhatsApp-Image-2022-09-17-at-9.22.42-AM-2-1024x576.jpeg\" alt=\"\" class=\"wp-image-561\" srcset=\"https:\/\/www.crea.gov.co\/crea-roma\/wp-content\/uploads\/sites\/10\/2022\/09\/WhatsApp-Image-2022-09-17-at-9.22.42-AM-2-1024x576.jpeg 1024w, https:\/\/www.crea.gov.co\/crea-roma\/wp-content\/uploads\/sites\/10\/2022\/09\/WhatsApp-Image-2022-09-17-at-9.22.42-AM-2-300x169.jpeg 300w, https:\/\/www.crea.gov.co\/crea-roma\/wp-content\/uploads\/sites\/10\/2022\/09\/WhatsApp-Image-2022-09-17-at-9.22.42-AM-2-768x432.jpeg 768w, https:\/\/www.crea.gov.co\/crea-roma\/wp-content\/uploads\/sites\/10\/2022\/09\/WhatsApp-Image-2022-09-17-at-9.22.42-AM-2.jpeg 1280w\" sizes=\"auto, (max-width: 1024px) 100vw, 1024px\" \/><\/figure>\n\n\n\n<figure class=\"wp-block-image size-large\"><img loading=\"lazy\" decoding=\"async\" width=\"1024\" height=\"576\" data-id=\"642\" src=\"https:\/\/www.crea.gov.co\/crea-roma\/wp-content\/uploads\/sites\/10\/2022\/10\/WhatsApp-Image-2022-10-27-at-10.12.54-AM-2-1024x576.jpeg\" alt=\"\" class=\"wp-image-642\" srcset=\"https:\/\/www.crea.gov.co\/crea-roma\/wp-content\/uploads\/sites\/10\/2022\/10\/WhatsApp-Image-2022-10-27-at-10.12.54-AM-2-1024x576.jpeg 1024w, https:\/\/www.crea.gov.co\/crea-roma\/wp-content\/uploads\/sites\/10\/2022\/10\/WhatsApp-Image-2022-10-27-at-10.12.54-AM-2-300x169.jpeg 300w, https:\/\/www.crea.gov.co\/crea-roma\/wp-content\/uploads\/sites\/10\/2022\/10\/WhatsApp-Image-2022-10-27-at-10.12.54-AM-2-768x432.jpeg 768w, https:\/\/www.crea.gov.co\/crea-roma\/wp-content\/uploads\/sites\/10\/2022\/10\/WhatsApp-Image-2022-10-27-at-10.12.54-AM-2-1536x864.jpeg 1536w, https:\/\/www.crea.gov.co\/crea-roma\/wp-content\/uploads\/sites\/10\/2022\/10\/WhatsApp-Image-2022-10-27-at-10.12.54-AM-2.jpeg 1599w\" sizes=\"auto, (max-width: 1024px) 100vw, 1024px\" \/><\/figure>\n\n\n\n<figure class=\"wp-block-image size-large\"><img loading=\"lazy\" decoding=\"async\" width=\"1024\" height=\"768\" data-id=\"692\" src=\"https:\/\/www.crea.gov.co\/crea-roma\/wp-content\/uploads\/sites\/10\/2022\/11\/WhatsApp-Image-2022-11-17-at-3.56.26-PM-1024x768.jpeg\" alt=\"\" class=\"wp-image-692\" srcset=\"https:\/\/www.crea.gov.co\/crea-roma\/wp-content\/uploads\/sites\/10\/2022\/11\/WhatsApp-Image-2022-11-17-at-3.56.26-PM-1024x768.jpeg 1024w, https:\/\/www.crea.gov.co\/crea-roma\/wp-content\/uploads\/sites\/10\/2022\/11\/WhatsApp-Image-2022-11-17-at-3.56.26-PM-300x225.jpeg 300w, https:\/\/www.crea.gov.co\/crea-roma\/wp-content\/uploads\/sites\/10\/2022\/11\/WhatsApp-Image-2022-11-17-at-3.56.26-PM-768x576.jpeg 768w, https:\/\/www.crea.gov.co\/crea-roma\/wp-content\/uploads\/sites\/10\/2022\/11\/WhatsApp-Image-2022-11-17-at-3.56.26-PM.jpeg 1280w\" sizes=\"auto, (max-width: 1024px) 100vw, 1024px\" \/><\/figure>\n\n\n\n<figure class=\"wp-block-image size-large\"><img loading=\"lazy\" decoding=\"async\" width=\"1024\" height=\"683\" data-id=\"408\" src=\"https:\/\/www.crea.gov.co\/crea-roma\/wp-content\/uploads\/sites\/10\/2022\/06\/DSC_2466-1024x683.jpg\" alt=\"\" class=\"wp-image-408\" srcset=\"https:\/\/www.crea.gov.co\/crea-roma\/wp-content\/uploads\/sites\/10\/2022\/06\/DSC_2466-1024x683.jpg 1024w, https:\/\/www.crea.gov.co\/crea-roma\/wp-content\/uploads\/sites\/10\/2022\/06\/DSC_2466-300x200.jpg 300w, https:\/\/www.crea.gov.co\/crea-roma\/wp-content\/uploads\/sites\/10\/2022\/06\/DSC_2466-768x512.jpg 768w, https:\/\/www.crea.gov.co\/crea-roma\/wp-content\/uploads\/sites\/10\/2022\/06\/DSC_2466-1536x1024.jpg 1536w\" sizes=\"auto, (max-width: 1024px) 100vw, 1024px\" \/><\/figure>\n<\/figure>\n","protected":false},"excerpt":{"rendered":"<p>Muchos recuerdos nos dej\u00f3 este maravilloso a\u00f1o, celebraciones inolvidables , eventos multitudinarios , encuentros entre grandes y chicos. Todo un acerbo de vivencias que construir\u00e1n nuestro quehacer art\u00edstico para poder ofrecer a\u00f1o tras a\u00f1o un mejor servicio y esperiencias satisfactorias que seguir\u00e1n sacando lo mejor de todos nosotros. BIENVENIDA SEA LA CREATIVIDAD , INCLUSI\u00d3N ,FORMACI\u00d3N [&hellip;]<\/p>\n","protected":false},"author":50,"featured_media":0,"comment_status":"open","ping_status":"open","sticky":false,"template":"","format":"standard","meta":{"footnotes":""},"categories":[1],"tags":[],"class_list":["post-988","post","type-post","status-publish","format-standard","hentry","category-sin-categoria"],"yoast_head":"<!-- This site is optimized with the Yoast SEO plugin v24.5 - https:\/\/yoast.com\/wordpress\/plugins\/seo\/ -->\n<title>BREVE RECORRIDO PARA RECORDAR.... - Crea Roma<\/title>\n<meta name=\"robots\" content=\"index, follow, max-snippet:-1, max-image-preview:large, max-video-preview:-1\" \/>\n<link rel=\"canonical\" href=\"https:\/\/www.crea.gov.co\/crea-roma\/breve-recorrido-para-recordar\/\" \/>\n<meta property=\"og:locale\" content=\"es_ES\" \/>\n<meta property=\"og:type\" content=\"article\" \/>\n<meta property=\"og:title\" content=\"BREVE RECORRIDO PARA RECORDAR.... - Crea Roma\" \/>\n<meta property=\"og:description\" content=\"Muchos recuerdos nos dej\u00f3 este maravilloso a\u00f1o, celebraciones inolvidables , eventos multitudinarios , encuentros entre grandes y chicos. Todo un acerbo de vivencias que construir\u00e1n nuestro quehacer art\u00edstico para poder ofrecer a\u00f1o tras a\u00f1o un mejor servicio y esperiencias satisfactorias que seguir\u00e1n sacando lo mejor de todos nosotros. BIENVENIDA SEA LA CREATIVIDAD , INCLUSI\u00d3N ,FORMACI\u00d3N [&hellip;]\" \/>\n<meta property=\"og:url\" content=\"https:\/\/www.crea.gov.co\/crea-roma\/breve-recorrido-para-recordar\/\" \/>\n<meta property=\"og:site_name\" content=\"Crea Roma\" \/>\n<meta property=\"article:published_time\" content=\"2023-12-09T18:17:59+00:00\" \/>\n<meta property=\"article:modified_time\" content=\"2023-12-09T18:18:59+00:00\" \/>\n<meta property=\"og:image\" content=\"https:\/\/www.crea.gov.co\/crea-roma\/wp-content\/uploads\/sites\/10\/2023\/12\/20211228_093008NAVIDAD-1.jpg\" \/>\n<meta name=\"author\" content=\"taniamojica\" \/>\n<meta name=\"twitter:card\" content=\"summary_large_image\" \/>\n<meta name=\"twitter:label1\" content=\"Escrito por\" \/>\n\t<meta name=\"twitter:data1\" content=\"taniamojica\" \/>\n\t<meta name=\"twitter:label2\" content=\"Tiempo de lectura\" \/>\n\t<meta name=\"twitter:data2\" content=\"6 minutos\" \/>\n<script type=\"application\/ld+json\" class=\"yoast-schema-graph\">{\"@context\":\"https:\/\/schema.org\",\"@graph\":[{\"@type\":\"WebPage\",\"@id\":\"https:\/\/www.crea.gov.co\/crea-roma\/breve-recorrido-para-recordar\/\",\"url\":\"https:\/\/www.crea.gov.co\/crea-roma\/breve-recorrido-para-recordar\/\",\"name\":\"BREVE RECORRIDO PARA RECORDAR.... - Crea Roma\",\"isPartOf\":{\"@id\":\"https:\/\/www.crea.gov.co\/crea-roma\/#website\"},\"primaryImageOfPage\":{\"@id\":\"https:\/\/www.crea.gov.co\/crea-roma\/breve-recorrido-para-recordar\/#primaryimage\"},\"image\":{\"@id\":\"https:\/\/www.crea.gov.co\/crea-roma\/breve-recorrido-para-recordar\/#primaryimage\"},\"thumbnailUrl\":\"https:\/\/www.crea.gov.co\/crea-roma\/wp-content\/uploads\/sites\/10\/2023\/12\/20211228_093008NAVIDAD-1.jpg\",\"datePublished\":\"2023-12-09T18:17:59+00:00\",\"dateModified\":\"2023-12-09T18:18:59+00:00\",\"author\":{\"@id\":\"https:\/\/www.crea.gov.co\/crea-roma\/#\/schema\/person\/4357b8ff2697b9645f7e00da293f0cac\"},\"breadcrumb\":{\"@id\":\"https:\/\/www.crea.gov.co\/crea-roma\/breve-recorrido-para-recordar\/#breadcrumb\"},\"inLanguage\":\"es-CO\",\"potentialAction\":[{\"@type\":\"ReadAction\",\"target\":[\"https:\/\/www.crea.gov.co\/crea-roma\/breve-recorrido-para-recordar\/\"]}]},{\"@type\":\"ImageObject\",\"inLanguage\":\"es-CO\",\"@id\":\"https:\/\/www.crea.gov.co\/crea-roma\/breve-recorrido-para-recordar\/#primaryimage\",\"url\":\"https:\/\/www.crea.gov.co\/crea-roma\/wp-content\/uploads\/sites\/10\/2023\/12\/20211228_093008NAVIDAD-1.jpg\",\"contentUrl\":\"https:\/\/www.crea.gov.co\/crea-roma\/wp-content\/uploads\/sites\/10\/2023\/12\/20211228_093008NAVIDAD-1.jpg\",\"width\":460,\"height\":809},{\"@type\":\"BreadcrumbList\",\"@id\":\"https:\/\/www.crea.gov.co\/crea-roma\/breve-recorrido-para-recordar\/#breadcrumb\",\"itemListElement\":[{\"@type\":\"ListItem\",\"position\":1,\"name\":\"Home\",\"item\":\"https:\/\/www.crea.gov.co\/crea-roma\/\"},{\"@type\":\"ListItem\",\"position\":2,\"name\":\"BREVE RECORRIDO PARA RECORDAR&#8230;.\"}]},{\"@type\":\"WebSite\",\"@id\":\"https:\/\/www.crea.gov.co\/crea-roma\/#website\",\"url\":\"https:\/\/www.crea.gov.co\/crea-roma\/\",\"name\":\"Crea Roma\",\"description\":\"En Kennedy, rodeado de conjuntos y calles que guardan historias de familias que han crecido en el barrio, este espacio es un lugar donde la creatividad se entrelaza con la vida cotidiana. Aqu\u00ed, los lenguajes art\u00edsticos fortalecen lazos y dan voz a las experiencias de una comunidad que se reconoce en lo colectivo.\",\"potentialAction\":[{\"@type\":\"SearchAction\",\"target\":{\"@type\":\"EntryPoint\",\"urlTemplate\":\"https:\/\/www.crea.gov.co\/crea-roma\/?s={search_term_string}\"},\"query-input\":{\"@type\":\"PropertyValueSpecification\",\"valueRequired\":true,\"valueName\":\"search_term_string\"}}],\"inLanguage\":\"es-CO\"},{\"@type\":\"Person\",\"@id\":\"https:\/\/www.crea.gov.co\/crea-roma\/#\/schema\/person\/4357b8ff2697b9645f7e00da293f0cac\",\"name\":\"taniamojica\",\"image\":{\"@type\":\"ImageObject\",\"inLanguage\":\"es-CO\",\"@id\":\"https:\/\/www.crea.gov.co\/crea-roma\/#\/schema\/person\/image\/\",\"url\":\"https:\/\/secure.gravatar.com\/avatar\/3183a636b540b71ce9f3153f0ebadc3f?s=96&d=mm&r=g\",\"contentUrl\":\"https:\/\/secure.gravatar.com\/avatar\/3183a636b540b71ce9f3153f0ebadc3f?s=96&d=mm&r=g\",\"caption\":\"taniamojica\"},\"url\":\"https:\/\/www.crea.gov.co\/crea-roma\/author\/taniamojica\/\"}]}<\/script>\n<!-- \/ Yoast SEO plugin. -->","yoast_head_json":{"title":"BREVE RECORRIDO PARA RECORDAR.... - Crea Roma","robots":{"index":"index","follow":"follow","max-snippet":"max-snippet:-1","max-image-preview":"max-image-preview:large","max-video-preview":"max-video-preview:-1"},"canonical":"https:\/\/www.crea.gov.co\/crea-roma\/breve-recorrido-para-recordar\/","og_locale":"es_ES","og_type":"article","og_title":"BREVE RECORRIDO PARA RECORDAR.... - Crea Roma","og_description":"Muchos recuerdos nos dej\u00f3 este maravilloso a\u00f1o, celebraciones inolvidables , eventos multitudinarios , encuentros entre grandes y chicos. Todo un acerbo de vivencias que construir\u00e1n nuestro quehacer art\u00edstico para poder ofrecer a\u00f1o tras a\u00f1o un mejor servicio y esperiencias satisfactorias que seguir\u00e1n sacando lo mejor de todos nosotros. BIENVENIDA SEA LA CREATIVIDAD , INCLUSI\u00d3N ,FORMACI\u00d3N [&hellip;]","og_url":"https:\/\/www.crea.gov.co\/crea-roma\/breve-recorrido-para-recordar\/","og_site_name":"Crea Roma","article_published_time":"2023-12-09T18:17:59+00:00","article_modified_time":"2023-12-09T18:18:59+00:00","og_image":[{"url":"https:\/\/www.crea.gov.co\/crea-roma\/wp-content\/uploads\/sites\/10\/2023\/12\/20211228_093008NAVIDAD-1.jpg","type":"","width":"","height":""}],"author":"taniamojica","twitter_card":"summary_large_image","twitter_misc":{"Escrito por":"taniamojica","Tiempo de lectura":"6 minutos"},"schema":{"@context":"https:\/\/schema.org","@graph":[{"@type":"WebPage","@id":"https:\/\/www.crea.gov.co\/crea-roma\/breve-recorrido-para-recordar\/","url":"https:\/\/www.crea.gov.co\/crea-roma\/breve-recorrido-para-recordar\/","name":"BREVE RECORRIDO PARA RECORDAR.... - Crea Roma","isPartOf":{"@id":"https:\/\/www.crea.gov.co\/crea-roma\/#website"},"primaryImageOfPage":{"@id":"https:\/\/www.crea.gov.co\/crea-roma\/breve-recorrido-para-recordar\/#primaryimage"},"image":{"@id":"https:\/\/www.crea.gov.co\/crea-roma\/breve-recorrido-para-recordar\/#primaryimage"},"thumbnailUrl":"https:\/\/www.crea.gov.co\/crea-roma\/wp-content\/uploads\/sites\/10\/2023\/12\/20211228_093008NAVIDAD-1.jpg","datePublished":"2023-12-09T18:17:59+00:00","dateModified":"2023-12-09T18:18:59+00:00","author":{"@id":"https:\/\/www.crea.gov.co\/crea-roma\/#\/schema\/person\/4357b8ff2697b9645f7e00da293f0cac"},"breadcrumb":{"@id":"https:\/\/www.crea.gov.co\/crea-roma\/breve-recorrido-para-recordar\/#breadcrumb"},"inLanguage":"es-CO","potentialAction":[{"@type":"ReadAction","target":["https:\/\/www.crea.gov.co\/crea-roma\/breve-recorrido-para-recordar\/"]}]},{"@type":"ImageObject","inLanguage":"es-CO","@id":"https:\/\/www.crea.gov.co\/crea-roma\/breve-recorrido-para-recordar\/#primaryimage","url":"https:\/\/www.crea.gov.co\/crea-roma\/wp-content\/uploads\/sites\/10\/2023\/12\/20211228_093008NAVIDAD-1.jpg","contentUrl":"https:\/\/www.crea.gov.co\/crea-roma\/wp-content\/uploads\/sites\/10\/2023\/12\/20211228_093008NAVIDAD-1.jpg","width":460,"height":809},{"@type":"BreadcrumbList","@id":"https:\/\/www.crea.gov.co\/crea-roma\/breve-recorrido-para-recordar\/#breadcrumb","itemListElement":[{"@type":"ListItem","position":1,"name":"Home","item":"https:\/\/www.crea.gov.co\/crea-roma\/"},{"@type":"ListItem","position":2,"name":"BREVE RECORRIDO PARA RECORDAR&#8230;."}]},{"@type":"WebSite","@id":"https:\/\/www.crea.gov.co\/crea-roma\/#website","url":"https:\/\/www.crea.gov.co\/crea-roma\/","name":"Crea Roma","description":"En Kennedy, rodeado de conjuntos y calles que guardan historias de familias que han crecido en el barrio, este espacio es un lugar donde la creatividad se entrelaza con la vida cotidiana. Aqu\u00ed, los lenguajes art\u00edsticos fortalecen lazos y dan voz a las experiencias de una comunidad que se reconoce en lo colectivo.","potentialAction":[{"@type":"SearchAction","target":{"@type":"EntryPoint","urlTemplate":"https:\/\/www.crea.gov.co\/crea-roma\/?s={search_term_string}"},"query-input":{"@type":"PropertyValueSpecification","valueRequired":true,"valueName":"search_term_string"}}],"inLanguage":"es-CO"},{"@type":"Person","@id":"https:\/\/www.crea.gov.co\/crea-roma\/#\/schema\/person\/4357b8ff2697b9645f7e00da293f0cac","name":"taniamojica","image":{"@type":"ImageObject","inLanguage":"es-CO","@id":"https:\/\/www.crea.gov.co\/crea-roma\/#\/schema\/person\/image\/","url":"https:\/\/secure.gravatar.com\/avatar\/3183a636b540b71ce9f3153f0ebadc3f?s=96&d=mm&r=g","contentUrl":"https:\/\/secure.gravatar.com\/avatar\/3183a636b540b71ce9f3153f0ebadc3f?s=96&d=mm&r=g","caption":"taniamojica"},"url":"https:\/\/www.crea.gov.co\/crea-roma\/author\/taniamojica\/"}]}},"_links":{"self":[{"href":"https:\/\/www.crea.gov.co\/crea-roma\/wp-json\/wp\/v2\/posts\/988","targetHints":{"allow":["GET"]}}],"collection":[{"href":"https:\/\/www.crea.gov.co\/crea-roma\/wp-json\/wp\/v2\/posts"}],"about":[{"href":"https:\/\/www.crea.gov.co\/crea-roma\/wp-json\/wp\/v2\/types\/post"}],"author":[{"embeddable":true,"href":"https:\/\/www.crea.gov.co\/crea-roma\/wp-json\/wp\/v2\/users\/50"}],"replies":[{"embeddable":true,"href":"https:\/\/www.crea.gov.co\/crea-roma\/wp-json\/wp\/v2\/comments?post=988"}],"version-history":[{"count":2,"href":"https:\/\/www.crea.gov.co\/crea-roma\/wp-json\/wp\/v2\/posts\/988\/revisions"}],"predecessor-version":[{"id":993,"href":"https:\/\/www.crea.gov.co\/crea-roma\/wp-json\/wp\/v2\/posts\/988\/revisions\/993"}],"wp:attachment":[{"href":"https:\/\/www.crea.gov.co\/crea-roma\/wp-json\/wp\/v2\/media?parent=988"}],"wp:term":[{"taxonomy":"category","embeddable":true,"href":"https:\/\/www.crea.gov.co\/crea-roma\/wp-json\/wp\/v2\/categories?post=988"},{"taxonomy":"post_tag","embeddable":true,"href":"https:\/\/www.crea.gov.co\/crea-roma\/wp-json\/wp\/v2\/tags?post=988"}],"curies":[{"name":"wp","href":"https:\/\/api.w.org\/{rel}","templated":true}]}}