{"id":896,"date":"2023-11-16T18:38:11","date_gmt":"2023-11-16T18:38:11","guid":{"rendered":"https:\/\/www.crea.gov.co\/crea-roma\/?p=896"},"modified":"2023-11-16T18:38:11","modified_gmt":"2023-11-16T18:38:11","slug":"evento-de-cierre-2023-comunidades-crea","status":"publish","type":"post","link":"https:\/\/www.crea.gov.co\/crea-roma\/evento-de-cierre-2023-comunidades-crea\/","title":{"rendered":"EVENTO DE CIERRE 2023 ,COMUNIDADES CREA"},"content":{"rendered":"\n<figure class=\"wp-block-image size-large\"><img loading=\"lazy\" decoding=\"async\" width=\"819\" height=\"1024\" src=\"https:\/\/www.crea.gov.co\/crea-roma\/wp-content\/uploads\/sites\/10\/2023\/11\/WhatsApp-Image-2023-11-14-at-4.05.05-PM-1-819x1024.jpeg\" alt=\"\" class=\"wp-image-897\" srcset=\"https:\/\/www.crea.gov.co\/crea-roma\/wp-content\/uploads\/sites\/10\/2023\/11\/WhatsApp-Image-2023-11-14-at-4.05.05-PM-1-819x1024.jpeg 819w, https:\/\/www.crea.gov.co\/crea-roma\/wp-content\/uploads\/sites\/10\/2023\/11\/WhatsApp-Image-2023-11-14-at-4.05.05-PM-1-240x300.jpeg 240w, https:\/\/www.crea.gov.co\/crea-roma\/wp-content\/uploads\/sites\/10\/2023\/11\/WhatsApp-Image-2023-11-14-at-4.05.05-PM-1-768x960.jpeg 768w, https:\/\/www.crea.gov.co\/crea-roma\/wp-content\/uploads\/sites\/10\/2023\/11\/WhatsApp-Image-2023-11-14-at-4.05.05-PM-1-1229x1536.jpeg 1229w, https:\/\/www.crea.gov.co\/crea-roma\/wp-content\/uploads\/sites\/10\/2023\/11\/WhatsApp-Image-2023-11-14-at-4.05.05-PM-1.jpeg 1280w\" sizes=\"auto, (max-width: 819px) 100vw, 819px\" \/><\/figure>\n\n\n\n<p>\u00a1Celebramos el cierre de procesos y compartimos experiencias!<\/p>\n\n\n\n<p>\u00danete a nosotros en el evento de clausura y intercambio de experiencias que se llevar\u00e1 a cabo en nuestro espacio CREA ROMA este s\u00e1bado 18 de Noviembre, de 9:00 a.m. a 12:00 m. \u00a1La ENTRADA ES LIBRE!<\/p>\n\n\n\n<p>Durante este encuentro, se llevar\u00e1n a cabo diversas actividades abiertas para la comunidad en general. Adem\u00e1s, presentaremos los logros y resultados de los talleres m\u00e1s relevantes ofrecidos a lo largo de este a\u00f1o.<\/p>\n\n\n\n<p>Extendemos una c\u00e1lida invitaci\u00f3n a todas las familias, vecinos y organizaciones que se han vinculado con este maravilloso programa para que nos acompa\u00f1en en esta celebraci\u00f3n. \u00a1Esperamos recibirlos con los brazos abiertos!<\/p>\n\n\n\n<p>\u00a1BIENVENIDOS!<\/p>\n\n\n\n<p>CREA ROMA : AVENIDA PRIMERO DE MAYO # 79 G 09<\/p>\n","protected":false},"excerpt":{"rendered":"<p>\u00a1Celebramos el cierre de procesos y compartimos experiencias! \u00danete a nosotros en el evento de clausura y intercambio de experiencias que se llevar\u00e1 a cabo en nuestro espacio CREA ROMA este s\u00e1bado 18 de Noviembre, de 9:00 a.m. a 12:00 m. \u00a1La ENTRADA ES LIBRE! Durante este encuentro, se llevar\u00e1n a cabo diversas actividades abiertas [&hellip;]<\/p>\n","protected":false},"author":50,"featured_media":0,"comment_status":"open","ping_status":"open","sticky":false,"template":"","format":"standard","meta":{"footnotes":""},"categories":[1],"tags":[],"class_list":["post-896","post","type-post","status-publish","format-standard","hentry","category-sin-categoria"],"yoast_head":"<!-- This site is optimized with the Yoast SEO plugin v24.5 - https:\/\/yoast.com\/wordpress\/plugins\/seo\/ -->\n<title>EVENTO DE CIERRE 2023 ,COMUNIDADES CREA - Crea Roma<\/title>\n<meta name=\"robots\" content=\"index, follow, max-snippet:-1, max-image-preview:large, max-video-preview:-1\" \/>\n<link rel=\"canonical\" href=\"https:\/\/www.crea.gov.co\/crea-roma\/evento-de-cierre-2023-comunidades-crea\/\" \/>\n<meta property=\"og:locale\" content=\"es_ES\" \/>\n<meta property=\"og:type\" content=\"article\" \/>\n<meta property=\"og:title\" content=\"EVENTO DE CIERRE 2023 ,COMUNIDADES CREA - Crea Roma\" \/>\n<meta property=\"og:description\" content=\"\u00a1Celebramos el cierre de procesos y compartimos experiencias! \u00danete a nosotros en el evento de clausura y intercambio de experiencias que se llevar\u00e1 a cabo en nuestro espacio CREA ROMA este s\u00e1bado 18 de Noviembre, de 9:00 a.m. a 12:00 m. \u00a1La ENTRADA ES LIBRE! Durante este encuentro, se llevar\u00e1n a cabo diversas actividades abiertas [&hellip;]\" \/>\n<meta property=\"og:url\" content=\"https:\/\/www.crea.gov.co\/crea-roma\/evento-de-cierre-2023-comunidades-crea\/\" \/>\n<meta property=\"og:site_name\" content=\"Crea Roma\" \/>\n<meta property=\"article:published_time\" content=\"2023-11-16T18:38:11+00:00\" \/>\n<meta property=\"og:image\" content=\"https:\/\/www.crea.gov.co\/crea-roma\/wp-content\/uploads\/sites\/10\/2023\/11\/WhatsApp-Image-2023-11-14-at-4.05.05-PM-1-819x1024.jpeg\" \/>\n<meta name=\"author\" content=\"taniamojica\" \/>\n<meta name=\"twitter:card\" content=\"summary_large_image\" \/>\n<meta name=\"twitter:label1\" content=\"Escrito por\" \/>\n\t<meta name=\"twitter:data1\" content=\"taniamojica\" \/>\n\t<meta name=\"twitter:label2\" content=\"Tiempo de lectura\" \/>\n\t<meta name=\"twitter:data2\" content=\"1 minuto\" \/>\n<script type=\"application\/ld+json\" class=\"yoast-schema-graph\">{\"@context\":\"https:\/\/schema.org\",\"@graph\":[{\"@type\":\"WebPage\",\"@id\":\"https:\/\/www.crea.gov.co\/crea-roma\/evento-de-cierre-2023-comunidades-crea\/\",\"url\":\"https:\/\/www.crea.gov.co\/crea-roma\/evento-de-cierre-2023-comunidades-crea\/\",\"name\":\"EVENTO DE CIERRE 2023 ,COMUNIDADES CREA - Crea Roma\",\"isPartOf\":{\"@id\":\"https:\/\/www.crea.gov.co\/crea-roma\/#website\"},\"primaryImageOfPage\":{\"@id\":\"https:\/\/www.crea.gov.co\/crea-roma\/evento-de-cierre-2023-comunidades-crea\/#primaryimage\"},\"image\":{\"@id\":\"https:\/\/www.crea.gov.co\/crea-roma\/evento-de-cierre-2023-comunidades-crea\/#primaryimage\"},\"thumbnailUrl\":\"https:\/\/www.crea.gov.co\/crea-roma\/wp-content\/uploads\/sites\/10\/2023\/11\/WhatsApp-Image-2023-11-14-at-4.05.05-PM-1-819x1024.jpeg\",\"datePublished\":\"2023-11-16T18:38:11+00:00\",\"author\":{\"@id\":\"https:\/\/www.crea.gov.co\/crea-roma\/#\/schema\/person\/4357b8ff2697b9645f7e00da293f0cac\"},\"breadcrumb\":{\"@id\":\"https:\/\/www.crea.gov.co\/crea-roma\/evento-de-cierre-2023-comunidades-crea\/#breadcrumb\"},\"inLanguage\":\"es-CO\",\"potentialAction\":[{\"@type\":\"ReadAction\",\"target\":[\"https:\/\/www.crea.gov.co\/crea-roma\/evento-de-cierre-2023-comunidades-crea\/\"]}]},{\"@type\":\"ImageObject\",\"inLanguage\":\"es-CO\",\"@id\":\"https:\/\/www.crea.gov.co\/crea-roma\/evento-de-cierre-2023-comunidades-crea\/#primaryimage\",\"url\":\"https:\/\/www.crea.gov.co\/crea-roma\/wp-content\/uploads\/sites\/10\/2023\/11\/WhatsApp-Image-2023-11-14-at-4.05.05-PM-1.jpeg\",\"contentUrl\":\"https:\/\/www.crea.gov.co\/crea-roma\/wp-content\/uploads\/sites\/10\/2023\/11\/WhatsApp-Image-2023-11-14-at-4.05.05-PM-1.jpeg\",\"width\":1280,\"height\":1600},{\"@type\":\"BreadcrumbList\",\"@id\":\"https:\/\/www.crea.gov.co\/crea-roma\/evento-de-cierre-2023-comunidades-crea\/#breadcrumb\",\"itemListElement\":[{\"@type\":\"ListItem\",\"position\":1,\"name\":\"Home\",\"item\":\"https:\/\/www.crea.gov.co\/crea-roma\/\"},{\"@type\":\"ListItem\",\"position\":2,\"name\":\"EVENTO DE CIERRE 2023 ,COMUNIDADES CREA\"}]},{\"@type\":\"WebSite\",\"@id\":\"https:\/\/www.crea.gov.co\/crea-roma\/#website\",\"url\":\"https:\/\/www.crea.gov.co\/crea-roma\/\",\"name\":\"Crea Roma\",\"description\":\"En Kennedy, rodeado de conjuntos y calles que guardan historias de familias que han crecido en el barrio, este espacio es un lugar donde la creatividad se entrelaza con la vida cotidiana. Aqu\u00ed, los lenguajes art\u00edsticos fortalecen lazos y dan voz a las experiencias de una comunidad que se reconoce en lo colectivo.\",\"potentialAction\":[{\"@type\":\"SearchAction\",\"target\":{\"@type\":\"EntryPoint\",\"urlTemplate\":\"https:\/\/www.crea.gov.co\/crea-roma\/?s={search_term_string}\"},\"query-input\":{\"@type\":\"PropertyValueSpecification\",\"valueRequired\":true,\"valueName\":\"search_term_string\"}}],\"inLanguage\":\"es-CO\"},{\"@type\":\"Person\",\"@id\":\"https:\/\/www.crea.gov.co\/crea-roma\/#\/schema\/person\/4357b8ff2697b9645f7e00da293f0cac\",\"name\":\"taniamojica\",\"image\":{\"@type\":\"ImageObject\",\"inLanguage\":\"es-CO\",\"@id\":\"https:\/\/www.crea.gov.co\/crea-roma\/#\/schema\/person\/image\/\",\"url\":\"https:\/\/secure.gravatar.com\/avatar\/3183a636b540b71ce9f3153f0ebadc3f?s=96&d=mm&r=g\",\"contentUrl\":\"https:\/\/secure.gravatar.com\/avatar\/3183a636b540b71ce9f3153f0ebadc3f?s=96&d=mm&r=g\",\"caption\":\"taniamojica\"},\"url\":\"https:\/\/www.crea.gov.co\/crea-roma\/author\/taniamojica\/\"}]}<\/script>\n<!-- \/ Yoast SEO plugin. -->","yoast_head_json":{"title":"EVENTO DE CIERRE 2023 ,COMUNIDADES CREA - Crea Roma","robots":{"index":"index","follow":"follow","max-snippet":"max-snippet:-1","max-image-preview":"max-image-preview:large","max-video-preview":"max-video-preview:-1"},"canonical":"https:\/\/www.crea.gov.co\/crea-roma\/evento-de-cierre-2023-comunidades-crea\/","og_locale":"es_ES","og_type":"article","og_title":"EVENTO DE CIERRE 2023 ,COMUNIDADES CREA - Crea Roma","og_description":"\u00a1Celebramos el cierre de procesos y compartimos experiencias! \u00danete a nosotros en el evento de clausura y intercambio de experiencias que se llevar\u00e1 a cabo en nuestro espacio CREA ROMA este s\u00e1bado 18 de Noviembre, de 9:00 a.m. a 12:00 m. \u00a1La ENTRADA ES LIBRE! Durante este encuentro, se llevar\u00e1n a cabo diversas actividades abiertas [&hellip;]","og_url":"https:\/\/www.crea.gov.co\/crea-roma\/evento-de-cierre-2023-comunidades-crea\/","og_site_name":"Crea Roma","article_published_time":"2023-11-16T18:38:11+00:00","og_image":[{"url":"https:\/\/www.crea.gov.co\/crea-roma\/wp-content\/uploads\/sites\/10\/2023\/11\/WhatsApp-Image-2023-11-14-at-4.05.05-PM-1-819x1024.jpeg","type":"","width":"","height":""}],"author":"taniamojica","twitter_card":"summary_large_image","twitter_misc":{"Escrito por":"taniamojica","Tiempo de lectura":"1 minuto"},"schema":{"@context":"https:\/\/schema.org","@graph":[{"@type":"WebPage","@id":"https:\/\/www.crea.gov.co\/crea-roma\/evento-de-cierre-2023-comunidades-crea\/","url":"https:\/\/www.crea.gov.co\/crea-roma\/evento-de-cierre-2023-comunidades-crea\/","name":"EVENTO DE CIERRE 2023 ,COMUNIDADES CREA - Crea Roma","isPartOf":{"@id":"https:\/\/www.crea.gov.co\/crea-roma\/#website"},"primaryImageOfPage":{"@id":"https:\/\/www.crea.gov.co\/crea-roma\/evento-de-cierre-2023-comunidades-crea\/#primaryimage"},"image":{"@id":"https:\/\/www.crea.gov.co\/crea-roma\/evento-de-cierre-2023-comunidades-crea\/#primaryimage"},"thumbnailUrl":"https:\/\/www.crea.gov.co\/crea-roma\/wp-content\/uploads\/sites\/10\/2023\/11\/WhatsApp-Image-2023-11-14-at-4.05.05-PM-1-819x1024.jpeg","datePublished":"2023-11-16T18:38:11+00:00","author":{"@id":"https:\/\/www.crea.gov.co\/crea-roma\/#\/schema\/person\/4357b8ff2697b9645f7e00da293f0cac"},"breadcrumb":{"@id":"https:\/\/www.crea.gov.co\/crea-roma\/evento-de-cierre-2023-comunidades-crea\/#breadcrumb"},"inLanguage":"es-CO","potentialAction":[{"@type":"ReadAction","target":["https:\/\/www.crea.gov.co\/crea-roma\/evento-de-cierre-2023-comunidades-crea\/"]}]},{"@type":"ImageObject","inLanguage":"es-CO","@id":"https:\/\/www.crea.gov.co\/crea-roma\/evento-de-cierre-2023-comunidades-crea\/#primaryimage","url":"https:\/\/www.crea.gov.co\/crea-roma\/wp-content\/uploads\/sites\/10\/2023\/11\/WhatsApp-Image-2023-11-14-at-4.05.05-PM-1.jpeg","contentUrl":"https:\/\/www.crea.gov.co\/crea-roma\/wp-content\/uploads\/sites\/10\/2023\/11\/WhatsApp-Image-2023-11-14-at-4.05.05-PM-1.jpeg","width":1280,"height":1600},{"@type":"BreadcrumbList","@id":"https:\/\/www.crea.gov.co\/crea-roma\/evento-de-cierre-2023-comunidades-crea\/#breadcrumb","itemListElement":[{"@type":"ListItem","position":1,"name":"Home","item":"https:\/\/www.crea.gov.co\/crea-roma\/"},{"@type":"ListItem","position":2,"name":"EVENTO DE CIERRE 2023 ,COMUNIDADES CREA"}]},{"@type":"WebSite","@id":"https:\/\/www.crea.gov.co\/crea-roma\/#website","url":"https:\/\/www.crea.gov.co\/crea-roma\/","name":"Crea Roma","description":"En Kennedy, rodeado de conjuntos y calles que guardan historias de familias que han crecido en el barrio, este espacio es un lugar donde la creatividad se entrelaza con la vida cotidiana. Aqu\u00ed, los lenguajes art\u00edsticos fortalecen lazos y dan voz a las experiencias de una comunidad que se reconoce en lo colectivo.","potentialAction":[{"@type":"SearchAction","target":{"@type":"EntryPoint","urlTemplate":"https:\/\/www.crea.gov.co\/crea-roma\/?s={search_term_string}"},"query-input":{"@type":"PropertyValueSpecification","valueRequired":true,"valueName":"search_term_string"}}],"inLanguage":"es-CO"},{"@type":"Person","@id":"https:\/\/www.crea.gov.co\/crea-roma\/#\/schema\/person\/4357b8ff2697b9645f7e00da293f0cac","name":"taniamojica","image":{"@type":"ImageObject","inLanguage":"es-CO","@id":"https:\/\/www.crea.gov.co\/crea-roma\/#\/schema\/person\/image\/","url":"https:\/\/secure.gravatar.com\/avatar\/3183a636b540b71ce9f3153f0ebadc3f?s=96&d=mm&r=g","contentUrl":"https:\/\/secure.gravatar.com\/avatar\/3183a636b540b71ce9f3153f0ebadc3f?s=96&d=mm&r=g","caption":"taniamojica"},"url":"https:\/\/www.crea.gov.co\/crea-roma\/author\/taniamojica\/"}]}},"_links":{"self":[{"href":"https:\/\/www.crea.gov.co\/crea-roma\/wp-json\/wp\/v2\/posts\/896","targetHints":{"allow":["GET"]}}],"collection":[{"href":"https:\/\/www.crea.gov.co\/crea-roma\/wp-json\/wp\/v2\/posts"}],"about":[{"href":"https:\/\/www.crea.gov.co\/crea-roma\/wp-json\/wp\/v2\/types\/post"}],"author":[{"embeddable":true,"href":"https:\/\/www.crea.gov.co\/crea-roma\/wp-json\/wp\/v2\/users\/50"}],"replies":[{"embeddable":true,"href":"https:\/\/www.crea.gov.co\/crea-roma\/wp-json\/wp\/v2\/comments?post=896"}],"version-history":[{"count":1,"href":"https:\/\/www.crea.gov.co\/crea-roma\/wp-json\/wp\/v2\/posts\/896\/revisions"}],"predecessor-version":[{"id":898,"href":"https:\/\/www.crea.gov.co\/crea-roma\/wp-json\/wp\/v2\/posts\/896\/revisions\/898"}],"wp:attachment":[{"href":"https:\/\/www.crea.gov.co\/crea-roma\/wp-json\/wp\/v2\/media?parent=896"}],"wp:term":[{"taxonomy":"category","embeddable":true,"href":"https:\/\/www.crea.gov.co\/crea-roma\/wp-json\/wp\/v2\/categories?post=896"},{"taxonomy":"post_tag","embeddable":true,"href":"https:\/\/www.crea.gov.co\/crea-roma\/wp-json\/wp\/v2\/tags?post=896"}],"curies":[{"name":"wp","href":"https:\/\/api.w.org\/{rel}","templated":true}]}}