{"id":893,"date":"2023-10-26T04:43:52","date_gmt":"2023-10-26T04:43:52","guid":{"rendered":"https:\/\/www.crea.gov.co\/crea-roma\/?p=893"},"modified":"2023-10-26T04:43:52","modified_gmt":"2023-10-26T04:43:52","slug":"no-te-pierdas-el-ecosistema-crea-3-en-mi-fin-esta-mi-comienzo","status":"publish","type":"post","link":"https:\/\/www.crea.gov.co\/crea-roma\/no-te-pierdas-el-ecosistema-crea-3-en-mi-fin-esta-mi-comienzo\/","title":{"rendered":"\u00a1No te pierdas el Ecosistema Crea 3: En mi fin est\u00e1 mi comienzo!"},"content":{"rendered":"\n<figure class=\"wp-block-image size-full\"><img loading=\"lazy\" decoding=\"async\" width=\"800\" height=\"1002\" src=\"https:\/\/www.crea.gov.co\/crea-roma\/wp-content\/uploads\/sites\/10\/2023\/10\/Ecosistemas_3.jpg\" alt=\"\" class=\"wp-image-894\" srcset=\"https:\/\/www.crea.gov.co\/crea-roma\/wp-content\/uploads\/sites\/10\/2023\/10\/Ecosistemas_3.jpg 800w, https:\/\/www.crea.gov.co\/crea-roma\/wp-content\/uploads\/sites\/10\/2023\/10\/Ecosistemas_3-240x300.jpg 240w, https:\/\/www.crea.gov.co\/crea-roma\/wp-content\/uploads\/sites\/10\/2023\/10\/Ecosistemas_3-768x962.jpg 768w\" sizes=\"auto, (max-width: 800px) 100vw, 800px\" \/><figcaption class=\"wp-element-caption\"><strong>Ecosistema Crea 3: En mi fin est\u00e1 mi comienzo<\/strong><br><strong><br><\/strong><br>Este es el evento con el que Crea\u00a0 se tomar\u00e1 diferentes espacios de la ciudad para evidenciar las diversas estrategias pedag\u00f3gicas y territoriales del programa.<br><br>La nutrida programaci\u00f3n comenz\u00f3 con el quinto Sal\u00f3n de Arte Crea, que convoc\u00f3 a m\u00e1s de mil asistentes en las instalaciones del Centro Colombo Americano y continuar\u00e1 con la muestra de 137 propuestas art\u00edsticas en seis espacios de la ciudad.\u00a0<br><br><br><br>\u00a1Consulta\u00a0<a href=\"https:\/\/www.crea.gov.co\/mas-de-130-propuestas-artisticas-y-mas-de-1-300-creadores-se-tomaran-el-centro-de-bogota\" target=\"_blank\" rel=\"noreferrer noopener\">todas las actividades del Ecosistema Crea 3<\/a>\u00a0 y participa!<br><br><br><strong><br><\/strong><br><strong>Instituto Distrital de las Artes &#8211; Idartes<\/strong><br><small>Carrera 8 N\u00b0 15 &#8211; 46<br>PBX:(+571) 3795750<br><a href=\"mailto:contactenos@idartes.gov.co\" target=\"_blank\" rel=\"noreferrer noopener\">contactenos@idartes.gov.c<\/a><\/small><\/figcaption><\/figure>\n","protected":false},"excerpt":{"rendered":"","protected":false},"author":50,"featured_media":0,"comment_status":"open","ping_status":"open","sticky":false,"template":"","format":"standard","meta":{"footnotes":""},"categories":[1],"tags":[],"class_list":["post-893","post","type-post","status-publish","format-standard","hentry","category-sin-categoria"],"yoast_head":"<!-- This site is optimized with the Yoast SEO plugin v24.5 - https:\/\/yoast.com\/wordpress\/plugins\/seo\/ -->\n<title>\u00a1No te pierdas el Ecosistema Crea 3: En mi fin est\u00e1 mi comienzo! - Crea Roma<\/title>\n<meta name=\"robots\" content=\"index, follow, max-snippet:-1, max-image-preview:large, max-video-preview:-1\" \/>\n<link rel=\"canonical\" href=\"https:\/\/www.crea.gov.co\/crea-roma\/no-te-pierdas-el-ecosistema-crea-3-en-mi-fin-esta-mi-comienzo\/\" \/>\n<meta property=\"og:locale\" content=\"es_ES\" \/>\n<meta property=\"og:type\" content=\"article\" \/>\n<meta property=\"og:title\" content=\"\u00a1No te pierdas el Ecosistema Crea 3: En mi fin est\u00e1 mi comienzo! - Crea Roma\" \/>\n<meta property=\"og:url\" content=\"https:\/\/www.crea.gov.co\/crea-roma\/no-te-pierdas-el-ecosistema-crea-3-en-mi-fin-esta-mi-comienzo\/\" \/>\n<meta property=\"og:site_name\" content=\"Crea Roma\" \/>\n<meta property=\"article:published_time\" content=\"2023-10-26T04:43:52+00:00\" \/>\n<meta property=\"og:image\" content=\"https:\/\/www.crea.gov.co\/crea-roma\/wp-content\/uploads\/sites\/10\/2023\/10\/Ecosistemas_3.jpg\" \/>\n<meta name=\"author\" content=\"taniamojica\" \/>\n<meta name=\"twitter:card\" content=\"summary_large_image\" \/>\n<meta name=\"twitter:label1\" content=\"Escrito por\" \/>\n\t<meta name=\"twitter:data1\" content=\"taniamojica\" \/>\n\t<meta name=\"twitter:label2\" content=\"Tiempo de lectura\" \/>\n\t<meta name=\"twitter:data2\" content=\"1 minuto\" \/>\n<script type=\"application\/ld+json\" class=\"yoast-schema-graph\">{\"@context\":\"https:\/\/schema.org\",\"@graph\":[{\"@type\":\"WebPage\",\"@id\":\"https:\/\/www.crea.gov.co\/crea-roma\/no-te-pierdas-el-ecosistema-crea-3-en-mi-fin-esta-mi-comienzo\/\",\"url\":\"https:\/\/www.crea.gov.co\/crea-roma\/no-te-pierdas-el-ecosistema-crea-3-en-mi-fin-esta-mi-comienzo\/\",\"name\":\"\u00a1No te pierdas el Ecosistema Crea 3: En mi fin est\u00e1 mi comienzo! - Crea Roma\",\"isPartOf\":{\"@id\":\"https:\/\/www.crea.gov.co\/crea-roma\/#website\"},\"primaryImageOfPage\":{\"@id\":\"https:\/\/www.crea.gov.co\/crea-roma\/no-te-pierdas-el-ecosistema-crea-3-en-mi-fin-esta-mi-comienzo\/#primaryimage\"},\"image\":{\"@id\":\"https:\/\/www.crea.gov.co\/crea-roma\/no-te-pierdas-el-ecosistema-crea-3-en-mi-fin-esta-mi-comienzo\/#primaryimage\"},\"thumbnailUrl\":\"https:\/\/www.crea.gov.co\/crea-roma\/wp-content\/uploads\/sites\/10\/2023\/10\/Ecosistemas_3.jpg\",\"datePublished\":\"2023-10-26T04:43:52+00:00\",\"author\":{\"@id\":\"https:\/\/www.crea.gov.co\/crea-roma\/#\/schema\/person\/4357b8ff2697b9645f7e00da293f0cac\"},\"breadcrumb\":{\"@id\":\"https:\/\/www.crea.gov.co\/crea-roma\/no-te-pierdas-el-ecosistema-crea-3-en-mi-fin-esta-mi-comienzo\/#breadcrumb\"},\"inLanguage\":\"es-CO\",\"potentialAction\":[{\"@type\":\"ReadAction\",\"target\":[\"https:\/\/www.crea.gov.co\/crea-roma\/no-te-pierdas-el-ecosistema-crea-3-en-mi-fin-esta-mi-comienzo\/\"]}]},{\"@type\":\"ImageObject\",\"inLanguage\":\"es-CO\",\"@id\":\"https:\/\/www.crea.gov.co\/crea-roma\/no-te-pierdas-el-ecosistema-crea-3-en-mi-fin-esta-mi-comienzo\/#primaryimage\",\"url\":\"https:\/\/www.crea.gov.co\/crea-roma\/wp-content\/uploads\/sites\/10\/2023\/10\/Ecosistemas_3.jpg\",\"contentUrl\":\"https:\/\/www.crea.gov.co\/crea-roma\/wp-content\/uploads\/sites\/10\/2023\/10\/Ecosistemas_3.jpg\",\"width\":800,\"height\":1002},{\"@type\":\"BreadcrumbList\",\"@id\":\"https:\/\/www.crea.gov.co\/crea-roma\/no-te-pierdas-el-ecosistema-crea-3-en-mi-fin-esta-mi-comienzo\/#breadcrumb\",\"itemListElement\":[{\"@type\":\"ListItem\",\"position\":1,\"name\":\"Home\",\"item\":\"https:\/\/www.crea.gov.co\/crea-roma\/\"},{\"@type\":\"ListItem\",\"position\":2,\"name\":\"\u00a1No te pierdas el Ecosistema Crea 3: En mi fin est\u00e1 mi comienzo!\"}]},{\"@type\":\"WebSite\",\"@id\":\"https:\/\/www.crea.gov.co\/crea-roma\/#website\",\"url\":\"https:\/\/www.crea.gov.co\/crea-roma\/\",\"name\":\"Crea Roma\",\"description\":\"En Kennedy, rodeado de conjuntos y calles que guardan historias de familias que han crecido en el barrio, este espacio es un lugar donde la creatividad se entrelaza con la vida cotidiana. Aqu\u00ed, los lenguajes art\u00edsticos fortalecen lazos y dan voz a las experiencias de una comunidad que se reconoce en lo colectivo.\",\"potentialAction\":[{\"@type\":\"SearchAction\",\"target\":{\"@type\":\"EntryPoint\",\"urlTemplate\":\"https:\/\/www.crea.gov.co\/crea-roma\/?s={search_term_string}\"},\"query-input\":{\"@type\":\"PropertyValueSpecification\",\"valueRequired\":true,\"valueName\":\"search_term_string\"}}],\"inLanguage\":\"es-CO\"},{\"@type\":\"Person\",\"@id\":\"https:\/\/www.crea.gov.co\/crea-roma\/#\/schema\/person\/4357b8ff2697b9645f7e00da293f0cac\",\"name\":\"taniamojica\",\"image\":{\"@type\":\"ImageObject\",\"inLanguage\":\"es-CO\",\"@id\":\"https:\/\/www.crea.gov.co\/crea-roma\/#\/schema\/person\/image\/\",\"url\":\"https:\/\/secure.gravatar.com\/avatar\/3183a636b540b71ce9f3153f0ebadc3f?s=96&d=mm&r=g\",\"contentUrl\":\"https:\/\/secure.gravatar.com\/avatar\/3183a636b540b71ce9f3153f0ebadc3f?s=96&d=mm&r=g\",\"caption\":\"taniamojica\"},\"url\":\"https:\/\/www.crea.gov.co\/crea-roma\/author\/taniamojica\/\"}]}<\/script>\n<!-- \/ Yoast SEO plugin. -->","yoast_head_json":{"title":"\u00a1No te pierdas el Ecosistema Crea 3: En mi fin est\u00e1 mi comienzo! - Crea Roma","robots":{"index":"index","follow":"follow","max-snippet":"max-snippet:-1","max-image-preview":"max-image-preview:large","max-video-preview":"max-video-preview:-1"},"canonical":"https:\/\/www.crea.gov.co\/crea-roma\/no-te-pierdas-el-ecosistema-crea-3-en-mi-fin-esta-mi-comienzo\/","og_locale":"es_ES","og_type":"article","og_title":"\u00a1No te pierdas el Ecosistema Crea 3: En mi fin est\u00e1 mi comienzo! - Crea Roma","og_url":"https:\/\/www.crea.gov.co\/crea-roma\/no-te-pierdas-el-ecosistema-crea-3-en-mi-fin-esta-mi-comienzo\/","og_site_name":"Crea Roma","article_published_time":"2023-10-26T04:43:52+00:00","og_image":[{"url":"https:\/\/www.crea.gov.co\/crea-roma\/wp-content\/uploads\/sites\/10\/2023\/10\/Ecosistemas_3.jpg","type":"","width":"","height":""}],"author":"taniamojica","twitter_card":"summary_large_image","twitter_misc":{"Escrito por":"taniamojica","Tiempo de lectura":"1 minuto"},"schema":{"@context":"https:\/\/schema.org","@graph":[{"@type":"WebPage","@id":"https:\/\/www.crea.gov.co\/crea-roma\/no-te-pierdas-el-ecosistema-crea-3-en-mi-fin-esta-mi-comienzo\/","url":"https:\/\/www.crea.gov.co\/crea-roma\/no-te-pierdas-el-ecosistema-crea-3-en-mi-fin-esta-mi-comienzo\/","name":"\u00a1No te pierdas el Ecosistema Crea 3: En mi fin est\u00e1 mi comienzo! - Crea Roma","isPartOf":{"@id":"https:\/\/www.crea.gov.co\/crea-roma\/#website"},"primaryImageOfPage":{"@id":"https:\/\/www.crea.gov.co\/crea-roma\/no-te-pierdas-el-ecosistema-crea-3-en-mi-fin-esta-mi-comienzo\/#primaryimage"},"image":{"@id":"https:\/\/www.crea.gov.co\/crea-roma\/no-te-pierdas-el-ecosistema-crea-3-en-mi-fin-esta-mi-comienzo\/#primaryimage"},"thumbnailUrl":"https:\/\/www.crea.gov.co\/crea-roma\/wp-content\/uploads\/sites\/10\/2023\/10\/Ecosistemas_3.jpg","datePublished":"2023-10-26T04:43:52+00:00","author":{"@id":"https:\/\/www.crea.gov.co\/crea-roma\/#\/schema\/person\/4357b8ff2697b9645f7e00da293f0cac"},"breadcrumb":{"@id":"https:\/\/www.crea.gov.co\/crea-roma\/no-te-pierdas-el-ecosistema-crea-3-en-mi-fin-esta-mi-comienzo\/#breadcrumb"},"inLanguage":"es-CO","potentialAction":[{"@type":"ReadAction","target":["https:\/\/www.crea.gov.co\/crea-roma\/no-te-pierdas-el-ecosistema-crea-3-en-mi-fin-esta-mi-comienzo\/"]}]},{"@type":"ImageObject","inLanguage":"es-CO","@id":"https:\/\/www.crea.gov.co\/crea-roma\/no-te-pierdas-el-ecosistema-crea-3-en-mi-fin-esta-mi-comienzo\/#primaryimage","url":"https:\/\/www.crea.gov.co\/crea-roma\/wp-content\/uploads\/sites\/10\/2023\/10\/Ecosistemas_3.jpg","contentUrl":"https:\/\/www.crea.gov.co\/crea-roma\/wp-content\/uploads\/sites\/10\/2023\/10\/Ecosistemas_3.jpg","width":800,"height":1002},{"@type":"BreadcrumbList","@id":"https:\/\/www.crea.gov.co\/crea-roma\/no-te-pierdas-el-ecosistema-crea-3-en-mi-fin-esta-mi-comienzo\/#breadcrumb","itemListElement":[{"@type":"ListItem","position":1,"name":"Home","item":"https:\/\/www.crea.gov.co\/crea-roma\/"},{"@type":"ListItem","position":2,"name":"\u00a1No te pierdas el Ecosistema Crea 3: En mi fin est\u00e1 mi comienzo!"}]},{"@type":"WebSite","@id":"https:\/\/www.crea.gov.co\/crea-roma\/#website","url":"https:\/\/www.crea.gov.co\/crea-roma\/","name":"Crea Roma","description":"En Kennedy, rodeado de conjuntos y calles que guardan historias de familias que han crecido en el barrio, este espacio es un lugar donde la creatividad se entrelaza con la vida cotidiana. Aqu\u00ed, los lenguajes art\u00edsticos fortalecen lazos y dan voz a las experiencias de una comunidad que se reconoce en lo colectivo.","potentialAction":[{"@type":"SearchAction","target":{"@type":"EntryPoint","urlTemplate":"https:\/\/www.crea.gov.co\/crea-roma\/?s={search_term_string}"},"query-input":{"@type":"PropertyValueSpecification","valueRequired":true,"valueName":"search_term_string"}}],"inLanguage":"es-CO"},{"@type":"Person","@id":"https:\/\/www.crea.gov.co\/crea-roma\/#\/schema\/person\/4357b8ff2697b9645f7e00da293f0cac","name":"taniamojica","image":{"@type":"ImageObject","inLanguage":"es-CO","@id":"https:\/\/www.crea.gov.co\/crea-roma\/#\/schema\/person\/image\/","url":"https:\/\/secure.gravatar.com\/avatar\/3183a636b540b71ce9f3153f0ebadc3f?s=96&d=mm&r=g","contentUrl":"https:\/\/secure.gravatar.com\/avatar\/3183a636b540b71ce9f3153f0ebadc3f?s=96&d=mm&r=g","caption":"taniamojica"},"url":"https:\/\/www.crea.gov.co\/crea-roma\/author\/taniamojica\/"}]}},"_links":{"self":[{"href":"https:\/\/www.crea.gov.co\/crea-roma\/wp-json\/wp\/v2\/posts\/893","targetHints":{"allow":["GET"]}}],"collection":[{"href":"https:\/\/www.crea.gov.co\/crea-roma\/wp-json\/wp\/v2\/posts"}],"about":[{"href":"https:\/\/www.crea.gov.co\/crea-roma\/wp-json\/wp\/v2\/types\/post"}],"author":[{"embeddable":true,"href":"https:\/\/www.crea.gov.co\/crea-roma\/wp-json\/wp\/v2\/users\/50"}],"replies":[{"embeddable":true,"href":"https:\/\/www.crea.gov.co\/crea-roma\/wp-json\/wp\/v2\/comments?post=893"}],"version-history":[{"count":1,"href":"https:\/\/www.crea.gov.co\/crea-roma\/wp-json\/wp\/v2\/posts\/893\/revisions"}],"predecessor-version":[{"id":895,"href":"https:\/\/www.crea.gov.co\/crea-roma\/wp-json\/wp\/v2\/posts\/893\/revisions\/895"}],"wp:attachment":[{"href":"https:\/\/www.crea.gov.co\/crea-roma\/wp-json\/wp\/v2\/media?parent=893"}],"wp:term":[{"taxonomy":"category","embeddable":true,"href":"https:\/\/www.crea.gov.co\/crea-roma\/wp-json\/wp\/v2\/categories?post=893"},{"taxonomy":"post_tag","embeddable":true,"href":"https:\/\/www.crea.gov.co\/crea-roma\/wp-json\/wp\/v2\/tags?post=893"}],"curies":[{"name":"wp","href":"https:\/\/api.w.org\/{rel}","templated":true}]}}