{"id":890,"date":"2023-10-26T04:38:40","date_gmt":"2023-10-26T04:38:40","guid":{"rendered":"https:\/\/www.crea.gov.co\/crea-roma\/?p=890"},"modified":"2023-10-26T04:38:40","modified_gmt":"2023-10-26T04:38:40","slug":"participacion-del-colegio-paulo-vi-en-evento-programa-crea","status":"publish","type":"post","link":"https:\/\/www.crea.gov.co\/crea-roma\/participacion-del-colegio-paulo-vi-en-evento-programa-crea\/","title":{"rendered":"Participaci\u00f3n del colegio PAULO VI en evento Programa Crea"},"content":{"rendered":"\n<figure class=\"wp-block-image size-large\"><img loading=\"lazy\" decoding=\"async\" width=\"817\" height=\"1024\" src=\"https:\/\/www.crea.gov.co\/crea-roma\/wp-content\/uploads\/sites\/10\/2023\/10\/IMG-20231023-WA0008-817x1024.jpg\" alt=\"\" class=\"wp-image-891\" srcset=\"https:\/\/www.crea.gov.co\/crea-roma\/wp-content\/uploads\/sites\/10\/2023\/10\/IMG-20231023-WA0008-817x1024.jpg 817w, https:\/\/www.crea.gov.co\/crea-roma\/wp-content\/uploads\/sites\/10\/2023\/10\/IMG-20231023-WA0008-239x300.jpg 239w, https:\/\/www.crea.gov.co\/crea-roma\/wp-content\/uploads\/sites\/10\/2023\/10\/IMG-20231023-WA0008-768x962.jpg 768w, https:\/\/www.crea.gov.co\/crea-roma\/wp-content\/uploads\/sites\/10\/2023\/10\/IMG-20231023-WA0008-1226x1536.jpg 1226w, https:\/\/www.crea.gov.co\/crea-roma\/wp-content\/uploads\/sites\/10\/2023\/10\/IMG-20231023-WA0008.jpg 1277w\" sizes=\"auto, (max-width: 817px) 100vw, 817px\" \/><\/figure>\n\n\n\n<p>El Crea Roma tiene el gusto de compartir la participaci\u00f3n del trabajo  art\u00edstico realizado por los estudiantes del grupo AE-11252 del \u00e1rea de Audiovisuales del Colegio Paulo VI en nuestro gran evento de visibilizaci\u00f3n denominado\u00a0<strong>Ecosistema 3.<\/strong><\/p>\n\n\n\n<p>Este trabajo  realizado por los estudiantes del grupo AE-11252 del \u00e1rea de Audiovisuales,\u00a0ha sido seleccionado entre m\u00e1s de 60 propuestas para participar en dicho evento.<\/p>\n\n\n\n<p>El corto titulado &#8220;\u00bfPor qu\u00e9 mataron a Kevin?&#8221;, ser\u00e1 proyectado\u00a0<strong>el d\u00eda s\u00e1bado 28 de octubrea las 9:10 AM en la SALA 3 de la\u00a0Cinemateca de Bogot\u00e1 ubicada en la Cra.3 #19-10 Barrio Santa F\u00e9<\/strong>. Adicionalmente, este grupo fue seleccionado\u00a0tambi\u00e9n para hacer parte del conversatorio con los realizadores, por lo que el estudiante\u00a0<strong>Santiago David Aguilar Ar\u00e9valo de la JT\u00a0<\/strong>fue seleccionado por el artista formador Alex Almario y por el grupo para representarlos y participar en este conversatorio.\u00a0<\/p>\n\n\n\n<p>Invitamos  a la comunidad en general  para que nos acompa\u00f1e en este evento y puedan apreciar los procesos de formaci\u00f3n art\u00edstica del \u00e1rea de audiovisuales del Programa Crea. El horario de llegada del p\u00fablico general debe hacerse a las 8:00 am para reclamar su boleta de forma gratuita en la taquilla de la Cinemateca. La SALA 3 cuenta con una capacidad de p\u00fablico reducido, raz\u00f3n por la que hay ingreso limitado hasta completar aforo. El evento iniciar\u00e1 a las 9:00 AM y despu\u00e9s de esta hora, tanto en la taquilla como en la sala NO se recibir\u00e1n m\u00e1s personas, por lo que se aconseja llegar a las 8:00 AM para asegurar la boleta de entrada.<\/p>\n\n\n\n<p><em>Nos permitimos extender las m\u00e1s sinceras felicitaciones a estos estudiantes que han demostrado un alto compromiso en su proceso de formaci\u00f3n art\u00edstica en el Programa CREA, cuya excelente actitud y esfuerzo les ha permitido que su obra fuera escogida para representar al colegio Paulo VI en este evento.<\/em><\/p>\n","protected":false},"excerpt":{"rendered":"<p>El Crea Roma tiene el gusto de compartir la participaci\u00f3n del trabajo art\u00edstico realizado por los estudiantes del grupo AE-11252 del \u00e1rea de Audiovisuales del Colegio Paulo VI en nuestro gran evento de visibilizaci\u00f3n denominado\u00a0Ecosistema 3. Este trabajo realizado por los estudiantes del grupo AE-11252 del \u00e1rea de Audiovisuales,\u00a0ha sido seleccionado entre m\u00e1s de 60 [&hellip;]<\/p>\n","protected":false},"author":50,"featured_media":0,"comment_status":"open","ping_status":"open","sticky":false,"template":"","format":"standard","meta":{"footnotes":""},"categories":[1],"tags":[],"class_list":["post-890","post","type-post","status-publish","format-standard","hentry","category-sin-categoria"],"yoast_head":"<!-- This site is optimized with the Yoast SEO plugin v24.5 - https:\/\/yoast.com\/wordpress\/plugins\/seo\/ -->\n<title>Participaci\u00f3n del colegio PAULO VI en evento Programa Crea - Crea Roma<\/title>\n<meta name=\"robots\" content=\"index, follow, max-snippet:-1, max-image-preview:large, max-video-preview:-1\" \/>\n<link rel=\"canonical\" href=\"https:\/\/www.crea.gov.co\/crea-roma\/participacion-del-colegio-paulo-vi-en-evento-programa-crea\/\" \/>\n<meta property=\"og:locale\" content=\"es_ES\" \/>\n<meta property=\"og:type\" content=\"article\" \/>\n<meta property=\"og:title\" content=\"Participaci\u00f3n del colegio PAULO VI en evento Programa Crea - Crea Roma\" \/>\n<meta property=\"og:description\" content=\"El Crea Roma tiene el gusto de compartir la participaci\u00f3n del trabajo art\u00edstico realizado por los estudiantes del grupo AE-11252 del \u00e1rea de Audiovisuales del Colegio Paulo VI en nuestro gran evento de visibilizaci\u00f3n denominado\u00a0Ecosistema 3. Este trabajo realizado por los estudiantes del grupo AE-11252 del \u00e1rea de Audiovisuales,\u00a0ha sido seleccionado entre m\u00e1s de 60 [&hellip;]\" \/>\n<meta property=\"og:url\" content=\"https:\/\/www.crea.gov.co\/crea-roma\/participacion-del-colegio-paulo-vi-en-evento-programa-crea\/\" \/>\n<meta property=\"og:site_name\" content=\"Crea Roma\" \/>\n<meta property=\"article:published_time\" content=\"2023-10-26T04:38:40+00:00\" \/>\n<meta property=\"og:image\" content=\"https:\/\/www.crea.gov.co\/crea-roma\/wp-content\/uploads\/sites\/10\/2023\/10\/IMG-20231023-WA0008-817x1024.jpg\" \/>\n<meta name=\"author\" content=\"taniamojica\" \/>\n<meta name=\"twitter:card\" content=\"summary_large_image\" \/>\n<meta name=\"twitter:label1\" content=\"Escrito por\" \/>\n\t<meta name=\"twitter:data1\" content=\"taniamojica\" \/>\n\t<meta name=\"twitter:label2\" content=\"Tiempo de lectura\" \/>\n\t<meta name=\"twitter:data2\" content=\"2 minutos\" \/>\n<script type=\"application\/ld+json\" class=\"yoast-schema-graph\">{\"@context\":\"https:\/\/schema.org\",\"@graph\":[{\"@type\":\"WebPage\",\"@id\":\"https:\/\/www.crea.gov.co\/crea-roma\/participacion-del-colegio-paulo-vi-en-evento-programa-crea\/\",\"url\":\"https:\/\/www.crea.gov.co\/crea-roma\/participacion-del-colegio-paulo-vi-en-evento-programa-crea\/\",\"name\":\"Participaci\u00f3n del colegio PAULO VI en evento Programa Crea - Crea Roma\",\"isPartOf\":{\"@id\":\"https:\/\/www.crea.gov.co\/crea-roma\/#website\"},\"primaryImageOfPage\":{\"@id\":\"https:\/\/www.crea.gov.co\/crea-roma\/participacion-del-colegio-paulo-vi-en-evento-programa-crea\/#primaryimage\"},\"image\":{\"@id\":\"https:\/\/www.crea.gov.co\/crea-roma\/participacion-del-colegio-paulo-vi-en-evento-programa-crea\/#primaryimage\"},\"thumbnailUrl\":\"https:\/\/www.crea.gov.co\/crea-roma\/wp-content\/uploads\/sites\/10\/2023\/10\/IMG-20231023-WA0008-817x1024.jpg\",\"datePublished\":\"2023-10-26T04:38:40+00:00\",\"author\":{\"@id\":\"https:\/\/www.crea.gov.co\/crea-roma\/#\/schema\/person\/4357b8ff2697b9645f7e00da293f0cac\"},\"breadcrumb\":{\"@id\":\"https:\/\/www.crea.gov.co\/crea-roma\/participacion-del-colegio-paulo-vi-en-evento-programa-crea\/#breadcrumb\"},\"inLanguage\":\"es-CO\",\"potentialAction\":[{\"@type\":\"ReadAction\",\"target\":[\"https:\/\/www.crea.gov.co\/crea-roma\/participacion-del-colegio-paulo-vi-en-evento-programa-crea\/\"]}]},{\"@type\":\"ImageObject\",\"inLanguage\":\"es-CO\",\"@id\":\"https:\/\/www.crea.gov.co\/crea-roma\/participacion-del-colegio-paulo-vi-en-evento-programa-crea\/#primaryimage\",\"url\":\"https:\/\/www.crea.gov.co\/crea-roma\/wp-content\/uploads\/sites\/10\/2023\/10\/IMG-20231023-WA0008.jpg\",\"contentUrl\":\"https:\/\/www.crea.gov.co\/crea-roma\/wp-content\/uploads\/sites\/10\/2023\/10\/IMG-20231023-WA0008.jpg\",\"width\":1277,\"height\":1600},{\"@type\":\"BreadcrumbList\",\"@id\":\"https:\/\/www.crea.gov.co\/crea-roma\/participacion-del-colegio-paulo-vi-en-evento-programa-crea\/#breadcrumb\",\"itemListElement\":[{\"@type\":\"ListItem\",\"position\":1,\"name\":\"Home\",\"item\":\"https:\/\/www.crea.gov.co\/crea-roma\/\"},{\"@type\":\"ListItem\",\"position\":2,\"name\":\"Participaci\u00f3n del colegio PAULO VI en evento Programa Crea\"}]},{\"@type\":\"WebSite\",\"@id\":\"https:\/\/www.crea.gov.co\/crea-roma\/#website\",\"url\":\"https:\/\/www.crea.gov.co\/crea-roma\/\",\"name\":\"Crea Roma\",\"description\":\"En Kennedy, rodeado de conjuntos y calles que guardan historias de familias que han crecido en el barrio, este espacio es un lugar donde la creatividad se entrelaza con la vida cotidiana. Aqu\u00ed, los lenguajes art\u00edsticos fortalecen lazos y dan voz a las experiencias de una comunidad que se reconoce en lo colectivo.\",\"potentialAction\":[{\"@type\":\"SearchAction\",\"target\":{\"@type\":\"EntryPoint\",\"urlTemplate\":\"https:\/\/www.crea.gov.co\/crea-roma\/?s={search_term_string}\"},\"query-input\":{\"@type\":\"PropertyValueSpecification\",\"valueRequired\":true,\"valueName\":\"search_term_string\"}}],\"inLanguage\":\"es-CO\"},{\"@type\":\"Person\",\"@id\":\"https:\/\/www.crea.gov.co\/crea-roma\/#\/schema\/person\/4357b8ff2697b9645f7e00da293f0cac\",\"name\":\"taniamojica\",\"image\":{\"@type\":\"ImageObject\",\"inLanguage\":\"es-CO\",\"@id\":\"https:\/\/www.crea.gov.co\/crea-roma\/#\/schema\/person\/image\/\",\"url\":\"https:\/\/secure.gravatar.com\/avatar\/3183a636b540b71ce9f3153f0ebadc3f?s=96&d=mm&r=g\",\"contentUrl\":\"https:\/\/secure.gravatar.com\/avatar\/3183a636b540b71ce9f3153f0ebadc3f?s=96&d=mm&r=g\",\"caption\":\"taniamojica\"},\"url\":\"https:\/\/www.crea.gov.co\/crea-roma\/author\/taniamojica\/\"}]}<\/script>\n<!-- \/ Yoast SEO plugin. -->","yoast_head_json":{"title":"Participaci\u00f3n del colegio PAULO VI en evento Programa Crea - Crea Roma","robots":{"index":"index","follow":"follow","max-snippet":"max-snippet:-1","max-image-preview":"max-image-preview:large","max-video-preview":"max-video-preview:-1"},"canonical":"https:\/\/www.crea.gov.co\/crea-roma\/participacion-del-colegio-paulo-vi-en-evento-programa-crea\/","og_locale":"es_ES","og_type":"article","og_title":"Participaci\u00f3n del colegio PAULO VI en evento Programa Crea - Crea Roma","og_description":"El Crea Roma tiene el gusto de compartir la participaci\u00f3n del trabajo art\u00edstico realizado por los estudiantes del grupo AE-11252 del \u00e1rea de Audiovisuales del Colegio Paulo VI en nuestro gran evento de visibilizaci\u00f3n denominado\u00a0Ecosistema 3. Este trabajo realizado por los estudiantes del grupo AE-11252 del \u00e1rea de Audiovisuales,\u00a0ha sido seleccionado entre m\u00e1s de 60 [&hellip;]","og_url":"https:\/\/www.crea.gov.co\/crea-roma\/participacion-del-colegio-paulo-vi-en-evento-programa-crea\/","og_site_name":"Crea Roma","article_published_time":"2023-10-26T04:38:40+00:00","og_image":[{"url":"https:\/\/www.crea.gov.co\/crea-roma\/wp-content\/uploads\/sites\/10\/2023\/10\/IMG-20231023-WA0008-817x1024.jpg","type":"","width":"","height":""}],"author":"taniamojica","twitter_card":"summary_large_image","twitter_misc":{"Escrito por":"taniamojica","Tiempo de lectura":"2 minutos"},"schema":{"@context":"https:\/\/schema.org","@graph":[{"@type":"WebPage","@id":"https:\/\/www.crea.gov.co\/crea-roma\/participacion-del-colegio-paulo-vi-en-evento-programa-crea\/","url":"https:\/\/www.crea.gov.co\/crea-roma\/participacion-del-colegio-paulo-vi-en-evento-programa-crea\/","name":"Participaci\u00f3n del colegio PAULO VI en evento Programa Crea - Crea Roma","isPartOf":{"@id":"https:\/\/www.crea.gov.co\/crea-roma\/#website"},"primaryImageOfPage":{"@id":"https:\/\/www.crea.gov.co\/crea-roma\/participacion-del-colegio-paulo-vi-en-evento-programa-crea\/#primaryimage"},"image":{"@id":"https:\/\/www.crea.gov.co\/crea-roma\/participacion-del-colegio-paulo-vi-en-evento-programa-crea\/#primaryimage"},"thumbnailUrl":"https:\/\/www.crea.gov.co\/crea-roma\/wp-content\/uploads\/sites\/10\/2023\/10\/IMG-20231023-WA0008-817x1024.jpg","datePublished":"2023-10-26T04:38:40+00:00","author":{"@id":"https:\/\/www.crea.gov.co\/crea-roma\/#\/schema\/person\/4357b8ff2697b9645f7e00da293f0cac"},"breadcrumb":{"@id":"https:\/\/www.crea.gov.co\/crea-roma\/participacion-del-colegio-paulo-vi-en-evento-programa-crea\/#breadcrumb"},"inLanguage":"es-CO","potentialAction":[{"@type":"ReadAction","target":["https:\/\/www.crea.gov.co\/crea-roma\/participacion-del-colegio-paulo-vi-en-evento-programa-crea\/"]}]},{"@type":"ImageObject","inLanguage":"es-CO","@id":"https:\/\/www.crea.gov.co\/crea-roma\/participacion-del-colegio-paulo-vi-en-evento-programa-crea\/#primaryimage","url":"https:\/\/www.crea.gov.co\/crea-roma\/wp-content\/uploads\/sites\/10\/2023\/10\/IMG-20231023-WA0008.jpg","contentUrl":"https:\/\/www.crea.gov.co\/crea-roma\/wp-content\/uploads\/sites\/10\/2023\/10\/IMG-20231023-WA0008.jpg","width":1277,"height":1600},{"@type":"BreadcrumbList","@id":"https:\/\/www.crea.gov.co\/crea-roma\/participacion-del-colegio-paulo-vi-en-evento-programa-crea\/#breadcrumb","itemListElement":[{"@type":"ListItem","position":1,"name":"Home","item":"https:\/\/www.crea.gov.co\/crea-roma\/"},{"@type":"ListItem","position":2,"name":"Participaci\u00f3n del colegio PAULO VI en evento Programa Crea"}]},{"@type":"WebSite","@id":"https:\/\/www.crea.gov.co\/crea-roma\/#website","url":"https:\/\/www.crea.gov.co\/crea-roma\/","name":"Crea Roma","description":"En Kennedy, rodeado de conjuntos y calles que guardan historias de familias que han crecido en el barrio, este espacio es un lugar donde la creatividad se entrelaza con la vida cotidiana. Aqu\u00ed, los lenguajes art\u00edsticos fortalecen lazos y dan voz a las experiencias de una comunidad que se reconoce en lo colectivo.","potentialAction":[{"@type":"SearchAction","target":{"@type":"EntryPoint","urlTemplate":"https:\/\/www.crea.gov.co\/crea-roma\/?s={search_term_string}"},"query-input":{"@type":"PropertyValueSpecification","valueRequired":true,"valueName":"search_term_string"}}],"inLanguage":"es-CO"},{"@type":"Person","@id":"https:\/\/www.crea.gov.co\/crea-roma\/#\/schema\/person\/4357b8ff2697b9645f7e00da293f0cac","name":"taniamojica","image":{"@type":"ImageObject","inLanguage":"es-CO","@id":"https:\/\/www.crea.gov.co\/crea-roma\/#\/schema\/person\/image\/","url":"https:\/\/secure.gravatar.com\/avatar\/3183a636b540b71ce9f3153f0ebadc3f?s=96&d=mm&r=g","contentUrl":"https:\/\/secure.gravatar.com\/avatar\/3183a636b540b71ce9f3153f0ebadc3f?s=96&d=mm&r=g","caption":"taniamojica"},"url":"https:\/\/www.crea.gov.co\/crea-roma\/author\/taniamojica\/"}]}},"_links":{"self":[{"href":"https:\/\/www.crea.gov.co\/crea-roma\/wp-json\/wp\/v2\/posts\/890","targetHints":{"allow":["GET"]}}],"collection":[{"href":"https:\/\/www.crea.gov.co\/crea-roma\/wp-json\/wp\/v2\/posts"}],"about":[{"href":"https:\/\/www.crea.gov.co\/crea-roma\/wp-json\/wp\/v2\/types\/post"}],"author":[{"embeddable":true,"href":"https:\/\/www.crea.gov.co\/crea-roma\/wp-json\/wp\/v2\/users\/50"}],"replies":[{"embeddable":true,"href":"https:\/\/www.crea.gov.co\/crea-roma\/wp-json\/wp\/v2\/comments?post=890"}],"version-history":[{"count":1,"href":"https:\/\/www.crea.gov.co\/crea-roma\/wp-json\/wp\/v2\/posts\/890\/revisions"}],"predecessor-version":[{"id":892,"href":"https:\/\/www.crea.gov.co\/crea-roma\/wp-json\/wp\/v2\/posts\/890\/revisions\/892"}],"wp:attachment":[{"href":"https:\/\/www.crea.gov.co\/crea-roma\/wp-json\/wp\/v2\/media?parent=890"}],"wp:term":[{"taxonomy":"category","embeddable":true,"href":"https:\/\/www.crea.gov.co\/crea-roma\/wp-json\/wp\/v2\/categories?post=890"},{"taxonomy":"post_tag","embeddable":true,"href":"https:\/\/www.crea.gov.co\/crea-roma\/wp-json\/wp\/v2\/tags?post=890"}],"curies":[{"name":"wp","href":"https:\/\/api.w.org\/{rel}","templated":true}]}}