{"id":877,"date":"2023-10-13T08:06:00","date_gmt":"2023-10-13T08:06:00","guid":{"rendered":"https:\/\/www.crea.gov.co\/crea-roma\/?p=877"},"modified":"2023-10-06T17:14:46","modified_gmt":"2023-10-06T17:14:46","slug":"dirigir-idartes-es-un-privilegio-mauricio-galeano","status":"publish","type":"post","link":"https:\/\/www.crea.gov.co\/crea-roma\/dirigir-idartes-es-un-privilegio-mauricio-galeano\/","title":{"rendered":"<strong>Dirigir IDARTES es un PRIVILEGIO: Mauricio Galeano<\/strong>"},"content":{"rendered":"\n<p>No te pierdas esta entrevista realizada a nuestro director por ArtMagazine Colombia<\/p>\n\n\n\n<figure class=\"wp-block-image size-large\"><img loading=\"lazy\" decoding=\"async\" width=\"1012\" height=\"1024\" src=\"https:\/\/www.crea.gov.co\/crea-roma\/wp-content\/uploads\/sites\/10\/2023\/10\/image-2-1012x1024.png\" alt=\"\" class=\"wp-image-878\" srcset=\"https:\/\/www.crea.gov.co\/crea-roma\/wp-content\/uploads\/sites\/10\/2023\/10\/image-2-1012x1024.png 1012w, https:\/\/www.crea.gov.co\/crea-roma\/wp-content\/uploads\/sites\/10\/2023\/10\/image-2-297x300.png 297w, https:\/\/www.crea.gov.co\/crea-roma\/wp-content\/uploads\/sites\/10\/2023\/10\/image-2-768x777.png 768w, https:\/\/www.crea.gov.co\/crea-roma\/wp-content\/uploads\/sites\/10\/2023\/10\/image-2-1519x1536.png 1519w, https:\/\/www.crea.gov.co\/crea-roma\/wp-content\/uploads\/sites\/10\/2023\/10\/image-2-2025x2048.png 2025w\" sizes=\"auto, (max-width: 1012px) 100vw, 1012px\" \/><\/figure>\n\n\n\n<p>[Esta entrevista&nbsp;hace parte de&nbsp;la edici\u00f3n n\u00famero 17 de la revista digital e independiente&nbsp;<strong>ArtMagazine Colombia<\/strong>]<\/p>\n\n\n\n<p>Por: Sara Herrera Fotos: Manuel Valle @vallefotograf\u00eda_artistavisual<\/p>\n\n\n\n<p>Es el director del Instituto Distrital de las Artes de Bogot\u00e1, Idartes. Entidad creada hace m\u00e1s de una d\u00e9cada, a la que ha visto crecer desde su experiencia como funcionario p\u00fablico y artista, que ofrece apoyo permanente a creadores, gestores culturales y a la comunidad por medio de diversas actividades, convocatorias y est\u00edmulos, entre otras.&nbsp;<\/p>\n\n\n\n<p>Carlos Mauricio es bogotano, un apasionado por el arte y la cultura de su ciudad. Su profesionalismo, espontaneidad y buena energ\u00eda son la clave de su excelente desempe\u00f1o. Inicialmente asumi\u00f3 esta labor como jefe encargado de Idartes. Con el nombramiento de Catalina Valencia Tob\u00f3n como Secretaria de Cultura, Recreaci\u00f3n y Deporte hace m\u00e1s de un a\u00f1o, fue ratificado como Director general. Es especialista en gesti\u00f3n y gerencia cultural de la Universidad del Rosario, estudi\u00f3 psicolog\u00eda en la Universidad Nacional de Colombia y es Maestro en Artes esc\u00e9nicas con \u00e9nfasis en direcci\u00f3n de la Universidad Distrital &#8211; ASAB.&nbsp;&nbsp;<\/p>\n\n\n\n<p>Su experiencia de m\u00e1s de 25 a\u00f1os en el medio art\u00edstico y cultural no es casual. Desde su etapa estudiantil comenz\u00f3 su inquietud por el arte. En compa\u00f1\u00eda de un amigo cre\u00f3 un grupo de teatro y tambi\u00e9n realiz\u00f3 danza folkl\u00f3rica. Cuando ingres\u00f3 a la universidad a estudiar psicolog\u00eda, integr\u00f3 la agrupaci\u00f3n de t\u00edteres Hilos m\u00e1gicos, ah\u00ed inici\u00f3 su carrera tanto en los escenarios como en la gesti\u00f3n.<\/p>\n\n\n\n<p>Fund\u00f3 la Corporaci\u00f3n Cultural Materile (grupo de t\u00edteres) y aunque en la actualidad no hace parte de esta, realiz\u00f3 proyectos para televisi\u00f3n, gan\u00f3 varias becas y premios, entre los que se destacan el de Creaci\u00f3n en teatro de t\u00edteres, que le permiti\u00f3 hacer giras en Am\u00e9rica Latina e Indonesia, el lugar m\u00e1s lejano a donde llev\u00f3 su arte. Es coautor de dos libros, La Fantas\u00eda en escena: di\u00e1logo con los creadores de la fiesta del t\u00edtere en Bogot\u00e1 y Materia, forma y movimiento: la est\u00e9tica del teatro de t\u00edteres en Bogot\u00e1.<\/p>\n\n\n\n<p>\u201cLos t\u00edteres son una forma de expresi\u00f3n milenaria que me han permitido contar historias. A trav\u00e9s de estas figurillas lo m\u00e1s cotidiano se vuelve fant\u00e1stico porque dan la posibilidad de conectar el mundo de la fantas\u00eda con el real y entender la vida a partir del juego y la imaginaci\u00f3n. Son una ventana de escape, una manera de creaci\u00f3n, investigaci\u00f3n y una peque\u00f1a obsesi\u00f3n art\u00edstica\u201d.<\/p>\n\n\n\n<p><strong>Artista, psic\u00f3logo y funcionario p\u00fablico<\/strong><\/p>\n\n\n\n<p>Galeano comprende la realidad de los artistas en Bogot\u00e1, y al mismo tiempo comparte su historia, que inici\u00f3 como titiritero, luego fue coordinador, se desempe\u00f1\u00f3 como subdirector y ahora es el Director de Idartes.<\/p>\n\n\n\n<p>Tuvo un grupo de teatro que naci\u00f3 como muchos, sin un solo peso y sin apoyo de nadie. Ensayaban en la sala de la casa de su mam\u00e1 y cuando ten\u00edan una funci\u00f3n, los recursos que obten\u00edan los reinvert\u00edan en nueva escenograf\u00eda. \u201cLlegar a un grupo organizado como Hilos m\u00e1gicos fue un gran aprendizaje desde atender al p\u00fablico, la taquilla, barrer el teatro, hacer el montaje de luces, programarlas, incluso arreglarlas, despu\u00e9s aprender sobre el sonido, construir escenograf\u00edas, tomar la madera, serruchar, medir, fabricar mu\u00f1ecos, ensuciarse las manos, ir a todos los lugares de la ciudad, a veces en condiciones muy favorables, y en otras no\u201d.<\/p>\n\n\n\n<p>Recuerda que para hacer las presentaciones con su grupo, caminaba hac\u00eda Ciudad Bol\u00edvar y Usme, cuando no exist\u00eda el cable a\u00e9reo, ni abierto transporte p\u00fablico. \u201cNos dejaban con los corotos escenogr\u00e1ficos al hombro en un punto, ten\u00edamos que andar 40 minutos, lloviendo, embarrados y perdidos, con destino al sal\u00f3n comunal, donde nos esperaban 150 ni\u00f1os con muchas ganas de ver el espect\u00e1culo. Nosotros a pesar de que llegamos con hambre y mojados, ten\u00edamos que cambiarnos,&nbsp;maquillarnos y dar lo mejor. En este espectro se mueven todos los artistas y creadores. Todo eso ha v\u00e1lido para estar ac\u00e1 y tener la posibilidad de afianzar los procesos, de potenciar otros y sobre todo de escuchar a los artistas y a los p\u00fablicos\u201d.<\/p>\n\n\n\n<p>\u201cDirigir Idartes no solo es una responsabilidad, sino un privilegio, que me ha permitido poner a prueba todos los a\u00f1os de trabajo en el Instituto. Despu\u00e9s de 25 a\u00f1os de experiencia en el sector, trabajar en teatro, participar en convocatorias con el grupo peque\u00f1o que se presentaba en condiciones dif\u00edciles, al que no le pagaban las funciones, es muy grato\u201d.<\/p>\n\n\n\n<p><strong>Gesti\u00f3n<\/strong><\/p>\n\n\n\n<p>Su labor se ha centrado en la generaci\u00f3n de mayores recursos para el sector de las artes y los artistas, esto ha favorecido la forma de creaci\u00f3n e interlocuci\u00f3n de los creadores con la ciudad y sus p\u00fablicos, de igual manera se han mejorado las alternativas de financiaci\u00f3n de las obras con capitales p\u00fablicos y privados e incluso con cooperaci\u00f3n internacional. \u201cTodos los eventos que hacemos permiten que los artistas de m\u00faltiples disciplinas est\u00e9n en contacto con sus audiencias, ser m\u00e1s competitivos para optimizar sus proyectos y fortalecer su creatividad, independientemente del camino que escojan, Idartes respeta la forma de producci\u00f3n de los artistas. No todos desean que su obra se comercialice, por tal raz\u00f3n se enfocan en lo comunitario o social, y eso es v\u00e1lido. Hay premios, becas y opciones para que mantengan este tipo de creaci\u00f3n seg\u00fan sus objetivos. Otros quieren integrar otros circuitos art\u00edsticos m\u00e1s fuertes, para ellos el Instituto es plataforma, los vincula con mercados, genera modelos de formaci\u00f3n, productividad, asociatividad y brinda variedad de posibilidades para crear e interactuar con ese ecosistema que cambia y es variable\u201d.<\/p>\n\n\n\n<p>Otro aspecto que destaca de su trabajo es el acercamiento del p\u00fablico con los artistas, y eso lo evidencia la asistencia r\u00e9cord a eventos, ya sean grandes festivales o de peque\u00f1o formato. \u201cEsto permite que la gente vuelva a creer en los artistas y quiera llenar los teatros, las salas de m\u00fasica, las galer\u00edas de arte y los espacios de literatura\u201d.<\/p>\n\n\n\n<p>Una de las banderas de su administraci\u00f3n es Respira el arte, un proyecto ambiental que naci\u00f3 a ra\u00edz de la pandemia en 2020, con el objetivo de transformar al sector art\u00edstico de Bogot\u00e1 hacia la sostenibilidad, que se basa en tres \u00e1reas fundamentales: eficiencia energ\u00e9tica, econom\u00eda consciente y la participaci\u00f3n de la comunidad, determinadas por la ODS, (Objetivos de Desarrollo Sostenible \u2013 ODS de las Naciones Unidas).<\/p>\n\n\n\n<p>Recientemente se lanz\u00f3 una gran iniciativa: La calculadora de huella de carbono, una herramienta web que permitir\u00e1 la medici\u00f3n del impacto ambiental generado por eventos y espect\u00e1culos art\u00edsticos. Indica las \u00e1reas de atenci\u00f3n clave y al mismo tiempo implementa acciones para la reducci\u00f3n el impacto ambiental de las pr\u00e1cticas art\u00edsticas, como son los gases de efecto invernadero emitidos por efecto directo o indirecto de un individuo, organizaci\u00f3n, evento o producto. \u201cSomos pioneros en el tema, en cinco a\u00f1os ser\u00e1 est\u00e1ndar, pero si los artistas y los gestores no trabajan en esa l\u00ednea, van a quedar por fuera de muchas posibilidades de negocio y de consecuci\u00f3n de negocios a futuro\u201d.<\/p>\n\n\n\n<p>Galeano comenta que se ha disminuido la cantidad de pl\u00e1stico de un solo uso en los eventos. \u201cSe han difundido mensajes masivos en los festivales al parque, desde hip hop del a\u00f1o pasado, pasando por rock y todos los de este a\u00f1o con un programa espec\u00edfico para festivales como M\u00e1s m\u00fasica menos pl\u00e1stico, que ha logrado reducir la cantidad de basura que se va al botadero y aumentar la cantidad de residuos aprovechables que toman nuestros socios recicladores. Esto ha motivado a que los artistas comiencen a ver su responsabilidad con el medio ambiente\u201d.<\/p>\n\n\n\n<p>Un desaf\u00edo relevante es el relacionado con la violencia de g\u00e9nero en industrias asociadas al arte. \u201cHay trazas de machismo y se nota tras escena. Esto ocurre en los cl\u00faster asociados a la producci\u00f3n y la gesti\u00f3n\u201d.<\/p>\n\n\n\n<p><strong>\u00bfC\u00f3mo ha crecido Idartes en los \u00faltimos a\u00f1os despu\u00e9s de la pandemia?<\/strong><\/p>\n\n\n\n<p>\u201cSe registr\u00f3 un crecimiento en presupuestos, incluso con los teatros cerrados en tiempo de pandemia. Demostramos que los recursos que se invierten en iniciativas relacionadas con el arte y la cultura retornan r\u00e1pido y generan un crecimiento econ\u00f3mico importante para creadores, gestores y productores\u201d.<\/p>\n\n\n\n<p>Galeano afirma que m\u00e1s que crecer, se transformaron algunas acciones tecnol\u00f3gicas como el desarrollo del software Pandora, un programa interno ideado por Idartes para mejorar la planeaci\u00f3n, contratacion e informaci\u00f3n en tiempo real que ahorra tiempo. Se ha venido desarrollando un observatorio de p\u00fablico de la mano con el observatorio de culturas, (que analiza y socializa el conocimiento sobre las pr\u00e1cticas y expresiones culturales de la ciudad).<\/p>\n\n\n\n<p>Otro aspecto importante es la creaci\u00f3n de Geoclick, una base de datos geolocalizada, que permite saber en d\u00f3nde est\u00e1n y que hacen los artistas, es de consulta abierta y est\u00e1 en la p\u00e1gina del Instituto. Cualquier persona puede acceder a esta. Por ejemplo si alguien quiere hacer una serenata, puede consultar y determinar qu\u00e9 grupos est\u00e1n cerca al lugar en donde vive. Se filtran los datos, el barrio, etc. Este sistema sirve como herramienta de informaci\u00f3n art\u00edstica, y tambi\u00e9n para tomar decisiones, en d\u00f3nde se puede hacer una inversi\u00f3n p\u00fablica seg\u00fan el inter\u00e9s del \u00e1rea del arte del interesado para generar demanda. Cultural local, es un programa que realiza Idartes, la Secretar\u00eda Distrital de Cultura, Recreaci\u00f3n y Deporte, y la Secretar\u00eda de Gobierno y los Fondos de Desarrollo Local para fortalecer el arte, la cultura y la recreaci\u00f3n de Bogot\u00e1. Se entregan est\u00edmulos econ\u00f3micos para promever proyectos art\u00edsticos y culturales de las localidades.<\/p>\n\n\n\n<p><strong>Con el advenimiento de la tecnolog\u00eda, especialmente con la inteligencia artificial, \u00bfQu\u00e9 ventajas y desventajas ves en el sector art\u00edstico y cultural en Colombia?<\/strong><\/p>\n\n\n\n<p>\u201cEn este momento est\u00e1 en auge la inteligencia artificial generativa, pero la inteligencia artificial est\u00e1 desde hace tiempo, ahora est\u00e1 masificada. Creo que es una excelente oportunidad para los creadores. Cualquier tecnolog\u00eda nueva puede percibirse de dos maneras: como una alternativa de desarrollo o como una amenaza. Se pueden crear proyectos a trav\u00e9s de plataformas de inteligencia artificial y crear animaciones, generar voces y textos, dramaturgia, m\u00fasica y propuestas gr\u00e1ficas. Los creadores toman esa herramienta para ser eficientes, expandir su creatividad y potenciarla. A veces cuando uno est\u00e1 creando se empatana. Los escritores tienen el s\u00edndrome de la hoja en blanco, o los que dibujan, entran en una etapa en la que nada fluye. La inteligencia artificial generativa permite crear a partir de las ideas, nuevas alternativas creativas. Ya mismo quisiera entrar en ese c\u00edrculo y empezar a ver c\u00f3mo integrar esas opciones que da la inteligencia artificial para crear obras. Es muy interesante y emocionante lo que est\u00e1 pasando en este momento. Esto parece intimidante pero ya hay personas e instituciones que est\u00e1n trabajando en eso. Idartes realiz\u00f3 un taller en la Cinemateca de&nbsp;Bogot\u00e1 sobre Feminismo e inteligencia artificial para la creaci\u00f3n\u201d.<\/p>\n\n\n\n<p><strong>Bogot\u00e1 es una ciudad extensa con 20 localidades, \u00bfqu\u00e9 lugares recomiendas visitar?\u200b<\/strong><\/p>\n\n\n\n<p>\u201cCada localidad tiene sitios interesantes para conocer, y no voy a nombrar los que est\u00e1n en el Centro de la ciudad. En Engativ\u00e1 est\u00e1 El Museo de arte moderno de la Universidad Minuto de Dios, tiene una de las colecciones de arte m\u00e1s interesantes, es inexplorado, nadie sabe que existe. En la localidad de Sumapaz, hay una reserva natural con lugares hermosos que permiten estar en contacto con la naturaleza y con toda la riqueza de agua que tiene Bogot\u00e1. Ciudad Bol\u00edvar, cuenta con un corredor art\u00edstico y cultural, al que se accede por la ruta del cable a\u00e9reo, que se inicia en el CEFE (Centro de la felicidad) del parque El Tunal, donde hay una cinemateca que es una extensi\u00f3n de la sede de Bogot\u00e1. Los fines de semana se proyectan pel\u00edculas con entrada libre. En esta localidad tambi\u00e9n est\u00e1 el Museo de la ciudad autoconstruida, que Idartes tiene con el Museo Distrital de Patrimonio que permite ver la evoluci\u00f3n de las formas de construcci\u00f3n de Bogot\u00e1. Tambi\u00e9n est\u00e1n: el Centro Manitas, donde se realizan talleres de formaci\u00f3n art\u00edstica para ni\u00f1os y adultos, el Centro Cultural de Sumapaz, una sede nueva que tiene programaci\u00f3n permanente y el teatro El Ensue\u00f1o, que es uno de los escenarios que hace parte de la Red de Equipamientos Sustentables de Bogot\u00e1, espacio para la danza, la m\u00fasica, el teatro, los t\u00edteres y el circo. En Suba, est\u00e1 la programaci\u00f3n que hay en el teatro Julio Mario Santodomingo, en donde se realizan espect\u00e1culos con la empresa privada, all\u00ed est\u00e1 ubicada la Biblioteca del Centro Cultural Teatro Mayor\u201d.<\/p>\n\n\n\n<p><strong>\u00bfQu\u00e9 actividades realiza Crea Idartes, Urais para ni\u00f1os, j\u00f3venes, adultos, Nidos y artistas independientes?<\/strong><\/p>\n\n\n\n<p>\u201cSe realizan 17.500 eventos al a\u00f1o sin contar las actividades de formaci\u00f3n. Existen 20 CREAS (Estrategia que hace parte del Plan de desarrollo Distrital) en 13 localidades en donde se hacen programas de educaci\u00f3n art\u00edstica dirigidos a ni\u00f1os mayores de siete a\u00f1os. Tambi\u00e9n hay unas l\u00edneas espec\u00edficas en CREA que permiten que j\u00f3venes que terminaron su capacitaci\u00f3n en arte puedan seguir integrados a procesos de emprendimiento y de fortalecimiento de la pr\u00e1ctica art\u00edstica. As\u00ed mismo, hay actividades y talleres para adultos. Las URAIS (Unidades de Reacci\u00f3n Art\u00edstica&nbsp;Inmediata), creadas para llevar eventos a toda la ciudad con formatos de circo y de lectura de cuentos a partir de una estrategia llamada Cu\u00e9ntame al o\u00eddo, en donde la gente se inscribe para que le lean cuentos por tel\u00e9fono porque algunas personas no pueden o no quieren salir de casa despu\u00e9s de pandemia. Nidos es el proyecto de arte para primera infancia, tenemos 23 lugares en Bogot\u00e1. Los artistas que pertenecen a este programa recorren Bogot\u00e1 llevando experiencias, modificando ambientes y trabajando con mam\u00e1s y beb\u00e9s desde del tercer trimestre de gestaci\u00f3n hasta los cinco a\u00f1os de edad. Es un programa \u00fanico en el mundo\u201d.<\/p>\n\n\n\n<p>\u201cPara artistas independientes hay espacios dedicados al arte y a la gesti\u00f3n.Ofrecemos una linea de fomento por medio de convocatorias asociadas a la ley de espect\u00e1culo p\u00fablico para artistas,colectivos y agrupaciones. Durante los cuatro a\u00f1os de gesti\u00f3n, Idartes destin\u00f3 $80.000 millones de pesos para sacar adelante las m\u00faltiples actividades programadas\u201d.<\/p>\n\n\n\n<p><strong>\u00bfC\u00f3mo unificas criterios con la Secretaria de cultura Recreaci\u00f3n y deporte y otras entidades para sacar adelante las m\u00faltiples actividades que se han programado?<\/strong><\/p>\n\n\n\n<p>\u201cNosotros hacemos parte del sector cultural y deporte. Nuestra cabeza del sector es la Secretar\u00eda de Cultura, Recreaci\u00f3n y Deporte, hacemos comit\u00e9s intersectoriales en donde participan: La Fundaci\u00f3n Gilberto Alzate Avenda\u00f1o, La Orquesta Filarm\u00f3nica de Bogot\u00e1, El Instituto Distrital del Patrimonio Cultural, el Instituto Distrital de Recreaci\u00f3n y Deporte, Canal Capital e Idartes. En esas reuniones nos ponemos de acuerdo, de c\u00f3mo vamos a articular los proyectos y los grandes eventos. Realizamos muchas mesas de trabajo, analizamos las agendas que tienen las otras entidades para trabajar temas asociados con las comunidades \u00e9tnicas, y colectivos juveniles o poblaci\u00f3n en condiciones de vulnerabilidad. Hablamos con los \u00e1reas de H\u00e1bitat y Ambiente para analizar los temas en com\u00fan. Todo el tiempo se coordinan actividades con la Alcald\u00eda Mayor, el Ministerio de Cultura y de Educaci\u00f3n para generar un trabajo en equipo y arm\u00f3nico\u201d.<\/p>\n\n\n\n<p><strong>Seg\u00fan las estad\u00edsticas de Idartes, \u00bfcu\u00e1ntas personas se han beneficiado de sus programas?<\/strong><\/p>\n\n\n\n<p>\u201cEn los cuatros a\u00f1os de la administraci\u00f3n han pasado por nuestros eventos 11 millones 650&nbsp;personas. En el \u00faltimo a\u00f1o, 3 millones de personas han disfrutado de nuestras actividades, y 56.000 artistas se han beneficiado de los est\u00edmulos, Cultura local, rotaci\u00f3n de festivales y de los procesos de formaci\u00f3n. Son cifras bien importantes para la ciudad\u201d.<\/p>\n\n\n\n<p><strong>\u00bfQu\u00e9 viene para ti en el 2024?<\/strong><\/p>\n\n\n\n<p>\u201cEl 2024 es incierto. Estoy trabajando en proyectos personales. Quiero volver a escribir, a crear y a montar obras de teatro\u201d.<\/p>\n\n\n\n<p><strong>\u00bfLe dejas terreno abonado a tu sucesor?<\/strong><\/p>\n\n\n\n<p>\u201cHay una lista de 56 legados que espero que la nueva administraci\u00f3n siga, en cuanto a la gesti\u00f3n de nuevos proyectos e iniciativas que antes no exist\u00edan. Dejamos un informe de gesti\u00f3n muy s\u00f3lido, sobre todo porque se construyeron de la mano de los artistas. Lo positivo que tenemos en Idartes es que las soluciones, alternativas, nuevos formatos y proyectos nacen del di\u00e1logo con ellos y sus ideas. Tenemos los Consejos Distritales y Locales, nos reunimos todo el tiempo, vamos a los territorios, escuchamos a los artistas, y a partir de esa retroalimentaci\u00f3n creamos nuevas formas de est\u00edmulos y procesos de participaci\u00f3n. Va a ser muy dif\u00edcil que la nueva administraci\u00f3n de el borr\u00f3n. Sabemos que no va a pasar porque justamente todo esto ha nacido del trabajo en equipo con los creadores\u201d.<\/p>\n\n\n\n<p><strong>La cultura se transmite a trav\u00e9s de la familia y cuando esta instituci\u00f3n deja de funcionar de manera adecuada el resultado es el deterioro de la cultura\u201d, dice Mario Vargas Llosa, \u00bfqu\u00e9 opinas?<\/strong><\/p>\n\n\n\n<p>\u201cEl Maestro Vargas Llosa es bastante conservador en sus apreciaciones. La familia es parte importante como primer medio de transmisi\u00f3n&nbsp;de cultura, pero hay otras instituciones que hacen este tipo de difusi\u00f3n. Yo agregar\u00eda una frase de Jerome Bruner que plantea que: La cultura es una forma de externalizar la mente y la mente es una manera de internalizar la cultura, esto genera un proceso de codependencia en donde adem\u00e1s de la familia, est\u00e1n las instituciones asociadas a los procesos educativos, as\u00ed como las mismas artes, la escuela, el contacto con la ciudad, los principios y valores culturales. La familia es un punto, de ah\u00ed naces, pero se nutre a lo largo de la vida. Ah\u00ed le preguntar\u00edamos al Maestro Vargas Llosa, qu\u00e9 considera \u00e9l como mal funcionamiento de la familia, si desde la psicolog\u00eda y la sociolog\u00eda no&nbsp;hay una sola manera de comprenderla\u201d.<\/p>\n\n\n\n<p><strong>Tambi\u00e9n eres escritor, \u00bfqu\u00e9 libros tienes en la mira?<\/strong><\/p>\n\n\n\n<p>\u201cUno sobre gesti\u00f3n p\u00fablica y artes. He escrito guion para tv y teatro. Tengo un par de publicaciones sobre investigaci\u00f3n sobre el teatro de t\u00edteres. Tambi\u00e9n le apuesto al audiovisual, tengo un par de ideas. Estoy definiendo si realizo un largo metraje o una mini serie sobre la vida de mi abuelo, que era un personaje bastante interesante y divertido de principios del siglo XX, y el otro ser\u00eda un tema de ficcion inspirado en mis hijos y en algunas an\u00e9cdotas. Tambi\u00e9n me gustar\u00eda hacer una obra de teatro de humor pol\u00edtico\u201d.<\/p>\n\n\n\n<p>Galeano es un hombre muy activo que trabaja los fines de semana, pero cuando sus actividades profesionales cambia de rutina. \u201cCompartir con mis hijos, hablar con ellos es muy divertido. A veces los invito a eventos de Idartes, pero se cansan y me dicen: Ya no m\u00e1s pap\u00e1, queremos hace otra cosa. Vamos al parque, vemos pel\u00edculas y leo\u201d.<\/p>\n\n\n\n<p>M\u00e1s informaci\u00f3n sobre esta edici\u00f3n&nbsp;<a href=\"https:\/\/artmagazinecolombia.com\/producto\/edicion-17\/\">aqu\u00ed<\/a><\/p>\n","protected":false},"excerpt":{"rendered":"<p>No te pierdas esta entrevista realizada a nuestro director por ArtMagazine Colombia [Esta entrevista&nbsp;hace parte de&nbsp;la edici\u00f3n n\u00famero 17 de la revista digital e independiente&nbsp;ArtMagazine Colombia] Por: Sara Herrera Fotos: Manuel Valle @vallefotograf\u00eda_artistavisual Es el director del Instituto Distrital de las Artes de Bogot\u00e1, Idartes. Entidad creada hace m\u00e1s de una d\u00e9cada, a la que [&hellip;]<\/p>\n","protected":false},"author":50,"featured_media":0,"comment_status":"open","ping_status":"open","sticky":false,"template":"","format":"standard","meta":{"footnotes":""},"categories":[1],"tags":[],"class_list":["post-877","post","type-post","status-publish","format-standard","hentry","category-sin-categoria"],"yoast_head":"<!-- This site is optimized with the Yoast SEO plugin v24.5 - https:\/\/yoast.com\/wordpress\/plugins\/seo\/ -->\n<title>Dirigir IDARTES es un PRIVILEGIO: Mauricio Galeano - Crea Roma<\/title>\n<meta name=\"robots\" content=\"index, follow, max-snippet:-1, max-image-preview:large, max-video-preview:-1\" \/>\n<link rel=\"canonical\" href=\"https:\/\/www.crea.gov.co\/crea-roma\/dirigir-idartes-es-un-privilegio-mauricio-galeano\/\" \/>\n<meta property=\"og:locale\" content=\"es_ES\" \/>\n<meta property=\"og:type\" content=\"article\" \/>\n<meta property=\"og:title\" content=\"Dirigir IDARTES es un PRIVILEGIO: Mauricio Galeano - Crea Roma\" \/>\n<meta property=\"og:description\" content=\"No te pierdas esta entrevista realizada a nuestro director por ArtMagazine Colombia [Esta entrevista&nbsp;hace parte de&nbsp;la edici\u00f3n n\u00famero 17 de la revista digital e independiente&nbsp;ArtMagazine Colombia] Por: Sara Herrera Fotos: Manuel Valle @vallefotograf\u00eda_artistavisual Es el director del Instituto Distrital de las Artes de Bogot\u00e1, Idartes. Entidad creada hace m\u00e1s de una d\u00e9cada, a la que [&hellip;]\" \/>\n<meta property=\"og:url\" content=\"https:\/\/www.crea.gov.co\/crea-roma\/dirigir-idartes-es-un-privilegio-mauricio-galeano\/\" \/>\n<meta property=\"og:site_name\" content=\"Crea Roma\" \/>\n<meta property=\"article:published_time\" content=\"2023-10-13T08:06:00+00:00\" \/>\n<meta property=\"og:image\" content=\"https:\/\/www.crea.gov.co\/crea-roma\/wp-content\/uploads\/sites\/10\/2023\/10\/image-2-1012x1024.png\" \/>\n<meta name=\"author\" content=\"taniamojica\" \/>\n<meta name=\"twitter:card\" content=\"summary_large_image\" \/>\n<meta name=\"twitter:label1\" content=\"Escrito por\" \/>\n\t<meta name=\"twitter:data1\" content=\"taniamojica\" \/>\n\t<meta name=\"twitter:label2\" content=\"Tiempo de lectura\" \/>\n\t<meta name=\"twitter:data2\" content=\"15 minutos\" \/>\n<script type=\"application\/ld+json\" class=\"yoast-schema-graph\">{\"@context\":\"https:\/\/schema.org\",\"@graph\":[{\"@type\":\"WebPage\",\"@id\":\"https:\/\/www.crea.gov.co\/crea-roma\/dirigir-idartes-es-un-privilegio-mauricio-galeano\/\",\"url\":\"https:\/\/www.crea.gov.co\/crea-roma\/dirigir-idartes-es-un-privilegio-mauricio-galeano\/\",\"name\":\"Dirigir IDARTES es un PRIVILEGIO: Mauricio Galeano - Crea Roma\",\"isPartOf\":{\"@id\":\"https:\/\/www.crea.gov.co\/crea-roma\/#website\"},\"primaryImageOfPage\":{\"@id\":\"https:\/\/www.crea.gov.co\/crea-roma\/dirigir-idartes-es-un-privilegio-mauricio-galeano\/#primaryimage\"},\"image\":{\"@id\":\"https:\/\/www.crea.gov.co\/crea-roma\/dirigir-idartes-es-un-privilegio-mauricio-galeano\/#primaryimage\"},\"thumbnailUrl\":\"https:\/\/www.crea.gov.co\/crea-roma\/wp-content\/uploads\/sites\/10\/2023\/10\/image-2-1012x1024.png\",\"datePublished\":\"2023-10-13T08:06:00+00:00\",\"author\":{\"@id\":\"https:\/\/www.crea.gov.co\/crea-roma\/#\/schema\/person\/4357b8ff2697b9645f7e00da293f0cac\"},\"breadcrumb\":{\"@id\":\"https:\/\/www.crea.gov.co\/crea-roma\/dirigir-idartes-es-un-privilegio-mauricio-galeano\/#breadcrumb\"},\"inLanguage\":\"es-CO\",\"potentialAction\":[{\"@type\":\"ReadAction\",\"target\":[\"https:\/\/www.crea.gov.co\/crea-roma\/dirigir-idartes-es-un-privilegio-mauricio-galeano\/\"]}]},{\"@type\":\"ImageObject\",\"inLanguage\":\"es-CO\",\"@id\":\"https:\/\/www.crea.gov.co\/crea-roma\/dirigir-idartes-es-un-privilegio-mauricio-galeano\/#primaryimage\",\"url\":\"https:\/\/www.crea.gov.co\/crea-roma\/wp-content\/uploads\/sites\/10\/2023\/10\/image-2.png\",\"contentUrl\":\"https:\/\/www.crea.gov.co\/crea-roma\/wp-content\/uploads\/sites\/10\/2023\/10\/image-2.png\",\"width\":4000,\"height\":4046},{\"@type\":\"BreadcrumbList\",\"@id\":\"https:\/\/www.crea.gov.co\/crea-roma\/dirigir-idartes-es-un-privilegio-mauricio-galeano\/#breadcrumb\",\"itemListElement\":[{\"@type\":\"ListItem\",\"position\":1,\"name\":\"Home\",\"item\":\"https:\/\/www.crea.gov.co\/crea-roma\/\"},{\"@type\":\"ListItem\",\"position\":2,\"name\":\"Dirigir IDARTES es un PRIVILEGIO: Mauricio Galeano\"}]},{\"@type\":\"WebSite\",\"@id\":\"https:\/\/www.crea.gov.co\/crea-roma\/#website\",\"url\":\"https:\/\/www.crea.gov.co\/crea-roma\/\",\"name\":\"Crea Roma\",\"description\":\"En Kennedy, rodeado de conjuntos y calles que guardan historias de familias que han crecido en el barrio, este espacio es un lugar donde la creatividad se entrelaza con la vida cotidiana. Aqu\u00ed, los lenguajes art\u00edsticos fortalecen lazos y dan voz a las experiencias de una comunidad que se reconoce en lo colectivo.\",\"potentialAction\":[{\"@type\":\"SearchAction\",\"target\":{\"@type\":\"EntryPoint\",\"urlTemplate\":\"https:\/\/www.crea.gov.co\/crea-roma\/?s={search_term_string}\"},\"query-input\":{\"@type\":\"PropertyValueSpecification\",\"valueRequired\":true,\"valueName\":\"search_term_string\"}}],\"inLanguage\":\"es-CO\"},{\"@type\":\"Person\",\"@id\":\"https:\/\/www.crea.gov.co\/crea-roma\/#\/schema\/person\/4357b8ff2697b9645f7e00da293f0cac\",\"name\":\"taniamojica\",\"image\":{\"@type\":\"ImageObject\",\"inLanguage\":\"es-CO\",\"@id\":\"https:\/\/www.crea.gov.co\/crea-roma\/#\/schema\/person\/image\/\",\"url\":\"https:\/\/secure.gravatar.com\/avatar\/3183a636b540b71ce9f3153f0ebadc3f?s=96&d=mm&r=g\",\"contentUrl\":\"https:\/\/secure.gravatar.com\/avatar\/3183a636b540b71ce9f3153f0ebadc3f?s=96&d=mm&r=g\",\"caption\":\"taniamojica\"},\"url\":\"https:\/\/www.crea.gov.co\/crea-roma\/author\/taniamojica\/\"}]}<\/script>\n<!-- \/ Yoast SEO plugin. -->","yoast_head_json":{"title":"Dirigir IDARTES es un PRIVILEGIO: Mauricio Galeano - Crea Roma","robots":{"index":"index","follow":"follow","max-snippet":"max-snippet:-1","max-image-preview":"max-image-preview:large","max-video-preview":"max-video-preview:-1"},"canonical":"https:\/\/www.crea.gov.co\/crea-roma\/dirigir-idartes-es-un-privilegio-mauricio-galeano\/","og_locale":"es_ES","og_type":"article","og_title":"Dirigir IDARTES es un PRIVILEGIO: Mauricio Galeano - Crea Roma","og_description":"No te pierdas esta entrevista realizada a nuestro director por ArtMagazine Colombia [Esta entrevista&nbsp;hace parte de&nbsp;la edici\u00f3n n\u00famero 17 de la revista digital e independiente&nbsp;ArtMagazine Colombia] Por: Sara Herrera Fotos: Manuel Valle @vallefotograf\u00eda_artistavisual Es el director del Instituto Distrital de las Artes de Bogot\u00e1, Idartes. Entidad creada hace m\u00e1s de una d\u00e9cada, a la que [&hellip;]","og_url":"https:\/\/www.crea.gov.co\/crea-roma\/dirigir-idartes-es-un-privilegio-mauricio-galeano\/","og_site_name":"Crea Roma","article_published_time":"2023-10-13T08:06:00+00:00","og_image":[{"url":"https:\/\/www.crea.gov.co\/crea-roma\/wp-content\/uploads\/sites\/10\/2023\/10\/image-2-1012x1024.png","type":"","width":"","height":""}],"author":"taniamojica","twitter_card":"summary_large_image","twitter_misc":{"Escrito por":"taniamojica","Tiempo de lectura":"15 minutos"},"schema":{"@context":"https:\/\/schema.org","@graph":[{"@type":"WebPage","@id":"https:\/\/www.crea.gov.co\/crea-roma\/dirigir-idartes-es-un-privilegio-mauricio-galeano\/","url":"https:\/\/www.crea.gov.co\/crea-roma\/dirigir-idartes-es-un-privilegio-mauricio-galeano\/","name":"Dirigir IDARTES es un PRIVILEGIO: Mauricio Galeano - Crea Roma","isPartOf":{"@id":"https:\/\/www.crea.gov.co\/crea-roma\/#website"},"primaryImageOfPage":{"@id":"https:\/\/www.crea.gov.co\/crea-roma\/dirigir-idartes-es-un-privilegio-mauricio-galeano\/#primaryimage"},"image":{"@id":"https:\/\/www.crea.gov.co\/crea-roma\/dirigir-idartes-es-un-privilegio-mauricio-galeano\/#primaryimage"},"thumbnailUrl":"https:\/\/www.crea.gov.co\/crea-roma\/wp-content\/uploads\/sites\/10\/2023\/10\/image-2-1012x1024.png","datePublished":"2023-10-13T08:06:00+00:00","author":{"@id":"https:\/\/www.crea.gov.co\/crea-roma\/#\/schema\/person\/4357b8ff2697b9645f7e00da293f0cac"},"breadcrumb":{"@id":"https:\/\/www.crea.gov.co\/crea-roma\/dirigir-idartes-es-un-privilegio-mauricio-galeano\/#breadcrumb"},"inLanguage":"es-CO","potentialAction":[{"@type":"ReadAction","target":["https:\/\/www.crea.gov.co\/crea-roma\/dirigir-idartes-es-un-privilegio-mauricio-galeano\/"]}]},{"@type":"ImageObject","inLanguage":"es-CO","@id":"https:\/\/www.crea.gov.co\/crea-roma\/dirigir-idartes-es-un-privilegio-mauricio-galeano\/#primaryimage","url":"https:\/\/www.crea.gov.co\/crea-roma\/wp-content\/uploads\/sites\/10\/2023\/10\/image-2.png","contentUrl":"https:\/\/www.crea.gov.co\/crea-roma\/wp-content\/uploads\/sites\/10\/2023\/10\/image-2.png","width":4000,"height":4046},{"@type":"BreadcrumbList","@id":"https:\/\/www.crea.gov.co\/crea-roma\/dirigir-idartes-es-un-privilegio-mauricio-galeano\/#breadcrumb","itemListElement":[{"@type":"ListItem","position":1,"name":"Home","item":"https:\/\/www.crea.gov.co\/crea-roma\/"},{"@type":"ListItem","position":2,"name":"Dirigir IDARTES es un PRIVILEGIO: Mauricio Galeano"}]},{"@type":"WebSite","@id":"https:\/\/www.crea.gov.co\/crea-roma\/#website","url":"https:\/\/www.crea.gov.co\/crea-roma\/","name":"Crea Roma","description":"En Kennedy, rodeado de conjuntos y calles que guardan historias de familias que han crecido en el barrio, este espacio es un lugar donde la creatividad se entrelaza con la vida cotidiana. Aqu\u00ed, los lenguajes art\u00edsticos fortalecen lazos y dan voz a las experiencias de una comunidad que se reconoce en lo colectivo.","potentialAction":[{"@type":"SearchAction","target":{"@type":"EntryPoint","urlTemplate":"https:\/\/www.crea.gov.co\/crea-roma\/?s={search_term_string}"},"query-input":{"@type":"PropertyValueSpecification","valueRequired":true,"valueName":"search_term_string"}}],"inLanguage":"es-CO"},{"@type":"Person","@id":"https:\/\/www.crea.gov.co\/crea-roma\/#\/schema\/person\/4357b8ff2697b9645f7e00da293f0cac","name":"taniamojica","image":{"@type":"ImageObject","inLanguage":"es-CO","@id":"https:\/\/www.crea.gov.co\/crea-roma\/#\/schema\/person\/image\/","url":"https:\/\/secure.gravatar.com\/avatar\/3183a636b540b71ce9f3153f0ebadc3f?s=96&d=mm&r=g","contentUrl":"https:\/\/secure.gravatar.com\/avatar\/3183a636b540b71ce9f3153f0ebadc3f?s=96&d=mm&r=g","caption":"taniamojica"},"url":"https:\/\/www.crea.gov.co\/crea-roma\/author\/taniamojica\/"}]}},"_links":{"self":[{"href":"https:\/\/www.crea.gov.co\/crea-roma\/wp-json\/wp\/v2\/posts\/877","targetHints":{"allow":["GET"]}}],"collection":[{"href":"https:\/\/www.crea.gov.co\/crea-roma\/wp-json\/wp\/v2\/posts"}],"about":[{"href":"https:\/\/www.crea.gov.co\/crea-roma\/wp-json\/wp\/v2\/types\/post"}],"author":[{"embeddable":true,"href":"https:\/\/www.crea.gov.co\/crea-roma\/wp-json\/wp\/v2\/users\/50"}],"replies":[{"embeddable":true,"href":"https:\/\/www.crea.gov.co\/crea-roma\/wp-json\/wp\/v2\/comments?post=877"}],"version-history":[{"count":1,"href":"https:\/\/www.crea.gov.co\/crea-roma\/wp-json\/wp\/v2\/posts\/877\/revisions"}],"predecessor-version":[{"id":879,"href":"https:\/\/www.crea.gov.co\/crea-roma\/wp-json\/wp\/v2\/posts\/877\/revisions\/879"}],"wp:attachment":[{"href":"https:\/\/www.crea.gov.co\/crea-roma\/wp-json\/wp\/v2\/media?parent=877"}],"wp:term":[{"taxonomy":"category","embeddable":true,"href":"https:\/\/www.crea.gov.co\/crea-roma\/wp-json\/wp\/v2\/categories?post=877"},{"taxonomy":"post_tag","embeddable":true,"href":"https:\/\/www.crea.gov.co\/crea-roma\/wp-json\/wp\/v2\/tags?post=877"}],"curies":[{"name":"wp","href":"https:\/\/api.w.org\/{rel}","templated":true}]}}