{"id":874,"date":"2023-10-08T00:00:00","date_gmt":"2023-10-08T00:00:00","guid":{"rendered":"https:\/\/www.crea.gov.co\/crea-roma\/?p=874"},"modified":"2023-10-06T17:06:42","modified_gmt":"2023-10-06T17:06:42","slug":"la-vacaciones-recreativas-de-octubre-se-disfrutan-en-la-cinemateca","status":"publish","type":"post","link":"https:\/\/www.crea.gov.co\/crea-roma\/la-vacaciones-recreativas-de-octubre-se-disfrutan-en-la-cinemateca\/","title":{"rendered":"La Vacaciones Recreativas de octubre se disfrutan en la Cinemateca"},"content":{"rendered":"\n<p>Del 10 al 14 de octubre, la Cinemateca tiene preparada para la semana de receso escolar una agenda de actividades para todas las edades.<\/p>\n\n\n\n<figure class=\"wp-block-image\"><img decoding=\"async\" src=\"https:\/\/www.idartes.gov.co\/sites\/default\/files\/styles\/crop_imgpricipalnoticias\/public\/noticiasimg2\/2023-09\/Vacaciones_recreativas_Cinemateca_2021%40_juan_santacruz_-17%20%282%29.jpeg?h=db3fd144&amp;itok=o402ko-9\" alt=\"Vacaciones Recreativas \" title=\"Vacaciones Recreativas \" \/><\/figure>\n\n\n\n<p>Lunes, Octubre 2, 2023 &#8211; 08:00<\/p>\n\n\n\n<p>El programa&nbsp;<strong>Vive la Cinemateca,<\/strong>&nbsp;del&nbsp;<a href=\"https:\/\/cinematecadebogota.gov.co\/\" target=\"_blank\" rel=\"noreferrer noopener\"><strong>Centro Cultural de las Artes Audiovisuales<\/strong><\/a>&nbsp;del&nbsp;<strong><a href=\"https:\/\/www.idartes.gov.co\/es\">Instituto Distrital de la Artes &#8211; Idartes<\/a><\/strong>, presenta una programaci\u00f3n alternativa para el p\u00fablico que vivir\u00e1 la semana de descanso escolar en la Capital y que busca actividades tranquilas, divertidas y con aprendizaje para explorar en familia.&nbsp;<\/p>\n\n\n\n<p><strong>Vacaciones Recreativas<\/strong>&nbsp;es una iniciativa que tiene como misi\u00f3n promover y aprovechar el uso del tiempo libre, en alternancia con los deberes escolares, este espacio permitir\u00e1 que los m\u00e1s j\u00f3venes puedan aprender, disfrutar y crear mundos de fantas\u00eda por medio de experiencias sonoras y visuales. De esta manera, podr\u00e1n acercarse al mundo m\u00e1gico y lleno de posibilidades del cine y las artes audiovisuales.&nbsp;<\/p>\n\n\n\n<p>Durante una semana los ni\u00f1os, ni\u00f1as y j\u00f3venes y sus&nbsp; familias ser\u00e1n los visitantes ilustres de la&nbsp;<a href=\"https:\/\/cinematecadebogota.gov.co\/\" target=\"_blank\" rel=\"noreferrer noopener\">Cinemateca de Bogot\u00e1<\/a>. Y como es habitual, en las Vacaciones Recreativas no puede faltar la marat\u00f3n de actividades de un solo d\u00eda, conocida como&nbsp;<a href=\"https:\/\/cinematecadebogota.gov.co\/actividad\/tomate-cinemateca-5\" target=\"_blank\" rel=\"noreferrer noopener\"><strong>T\u00f3mate de Cinemateca<\/strong><\/a>, que se llevar\u00e1 a cabo el s\u00e1bado 14 de octubre.<\/p>\n\n\n\n<p>La&nbsp;<strong>Sala Rayito<\/strong>, espacio para ni\u00f1os y ni\u00f1as entre los 0 a 5 a\u00f1os, contar\u00e1 con la experiencia art\u00edstica&nbsp;<strong><em>Espectro<\/em><\/strong>&nbsp;los d\u00edas 10 y 11 de octubre; y el 14 de octubre, en el marco del&nbsp;<a href=\"https:\/\/cinematecadebogota.gov.co\/actividad\/tomate-cinemateca-5\" target=\"_blank\" rel=\"noreferrer noopener\"><strong>T\u00f3mate la Cinemateca<\/strong><\/a>, tendr\u00e1&nbsp;<strong><em>El insecto dorado de la Marquesa<\/em><\/strong>. Las dos actividades manejar\u00e1n los siguientes horarios: 10:00 a.m.,11:00 a.m. y 2:00 p.m.<\/p>\n\n\n\n<p>Dentro de la agenda de talleres y experiencias se encuentra:&nbsp;<strong>Creaci\u00f3n de artefactos: m\u00e1quina de historias, Transforma la web con c\u00f3digo, Creando Realidad Virtual, La magia de la animaci\u00f3n hecha con las manos, Descubriendo el audiovisual m\u00e1s visual, Im\u00e1genes que se mueven<\/strong>&nbsp;y el Laboratorio&nbsp;<strong>Animaci\u00f3n y PixelAcci\u00f3n<\/strong>, entre otros, inspirados en el juego y la creaci\u00f3n. As\u00ed mismo, los asistentes podr\u00e1n participar de la&nbsp;<strong>Estaci\u00f3n de maquillaje de fantas\u00eda, Pantallas divertidas<\/strong>&nbsp;y juegos de realidad virtual.&nbsp;<\/p>\n\n\n\n<p>La&nbsp;<strong>Franja Infantil<\/strong>&nbsp;presentar\u00e1 la pel\u00edcula animada&nbsp;<em><strong>Los Super Descendientes<\/strong><\/em>&nbsp;y la&nbsp;<strong>Franja Juvenil<\/strong>,&nbsp;&nbsp;<em><strong>La Puerta Secreta<\/strong><\/em>.<\/p>\n\n\n\n<p>Para culminar las vacaciones el&nbsp;<strong>14 de octubre<\/strong>&nbsp;en la nueva edici\u00f3n del&nbsp;<a href=\"https:\/\/cinematecadebogota.gov.co\/actividad\/tomate-cinemateca-5\" target=\"_blank\" rel=\"noreferrer noopener\"><strong>T\u00f3mate la Cinemateca<\/strong><\/a>&nbsp;se realizar\u00e1 un especial de Halloween, una d\u00eda para vestirse con el disfraz de los personajes favoritos y vivir la marat\u00f3n de actividades de un solo d\u00eda donde se mezclan las artes audiovisuales, la m\u00fasica con el concierto de&nbsp;<strong>Tu Rockcito<\/strong>, la danza, el teatro del juguete con la obra&nbsp;<em><strong>Zorro<\/strong><\/em>, la literatura con el&nbsp;<strong>Picnic Literario&nbsp;<\/strong>y&nbsp;<strong>Libro Al Viento<\/strong>,&nbsp;<strong>Proyecciones en Domo<\/strong>, entre otras. Ser\u00e1 un d\u00eda especial para compartir en familia y amigos.&nbsp;<\/p>\n\n\n\n<p><a href=\"https:\/\/cinematecadebogota.gov.co\/actividad\/vacaciones-recreativas-6\" target=\"_blank\" rel=\"noreferrer noopener\"><strong>Vacaciones Recreativas<\/strong><\/a>&nbsp;hace parte del&nbsp;<strong>Programa \u00a1Vive la Cinemateca!<\/strong>&nbsp;que busca llegar al p\u00fablico infantil y familiar para acercarlo al universo de las artes audiovisuales. Sugerimos consultar la&nbsp;<strong><a href=\"https:\/\/cinematecadebogota.gov.co\/actividad\/vacaciones-recreativas-6\" target=\"_blank\" rel=\"noreferrer noopener\">agenda detallada<\/a><\/strong>&nbsp;de la programaci\u00f3n.&nbsp;<\/p>\n","protected":false},"excerpt":{"rendered":"<p>Del 10 al 14 de octubre, la Cinemateca tiene preparada para la semana de receso escolar una agenda de actividades para todas las edades. Lunes, Octubre 2, 2023 &#8211; 08:00 El programa&nbsp;Vive la Cinemateca,&nbsp;del&nbsp;Centro Cultural de las Artes Audiovisuales&nbsp;del&nbsp;Instituto Distrital de la Artes &#8211; Idartes, presenta una programaci\u00f3n alternativa para el p\u00fablico que vivir\u00e1 la [&hellip;]<\/p>\n","protected":false},"author":50,"featured_media":0,"comment_status":"open","ping_status":"open","sticky":false,"template":"","format":"standard","meta":{"footnotes":""},"categories":[1],"tags":[],"class_list":["post-874","post","type-post","status-publish","format-standard","hentry","category-sin-categoria"],"yoast_head":"<!-- This site is optimized with the Yoast SEO plugin v24.5 - https:\/\/yoast.com\/wordpress\/plugins\/seo\/ -->\n<title>La Vacaciones Recreativas de octubre se disfrutan en la Cinemateca - Crea Roma<\/title>\n<meta name=\"robots\" content=\"index, follow, max-snippet:-1, max-image-preview:large, max-video-preview:-1\" \/>\n<link rel=\"canonical\" href=\"https:\/\/www.crea.gov.co\/crea-roma\/la-vacaciones-recreativas-de-octubre-se-disfrutan-en-la-cinemateca\/\" \/>\n<meta property=\"og:locale\" content=\"es_ES\" \/>\n<meta property=\"og:type\" content=\"article\" \/>\n<meta property=\"og:title\" content=\"La Vacaciones Recreativas de octubre se disfrutan en la Cinemateca - Crea Roma\" \/>\n<meta property=\"og:description\" content=\"Del 10 al 14 de octubre, la Cinemateca tiene preparada para la semana de receso escolar una agenda de actividades para todas las edades. Lunes, Octubre 2, 2023 &#8211; 08:00 El programa&nbsp;Vive la Cinemateca,&nbsp;del&nbsp;Centro Cultural de las Artes Audiovisuales&nbsp;del&nbsp;Instituto Distrital de la Artes &#8211; Idartes, presenta una programaci\u00f3n alternativa para el p\u00fablico que vivir\u00e1 la [&hellip;]\" \/>\n<meta property=\"og:url\" content=\"https:\/\/www.crea.gov.co\/crea-roma\/la-vacaciones-recreativas-de-octubre-se-disfrutan-en-la-cinemateca\/\" \/>\n<meta property=\"og:site_name\" content=\"Crea Roma\" \/>\n<meta property=\"article:published_time\" content=\"2023-10-08T00:00:00+00:00\" \/>\n<meta property=\"og:image\" content=\"https:\/\/www.idartes.gov.co\/sites\/default\/files\/styles\/crop_imgpricipalnoticias\/public\/noticiasimg2\/2023-09\/Vacaciones_recreativas_Cinemateca_2021%40_juan_santacruz_-17%20%282%29.jpeg?h=db3fd144&amp;itok=o402ko-9\" \/>\n<meta name=\"author\" content=\"taniamojica\" \/>\n<meta name=\"twitter:card\" content=\"summary_large_image\" \/>\n<meta name=\"twitter:label1\" content=\"Escrito por\" \/>\n\t<meta name=\"twitter:data1\" content=\"taniamojica\" \/>\n\t<meta name=\"twitter:label2\" content=\"Tiempo de lectura\" \/>\n\t<meta name=\"twitter:data2\" content=\"3 minutos\" \/>\n<script type=\"application\/ld+json\" class=\"yoast-schema-graph\">{\"@context\":\"https:\/\/schema.org\",\"@graph\":[{\"@type\":\"WebPage\",\"@id\":\"https:\/\/www.crea.gov.co\/crea-roma\/la-vacaciones-recreativas-de-octubre-se-disfrutan-en-la-cinemateca\/\",\"url\":\"https:\/\/www.crea.gov.co\/crea-roma\/la-vacaciones-recreativas-de-octubre-se-disfrutan-en-la-cinemateca\/\",\"name\":\"La Vacaciones Recreativas de octubre se disfrutan en la Cinemateca - Crea Roma\",\"isPartOf\":{\"@id\":\"https:\/\/www.crea.gov.co\/crea-roma\/#website\"},\"primaryImageOfPage\":{\"@id\":\"https:\/\/www.crea.gov.co\/crea-roma\/la-vacaciones-recreativas-de-octubre-se-disfrutan-en-la-cinemateca\/#primaryimage\"},\"image\":{\"@id\":\"https:\/\/www.crea.gov.co\/crea-roma\/la-vacaciones-recreativas-de-octubre-se-disfrutan-en-la-cinemateca\/#primaryimage\"},\"thumbnailUrl\":\"https:\/\/www.idartes.gov.co\/sites\/default\/files\/styles\/crop_imgpricipalnoticias\/public\/noticiasimg2\/2023-09\/Vacaciones_recreativas_Cinemateca_2021%40_juan_santacruz_-17%20%282%29.jpeg?h=db3fd144&amp;itok=o402ko-9\",\"datePublished\":\"2023-10-08T00:00:00+00:00\",\"author\":{\"@id\":\"https:\/\/www.crea.gov.co\/crea-roma\/#\/schema\/person\/4357b8ff2697b9645f7e00da293f0cac\"},\"breadcrumb\":{\"@id\":\"https:\/\/www.crea.gov.co\/crea-roma\/la-vacaciones-recreativas-de-octubre-se-disfrutan-en-la-cinemateca\/#breadcrumb\"},\"inLanguage\":\"es-CO\",\"potentialAction\":[{\"@type\":\"ReadAction\",\"target\":[\"https:\/\/www.crea.gov.co\/crea-roma\/la-vacaciones-recreativas-de-octubre-se-disfrutan-en-la-cinemateca\/\"]}]},{\"@type\":\"ImageObject\",\"inLanguage\":\"es-CO\",\"@id\":\"https:\/\/www.crea.gov.co\/crea-roma\/la-vacaciones-recreativas-de-octubre-se-disfrutan-en-la-cinemateca\/#primaryimage\",\"url\":\"https:\/\/www.idartes.gov.co\/sites\/default\/files\/styles\/crop_imgpricipalnoticias\/public\/noticiasimg2\/2023-09\/Vacaciones_recreativas_Cinemateca_2021%40_juan_santacruz_-17%20%282%29.jpeg?h=db3fd144&amp;itok=o402ko-9\",\"contentUrl\":\"https:\/\/www.idartes.gov.co\/sites\/default\/files\/styles\/crop_imgpricipalnoticias\/public\/noticiasimg2\/2023-09\/Vacaciones_recreativas_Cinemateca_2021%40_juan_santacruz_-17%20%282%29.jpeg?h=db3fd144&amp;itok=o402ko-9\"},{\"@type\":\"BreadcrumbList\",\"@id\":\"https:\/\/www.crea.gov.co\/crea-roma\/la-vacaciones-recreativas-de-octubre-se-disfrutan-en-la-cinemateca\/#breadcrumb\",\"itemListElement\":[{\"@type\":\"ListItem\",\"position\":1,\"name\":\"Home\",\"item\":\"https:\/\/www.crea.gov.co\/crea-roma\/\"},{\"@type\":\"ListItem\",\"position\":2,\"name\":\"La Vacaciones Recreativas de octubre se disfrutan en la Cinemateca\"}]},{\"@type\":\"WebSite\",\"@id\":\"https:\/\/www.crea.gov.co\/crea-roma\/#website\",\"url\":\"https:\/\/www.crea.gov.co\/crea-roma\/\",\"name\":\"Crea Roma\",\"description\":\"En Kennedy, rodeado de conjuntos y calles que guardan historias de familias que han crecido en el barrio, este espacio es un lugar donde la creatividad se entrelaza con la vida cotidiana. Aqu\u00ed, los lenguajes art\u00edsticos fortalecen lazos y dan voz a las experiencias de una comunidad que se reconoce en lo colectivo.\",\"potentialAction\":[{\"@type\":\"SearchAction\",\"target\":{\"@type\":\"EntryPoint\",\"urlTemplate\":\"https:\/\/www.crea.gov.co\/crea-roma\/?s={search_term_string}\"},\"query-input\":{\"@type\":\"PropertyValueSpecification\",\"valueRequired\":true,\"valueName\":\"search_term_string\"}}],\"inLanguage\":\"es-CO\"},{\"@type\":\"Person\",\"@id\":\"https:\/\/www.crea.gov.co\/crea-roma\/#\/schema\/person\/4357b8ff2697b9645f7e00da293f0cac\",\"name\":\"taniamojica\",\"image\":{\"@type\":\"ImageObject\",\"inLanguage\":\"es-CO\",\"@id\":\"https:\/\/www.crea.gov.co\/crea-roma\/#\/schema\/person\/image\/\",\"url\":\"https:\/\/secure.gravatar.com\/avatar\/3183a636b540b71ce9f3153f0ebadc3f?s=96&d=mm&r=g\",\"contentUrl\":\"https:\/\/secure.gravatar.com\/avatar\/3183a636b540b71ce9f3153f0ebadc3f?s=96&d=mm&r=g\",\"caption\":\"taniamojica\"},\"url\":\"https:\/\/www.crea.gov.co\/crea-roma\/author\/taniamojica\/\"}]}<\/script>\n<!-- \/ Yoast SEO plugin. -->","yoast_head_json":{"title":"La Vacaciones Recreativas de octubre se disfrutan en la Cinemateca - Crea Roma","robots":{"index":"index","follow":"follow","max-snippet":"max-snippet:-1","max-image-preview":"max-image-preview:large","max-video-preview":"max-video-preview:-1"},"canonical":"https:\/\/www.crea.gov.co\/crea-roma\/la-vacaciones-recreativas-de-octubre-se-disfrutan-en-la-cinemateca\/","og_locale":"es_ES","og_type":"article","og_title":"La Vacaciones Recreativas de octubre se disfrutan en la Cinemateca - Crea Roma","og_description":"Del 10 al 14 de octubre, la Cinemateca tiene preparada para la semana de receso escolar una agenda de actividades para todas las edades. Lunes, Octubre 2, 2023 &#8211; 08:00 El programa&nbsp;Vive la Cinemateca,&nbsp;del&nbsp;Centro Cultural de las Artes Audiovisuales&nbsp;del&nbsp;Instituto Distrital de la Artes &#8211; Idartes, presenta una programaci\u00f3n alternativa para el p\u00fablico que vivir\u00e1 la [&hellip;]","og_url":"https:\/\/www.crea.gov.co\/crea-roma\/la-vacaciones-recreativas-de-octubre-se-disfrutan-en-la-cinemateca\/","og_site_name":"Crea Roma","article_published_time":"2023-10-08T00:00:00+00:00","og_image":[{"url":"https:\/\/www.idartes.gov.co\/sites\/default\/files\/styles\/crop_imgpricipalnoticias\/public\/noticiasimg2\/2023-09\/Vacaciones_recreativas_Cinemateca_2021%40_juan_santacruz_-17%20%282%29.jpeg?h=db3fd144&amp;itok=o402ko-9","type":"","width":"","height":""}],"author":"taniamojica","twitter_card":"summary_large_image","twitter_misc":{"Escrito por":"taniamojica","Tiempo de lectura":"3 minutos"},"schema":{"@context":"https:\/\/schema.org","@graph":[{"@type":"WebPage","@id":"https:\/\/www.crea.gov.co\/crea-roma\/la-vacaciones-recreativas-de-octubre-se-disfrutan-en-la-cinemateca\/","url":"https:\/\/www.crea.gov.co\/crea-roma\/la-vacaciones-recreativas-de-octubre-se-disfrutan-en-la-cinemateca\/","name":"La Vacaciones Recreativas de octubre se disfrutan en la Cinemateca - Crea Roma","isPartOf":{"@id":"https:\/\/www.crea.gov.co\/crea-roma\/#website"},"primaryImageOfPage":{"@id":"https:\/\/www.crea.gov.co\/crea-roma\/la-vacaciones-recreativas-de-octubre-se-disfrutan-en-la-cinemateca\/#primaryimage"},"image":{"@id":"https:\/\/www.crea.gov.co\/crea-roma\/la-vacaciones-recreativas-de-octubre-se-disfrutan-en-la-cinemateca\/#primaryimage"},"thumbnailUrl":"https:\/\/www.idartes.gov.co\/sites\/default\/files\/styles\/crop_imgpricipalnoticias\/public\/noticiasimg2\/2023-09\/Vacaciones_recreativas_Cinemateca_2021%40_juan_santacruz_-17%20%282%29.jpeg?h=db3fd144&amp;itok=o402ko-9","datePublished":"2023-10-08T00:00:00+00:00","author":{"@id":"https:\/\/www.crea.gov.co\/crea-roma\/#\/schema\/person\/4357b8ff2697b9645f7e00da293f0cac"},"breadcrumb":{"@id":"https:\/\/www.crea.gov.co\/crea-roma\/la-vacaciones-recreativas-de-octubre-se-disfrutan-en-la-cinemateca\/#breadcrumb"},"inLanguage":"es-CO","potentialAction":[{"@type":"ReadAction","target":["https:\/\/www.crea.gov.co\/crea-roma\/la-vacaciones-recreativas-de-octubre-se-disfrutan-en-la-cinemateca\/"]}]},{"@type":"ImageObject","inLanguage":"es-CO","@id":"https:\/\/www.crea.gov.co\/crea-roma\/la-vacaciones-recreativas-de-octubre-se-disfrutan-en-la-cinemateca\/#primaryimage","url":"https:\/\/www.idartes.gov.co\/sites\/default\/files\/styles\/crop_imgpricipalnoticias\/public\/noticiasimg2\/2023-09\/Vacaciones_recreativas_Cinemateca_2021%40_juan_santacruz_-17%20%282%29.jpeg?h=db3fd144&amp;itok=o402ko-9","contentUrl":"https:\/\/www.idartes.gov.co\/sites\/default\/files\/styles\/crop_imgpricipalnoticias\/public\/noticiasimg2\/2023-09\/Vacaciones_recreativas_Cinemateca_2021%40_juan_santacruz_-17%20%282%29.jpeg?h=db3fd144&amp;itok=o402ko-9"},{"@type":"BreadcrumbList","@id":"https:\/\/www.crea.gov.co\/crea-roma\/la-vacaciones-recreativas-de-octubre-se-disfrutan-en-la-cinemateca\/#breadcrumb","itemListElement":[{"@type":"ListItem","position":1,"name":"Home","item":"https:\/\/www.crea.gov.co\/crea-roma\/"},{"@type":"ListItem","position":2,"name":"La Vacaciones Recreativas de octubre se disfrutan en la Cinemateca"}]},{"@type":"WebSite","@id":"https:\/\/www.crea.gov.co\/crea-roma\/#website","url":"https:\/\/www.crea.gov.co\/crea-roma\/","name":"Crea Roma","description":"En Kennedy, rodeado de conjuntos y calles que guardan historias de familias que han crecido en el barrio, este espacio es un lugar donde la creatividad se entrelaza con la vida cotidiana. Aqu\u00ed, los lenguajes art\u00edsticos fortalecen lazos y dan voz a las experiencias de una comunidad que se reconoce en lo colectivo.","potentialAction":[{"@type":"SearchAction","target":{"@type":"EntryPoint","urlTemplate":"https:\/\/www.crea.gov.co\/crea-roma\/?s={search_term_string}"},"query-input":{"@type":"PropertyValueSpecification","valueRequired":true,"valueName":"search_term_string"}}],"inLanguage":"es-CO"},{"@type":"Person","@id":"https:\/\/www.crea.gov.co\/crea-roma\/#\/schema\/person\/4357b8ff2697b9645f7e00da293f0cac","name":"taniamojica","image":{"@type":"ImageObject","inLanguage":"es-CO","@id":"https:\/\/www.crea.gov.co\/crea-roma\/#\/schema\/person\/image\/","url":"https:\/\/secure.gravatar.com\/avatar\/3183a636b540b71ce9f3153f0ebadc3f?s=96&d=mm&r=g","contentUrl":"https:\/\/secure.gravatar.com\/avatar\/3183a636b540b71ce9f3153f0ebadc3f?s=96&d=mm&r=g","caption":"taniamojica"},"url":"https:\/\/www.crea.gov.co\/crea-roma\/author\/taniamojica\/"}]}},"_links":{"self":[{"href":"https:\/\/www.crea.gov.co\/crea-roma\/wp-json\/wp\/v2\/posts\/874","targetHints":{"allow":["GET"]}}],"collection":[{"href":"https:\/\/www.crea.gov.co\/crea-roma\/wp-json\/wp\/v2\/posts"}],"about":[{"href":"https:\/\/www.crea.gov.co\/crea-roma\/wp-json\/wp\/v2\/types\/post"}],"author":[{"embeddable":true,"href":"https:\/\/www.crea.gov.co\/crea-roma\/wp-json\/wp\/v2\/users\/50"}],"replies":[{"embeddable":true,"href":"https:\/\/www.crea.gov.co\/crea-roma\/wp-json\/wp\/v2\/comments?post=874"}],"version-history":[{"count":1,"href":"https:\/\/www.crea.gov.co\/crea-roma\/wp-json\/wp\/v2\/posts\/874\/revisions"}],"predecessor-version":[{"id":876,"href":"https:\/\/www.crea.gov.co\/crea-roma\/wp-json\/wp\/v2\/posts\/874\/revisions\/876"}],"wp:attachment":[{"href":"https:\/\/www.crea.gov.co\/crea-roma\/wp-json\/wp\/v2\/media?parent=874"}],"wp:term":[{"taxonomy":"category","embeddable":true,"href":"https:\/\/www.crea.gov.co\/crea-roma\/wp-json\/wp\/v2\/categories?post=874"},{"taxonomy":"post_tag","embeddable":true,"href":"https:\/\/www.crea.gov.co\/crea-roma\/wp-json\/wp\/v2\/tags?post=874"}],"curies":[{"name":"wp","href":"https:\/\/api.w.org\/{rel}","templated":true}]}}