{"id":871,"date":"2023-10-06T17:02:48","date_gmt":"2023-10-06T17:02:48","guid":{"rendered":"https:\/\/www.crea.gov.co\/crea-roma\/?p=871"},"modified":"2023-10-06T17:02:49","modified_gmt":"2023-10-06T17:02:49","slug":"acompananos-en-el-quinto-salon-de-arte-crea","status":"publish","type":"post","link":"https:\/\/www.crea.gov.co\/crea-roma\/acompananos-en-el-quinto-salon-de-arte-crea\/","title":{"rendered":"ACOMP\u00c1\u00d1ANOS EN EL QUINTO SAL\u00d3N DE ARTE CREA"},"content":{"rendered":"\n<p>\u00a1La espera termin\u00f3!\u00a0 Nuestro Ecosistema Crea 3:\u00a0En mi fin est\u00e1 mi comienzo\u00a0ya se est\u00e1 tomando los espacios del centro de la ciudad.\u00a0<br>La programaci\u00f3n iniciar\u00e1 el 3 de octubre en el\u00a0Centro Colombo Americano\u00a0con la quinta versi\u00f3n del\u00a0Sal\u00f3n de Arte Crea. All\u00ed, presentaremos\u00a0hasta el 9 de octubre dibujos, pinturas, fotograf\u00edas, esculturas, videos e instalaciones realizadas por nuestros\u00a0participantes en las tres l\u00edneas de atenci\u00f3n: Arte en la Escuela, Impulso Colectivo y Converge Crea.\u00a0<\/p>\n\n\n\n<p><em>49 procesos art\u00edsticos realizados por participantes del\u00a0<\/em><a href=\"https:\/\/www.crea.gov.co\/\"><strong><em>Programa Crea<\/em><\/strong><\/a><em>\u00a0ser\u00e1n expuestos en el Centro Colombo Americano hasta el 9 de octubre.<\/em><\/p>\n\n\n\n<p><br><\/p>\n\n\n\n<figure class=\"wp-block-image size-full\"><img loading=\"lazy\" decoding=\"async\" width=\"819\" height=\"1024\" src=\"https:\/\/www.crea.gov.co\/crea-roma\/wp-content\/uploads\/sites\/10\/2023\/10\/image.png\" alt=\"\" class=\"wp-image-872\" srcset=\"https:\/\/www.crea.gov.co\/crea-roma\/wp-content\/uploads\/sites\/10\/2023\/10\/image.png 819w, https:\/\/www.crea.gov.co\/crea-roma\/wp-content\/uploads\/sites\/10\/2023\/10\/image-240x300.png 240w, https:\/\/www.crea.gov.co\/crea-roma\/wp-content\/uploads\/sites\/10\/2023\/10\/image-768x960.png 768w\" sizes=\"auto, (max-width: 819px) 100vw, 819px\" \/><\/figure>\n\n\n\n<p>Una exposici\u00f3n que presenta dibujos, pinturas, fotograf\u00edas, esculturas, videos e instalaciones realizadas por los participantes del&nbsp;<a href=\"https:\/\/www.crea.gov.co\/\"><strong>Programa Crea<\/strong>&nbsp;<\/a>y que reflexiona en torno a la memoria, se llevar\u00e1 a cabo del 3 al 9 de octubre en&nbsp; la sede centro del&nbsp;<a href=\"https:\/\/www.colombobogota.edu.co\/\"><strong>Centro Colombo Americano<\/strong><\/a><strong>&nbsp;<\/strong>.<br><br>El&nbsp;<strong>Sal\u00f3n de Arte Crea<\/strong>&nbsp;hace parte del tercer encuentro del&nbsp;<strong>Ecosistema Crea<\/strong>, un evento que permitir\u00e1 conocer los procesos creativos y las exploraciones de los participantes de los procesos de formaci\u00f3n art\u00edstica 2023.<\/p>\n\n\n\n<p>\u201cLos invitamos a que nos acompa\u00f1en en estos d\u00edas de muestra en uno de los espacios ic\u00f3nicos de la pl\u00e1stica para la ciudad: el&nbsp;<a href=\"https:\/\/www.colombobogota.edu.co\/\"><strong>Centro Colombo Americano<\/strong><\/a><strong>&nbsp;<\/strong>de la calle 19 en su sala de exposiciones. Estaremos en la inauguraci\u00f3n el pr\u00f3ximo martes 3 de octubre a partir de las 6:30 de la noche, inaugurando e instalando esta experiencia\u201d, se\u00f1ala Olga Olaya, encargada del \u00e1rea de artes pl\u00e1sticas del&nbsp;<a href=\"https:\/\/www.crea.gov.co\/\"><strong>Programa Crea<\/strong><\/a>.<\/p>\n\n\n\n<p>En la quinta versi\u00f3n del&nbsp;<strong>Sal\u00f3n de Arte Crea,&nbsp;<\/strong>los asistentes podr\u00e1n conocer 11 relatos de los procesos de formaci\u00f3n que el&nbsp;<a href=\"https:\/\/www.crea.gov.co\/\"><strong>Programa Crea<\/strong><\/a>&nbsp;desarrolla en de los colegios del distrito, pertenecientes a la l\u00ednea de atenci\u00f3n de&nbsp;<strong>Arte en la Escuela<\/strong>; 29 procesos de personas que asisten a los espacios de formaci\u00f3n Crea por su inter\u00e9s, en la l\u00ednea<strong>&nbsp;Impulso Colectivo<\/strong>.&nbsp;<\/p>\n\n\n\n<p>Y de la l\u00ednea de atenci\u00f3n&nbsp;<strong>Converge Crea<\/strong>, se encontrar\u00e1n nueve propuestas que hablan de la memoria desde la privaci\u00f3n de la libertad, la restituci\u00f3n de derechos y la discapacidad.<\/p>\n\n\n\n<p>As\u00ed por ejemplo, se presentar\u00e1&nbsp;<strong>Memorias de papel,&nbsp;<\/strong>una colecci\u00f3n \u00fanica de 38 piezas de servilletas desechables, cada una tejida con la esencia de encuentros fugaces y la trascendentalidad de la primera chispa creativa. Esta serie invita a reflexionar sobre la belleza ef\u00edmera de la vida y c\u00f3mo incluso lo m\u00e1s delicado puede transformarse en algo duradero y trascendental, como el inicio de un gran proyecto o el n\u00famero de tel\u00e9fono de una gran historia de amor.<\/p>\n\n\n\n<p>Tambi\u00e9n se exhibir\u00e1&nbsp;<strong>Memorias<\/strong>, un registro de diferentes relatos que piden al espectador respeto y prudencia realizado por el colectivo Los Varsoleros del Crea Villas del Dorado. En este registro se encuentran piezas como&nbsp;<strong>Bulimia<\/strong>, una escultura en arcilla de Ariadna Galv\u00e1n Gonz\u00e1lez que reflexiona sobre los trastornos de conducta alimentaria.&nbsp;<\/p>\n\n\n\n<p>\u201cMi recuerdo con la Bulimia y depresi\u00f3n fue mi descarga despu\u00e9s de todo un caos dentro de mi, desde peque\u00f1a tuve que afrontar esta carga sobre mi cuerpo como ser humano, tal vez de peque\u00f1a no le di importancia, pero crec\u00ed y perd\u00ed a alguien importante lo que me hizo adentrarme en un hueco muy profundo. Con mi obra no solo quiero retratar la bulimia sino enfrentarme conmigo misma, el retrete representa mi descarga y asfixia pero tambi\u00e9n algo de esperanza\u201d, explica Ariadna.&nbsp;<\/p>\n\n\n\n<p>La programaci\u00f3n finalizar\u00e1 el 9 de octubre con una serie de conversatorios de artes pl\u00e1sticas y artes electr\u00f3nicas en los que se hablar\u00e1 de los ejercicios pedag\u00f3gicos con enfoque diferencial. Se aborda la relaci\u00f3n con la tecnolog\u00eda, los discursos contempor\u00e1neos del arte y el disfrute de los espacios de formaci\u00f3n, por parte de grupos poblacionales de discapacidad, persona mayor y sectores sociales LGTBIQ+<\/p>\n\n\n\n<p>La exposici\u00f3n estar\u00e1 abierta al p\u00fablico de 10:00 a.m. a 5:00 p.m. y ser\u00e1 de entrada libre.&nbsp;<\/p>\n\n\n\n<p><\/p>\n","protected":false},"excerpt":{"rendered":"<p>\u00a1La espera termin\u00f3!\u00a0 Nuestro Ecosistema Crea 3:\u00a0En mi fin est\u00e1 mi comienzo\u00a0ya se est\u00e1 tomando los espacios del centro de la ciudad.\u00a0La programaci\u00f3n iniciar\u00e1 el 3 de octubre en el\u00a0Centro Colombo Americano\u00a0con la quinta versi\u00f3n del\u00a0Sal\u00f3n de Arte Crea. All\u00ed, presentaremos\u00a0hasta el 9 de octubre dibujos, pinturas, fotograf\u00edas, esculturas, videos e instalaciones realizadas por nuestros\u00a0participantes [&hellip;]<\/p>\n","protected":false},"author":50,"featured_media":0,"comment_status":"open","ping_status":"open","sticky":false,"template":"","format":"standard","meta":{"footnotes":""},"categories":[1],"tags":[],"class_list":["post-871","post","type-post","status-publish","format-standard","hentry","category-sin-categoria"],"yoast_head":"<!-- This site is optimized with the Yoast SEO plugin v24.5 - https:\/\/yoast.com\/wordpress\/plugins\/seo\/ -->\n<title>ACOMP\u00c1\u00d1ANOS EN EL QUINTO SAL\u00d3N DE ARTE CREA - Crea Roma<\/title>\n<meta name=\"robots\" content=\"index, follow, max-snippet:-1, max-image-preview:large, max-video-preview:-1\" \/>\n<link rel=\"canonical\" href=\"https:\/\/www.crea.gov.co\/crea-roma\/acompananos-en-el-quinto-salon-de-arte-crea\/\" \/>\n<meta property=\"og:locale\" content=\"es_ES\" \/>\n<meta property=\"og:type\" content=\"article\" \/>\n<meta property=\"og:title\" content=\"ACOMP\u00c1\u00d1ANOS EN EL QUINTO SAL\u00d3N DE ARTE CREA - Crea Roma\" \/>\n<meta property=\"og:description\" content=\"\u00a1La espera termin\u00f3!\u00a0 Nuestro Ecosistema Crea 3:\u00a0En mi fin est\u00e1 mi comienzo\u00a0ya se est\u00e1 tomando los espacios del centro de la ciudad.\u00a0La programaci\u00f3n iniciar\u00e1 el 3 de octubre en el\u00a0Centro Colombo Americano\u00a0con la quinta versi\u00f3n del\u00a0Sal\u00f3n de Arte Crea. All\u00ed, presentaremos\u00a0hasta el 9 de octubre dibujos, pinturas, fotograf\u00edas, esculturas, videos e instalaciones realizadas por nuestros\u00a0participantes [&hellip;]\" \/>\n<meta property=\"og:url\" content=\"https:\/\/www.crea.gov.co\/crea-roma\/acompananos-en-el-quinto-salon-de-arte-crea\/\" \/>\n<meta property=\"og:site_name\" content=\"Crea Roma\" \/>\n<meta property=\"article:published_time\" content=\"2023-10-06T17:02:48+00:00\" \/>\n<meta property=\"article:modified_time\" content=\"2023-10-06T17:02:49+00:00\" \/>\n<meta property=\"og:image\" content=\"https:\/\/www.crea.gov.co\/crea-roma\/wp-content\/uploads\/sites\/10\/2023\/10\/image.png\" \/>\n<meta name=\"author\" content=\"taniamojica\" \/>\n<meta name=\"twitter:card\" content=\"summary_large_image\" \/>\n<meta name=\"twitter:label1\" content=\"Escrito por\" \/>\n\t<meta name=\"twitter:data1\" content=\"taniamojica\" \/>\n\t<meta name=\"twitter:label2\" content=\"Tiempo de lectura\" \/>\n\t<meta name=\"twitter:data2\" content=\"4 minutos\" \/>\n<script type=\"application\/ld+json\" class=\"yoast-schema-graph\">{\"@context\":\"https:\/\/schema.org\",\"@graph\":[{\"@type\":\"WebPage\",\"@id\":\"https:\/\/www.crea.gov.co\/crea-roma\/acompananos-en-el-quinto-salon-de-arte-crea\/\",\"url\":\"https:\/\/www.crea.gov.co\/crea-roma\/acompananos-en-el-quinto-salon-de-arte-crea\/\",\"name\":\"ACOMP\u00c1\u00d1ANOS EN EL QUINTO SAL\u00d3N DE ARTE CREA - Crea Roma\",\"isPartOf\":{\"@id\":\"https:\/\/www.crea.gov.co\/crea-roma\/#website\"},\"primaryImageOfPage\":{\"@id\":\"https:\/\/www.crea.gov.co\/crea-roma\/acompananos-en-el-quinto-salon-de-arte-crea\/#primaryimage\"},\"image\":{\"@id\":\"https:\/\/www.crea.gov.co\/crea-roma\/acompananos-en-el-quinto-salon-de-arte-crea\/#primaryimage\"},\"thumbnailUrl\":\"https:\/\/www.crea.gov.co\/crea-roma\/wp-content\/uploads\/sites\/10\/2023\/10\/image.png\",\"datePublished\":\"2023-10-06T17:02:48+00:00\",\"dateModified\":\"2023-10-06T17:02:49+00:00\",\"author\":{\"@id\":\"https:\/\/www.crea.gov.co\/crea-roma\/#\/schema\/person\/4357b8ff2697b9645f7e00da293f0cac\"},\"breadcrumb\":{\"@id\":\"https:\/\/www.crea.gov.co\/crea-roma\/acompananos-en-el-quinto-salon-de-arte-crea\/#breadcrumb\"},\"inLanguage\":\"es-CO\",\"potentialAction\":[{\"@type\":\"ReadAction\",\"target\":[\"https:\/\/www.crea.gov.co\/crea-roma\/acompananos-en-el-quinto-salon-de-arte-crea\/\"]}]},{\"@type\":\"ImageObject\",\"inLanguage\":\"es-CO\",\"@id\":\"https:\/\/www.crea.gov.co\/crea-roma\/acompananos-en-el-quinto-salon-de-arte-crea\/#primaryimage\",\"url\":\"https:\/\/www.crea.gov.co\/crea-roma\/wp-content\/uploads\/sites\/10\/2023\/10\/image.png\",\"contentUrl\":\"https:\/\/www.crea.gov.co\/crea-roma\/wp-content\/uploads\/sites\/10\/2023\/10\/image.png\",\"width\":819,\"height\":1024},{\"@type\":\"BreadcrumbList\",\"@id\":\"https:\/\/www.crea.gov.co\/crea-roma\/acompananos-en-el-quinto-salon-de-arte-crea\/#breadcrumb\",\"itemListElement\":[{\"@type\":\"ListItem\",\"position\":1,\"name\":\"Home\",\"item\":\"https:\/\/www.crea.gov.co\/crea-roma\/\"},{\"@type\":\"ListItem\",\"position\":2,\"name\":\"ACOMP\u00c1\u00d1ANOS EN EL QUINTO SAL\u00d3N DE ARTE CREA\"}]},{\"@type\":\"WebSite\",\"@id\":\"https:\/\/www.crea.gov.co\/crea-roma\/#website\",\"url\":\"https:\/\/www.crea.gov.co\/crea-roma\/\",\"name\":\"Crea Roma\",\"description\":\"En Kennedy, rodeado de conjuntos y calles que guardan historias de familias que han crecido en el barrio, este espacio es un lugar donde la creatividad se entrelaza con la vida cotidiana. Aqu\u00ed, los lenguajes art\u00edsticos fortalecen lazos y dan voz a las experiencias de una comunidad que se reconoce en lo colectivo.\",\"potentialAction\":[{\"@type\":\"SearchAction\",\"target\":{\"@type\":\"EntryPoint\",\"urlTemplate\":\"https:\/\/www.crea.gov.co\/crea-roma\/?s={search_term_string}\"},\"query-input\":{\"@type\":\"PropertyValueSpecification\",\"valueRequired\":true,\"valueName\":\"search_term_string\"}}],\"inLanguage\":\"es-CO\"},{\"@type\":\"Person\",\"@id\":\"https:\/\/www.crea.gov.co\/crea-roma\/#\/schema\/person\/4357b8ff2697b9645f7e00da293f0cac\",\"name\":\"taniamojica\",\"image\":{\"@type\":\"ImageObject\",\"inLanguage\":\"es-CO\",\"@id\":\"https:\/\/www.crea.gov.co\/crea-roma\/#\/schema\/person\/image\/\",\"url\":\"https:\/\/secure.gravatar.com\/avatar\/3183a636b540b71ce9f3153f0ebadc3f?s=96&d=mm&r=g\",\"contentUrl\":\"https:\/\/secure.gravatar.com\/avatar\/3183a636b540b71ce9f3153f0ebadc3f?s=96&d=mm&r=g\",\"caption\":\"taniamojica\"},\"url\":\"https:\/\/www.crea.gov.co\/crea-roma\/author\/taniamojica\/\"}]}<\/script>\n<!-- \/ Yoast SEO plugin. -->","yoast_head_json":{"title":"ACOMP\u00c1\u00d1ANOS EN EL QUINTO SAL\u00d3N DE ARTE CREA - Crea Roma","robots":{"index":"index","follow":"follow","max-snippet":"max-snippet:-1","max-image-preview":"max-image-preview:large","max-video-preview":"max-video-preview:-1"},"canonical":"https:\/\/www.crea.gov.co\/crea-roma\/acompananos-en-el-quinto-salon-de-arte-crea\/","og_locale":"es_ES","og_type":"article","og_title":"ACOMP\u00c1\u00d1ANOS EN EL QUINTO SAL\u00d3N DE ARTE CREA - Crea Roma","og_description":"\u00a1La espera termin\u00f3!\u00a0 Nuestro Ecosistema Crea 3:\u00a0En mi fin est\u00e1 mi comienzo\u00a0ya se est\u00e1 tomando los espacios del centro de la ciudad.\u00a0La programaci\u00f3n iniciar\u00e1 el 3 de octubre en el\u00a0Centro Colombo Americano\u00a0con la quinta versi\u00f3n del\u00a0Sal\u00f3n de Arte Crea. All\u00ed, presentaremos\u00a0hasta el 9 de octubre dibujos, pinturas, fotograf\u00edas, esculturas, videos e instalaciones realizadas por nuestros\u00a0participantes [&hellip;]","og_url":"https:\/\/www.crea.gov.co\/crea-roma\/acompananos-en-el-quinto-salon-de-arte-crea\/","og_site_name":"Crea Roma","article_published_time":"2023-10-06T17:02:48+00:00","article_modified_time":"2023-10-06T17:02:49+00:00","og_image":[{"url":"https:\/\/www.crea.gov.co\/crea-roma\/wp-content\/uploads\/sites\/10\/2023\/10\/image.png","type":"","width":"","height":""}],"author":"taniamojica","twitter_card":"summary_large_image","twitter_misc":{"Escrito por":"taniamojica","Tiempo de lectura":"4 minutos"},"schema":{"@context":"https:\/\/schema.org","@graph":[{"@type":"WebPage","@id":"https:\/\/www.crea.gov.co\/crea-roma\/acompananos-en-el-quinto-salon-de-arte-crea\/","url":"https:\/\/www.crea.gov.co\/crea-roma\/acompananos-en-el-quinto-salon-de-arte-crea\/","name":"ACOMP\u00c1\u00d1ANOS EN EL QUINTO SAL\u00d3N DE ARTE CREA - Crea Roma","isPartOf":{"@id":"https:\/\/www.crea.gov.co\/crea-roma\/#website"},"primaryImageOfPage":{"@id":"https:\/\/www.crea.gov.co\/crea-roma\/acompananos-en-el-quinto-salon-de-arte-crea\/#primaryimage"},"image":{"@id":"https:\/\/www.crea.gov.co\/crea-roma\/acompananos-en-el-quinto-salon-de-arte-crea\/#primaryimage"},"thumbnailUrl":"https:\/\/www.crea.gov.co\/crea-roma\/wp-content\/uploads\/sites\/10\/2023\/10\/image.png","datePublished":"2023-10-06T17:02:48+00:00","dateModified":"2023-10-06T17:02:49+00:00","author":{"@id":"https:\/\/www.crea.gov.co\/crea-roma\/#\/schema\/person\/4357b8ff2697b9645f7e00da293f0cac"},"breadcrumb":{"@id":"https:\/\/www.crea.gov.co\/crea-roma\/acompananos-en-el-quinto-salon-de-arte-crea\/#breadcrumb"},"inLanguage":"es-CO","potentialAction":[{"@type":"ReadAction","target":["https:\/\/www.crea.gov.co\/crea-roma\/acompananos-en-el-quinto-salon-de-arte-crea\/"]}]},{"@type":"ImageObject","inLanguage":"es-CO","@id":"https:\/\/www.crea.gov.co\/crea-roma\/acompananos-en-el-quinto-salon-de-arte-crea\/#primaryimage","url":"https:\/\/www.crea.gov.co\/crea-roma\/wp-content\/uploads\/sites\/10\/2023\/10\/image.png","contentUrl":"https:\/\/www.crea.gov.co\/crea-roma\/wp-content\/uploads\/sites\/10\/2023\/10\/image.png","width":819,"height":1024},{"@type":"BreadcrumbList","@id":"https:\/\/www.crea.gov.co\/crea-roma\/acompananos-en-el-quinto-salon-de-arte-crea\/#breadcrumb","itemListElement":[{"@type":"ListItem","position":1,"name":"Home","item":"https:\/\/www.crea.gov.co\/crea-roma\/"},{"@type":"ListItem","position":2,"name":"ACOMP\u00c1\u00d1ANOS EN EL QUINTO SAL\u00d3N DE ARTE CREA"}]},{"@type":"WebSite","@id":"https:\/\/www.crea.gov.co\/crea-roma\/#website","url":"https:\/\/www.crea.gov.co\/crea-roma\/","name":"Crea Roma","description":"En Kennedy, rodeado de conjuntos y calles que guardan historias de familias que han crecido en el barrio, este espacio es un lugar donde la creatividad se entrelaza con la vida cotidiana. Aqu\u00ed, los lenguajes art\u00edsticos fortalecen lazos y dan voz a las experiencias de una comunidad que se reconoce en lo colectivo.","potentialAction":[{"@type":"SearchAction","target":{"@type":"EntryPoint","urlTemplate":"https:\/\/www.crea.gov.co\/crea-roma\/?s={search_term_string}"},"query-input":{"@type":"PropertyValueSpecification","valueRequired":true,"valueName":"search_term_string"}}],"inLanguage":"es-CO"},{"@type":"Person","@id":"https:\/\/www.crea.gov.co\/crea-roma\/#\/schema\/person\/4357b8ff2697b9645f7e00da293f0cac","name":"taniamojica","image":{"@type":"ImageObject","inLanguage":"es-CO","@id":"https:\/\/www.crea.gov.co\/crea-roma\/#\/schema\/person\/image\/","url":"https:\/\/secure.gravatar.com\/avatar\/3183a636b540b71ce9f3153f0ebadc3f?s=96&d=mm&r=g","contentUrl":"https:\/\/secure.gravatar.com\/avatar\/3183a636b540b71ce9f3153f0ebadc3f?s=96&d=mm&r=g","caption":"taniamojica"},"url":"https:\/\/www.crea.gov.co\/crea-roma\/author\/taniamojica\/"}]}},"_links":{"self":[{"href":"https:\/\/www.crea.gov.co\/crea-roma\/wp-json\/wp\/v2\/posts\/871","targetHints":{"allow":["GET"]}}],"collection":[{"href":"https:\/\/www.crea.gov.co\/crea-roma\/wp-json\/wp\/v2\/posts"}],"about":[{"href":"https:\/\/www.crea.gov.co\/crea-roma\/wp-json\/wp\/v2\/types\/post"}],"author":[{"embeddable":true,"href":"https:\/\/www.crea.gov.co\/crea-roma\/wp-json\/wp\/v2\/users\/50"}],"replies":[{"embeddable":true,"href":"https:\/\/www.crea.gov.co\/crea-roma\/wp-json\/wp\/v2\/comments?post=871"}],"version-history":[{"count":1,"href":"https:\/\/www.crea.gov.co\/crea-roma\/wp-json\/wp\/v2\/posts\/871\/revisions"}],"predecessor-version":[{"id":873,"href":"https:\/\/www.crea.gov.co\/crea-roma\/wp-json\/wp\/v2\/posts\/871\/revisions\/873"}],"wp:attachment":[{"href":"https:\/\/www.crea.gov.co\/crea-roma\/wp-json\/wp\/v2\/media?parent=871"}],"wp:term":[{"taxonomy":"category","embeddable":true,"href":"https:\/\/www.crea.gov.co\/crea-roma\/wp-json\/wp\/v2\/categories?post=871"},{"taxonomy":"post_tag","embeddable":true,"href":"https:\/\/www.crea.gov.co\/crea-roma\/wp-json\/wp\/v2\/tags?post=871"}],"curies":[{"name":"wp","href":"https:\/\/api.w.org\/{rel}","templated":true}]}}