{"id":822,"date":"2023-08-24T21:29:28","date_gmt":"2023-08-24T21:29:28","guid":{"rendered":"https:\/\/www.crea.gov.co\/crea-roma\/?p=822"},"modified":"2023-08-24T21:38:31","modified_gmt":"2023-08-24T21:38:31","slug":"talleres-para-formacion-escenica-y-musical-para-la-primera-infancia","status":"publish","type":"post","link":"https:\/\/www.crea.gov.co\/crea-roma\/talleres-para-formacion-escenica-y-musical-para-la-primera-infancia\/","title":{"rendered":"Talleres para formaci\u00f3n esc\u00e9nica y musical para la primera infancia"},"content":{"rendered":"\n<figure class=\"wp-block-image size-large\"><img loading=\"lazy\" decoding=\"async\" width=\"819\" height=\"1024\" src=\"https:\/\/www.crea.gov.co\/crea-roma\/wp-content\/uploads\/sites\/10\/2023\/08\/unnamed-4-819x1024.jpg\" alt=\"\" class=\"wp-image-823\" srcset=\"https:\/\/www.crea.gov.co\/crea-roma\/wp-content\/uploads\/sites\/10\/2023\/08\/unnamed-4-819x1024.jpg 819w, https:\/\/www.crea.gov.co\/crea-roma\/wp-content\/uploads\/sites\/10\/2023\/08\/unnamed-4-240x300.jpg 240w, https:\/\/www.crea.gov.co\/crea-roma\/wp-content\/uploads\/sites\/10\/2023\/08\/unnamed-4-768x960.jpg 768w, https:\/\/www.crea.gov.co\/crea-roma\/wp-content\/uploads\/sites\/10\/2023\/08\/unnamed-4.jpg 1080w\" sizes=\"auto, (max-width: 819px) 100vw, 819px\" \/><\/figure>\n\n\n\n<p><strong>Nidos trae para todos los artistas interesados en aprender t\u00e9cnicas para la creaci\u00f3n art\u00edstica para ni\u00f1as y ni\u00f1os de 0 a 5 a\u00f1os, estos talleres dictados por las agrupaciones ganadoras de la Beca de circulaci\u00f3n de obras esc\u00e9nicas y musicales para la primera infancia.<\/strong><\/p>\n\n\n\n<figure class=\"wp-block-image\"><img decoding=\"async\" src=\"https:\/\/fonts.gstatic.com\/s\/e\/notoemoji\/15.0\/1f929\/32.png\" alt=\"\ud83e\udd29\" \/><\/figure>\n\n\n\n<p>&nbsp;\u00a1Es muy sencillo! Selecciona el taller al que te quieres inscribir y diligencia el formulario del taller de tu inter\u00e9s.<\/p>\n\n\n\n<figure class=\"wp-block-image\"><img decoding=\"async\" src=\"https:\/\/fonts.gstatic.com\/s\/e\/notoemoji\/15.0\/1f4dc\/32.png\" alt=\"\ud83d\udcdc\" \/><\/figure>\n\n\n\n<p>&nbsp;Taller La po\u00e9tica del sentir para la creaci\u00f3n art\u00edstica: 25 y 28 de agosto, 9:00 a.m. a 12:00 p.m. en el Crea La Pepita.&nbsp;<a href=\"https:\/\/forms.gle\/GBNwc3TGNppFqqs6A\" target=\"_blank\" rel=\"noreferrer noopener\">Inscr\u00edbete<\/a><\/p>\n\n\n\n<p><a href=\"https:\/\/docs.google.com\/forms\/d\/e\/1FAIpQLSfAZbZGe1QqR1kFf9uAmbBXnAtbzq1WUPDR8JKNnH9mHLtH_w\/viewform\">https:\/\/docs.google.com\/forms\/d\/e\/1FAIpQLSfAZbZGe1QqR1kFf9uAmbBXnAtbzq1WUPDR8JKNnH9mHLtH_w\/viewform<\/a><\/p>\n\n\n\n<figure class=\"wp-block-image\"><img decoding=\"async\" src=\"https:\/\/fonts.gstatic.com\/s\/e\/notoemoji\/15.0\/1f483\/32.png\" alt=\"\ud83d\udc83\" \/><\/figure>\n\n\n\n<figure class=\"wp-block-image\"><img decoding=\"async\" src=\"https:\/\/fonts.gstatic.com\/s\/e\/notoemoji\/15.0\/1f57a\/32.png\" alt=\"\ud83d\udd7a\" \/><\/figure>\n\n\n\n<p>\u00a0Taller de exploraci\u00f3n y creaci\u00f3n en danza para la primera infancia: 26 de agosto, 7:00 a.m. a 2:00 p.m. Casa de la Cultura de Tunjuelito.\u00a0<a href=\"https:\/\/forms.gle\/f7wE77cNQxncRThc7\" target=\"_blank\" rel=\"noreferrer noopener\">Inscr\u00edbete<\/a><\/p>\n\n\n\n<p><a href=\"https:\/\/docs.google.com\/forms\/d\/e\/1FAIpQLSd9JZKfObqf0MYsXbEF4mRp8S37FVa_GDDPVFy7g82y7ZV_uw\/closedform\">https:\/\/docs.google.com\/forms\/d\/e\/1FAIpQLSd9JZKfObqf0MYsXbEF4mRp8S37FVa_GDDPVFy7g82y7ZV_uw\/closedform<\/a><\/p>\n\n\n\n<figure class=\"wp-block-image\"><img decoding=\"async\" src=\"https:\/\/fonts.gstatic.com\/s\/e\/notoemoji\/15.0\/1f308\/32.png\" alt=\"\ud83c\udf08\" \/><\/figure>\n\n\n\n<p>&nbsp;Taller Creando juego, 26 de agosto, 9:00 a.m. a 5:30 p.m. en el Laboratorio art\u00edstico MUMO.&nbsp;<a href=\"https:\/\/forms.gle\/wNxF2TAmtDP2XP697\" target=\"_blank\" rel=\"noreferrer noopener sponsored nofollow\">Inscr\u00edbete<\/a><\/p>\n\n\n\n<p><a href=\"https:\/\/docs.google.com\/forms\/d\/e\/1FAIpQLScjP473fHAOtjIUifCD9tRPL_HEyPzwC76BfqRHbjnlflBxXA\/viewform\">https:\/\/docs.google.com\/forms\/d\/e\/1FAIpQLScjP473fHAOtjIUifCD9tRPL_HEyPzwC76BfqRHbjnlflBxXA\/viewform<\/a><\/p>\n\n\n\n<figure class=\"wp-block-image\"><img decoding=\"async\" src=\"https:\/\/fonts.gstatic.com\/s\/e\/notoemoji\/15.0\/1f38e\/32.png\" alt=\"\ud83c\udf8e\" \/><\/figure>\n\n\n\n<p>\u00a0Taller de iniciaci\u00f3n al entrenamiento de los t\u00edteres y animaci\u00f3n de objetos, 26 de agosto y 2 de septiembre, en el Sal\u00f3n comunal barrio Ciudad Montes III Sector.<br><a href=\"https:\/\/forms.gle\/MSjSYK6wrnsrP83A7\" target=\"_blank\" rel=\"noreferrer noopener\">Inscr\u00edbete<\/a><\/p>\n\n\n\n<p><a href=\"https:\/\/forms.gle\/MSjSYK6wrnsrP83A7\">https:\/\/forms.gle\/MSjSYK6wrnsrP83A7<\/a><\/p>\n","protected":false},"excerpt":{"rendered":"<p>Nidos trae para todos los artistas interesados en aprender t\u00e9cnicas para la creaci\u00f3n art\u00edstica para ni\u00f1as y ni\u00f1os de 0 a 5 a\u00f1os, estos talleres dictados por las agrupaciones ganadoras de la Beca de circulaci\u00f3n de obras esc\u00e9nicas y musicales para la primera infancia. &nbsp;\u00a1Es muy sencillo! Selecciona el taller al que te quieres inscribir [&hellip;]<\/p>\n","protected":false},"author":50,"featured_media":0,"comment_status":"open","ping_status":"open","sticky":false,"template":"","format":"standard","meta":{"footnotes":""},"categories":[1],"tags":[],"class_list":["post-822","post","type-post","status-publish","format-standard","hentry","category-sin-categoria"],"yoast_head":"<!-- This site is optimized with the Yoast SEO plugin v24.5 - https:\/\/yoast.com\/wordpress\/plugins\/seo\/ -->\n<title>Talleres para formaci\u00f3n esc\u00e9nica y musical para la primera infancia - Crea Roma<\/title>\n<meta name=\"robots\" content=\"index, follow, max-snippet:-1, max-image-preview:large, max-video-preview:-1\" \/>\n<link rel=\"canonical\" href=\"https:\/\/www.crea.gov.co\/crea-roma\/talleres-para-formacion-escenica-y-musical-para-la-primera-infancia\/\" \/>\n<meta property=\"og:locale\" content=\"es_ES\" \/>\n<meta property=\"og:type\" content=\"article\" \/>\n<meta property=\"og:title\" content=\"Talleres para formaci\u00f3n esc\u00e9nica y musical para la primera infancia - Crea Roma\" \/>\n<meta property=\"og:description\" content=\"Nidos trae para todos los artistas interesados en aprender t\u00e9cnicas para la creaci\u00f3n art\u00edstica para ni\u00f1as y ni\u00f1os de 0 a 5 a\u00f1os, estos talleres dictados por las agrupaciones ganadoras de la Beca de circulaci\u00f3n de obras esc\u00e9nicas y musicales para la primera infancia. &nbsp;\u00a1Es muy sencillo! Selecciona el taller al que te quieres inscribir [&hellip;]\" \/>\n<meta property=\"og:url\" content=\"https:\/\/www.crea.gov.co\/crea-roma\/talleres-para-formacion-escenica-y-musical-para-la-primera-infancia\/\" \/>\n<meta property=\"og:site_name\" content=\"Crea Roma\" \/>\n<meta property=\"article:published_time\" content=\"2023-08-24T21:29:28+00:00\" \/>\n<meta property=\"article:modified_time\" content=\"2023-08-24T21:38:31+00:00\" \/>\n<meta property=\"og:image\" content=\"https:\/\/www.crea.gov.co\/crea-roma\/wp-content\/uploads\/sites\/10\/2023\/08\/unnamed-4-819x1024.jpg\" \/>\n<meta name=\"author\" content=\"taniamojica\" \/>\n<meta name=\"twitter:card\" content=\"summary_large_image\" \/>\n<meta name=\"twitter:label1\" content=\"Escrito por\" \/>\n\t<meta name=\"twitter:data1\" content=\"taniamojica\" \/>\n\t<meta name=\"twitter:label2\" content=\"Tiempo de lectura\" \/>\n\t<meta name=\"twitter:data2\" content=\"3 minutos\" \/>\n<script type=\"application\/ld+json\" class=\"yoast-schema-graph\">{\"@context\":\"https:\/\/schema.org\",\"@graph\":[{\"@type\":\"WebPage\",\"@id\":\"https:\/\/www.crea.gov.co\/crea-roma\/talleres-para-formacion-escenica-y-musical-para-la-primera-infancia\/\",\"url\":\"https:\/\/www.crea.gov.co\/crea-roma\/talleres-para-formacion-escenica-y-musical-para-la-primera-infancia\/\",\"name\":\"Talleres para formaci\u00f3n esc\u00e9nica y musical para la primera infancia - Crea Roma\",\"isPartOf\":{\"@id\":\"https:\/\/www.crea.gov.co\/crea-roma\/#website\"},\"primaryImageOfPage\":{\"@id\":\"https:\/\/www.crea.gov.co\/crea-roma\/talleres-para-formacion-escenica-y-musical-para-la-primera-infancia\/#primaryimage\"},\"image\":{\"@id\":\"https:\/\/www.crea.gov.co\/crea-roma\/talleres-para-formacion-escenica-y-musical-para-la-primera-infancia\/#primaryimage\"},\"thumbnailUrl\":\"https:\/\/www.crea.gov.co\/crea-roma\/wp-content\/uploads\/sites\/10\/2023\/08\/unnamed-4-819x1024.jpg\",\"datePublished\":\"2023-08-24T21:29:28+00:00\",\"dateModified\":\"2023-08-24T21:38:31+00:00\",\"author\":{\"@id\":\"https:\/\/www.crea.gov.co\/crea-roma\/#\/schema\/person\/4357b8ff2697b9645f7e00da293f0cac\"},\"breadcrumb\":{\"@id\":\"https:\/\/www.crea.gov.co\/crea-roma\/talleres-para-formacion-escenica-y-musical-para-la-primera-infancia\/#breadcrumb\"},\"inLanguage\":\"es-CO\",\"potentialAction\":[{\"@type\":\"ReadAction\",\"target\":[\"https:\/\/www.crea.gov.co\/crea-roma\/talleres-para-formacion-escenica-y-musical-para-la-primera-infancia\/\"]}]},{\"@type\":\"ImageObject\",\"inLanguage\":\"es-CO\",\"@id\":\"https:\/\/www.crea.gov.co\/crea-roma\/talleres-para-formacion-escenica-y-musical-para-la-primera-infancia\/#primaryimage\",\"url\":\"https:\/\/www.crea.gov.co\/crea-roma\/wp-content\/uploads\/sites\/10\/2023\/08\/unnamed-4.jpg\",\"contentUrl\":\"https:\/\/www.crea.gov.co\/crea-roma\/wp-content\/uploads\/sites\/10\/2023\/08\/unnamed-4.jpg\",\"width\":1080,\"height\":1350},{\"@type\":\"BreadcrumbList\",\"@id\":\"https:\/\/www.crea.gov.co\/crea-roma\/talleres-para-formacion-escenica-y-musical-para-la-primera-infancia\/#breadcrumb\",\"itemListElement\":[{\"@type\":\"ListItem\",\"position\":1,\"name\":\"Home\",\"item\":\"https:\/\/www.crea.gov.co\/crea-roma\/\"},{\"@type\":\"ListItem\",\"position\":2,\"name\":\"Talleres para formaci\u00f3n esc\u00e9nica y musical para la primera infancia\"}]},{\"@type\":\"WebSite\",\"@id\":\"https:\/\/www.crea.gov.co\/crea-roma\/#website\",\"url\":\"https:\/\/www.crea.gov.co\/crea-roma\/\",\"name\":\"Crea Roma\",\"description\":\"En Kennedy, rodeado de conjuntos y calles que guardan historias de familias que han crecido en el barrio, este espacio es un lugar donde la creatividad se entrelaza con la vida cotidiana. Aqu\u00ed, los lenguajes art\u00edsticos fortalecen lazos y dan voz a las experiencias de una comunidad que se reconoce en lo colectivo.\",\"potentialAction\":[{\"@type\":\"SearchAction\",\"target\":{\"@type\":\"EntryPoint\",\"urlTemplate\":\"https:\/\/www.crea.gov.co\/crea-roma\/?s={search_term_string}\"},\"query-input\":{\"@type\":\"PropertyValueSpecification\",\"valueRequired\":true,\"valueName\":\"search_term_string\"}}],\"inLanguage\":\"es-CO\"},{\"@type\":\"Person\",\"@id\":\"https:\/\/www.crea.gov.co\/crea-roma\/#\/schema\/person\/4357b8ff2697b9645f7e00da293f0cac\",\"name\":\"taniamojica\",\"image\":{\"@type\":\"ImageObject\",\"inLanguage\":\"es-CO\",\"@id\":\"https:\/\/www.crea.gov.co\/crea-roma\/#\/schema\/person\/image\/\",\"url\":\"https:\/\/secure.gravatar.com\/avatar\/3183a636b540b71ce9f3153f0ebadc3f?s=96&d=mm&r=g\",\"contentUrl\":\"https:\/\/secure.gravatar.com\/avatar\/3183a636b540b71ce9f3153f0ebadc3f?s=96&d=mm&r=g\",\"caption\":\"taniamojica\"},\"url\":\"https:\/\/www.crea.gov.co\/crea-roma\/author\/taniamojica\/\"}]}<\/script>\n<!-- \/ Yoast SEO plugin. -->","yoast_head_json":{"title":"Talleres para formaci\u00f3n esc\u00e9nica y musical para la primera infancia - Crea Roma","robots":{"index":"index","follow":"follow","max-snippet":"max-snippet:-1","max-image-preview":"max-image-preview:large","max-video-preview":"max-video-preview:-1"},"canonical":"https:\/\/www.crea.gov.co\/crea-roma\/talleres-para-formacion-escenica-y-musical-para-la-primera-infancia\/","og_locale":"es_ES","og_type":"article","og_title":"Talleres para formaci\u00f3n esc\u00e9nica y musical para la primera infancia - Crea Roma","og_description":"Nidos trae para todos los artistas interesados en aprender t\u00e9cnicas para la creaci\u00f3n art\u00edstica para ni\u00f1as y ni\u00f1os de 0 a 5 a\u00f1os, estos talleres dictados por las agrupaciones ganadoras de la Beca de circulaci\u00f3n de obras esc\u00e9nicas y musicales para la primera infancia. &nbsp;\u00a1Es muy sencillo! Selecciona el taller al que te quieres inscribir [&hellip;]","og_url":"https:\/\/www.crea.gov.co\/crea-roma\/talleres-para-formacion-escenica-y-musical-para-la-primera-infancia\/","og_site_name":"Crea Roma","article_published_time":"2023-08-24T21:29:28+00:00","article_modified_time":"2023-08-24T21:38:31+00:00","og_image":[{"url":"https:\/\/www.crea.gov.co\/crea-roma\/wp-content\/uploads\/sites\/10\/2023\/08\/unnamed-4-819x1024.jpg","type":"","width":"","height":""}],"author":"taniamojica","twitter_card":"summary_large_image","twitter_misc":{"Escrito por":"taniamojica","Tiempo de lectura":"3 minutos"},"schema":{"@context":"https:\/\/schema.org","@graph":[{"@type":"WebPage","@id":"https:\/\/www.crea.gov.co\/crea-roma\/talleres-para-formacion-escenica-y-musical-para-la-primera-infancia\/","url":"https:\/\/www.crea.gov.co\/crea-roma\/talleres-para-formacion-escenica-y-musical-para-la-primera-infancia\/","name":"Talleres para formaci\u00f3n esc\u00e9nica y musical para la primera infancia - Crea Roma","isPartOf":{"@id":"https:\/\/www.crea.gov.co\/crea-roma\/#website"},"primaryImageOfPage":{"@id":"https:\/\/www.crea.gov.co\/crea-roma\/talleres-para-formacion-escenica-y-musical-para-la-primera-infancia\/#primaryimage"},"image":{"@id":"https:\/\/www.crea.gov.co\/crea-roma\/talleres-para-formacion-escenica-y-musical-para-la-primera-infancia\/#primaryimage"},"thumbnailUrl":"https:\/\/www.crea.gov.co\/crea-roma\/wp-content\/uploads\/sites\/10\/2023\/08\/unnamed-4-819x1024.jpg","datePublished":"2023-08-24T21:29:28+00:00","dateModified":"2023-08-24T21:38:31+00:00","author":{"@id":"https:\/\/www.crea.gov.co\/crea-roma\/#\/schema\/person\/4357b8ff2697b9645f7e00da293f0cac"},"breadcrumb":{"@id":"https:\/\/www.crea.gov.co\/crea-roma\/talleres-para-formacion-escenica-y-musical-para-la-primera-infancia\/#breadcrumb"},"inLanguage":"es-CO","potentialAction":[{"@type":"ReadAction","target":["https:\/\/www.crea.gov.co\/crea-roma\/talleres-para-formacion-escenica-y-musical-para-la-primera-infancia\/"]}]},{"@type":"ImageObject","inLanguage":"es-CO","@id":"https:\/\/www.crea.gov.co\/crea-roma\/talleres-para-formacion-escenica-y-musical-para-la-primera-infancia\/#primaryimage","url":"https:\/\/www.crea.gov.co\/crea-roma\/wp-content\/uploads\/sites\/10\/2023\/08\/unnamed-4.jpg","contentUrl":"https:\/\/www.crea.gov.co\/crea-roma\/wp-content\/uploads\/sites\/10\/2023\/08\/unnamed-4.jpg","width":1080,"height":1350},{"@type":"BreadcrumbList","@id":"https:\/\/www.crea.gov.co\/crea-roma\/talleres-para-formacion-escenica-y-musical-para-la-primera-infancia\/#breadcrumb","itemListElement":[{"@type":"ListItem","position":1,"name":"Home","item":"https:\/\/www.crea.gov.co\/crea-roma\/"},{"@type":"ListItem","position":2,"name":"Talleres para formaci\u00f3n esc\u00e9nica y musical para la primera infancia"}]},{"@type":"WebSite","@id":"https:\/\/www.crea.gov.co\/crea-roma\/#website","url":"https:\/\/www.crea.gov.co\/crea-roma\/","name":"Crea Roma","description":"En Kennedy, rodeado de conjuntos y calles que guardan historias de familias que han crecido en el barrio, este espacio es un lugar donde la creatividad se entrelaza con la vida cotidiana. Aqu\u00ed, los lenguajes art\u00edsticos fortalecen lazos y dan voz a las experiencias de una comunidad que se reconoce en lo colectivo.","potentialAction":[{"@type":"SearchAction","target":{"@type":"EntryPoint","urlTemplate":"https:\/\/www.crea.gov.co\/crea-roma\/?s={search_term_string}"},"query-input":{"@type":"PropertyValueSpecification","valueRequired":true,"valueName":"search_term_string"}}],"inLanguage":"es-CO"},{"@type":"Person","@id":"https:\/\/www.crea.gov.co\/crea-roma\/#\/schema\/person\/4357b8ff2697b9645f7e00da293f0cac","name":"taniamojica","image":{"@type":"ImageObject","inLanguage":"es-CO","@id":"https:\/\/www.crea.gov.co\/crea-roma\/#\/schema\/person\/image\/","url":"https:\/\/secure.gravatar.com\/avatar\/3183a636b540b71ce9f3153f0ebadc3f?s=96&d=mm&r=g","contentUrl":"https:\/\/secure.gravatar.com\/avatar\/3183a636b540b71ce9f3153f0ebadc3f?s=96&d=mm&r=g","caption":"taniamojica"},"url":"https:\/\/www.crea.gov.co\/crea-roma\/author\/taniamojica\/"}]}},"_links":{"self":[{"href":"https:\/\/www.crea.gov.co\/crea-roma\/wp-json\/wp\/v2\/posts\/822","targetHints":{"allow":["GET"]}}],"collection":[{"href":"https:\/\/www.crea.gov.co\/crea-roma\/wp-json\/wp\/v2\/posts"}],"about":[{"href":"https:\/\/www.crea.gov.co\/crea-roma\/wp-json\/wp\/v2\/types\/post"}],"author":[{"embeddable":true,"href":"https:\/\/www.crea.gov.co\/crea-roma\/wp-json\/wp\/v2\/users\/50"}],"replies":[{"embeddable":true,"href":"https:\/\/www.crea.gov.co\/crea-roma\/wp-json\/wp\/v2\/comments?post=822"}],"version-history":[{"count":3,"href":"https:\/\/www.crea.gov.co\/crea-roma\/wp-json\/wp\/v2\/posts\/822\/revisions"}],"predecessor-version":[{"id":828,"href":"https:\/\/www.crea.gov.co\/crea-roma\/wp-json\/wp\/v2\/posts\/822\/revisions\/828"}],"wp:attachment":[{"href":"https:\/\/www.crea.gov.co\/crea-roma\/wp-json\/wp\/v2\/media?parent=822"}],"wp:term":[{"taxonomy":"category","embeddable":true,"href":"https:\/\/www.crea.gov.co\/crea-roma\/wp-json\/wp\/v2\/categories?post=822"},{"taxonomy":"post_tag","embeddable":true,"href":"https:\/\/www.crea.gov.co\/crea-roma\/wp-json\/wp\/v2\/tags?post=822"}],"curies":[{"name":"wp","href":"https:\/\/api.w.org\/{rel}","templated":true}]}}