{"id":818,"date":"2023-08-16T16:06:22","date_gmt":"2023-08-16T16:06:22","guid":{"rendered":"https:\/\/www.crea.gov.co\/crea-roma\/?p=818"},"modified":"2023-08-16T16:06:24","modified_gmt":"2023-08-16T16:06:24","slug":"bogota-tiene-mucho-que-contar-no-te-pierdas-todas-las-actividades-en-sus-485-anos","status":"publish","type":"post","link":"https:\/\/www.crea.gov.co\/crea-roma\/bogota-tiene-mucho-que-contar-no-te-pierdas-todas-las-actividades-en-sus-485-anos\/","title":{"rendered":"BOGOT\u00c1 TIENE MUCHO QUE CONTAR!!! NO TE PIERDAS TODAS LAS ACTIVIDADES EN SUS 485 A\u00d1OS."},"content":{"rendered":"\n<figure class=\"wp-block-image size-large\"><img loading=\"lazy\" decoding=\"async\" width=\"819\" height=\"1024\" src=\"https:\/\/www.crea.gov.co\/crea-roma\/wp-content\/uploads\/sites\/10\/2023\/08\/image-819x1024.png\" alt=\"\" class=\"wp-image-819\" srcset=\"https:\/\/www.crea.gov.co\/crea-roma\/wp-content\/uploads\/sites\/10\/2023\/08\/image-819x1024.png 819w, https:\/\/www.crea.gov.co\/crea-roma\/wp-content\/uploads\/sites\/10\/2023\/08\/image-240x300.png 240w, https:\/\/www.crea.gov.co\/crea-roma\/wp-content\/uploads\/sites\/10\/2023\/08\/image-768x960.png 768w, https:\/\/www.crea.gov.co\/crea-roma\/wp-content\/uploads\/sites\/10\/2023\/08\/image.png 1080w\" sizes=\"auto, (max-width: 819px) 100vw, 819px\" \/><\/figure>\n\n\n\n<p>El Festival de Teatro y Circo de Bogot\u00e1 celebra sus 18 a\u00f1os<br>Con cerca de 90 actividades, que incluyen funciones en salas, parques y plazas, conversatorios y eventos especiales, el Festival de Teatro y Circo de Bogot\u00e1 celebra sus 18 a\u00f1os de vida con una gran fiesta llena del talento, la creatividad y los procesos de dramaturgos, directores, actores, equilibristas, acr\u00f3batas, gimnastas, clowns, malabaristas y magos, entre otros agentes del sector, para llevar a la ciudadan\u00eda lo mejor del espect\u00e1culo teatral y circense en una programaci\u00f3n que se realizar\u00e1 del 18 de agosto al 3 de septiembre del 2023.<\/p>\n\n\n\n<p>Toda la programaci\u00f3n se puede consultar en&nbsp;<a href=\"http:\/\/www.bogotateatralycircense.gov.co\/\" target=\"_blank\" rel=\"noreferrer noopener\">www.bogotateatralycircense.gov.co<\/a><\/p>\n\n\n\n<p><strong>Instituto Distrital de las Artes &#8211; Idartes<\/strong><\/p>\n\n\n\n<p><small>Carrera 8 N\u00b0 15 &#8211; 46<br>PBX:(+571) 3795750<br><a href=\"mailto:contactenos@idartes.gov.co\" target=\"_blank\" rel=\"noreferrer noopener\">contactenos@idartes.gov.co<\/a><\/small><\/p>\n","protected":false},"excerpt":{"rendered":"<p>El Festival de Teatro y Circo de Bogot\u00e1 celebra sus 18 a\u00f1osCon cerca de 90 actividades, que incluyen funciones en salas, parques y plazas, conversatorios y eventos especiales, el Festival de Teatro y Circo de Bogot\u00e1 celebra sus 18 a\u00f1os de vida con una gran fiesta llena del talento, la creatividad y los procesos de [&hellip;]<\/p>\n","protected":false},"author":50,"featured_media":0,"comment_status":"open","ping_status":"open","sticky":false,"template":"","format":"standard","meta":{"footnotes":""},"categories":[1],"tags":[],"class_list":["post-818","post","type-post","status-publish","format-standard","hentry","category-sin-categoria"],"yoast_head":"<!-- This site is optimized with the Yoast SEO plugin v24.5 - https:\/\/yoast.com\/wordpress\/plugins\/seo\/ -->\n<title>BOGOT\u00c1 TIENE MUCHO QUE CONTAR!!! NO TE PIERDAS TODAS LAS ACTIVIDADES EN SUS 485 A\u00d1OS. - Crea Roma<\/title>\n<meta name=\"robots\" content=\"index, follow, max-snippet:-1, max-image-preview:large, max-video-preview:-1\" \/>\n<link rel=\"canonical\" href=\"https:\/\/www.crea.gov.co\/crea-roma\/bogota-tiene-mucho-que-contar-no-te-pierdas-todas-las-actividades-en-sus-485-anos\/\" \/>\n<meta property=\"og:locale\" content=\"es_ES\" \/>\n<meta property=\"og:type\" content=\"article\" \/>\n<meta property=\"og:title\" content=\"BOGOT\u00c1 TIENE MUCHO QUE CONTAR!!! NO TE PIERDAS TODAS LAS ACTIVIDADES EN SUS 485 A\u00d1OS. - Crea Roma\" \/>\n<meta property=\"og:description\" content=\"El Festival de Teatro y Circo de Bogot\u00e1 celebra sus 18 a\u00f1osCon cerca de 90 actividades, que incluyen funciones en salas, parques y plazas, conversatorios y eventos especiales, el Festival de Teatro y Circo de Bogot\u00e1 celebra sus 18 a\u00f1os de vida con una gran fiesta llena del talento, la creatividad y los procesos de [&hellip;]\" \/>\n<meta property=\"og:url\" content=\"https:\/\/www.crea.gov.co\/crea-roma\/bogota-tiene-mucho-que-contar-no-te-pierdas-todas-las-actividades-en-sus-485-anos\/\" \/>\n<meta property=\"og:site_name\" content=\"Crea Roma\" \/>\n<meta property=\"article:published_time\" content=\"2023-08-16T16:06:22+00:00\" \/>\n<meta property=\"article:modified_time\" content=\"2023-08-16T16:06:24+00:00\" \/>\n<meta property=\"og:image\" content=\"https:\/\/www.crea.gov.co\/crea-roma\/wp-content\/uploads\/sites\/10\/2023\/08\/image-819x1024.png\" \/>\n<meta name=\"author\" content=\"taniamojica\" \/>\n<meta name=\"twitter:card\" content=\"summary_large_image\" \/>\n<meta name=\"twitter:label1\" content=\"Escrito por\" \/>\n\t<meta name=\"twitter:data1\" content=\"taniamojica\" \/>\n\t<meta name=\"twitter:label2\" content=\"Tiempo de lectura\" \/>\n\t<meta name=\"twitter:data2\" content=\"1 minuto\" \/>\n<script type=\"application\/ld+json\" class=\"yoast-schema-graph\">{\"@context\":\"https:\/\/schema.org\",\"@graph\":[{\"@type\":\"WebPage\",\"@id\":\"https:\/\/www.crea.gov.co\/crea-roma\/bogota-tiene-mucho-que-contar-no-te-pierdas-todas-las-actividades-en-sus-485-anos\/\",\"url\":\"https:\/\/www.crea.gov.co\/crea-roma\/bogota-tiene-mucho-que-contar-no-te-pierdas-todas-las-actividades-en-sus-485-anos\/\",\"name\":\"BOGOT\u00c1 TIENE MUCHO QUE CONTAR!!! NO TE PIERDAS TODAS LAS ACTIVIDADES EN SUS 485 A\u00d1OS. - Crea Roma\",\"isPartOf\":{\"@id\":\"https:\/\/www.crea.gov.co\/crea-roma\/#website\"},\"primaryImageOfPage\":{\"@id\":\"https:\/\/www.crea.gov.co\/crea-roma\/bogota-tiene-mucho-que-contar-no-te-pierdas-todas-las-actividades-en-sus-485-anos\/#primaryimage\"},\"image\":{\"@id\":\"https:\/\/www.crea.gov.co\/crea-roma\/bogota-tiene-mucho-que-contar-no-te-pierdas-todas-las-actividades-en-sus-485-anos\/#primaryimage\"},\"thumbnailUrl\":\"https:\/\/www.crea.gov.co\/crea-roma\/wp-content\/uploads\/sites\/10\/2023\/08\/image-819x1024.png\",\"datePublished\":\"2023-08-16T16:06:22+00:00\",\"dateModified\":\"2023-08-16T16:06:24+00:00\",\"author\":{\"@id\":\"https:\/\/www.crea.gov.co\/crea-roma\/#\/schema\/person\/4357b8ff2697b9645f7e00da293f0cac\"},\"breadcrumb\":{\"@id\":\"https:\/\/www.crea.gov.co\/crea-roma\/bogota-tiene-mucho-que-contar-no-te-pierdas-todas-las-actividades-en-sus-485-anos\/#breadcrumb\"},\"inLanguage\":\"es-CO\",\"potentialAction\":[{\"@type\":\"ReadAction\",\"target\":[\"https:\/\/www.crea.gov.co\/crea-roma\/bogota-tiene-mucho-que-contar-no-te-pierdas-todas-las-actividades-en-sus-485-anos\/\"]}]},{\"@type\":\"ImageObject\",\"inLanguage\":\"es-CO\",\"@id\":\"https:\/\/www.crea.gov.co\/crea-roma\/bogota-tiene-mucho-que-contar-no-te-pierdas-todas-las-actividades-en-sus-485-anos\/#primaryimage\",\"url\":\"https:\/\/www.crea.gov.co\/crea-roma\/wp-content\/uploads\/sites\/10\/2023\/08\/image.png\",\"contentUrl\":\"https:\/\/www.crea.gov.co\/crea-roma\/wp-content\/uploads\/sites\/10\/2023\/08\/image.png\",\"width\":1080,\"height\":1350},{\"@type\":\"BreadcrumbList\",\"@id\":\"https:\/\/www.crea.gov.co\/crea-roma\/bogota-tiene-mucho-que-contar-no-te-pierdas-todas-las-actividades-en-sus-485-anos\/#breadcrumb\",\"itemListElement\":[{\"@type\":\"ListItem\",\"position\":1,\"name\":\"Home\",\"item\":\"https:\/\/www.crea.gov.co\/crea-roma\/\"},{\"@type\":\"ListItem\",\"position\":2,\"name\":\"BOGOT\u00c1 TIENE MUCHO QUE CONTAR!!! NO TE PIERDAS TODAS LAS ACTIVIDADES EN SUS 485 A\u00d1OS.\"}]},{\"@type\":\"WebSite\",\"@id\":\"https:\/\/www.crea.gov.co\/crea-roma\/#website\",\"url\":\"https:\/\/www.crea.gov.co\/crea-roma\/\",\"name\":\"Crea Roma\",\"description\":\"En Kennedy, rodeado de conjuntos y calles que guardan historias de familias que han crecido en el barrio, este espacio es un lugar donde la creatividad se entrelaza con la vida cotidiana. Aqu\u00ed, los lenguajes art\u00edsticos fortalecen lazos y dan voz a las experiencias de una comunidad que se reconoce en lo colectivo.\",\"potentialAction\":[{\"@type\":\"SearchAction\",\"target\":{\"@type\":\"EntryPoint\",\"urlTemplate\":\"https:\/\/www.crea.gov.co\/crea-roma\/?s={search_term_string}\"},\"query-input\":{\"@type\":\"PropertyValueSpecification\",\"valueRequired\":true,\"valueName\":\"search_term_string\"}}],\"inLanguage\":\"es-CO\"},{\"@type\":\"Person\",\"@id\":\"https:\/\/www.crea.gov.co\/crea-roma\/#\/schema\/person\/4357b8ff2697b9645f7e00da293f0cac\",\"name\":\"taniamojica\",\"image\":{\"@type\":\"ImageObject\",\"inLanguage\":\"es-CO\",\"@id\":\"https:\/\/www.crea.gov.co\/crea-roma\/#\/schema\/person\/image\/\",\"url\":\"https:\/\/secure.gravatar.com\/avatar\/3183a636b540b71ce9f3153f0ebadc3f?s=96&d=mm&r=g\",\"contentUrl\":\"https:\/\/secure.gravatar.com\/avatar\/3183a636b540b71ce9f3153f0ebadc3f?s=96&d=mm&r=g\",\"caption\":\"taniamojica\"},\"url\":\"https:\/\/www.crea.gov.co\/crea-roma\/author\/taniamojica\/\"}]}<\/script>\n<!-- \/ Yoast SEO plugin. -->","yoast_head_json":{"title":"BOGOT\u00c1 TIENE MUCHO QUE CONTAR!!! NO TE PIERDAS TODAS LAS ACTIVIDADES EN SUS 485 A\u00d1OS. - Crea Roma","robots":{"index":"index","follow":"follow","max-snippet":"max-snippet:-1","max-image-preview":"max-image-preview:large","max-video-preview":"max-video-preview:-1"},"canonical":"https:\/\/www.crea.gov.co\/crea-roma\/bogota-tiene-mucho-que-contar-no-te-pierdas-todas-las-actividades-en-sus-485-anos\/","og_locale":"es_ES","og_type":"article","og_title":"BOGOT\u00c1 TIENE MUCHO QUE CONTAR!!! NO TE PIERDAS TODAS LAS ACTIVIDADES EN SUS 485 A\u00d1OS. - Crea Roma","og_description":"El Festival de Teatro y Circo de Bogot\u00e1 celebra sus 18 a\u00f1osCon cerca de 90 actividades, que incluyen funciones en salas, parques y plazas, conversatorios y eventos especiales, el Festival de Teatro y Circo de Bogot\u00e1 celebra sus 18 a\u00f1os de vida con una gran fiesta llena del talento, la creatividad y los procesos de [&hellip;]","og_url":"https:\/\/www.crea.gov.co\/crea-roma\/bogota-tiene-mucho-que-contar-no-te-pierdas-todas-las-actividades-en-sus-485-anos\/","og_site_name":"Crea Roma","article_published_time":"2023-08-16T16:06:22+00:00","article_modified_time":"2023-08-16T16:06:24+00:00","og_image":[{"url":"https:\/\/www.crea.gov.co\/crea-roma\/wp-content\/uploads\/sites\/10\/2023\/08\/image-819x1024.png","type":"","width":"","height":""}],"author":"taniamojica","twitter_card":"summary_large_image","twitter_misc":{"Escrito por":"taniamojica","Tiempo de lectura":"1 minuto"},"schema":{"@context":"https:\/\/schema.org","@graph":[{"@type":"WebPage","@id":"https:\/\/www.crea.gov.co\/crea-roma\/bogota-tiene-mucho-que-contar-no-te-pierdas-todas-las-actividades-en-sus-485-anos\/","url":"https:\/\/www.crea.gov.co\/crea-roma\/bogota-tiene-mucho-que-contar-no-te-pierdas-todas-las-actividades-en-sus-485-anos\/","name":"BOGOT\u00c1 TIENE MUCHO QUE CONTAR!!! NO TE PIERDAS TODAS LAS ACTIVIDADES EN SUS 485 A\u00d1OS. - Crea Roma","isPartOf":{"@id":"https:\/\/www.crea.gov.co\/crea-roma\/#website"},"primaryImageOfPage":{"@id":"https:\/\/www.crea.gov.co\/crea-roma\/bogota-tiene-mucho-que-contar-no-te-pierdas-todas-las-actividades-en-sus-485-anos\/#primaryimage"},"image":{"@id":"https:\/\/www.crea.gov.co\/crea-roma\/bogota-tiene-mucho-que-contar-no-te-pierdas-todas-las-actividades-en-sus-485-anos\/#primaryimage"},"thumbnailUrl":"https:\/\/www.crea.gov.co\/crea-roma\/wp-content\/uploads\/sites\/10\/2023\/08\/image-819x1024.png","datePublished":"2023-08-16T16:06:22+00:00","dateModified":"2023-08-16T16:06:24+00:00","author":{"@id":"https:\/\/www.crea.gov.co\/crea-roma\/#\/schema\/person\/4357b8ff2697b9645f7e00da293f0cac"},"breadcrumb":{"@id":"https:\/\/www.crea.gov.co\/crea-roma\/bogota-tiene-mucho-que-contar-no-te-pierdas-todas-las-actividades-en-sus-485-anos\/#breadcrumb"},"inLanguage":"es-CO","potentialAction":[{"@type":"ReadAction","target":["https:\/\/www.crea.gov.co\/crea-roma\/bogota-tiene-mucho-que-contar-no-te-pierdas-todas-las-actividades-en-sus-485-anos\/"]}]},{"@type":"ImageObject","inLanguage":"es-CO","@id":"https:\/\/www.crea.gov.co\/crea-roma\/bogota-tiene-mucho-que-contar-no-te-pierdas-todas-las-actividades-en-sus-485-anos\/#primaryimage","url":"https:\/\/www.crea.gov.co\/crea-roma\/wp-content\/uploads\/sites\/10\/2023\/08\/image.png","contentUrl":"https:\/\/www.crea.gov.co\/crea-roma\/wp-content\/uploads\/sites\/10\/2023\/08\/image.png","width":1080,"height":1350},{"@type":"BreadcrumbList","@id":"https:\/\/www.crea.gov.co\/crea-roma\/bogota-tiene-mucho-que-contar-no-te-pierdas-todas-las-actividades-en-sus-485-anos\/#breadcrumb","itemListElement":[{"@type":"ListItem","position":1,"name":"Home","item":"https:\/\/www.crea.gov.co\/crea-roma\/"},{"@type":"ListItem","position":2,"name":"BOGOT\u00c1 TIENE MUCHO QUE CONTAR!!! NO TE PIERDAS TODAS LAS ACTIVIDADES EN SUS 485 A\u00d1OS."}]},{"@type":"WebSite","@id":"https:\/\/www.crea.gov.co\/crea-roma\/#website","url":"https:\/\/www.crea.gov.co\/crea-roma\/","name":"Crea Roma","description":"En Kennedy, rodeado de conjuntos y calles que guardan historias de familias que han crecido en el barrio, este espacio es un lugar donde la creatividad se entrelaza con la vida cotidiana. Aqu\u00ed, los lenguajes art\u00edsticos fortalecen lazos y dan voz a las experiencias de una comunidad que se reconoce en lo colectivo.","potentialAction":[{"@type":"SearchAction","target":{"@type":"EntryPoint","urlTemplate":"https:\/\/www.crea.gov.co\/crea-roma\/?s={search_term_string}"},"query-input":{"@type":"PropertyValueSpecification","valueRequired":true,"valueName":"search_term_string"}}],"inLanguage":"es-CO"},{"@type":"Person","@id":"https:\/\/www.crea.gov.co\/crea-roma\/#\/schema\/person\/4357b8ff2697b9645f7e00da293f0cac","name":"taniamojica","image":{"@type":"ImageObject","inLanguage":"es-CO","@id":"https:\/\/www.crea.gov.co\/crea-roma\/#\/schema\/person\/image\/","url":"https:\/\/secure.gravatar.com\/avatar\/3183a636b540b71ce9f3153f0ebadc3f?s=96&d=mm&r=g","contentUrl":"https:\/\/secure.gravatar.com\/avatar\/3183a636b540b71ce9f3153f0ebadc3f?s=96&d=mm&r=g","caption":"taniamojica"},"url":"https:\/\/www.crea.gov.co\/crea-roma\/author\/taniamojica\/"}]}},"_links":{"self":[{"href":"https:\/\/www.crea.gov.co\/crea-roma\/wp-json\/wp\/v2\/posts\/818","targetHints":{"allow":["GET"]}}],"collection":[{"href":"https:\/\/www.crea.gov.co\/crea-roma\/wp-json\/wp\/v2\/posts"}],"about":[{"href":"https:\/\/www.crea.gov.co\/crea-roma\/wp-json\/wp\/v2\/types\/post"}],"author":[{"embeddable":true,"href":"https:\/\/www.crea.gov.co\/crea-roma\/wp-json\/wp\/v2\/users\/50"}],"replies":[{"embeddable":true,"href":"https:\/\/www.crea.gov.co\/crea-roma\/wp-json\/wp\/v2\/comments?post=818"}],"version-history":[{"count":1,"href":"https:\/\/www.crea.gov.co\/crea-roma\/wp-json\/wp\/v2\/posts\/818\/revisions"}],"predecessor-version":[{"id":820,"href":"https:\/\/www.crea.gov.co\/crea-roma\/wp-json\/wp\/v2\/posts\/818\/revisions\/820"}],"wp:attachment":[{"href":"https:\/\/www.crea.gov.co\/crea-roma\/wp-json\/wp\/v2\/media?parent=818"}],"wp:term":[{"taxonomy":"category","embeddable":true,"href":"https:\/\/www.crea.gov.co\/crea-roma\/wp-json\/wp\/v2\/categories?post=818"},{"taxonomy":"post_tag","embeddable":true,"href":"https:\/\/www.crea.gov.co\/crea-roma\/wp-json\/wp\/v2\/tags?post=818"}],"curies":[{"name":"wp","href":"https:\/\/api.w.org\/{rel}","templated":true}]}}