{"id":814,"date":"2023-08-15T20:50:54","date_gmt":"2023-08-15T20:50:54","guid":{"rendered":"https:\/\/www.crea.gov.co\/crea-roma\/?p=814"},"modified":"2023-08-15T20:50:55","modified_gmt":"2023-08-15T20:50:55","slug":"crea-en-movimiento-un-espacio-para-encontrarnos","status":"publish","type":"post","link":"https:\/\/www.crea.gov.co\/crea-roma\/crea-en-movimiento-un-espacio-para-encontrarnos\/","title":{"rendered":"CREA EN MOVIMIENTO UN ESPACIO PARA ENCONTRARNOS!"},"content":{"rendered":"\n<p>\u00a1El arte se toma espacios no convencionales de la ciudad!<\/p>\n\n\n\n<p>Tendremos cinco d\u00edas, cinco espacios y m\u00e1s de 50 de muestras, presentaciones y talleres abiertos al p\u00fablico, as\u00ed ser\u00e1 <a href=\"https:\/\/www.facebook.com\/hashtag\/creaenmovimiento?__eep__=6&amp;__cft__%5b0%5d=AZVovkQAqaM4yxlj76ZLwCX2S3C6VrquTldiKpsJ4d61rU1LroR6-Zz1O2Pe6yFEX_VC70Yg3M_FSKZQmTG-khB6QEoBua9O9foZywiPo6QZI3wPVehNq49YC9Hv4TMViZZDw2mO2QJgg0TGh0HTjUSJ&amp;__tn__=*NK-R\">#CreaEnMovimiento<\/a>, el evento que inundar\u00e1 la ciudad de arte.<\/p>\n\n\n\n<p>En estos eventos, que se realizar\u00e1n los d\u00edas 19, 26 de agosto, 2, 9 y 10 de septiembre, podr\u00e1n participar ni\u00f1os, ni\u00f1as, j\u00f3venes, adultos y personas mayores. Las jornadas incluir\u00e1n talleres art\u00edsticos, proyecciones audiovisuales, presentaciones musicales, puestas en escena, lecturas en voz alta, entre otros.<\/p>\n\n\n\n<p>\u00a1Conoce m\u00e1s informaci\u00f3n y ag\u00e9ndate para participar!<\/p>\n\n\n\n<p><a href=\"https:\/\/www.crea.gov.co\/el-arte-se-toma-espacios-no...\">https:\/\/www.crea.gov.co\/el-arte-se-toma-espacios-no&#8230;<\/a><\/p>\n\n\n\n<p><a href=\"https:\/\/www.facebook.com\/hashtag\/10a%C3%B1oscreandocontigo?__eep__=6&amp;__cft__%5b0%5d=AZVovkQAqaM4yxlj76ZLwCX2S3C6VrquTldiKpsJ4d61rU1LroR6-Zz1O2Pe6yFEX_VC70Yg3M_FSKZQmTG-khB6QEoBua9O9foZywiPo6QZI3wPVehNq49YC9Hv4TMViZZDw2mO2QJgg0TGh0HTjUSJ&amp;__tn__=*NK-R\">#10A\u00f1osCREAndoContigo<\/a> <a href=\"https:\/\/www.facebook.com\/hashtag\/idartesesbogot%C3%A1?__eep__=6&amp;__cft__%5b0%5d=AZVovkQAqaM4yxlj76ZLwCX2S3C6VrquTldiKpsJ4d61rU1LroR6-Zz1O2Pe6yFEX_VC70Yg3M_FSKZQmTG-khB6QEoBua9O9foZywiPo6QZI3wPVehNq49YC9Hv4TMViZZDw2mO2QJgg0TGh0HTjUSJ&amp;__tn__=*NK-R\">#IdartesEsBogot\u00e1<\/a><\/p>\n\n\n\n<figure class=\"wp-block-image size-large\"><img loading=\"lazy\" decoding=\"async\" width=\"819\" height=\"1024\" src=\"https:\/\/www.crea.gov.co\/crea-roma\/wp-content\/uploads\/sites\/10\/2023\/08\/imagen-de-circuito-arte-en-la-escuela-819x1024.jpg\" alt=\"\" class=\"wp-image-815\" srcset=\"https:\/\/www.crea.gov.co\/crea-roma\/wp-content\/uploads\/sites\/10\/2023\/08\/imagen-de-circuito-arte-en-la-escuela-819x1024.jpg 819w, https:\/\/www.crea.gov.co\/crea-roma\/wp-content\/uploads\/sites\/10\/2023\/08\/imagen-de-circuito-arte-en-la-escuela-240x300.jpg 240w, https:\/\/www.crea.gov.co\/crea-roma\/wp-content\/uploads\/sites\/10\/2023\/08\/imagen-de-circuito-arte-en-la-escuela-768x960.jpg 768w, https:\/\/www.crea.gov.co\/crea-roma\/wp-content\/uploads\/sites\/10\/2023\/08\/imagen-de-circuito-arte-en-la-escuela.jpg 1080w\" sizes=\"auto, (max-width: 819px) 100vw, 819px\" \/><\/figure>\n","protected":false},"excerpt":{"rendered":"<p>\u00a1El arte se toma espacios no convencionales de la ciudad! Tendremos cinco d\u00edas, cinco espacios y m\u00e1s de 50 de muestras, presentaciones y talleres abiertos al p\u00fablico, as\u00ed ser\u00e1 #CreaEnMovimiento, el evento que inundar\u00e1 la ciudad de arte. En estos eventos, que se realizar\u00e1n los d\u00edas 19, 26 de agosto, 2, 9 y 10 de [&hellip;]<\/p>\n","protected":false},"author":50,"featured_media":0,"comment_status":"open","ping_status":"open","sticky":false,"template":"","format":"standard","meta":{"footnotes":""},"categories":[1],"tags":[],"class_list":["post-814","post","type-post","status-publish","format-standard","hentry","category-sin-categoria"],"yoast_head":"<!-- This site is optimized with the Yoast SEO plugin v24.5 - https:\/\/yoast.com\/wordpress\/plugins\/seo\/ -->\n<title>CREA EN MOVIMIENTO UN ESPACIO PARA ENCONTRARNOS! - Crea Roma<\/title>\n<meta name=\"robots\" content=\"index, follow, max-snippet:-1, max-image-preview:large, max-video-preview:-1\" \/>\n<link rel=\"canonical\" href=\"https:\/\/www.crea.gov.co\/crea-roma\/crea-en-movimiento-un-espacio-para-encontrarnos\/\" \/>\n<meta property=\"og:locale\" content=\"es_ES\" \/>\n<meta property=\"og:type\" content=\"article\" \/>\n<meta property=\"og:title\" content=\"CREA EN MOVIMIENTO UN ESPACIO PARA ENCONTRARNOS! - Crea Roma\" \/>\n<meta property=\"og:description\" content=\"\u00a1El arte se toma espacios no convencionales de la ciudad! Tendremos cinco d\u00edas, cinco espacios y m\u00e1s de 50 de muestras, presentaciones y talleres abiertos al p\u00fablico, as\u00ed ser\u00e1 #CreaEnMovimiento, el evento que inundar\u00e1 la ciudad de arte. En estos eventos, que se realizar\u00e1n los d\u00edas 19, 26 de agosto, 2, 9 y 10 de [&hellip;]\" \/>\n<meta property=\"og:url\" content=\"https:\/\/www.crea.gov.co\/crea-roma\/crea-en-movimiento-un-espacio-para-encontrarnos\/\" \/>\n<meta property=\"og:site_name\" content=\"Crea Roma\" \/>\n<meta property=\"article:published_time\" content=\"2023-08-15T20:50:54+00:00\" \/>\n<meta property=\"article:modified_time\" content=\"2023-08-15T20:50:55+00:00\" \/>\n<meta property=\"og:image\" content=\"https:\/\/www.crea.gov.co\/crea-roma\/wp-content\/uploads\/sites\/10\/2023\/08\/imagen-de-circuito-arte-en-la-escuela-819x1024.jpg\" \/>\n<meta name=\"author\" content=\"taniamojica\" \/>\n<meta name=\"twitter:card\" content=\"summary_large_image\" \/>\n<meta name=\"twitter:label1\" content=\"Escrito por\" \/>\n\t<meta name=\"twitter:data1\" content=\"taniamojica\" \/>\n\t<meta name=\"twitter:label2\" content=\"Tiempo de lectura\" \/>\n\t<meta name=\"twitter:data2\" content=\"1 minuto\" \/>\n<script type=\"application\/ld+json\" class=\"yoast-schema-graph\">{\"@context\":\"https:\/\/schema.org\",\"@graph\":[{\"@type\":\"WebPage\",\"@id\":\"https:\/\/www.crea.gov.co\/crea-roma\/crea-en-movimiento-un-espacio-para-encontrarnos\/\",\"url\":\"https:\/\/www.crea.gov.co\/crea-roma\/crea-en-movimiento-un-espacio-para-encontrarnos\/\",\"name\":\"CREA EN MOVIMIENTO UN ESPACIO PARA ENCONTRARNOS! - Crea Roma\",\"isPartOf\":{\"@id\":\"https:\/\/www.crea.gov.co\/crea-roma\/#website\"},\"primaryImageOfPage\":{\"@id\":\"https:\/\/www.crea.gov.co\/crea-roma\/crea-en-movimiento-un-espacio-para-encontrarnos\/#primaryimage\"},\"image\":{\"@id\":\"https:\/\/www.crea.gov.co\/crea-roma\/crea-en-movimiento-un-espacio-para-encontrarnos\/#primaryimage\"},\"thumbnailUrl\":\"https:\/\/www.crea.gov.co\/crea-roma\/wp-content\/uploads\/sites\/10\/2023\/08\/imagen-de-circuito-arte-en-la-escuela-819x1024.jpg\",\"datePublished\":\"2023-08-15T20:50:54+00:00\",\"dateModified\":\"2023-08-15T20:50:55+00:00\",\"author\":{\"@id\":\"https:\/\/www.crea.gov.co\/crea-roma\/#\/schema\/person\/4357b8ff2697b9645f7e00da293f0cac\"},\"breadcrumb\":{\"@id\":\"https:\/\/www.crea.gov.co\/crea-roma\/crea-en-movimiento-un-espacio-para-encontrarnos\/#breadcrumb\"},\"inLanguage\":\"es-CO\",\"potentialAction\":[{\"@type\":\"ReadAction\",\"target\":[\"https:\/\/www.crea.gov.co\/crea-roma\/crea-en-movimiento-un-espacio-para-encontrarnos\/\"]}]},{\"@type\":\"ImageObject\",\"inLanguage\":\"es-CO\",\"@id\":\"https:\/\/www.crea.gov.co\/crea-roma\/crea-en-movimiento-un-espacio-para-encontrarnos\/#primaryimage\",\"url\":\"https:\/\/www.crea.gov.co\/crea-roma\/wp-content\/uploads\/sites\/10\/2023\/08\/imagen-de-circuito-arte-en-la-escuela.jpg\",\"contentUrl\":\"https:\/\/www.crea.gov.co\/crea-roma\/wp-content\/uploads\/sites\/10\/2023\/08\/imagen-de-circuito-arte-en-la-escuela.jpg\",\"width\":1080,\"height\":1350},{\"@type\":\"BreadcrumbList\",\"@id\":\"https:\/\/www.crea.gov.co\/crea-roma\/crea-en-movimiento-un-espacio-para-encontrarnos\/#breadcrumb\",\"itemListElement\":[{\"@type\":\"ListItem\",\"position\":1,\"name\":\"Home\",\"item\":\"https:\/\/www.crea.gov.co\/crea-roma\/\"},{\"@type\":\"ListItem\",\"position\":2,\"name\":\"CREA EN MOVIMIENTO UN ESPACIO PARA ENCONTRARNOS!\"}]},{\"@type\":\"WebSite\",\"@id\":\"https:\/\/www.crea.gov.co\/crea-roma\/#website\",\"url\":\"https:\/\/www.crea.gov.co\/crea-roma\/\",\"name\":\"Crea Roma\",\"description\":\"En Kennedy, rodeado de conjuntos y calles que guardan historias de familias que han crecido en el barrio, este espacio es un lugar donde la creatividad se entrelaza con la vida cotidiana. Aqu\u00ed, los lenguajes art\u00edsticos fortalecen lazos y dan voz a las experiencias de una comunidad que se reconoce en lo colectivo.\",\"potentialAction\":[{\"@type\":\"SearchAction\",\"target\":{\"@type\":\"EntryPoint\",\"urlTemplate\":\"https:\/\/www.crea.gov.co\/crea-roma\/?s={search_term_string}\"},\"query-input\":{\"@type\":\"PropertyValueSpecification\",\"valueRequired\":true,\"valueName\":\"search_term_string\"}}],\"inLanguage\":\"es-CO\"},{\"@type\":\"Person\",\"@id\":\"https:\/\/www.crea.gov.co\/crea-roma\/#\/schema\/person\/4357b8ff2697b9645f7e00da293f0cac\",\"name\":\"taniamojica\",\"image\":{\"@type\":\"ImageObject\",\"inLanguage\":\"es-CO\",\"@id\":\"https:\/\/www.crea.gov.co\/crea-roma\/#\/schema\/person\/image\/\",\"url\":\"https:\/\/secure.gravatar.com\/avatar\/3183a636b540b71ce9f3153f0ebadc3f?s=96&d=mm&r=g\",\"contentUrl\":\"https:\/\/secure.gravatar.com\/avatar\/3183a636b540b71ce9f3153f0ebadc3f?s=96&d=mm&r=g\",\"caption\":\"taniamojica\"},\"url\":\"https:\/\/www.crea.gov.co\/crea-roma\/author\/taniamojica\/\"}]}<\/script>\n<!-- \/ Yoast SEO plugin. -->","yoast_head_json":{"title":"CREA EN MOVIMIENTO UN ESPACIO PARA ENCONTRARNOS! - Crea Roma","robots":{"index":"index","follow":"follow","max-snippet":"max-snippet:-1","max-image-preview":"max-image-preview:large","max-video-preview":"max-video-preview:-1"},"canonical":"https:\/\/www.crea.gov.co\/crea-roma\/crea-en-movimiento-un-espacio-para-encontrarnos\/","og_locale":"es_ES","og_type":"article","og_title":"CREA EN MOVIMIENTO UN ESPACIO PARA ENCONTRARNOS! - Crea Roma","og_description":"\u00a1El arte se toma espacios no convencionales de la ciudad! Tendremos cinco d\u00edas, cinco espacios y m\u00e1s de 50 de muestras, presentaciones y talleres abiertos al p\u00fablico, as\u00ed ser\u00e1 #CreaEnMovimiento, el evento que inundar\u00e1 la ciudad de arte. En estos eventos, que se realizar\u00e1n los d\u00edas 19, 26 de agosto, 2, 9 y 10 de [&hellip;]","og_url":"https:\/\/www.crea.gov.co\/crea-roma\/crea-en-movimiento-un-espacio-para-encontrarnos\/","og_site_name":"Crea Roma","article_published_time":"2023-08-15T20:50:54+00:00","article_modified_time":"2023-08-15T20:50:55+00:00","og_image":[{"url":"https:\/\/www.crea.gov.co\/crea-roma\/wp-content\/uploads\/sites\/10\/2023\/08\/imagen-de-circuito-arte-en-la-escuela-819x1024.jpg","type":"","width":"","height":""}],"author":"taniamojica","twitter_card":"summary_large_image","twitter_misc":{"Escrito por":"taniamojica","Tiempo de lectura":"1 minuto"},"schema":{"@context":"https:\/\/schema.org","@graph":[{"@type":"WebPage","@id":"https:\/\/www.crea.gov.co\/crea-roma\/crea-en-movimiento-un-espacio-para-encontrarnos\/","url":"https:\/\/www.crea.gov.co\/crea-roma\/crea-en-movimiento-un-espacio-para-encontrarnos\/","name":"CREA EN MOVIMIENTO UN ESPACIO PARA ENCONTRARNOS! - Crea Roma","isPartOf":{"@id":"https:\/\/www.crea.gov.co\/crea-roma\/#website"},"primaryImageOfPage":{"@id":"https:\/\/www.crea.gov.co\/crea-roma\/crea-en-movimiento-un-espacio-para-encontrarnos\/#primaryimage"},"image":{"@id":"https:\/\/www.crea.gov.co\/crea-roma\/crea-en-movimiento-un-espacio-para-encontrarnos\/#primaryimage"},"thumbnailUrl":"https:\/\/www.crea.gov.co\/crea-roma\/wp-content\/uploads\/sites\/10\/2023\/08\/imagen-de-circuito-arte-en-la-escuela-819x1024.jpg","datePublished":"2023-08-15T20:50:54+00:00","dateModified":"2023-08-15T20:50:55+00:00","author":{"@id":"https:\/\/www.crea.gov.co\/crea-roma\/#\/schema\/person\/4357b8ff2697b9645f7e00da293f0cac"},"breadcrumb":{"@id":"https:\/\/www.crea.gov.co\/crea-roma\/crea-en-movimiento-un-espacio-para-encontrarnos\/#breadcrumb"},"inLanguage":"es-CO","potentialAction":[{"@type":"ReadAction","target":["https:\/\/www.crea.gov.co\/crea-roma\/crea-en-movimiento-un-espacio-para-encontrarnos\/"]}]},{"@type":"ImageObject","inLanguage":"es-CO","@id":"https:\/\/www.crea.gov.co\/crea-roma\/crea-en-movimiento-un-espacio-para-encontrarnos\/#primaryimage","url":"https:\/\/www.crea.gov.co\/crea-roma\/wp-content\/uploads\/sites\/10\/2023\/08\/imagen-de-circuito-arte-en-la-escuela.jpg","contentUrl":"https:\/\/www.crea.gov.co\/crea-roma\/wp-content\/uploads\/sites\/10\/2023\/08\/imagen-de-circuito-arte-en-la-escuela.jpg","width":1080,"height":1350},{"@type":"BreadcrumbList","@id":"https:\/\/www.crea.gov.co\/crea-roma\/crea-en-movimiento-un-espacio-para-encontrarnos\/#breadcrumb","itemListElement":[{"@type":"ListItem","position":1,"name":"Home","item":"https:\/\/www.crea.gov.co\/crea-roma\/"},{"@type":"ListItem","position":2,"name":"CREA EN MOVIMIENTO UN ESPACIO PARA ENCONTRARNOS!"}]},{"@type":"WebSite","@id":"https:\/\/www.crea.gov.co\/crea-roma\/#website","url":"https:\/\/www.crea.gov.co\/crea-roma\/","name":"Crea Roma","description":"En Kennedy, rodeado de conjuntos y calles que guardan historias de familias que han crecido en el barrio, este espacio es un lugar donde la creatividad se entrelaza con la vida cotidiana. Aqu\u00ed, los lenguajes art\u00edsticos fortalecen lazos y dan voz a las experiencias de una comunidad que se reconoce en lo colectivo.","potentialAction":[{"@type":"SearchAction","target":{"@type":"EntryPoint","urlTemplate":"https:\/\/www.crea.gov.co\/crea-roma\/?s={search_term_string}"},"query-input":{"@type":"PropertyValueSpecification","valueRequired":true,"valueName":"search_term_string"}}],"inLanguage":"es-CO"},{"@type":"Person","@id":"https:\/\/www.crea.gov.co\/crea-roma\/#\/schema\/person\/4357b8ff2697b9645f7e00da293f0cac","name":"taniamojica","image":{"@type":"ImageObject","inLanguage":"es-CO","@id":"https:\/\/www.crea.gov.co\/crea-roma\/#\/schema\/person\/image\/","url":"https:\/\/secure.gravatar.com\/avatar\/3183a636b540b71ce9f3153f0ebadc3f?s=96&d=mm&r=g","contentUrl":"https:\/\/secure.gravatar.com\/avatar\/3183a636b540b71ce9f3153f0ebadc3f?s=96&d=mm&r=g","caption":"taniamojica"},"url":"https:\/\/www.crea.gov.co\/crea-roma\/author\/taniamojica\/"}]}},"_links":{"self":[{"href":"https:\/\/www.crea.gov.co\/crea-roma\/wp-json\/wp\/v2\/posts\/814","targetHints":{"allow":["GET"]}}],"collection":[{"href":"https:\/\/www.crea.gov.co\/crea-roma\/wp-json\/wp\/v2\/posts"}],"about":[{"href":"https:\/\/www.crea.gov.co\/crea-roma\/wp-json\/wp\/v2\/types\/post"}],"author":[{"embeddable":true,"href":"https:\/\/www.crea.gov.co\/crea-roma\/wp-json\/wp\/v2\/users\/50"}],"replies":[{"embeddable":true,"href":"https:\/\/www.crea.gov.co\/crea-roma\/wp-json\/wp\/v2\/comments?post=814"}],"version-history":[{"count":1,"href":"https:\/\/www.crea.gov.co\/crea-roma\/wp-json\/wp\/v2\/posts\/814\/revisions"}],"predecessor-version":[{"id":816,"href":"https:\/\/www.crea.gov.co\/crea-roma\/wp-json\/wp\/v2\/posts\/814\/revisions\/816"}],"wp:attachment":[{"href":"https:\/\/www.crea.gov.co\/crea-roma\/wp-json\/wp\/v2\/media?parent=814"}],"wp:term":[{"taxonomy":"category","embeddable":true,"href":"https:\/\/www.crea.gov.co\/crea-roma\/wp-json\/wp\/v2\/categories?post=814"},{"taxonomy":"post_tag","embeddable":true,"href":"https:\/\/www.crea.gov.co\/crea-roma\/wp-json\/wp\/v2\/tags?post=814"}],"curies":[{"name":"wp","href":"https:\/\/api.w.org\/{rel}","templated":true}]}}