{"id":805,"date":"2023-08-09T17:24:24","date_gmt":"2023-08-09T17:24:24","guid":{"rendered":"https:\/\/www.crea.gov.co\/crea-roma\/?p=805"},"modified":"2023-08-09T19:01:01","modified_gmt":"2023-08-09T19:01:01","slug":"invitacion-segundo-encuentro-ecosistemas-crea","status":"publish","type":"post","link":"https:\/\/www.crea.gov.co\/crea-roma\/invitacion-segundo-encuentro-ecosistemas-crea\/","title":{"rendered":"INVITACI\u00d3N SEGUNDO ENCUENTRO ECOSISTEMAS CREA"},"content":{"rendered":"\n<figure class=\"wp-block-image size-large\"><img loading=\"lazy\" decoding=\"async\" width=\"1024\" height=\"329\" src=\"https:\/\/www.crea.gov.co\/crea-roma\/wp-content\/uploads\/sites\/10\/2023\/08\/unnamed-1-1-1024x329.jpg\" alt=\"\" class=\"wp-image-807\" srcset=\"https:\/\/www.crea.gov.co\/crea-roma\/wp-content\/uploads\/sites\/10\/2023\/08\/unnamed-1-1-1024x329.jpg 1024w, https:\/\/www.crea.gov.co\/crea-roma\/wp-content\/uploads\/sites\/10\/2023\/08\/unnamed-1-1-300x96.jpg 300w, https:\/\/www.crea.gov.co\/crea-roma\/wp-content\/uploads\/sites\/10\/2023\/08\/unnamed-1-1-768x247.jpg 768w, https:\/\/www.crea.gov.co\/crea-roma\/wp-content\/uploads\/sites\/10\/2023\/08\/unnamed-1-1-1536x493.jpg 1536w, https:\/\/www.crea.gov.co\/crea-roma\/wp-content\/uploads\/sites\/10\/2023\/08\/unnamed-1-1-2048x658.jpg 2048w\" sizes=\"auto, (max-width: 1024px) 100vw, 1024px\" \/><\/figure>\n\n\n\n<p><\/p>\n\n\n\n<p>Socializaremos\u00a0las reflexiones que surjan de nuestros ejercicios el 11 de agosto en la Biblioteca Virgilio Barco (Auditorio y aula m\u00faltiple) y el 14 agosto en la Sala Gait\u00e1n.<\/p>\n\n\n\n<p>Queremos que nos acompa\u00f1es a poner la mirada en los caminos trazados, que se cruzan y bifurcan en los procesos de formaci\u00f3n y creaci\u00f3n, como una oportunidad para reconocer los desv\u00edos, los mapas, las br\u00fajulas, las metodolog\u00edas y formas de orientarnos, y de perdernos, para encontrarnos.<\/p>\n\n\n\n<p><\/p>\n\n\n\n<figure class=\"wp-block-image size-large\"><img loading=\"lazy\" decoding=\"async\" width=\"819\" height=\"1024\" src=\"https:\/\/www.crea.gov.co\/crea-roma\/wp-content\/uploads\/sites\/10\/2023\/08\/WhatsApp-Image-2023-08-09-at-12.19.03-PM-819x1024.jpeg\" alt=\"\" class=\"wp-image-808\" srcset=\"https:\/\/www.crea.gov.co\/crea-roma\/wp-content\/uploads\/sites\/10\/2023\/08\/WhatsApp-Image-2023-08-09-at-12.19.03-PM-819x1024.jpeg 819w, https:\/\/www.crea.gov.co\/crea-roma\/wp-content\/uploads\/sites\/10\/2023\/08\/WhatsApp-Image-2023-08-09-at-12.19.03-PM-240x300.jpeg 240w, https:\/\/www.crea.gov.co\/crea-roma\/wp-content\/uploads\/sites\/10\/2023\/08\/WhatsApp-Image-2023-08-09-at-12.19.03-PM-768x960.jpeg 768w, https:\/\/www.crea.gov.co\/crea-roma\/wp-content\/uploads\/sites\/10\/2023\/08\/WhatsApp-Image-2023-08-09-at-12.19.03-PM.jpeg 1080w\" sizes=\"auto, (max-width: 819px) 100vw, 819px\" \/><\/figure>\n\n\n\n<figure class=\"wp-block-image size-large\"><img loading=\"lazy\" decoding=\"async\" width=\"819\" height=\"1024\" src=\"https:\/\/www.crea.gov.co\/crea-roma\/wp-content\/uploads\/sites\/10\/2023\/08\/unnamed-2-819x1024.jpg\" alt=\"\" class=\"wp-image-809\" srcset=\"https:\/\/www.crea.gov.co\/crea-roma\/wp-content\/uploads\/sites\/10\/2023\/08\/unnamed-2-819x1024.jpg 819w, https:\/\/www.crea.gov.co\/crea-roma\/wp-content\/uploads\/sites\/10\/2023\/08\/unnamed-2-240x300.jpg 240w, https:\/\/www.crea.gov.co\/crea-roma\/wp-content\/uploads\/sites\/10\/2023\/08\/unnamed-2-768x960.jpg 768w, https:\/\/www.crea.gov.co\/crea-roma\/wp-content\/uploads\/sites\/10\/2023\/08\/unnamed-2.jpg 1080w\" sizes=\"auto, (max-width: 819px) 100vw, 819px\" \/><\/figure>\n\n\n\n<figure class=\"wp-block-image size-large\"><img loading=\"lazy\" decoding=\"async\" width=\"819\" height=\"1024\" src=\"https:\/\/www.crea.gov.co\/crea-roma\/wp-content\/uploads\/sites\/10\/2023\/08\/unnamed-3-819x1024.jpg\" alt=\"\" class=\"wp-image-811\" srcset=\"https:\/\/www.crea.gov.co\/crea-roma\/wp-content\/uploads\/sites\/10\/2023\/08\/unnamed-3-819x1024.jpg 819w, https:\/\/www.crea.gov.co\/crea-roma\/wp-content\/uploads\/sites\/10\/2023\/08\/unnamed-3-240x300.jpg 240w, https:\/\/www.crea.gov.co\/crea-roma\/wp-content\/uploads\/sites\/10\/2023\/08\/unnamed-3-768x960.jpg 768w, https:\/\/www.crea.gov.co\/crea-roma\/wp-content\/uploads\/sites\/10\/2023\/08\/unnamed-3.jpg 1080w\" sizes=\"auto, (max-width: 819px) 100vw, 819px\" \/><\/figure>\n","protected":false},"excerpt":{"rendered":"<p>Socializaremos\u00a0las reflexiones que surjan de nuestros ejercicios el 11 de agosto en la Biblioteca Virgilio Barco (Auditorio y aula m\u00faltiple) y el 14 agosto en la Sala Gait\u00e1n. Queremos que nos acompa\u00f1es a poner la mirada en los caminos trazados, que se cruzan y bifurcan en los procesos de formaci\u00f3n y creaci\u00f3n, como una oportunidad [&hellip;]<\/p>\n","protected":false},"author":50,"featured_media":0,"comment_status":"open","ping_status":"open","sticky":false,"template":"","format":"standard","meta":{"footnotes":""},"categories":[1],"tags":[],"class_list":["post-805","post","type-post","status-publish","format-standard","hentry","category-sin-categoria"],"yoast_head":"<!-- This site is optimized with the Yoast SEO plugin v24.5 - https:\/\/yoast.com\/wordpress\/plugins\/seo\/ -->\n<title>INVITACI\u00d3N SEGUNDO ENCUENTRO ECOSISTEMAS CREA - Crea Roma<\/title>\n<meta name=\"robots\" content=\"index, follow, max-snippet:-1, max-image-preview:large, max-video-preview:-1\" \/>\n<link rel=\"canonical\" href=\"https:\/\/www.crea.gov.co\/crea-roma\/invitacion-segundo-encuentro-ecosistemas-crea\/\" \/>\n<meta property=\"og:locale\" content=\"es_ES\" \/>\n<meta property=\"og:type\" content=\"article\" \/>\n<meta property=\"og:title\" content=\"INVITACI\u00d3N SEGUNDO ENCUENTRO ECOSISTEMAS CREA - Crea Roma\" \/>\n<meta property=\"og:description\" content=\"Socializaremos\u00a0las reflexiones que surjan de nuestros ejercicios el 11 de agosto en la Biblioteca Virgilio Barco (Auditorio y aula m\u00faltiple) y el 14 agosto en la Sala Gait\u00e1n. Queremos que nos acompa\u00f1es a poner la mirada en los caminos trazados, que se cruzan y bifurcan en los procesos de formaci\u00f3n y creaci\u00f3n, como una oportunidad [&hellip;]\" \/>\n<meta property=\"og:url\" content=\"https:\/\/www.crea.gov.co\/crea-roma\/invitacion-segundo-encuentro-ecosistemas-crea\/\" \/>\n<meta property=\"og:site_name\" content=\"Crea Roma\" \/>\n<meta property=\"article:published_time\" content=\"2023-08-09T17:24:24+00:00\" \/>\n<meta property=\"article:modified_time\" content=\"2023-08-09T19:01:01+00:00\" \/>\n<meta property=\"og:image\" content=\"https:\/\/www.crea.gov.co\/crea-roma\/wp-content\/uploads\/sites\/10\/2023\/08\/unnamed-1-1-1024x329.jpg\" \/>\n<meta name=\"author\" content=\"taniamojica\" \/>\n<meta name=\"twitter:card\" content=\"summary_large_image\" \/>\n<meta name=\"twitter:label1\" content=\"Escrito por\" \/>\n\t<meta name=\"twitter:data1\" content=\"taniamojica\" \/>\n\t<meta name=\"twitter:label2\" content=\"Tiempo de lectura\" \/>\n\t<meta name=\"twitter:data2\" content=\"2 minutos\" \/>\n<script type=\"application\/ld+json\" class=\"yoast-schema-graph\">{\"@context\":\"https:\/\/schema.org\",\"@graph\":[{\"@type\":\"WebPage\",\"@id\":\"https:\/\/www.crea.gov.co\/crea-roma\/invitacion-segundo-encuentro-ecosistemas-crea\/\",\"url\":\"https:\/\/www.crea.gov.co\/crea-roma\/invitacion-segundo-encuentro-ecosistemas-crea\/\",\"name\":\"INVITACI\u00d3N SEGUNDO ENCUENTRO ECOSISTEMAS CREA - Crea Roma\",\"isPartOf\":{\"@id\":\"https:\/\/www.crea.gov.co\/crea-roma\/#website\"},\"primaryImageOfPage\":{\"@id\":\"https:\/\/www.crea.gov.co\/crea-roma\/invitacion-segundo-encuentro-ecosistemas-crea\/#primaryimage\"},\"image\":{\"@id\":\"https:\/\/www.crea.gov.co\/crea-roma\/invitacion-segundo-encuentro-ecosistemas-crea\/#primaryimage\"},\"thumbnailUrl\":\"https:\/\/www.crea.gov.co\/crea-roma\/wp-content\/uploads\/sites\/10\/2023\/08\/unnamed-1-1-1024x329.jpg\",\"datePublished\":\"2023-08-09T17:24:24+00:00\",\"dateModified\":\"2023-08-09T19:01:01+00:00\",\"author\":{\"@id\":\"https:\/\/www.crea.gov.co\/crea-roma\/#\/schema\/person\/4357b8ff2697b9645f7e00da293f0cac\"},\"breadcrumb\":{\"@id\":\"https:\/\/www.crea.gov.co\/crea-roma\/invitacion-segundo-encuentro-ecosistemas-crea\/#breadcrumb\"},\"inLanguage\":\"es-CO\",\"potentialAction\":[{\"@type\":\"ReadAction\",\"target\":[\"https:\/\/www.crea.gov.co\/crea-roma\/invitacion-segundo-encuentro-ecosistemas-crea\/\"]}]},{\"@type\":\"ImageObject\",\"inLanguage\":\"es-CO\",\"@id\":\"https:\/\/www.crea.gov.co\/crea-roma\/invitacion-segundo-encuentro-ecosistemas-crea\/#primaryimage\",\"url\":\"https:\/\/www.crea.gov.co\/crea-roma\/wp-content\/uploads\/sites\/10\/2023\/08\/unnamed-1-1-1024x329.jpg\",\"contentUrl\":\"https:\/\/www.crea.gov.co\/crea-roma\/wp-content\/uploads\/sites\/10\/2023\/08\/unnamed-1-1-1024x329.jpg\"},{\"@type\":\"BreadcrumbList\",\"@id\":\"https:\/\/www.crea.gov.co\/crea-roma\/invitacion-segundo-encuentro-ecosistemas-crea\/#breadcrumb\",\"itemListElement\":[{\"@type\":\"ListItem\",\"position\":1,\"name\":\"Home\",\"item\":\"https:\/\/www.crea.gov.co\/crea-roma\/\"},{\"@type\":\"ListItem\",\"position\":2,\"name\":\"INVITACI\u00d3N SEGUNDO ENCUENTRO ECOSISTEMAS CREA\"}]},{\"@type\":\"WebSite\",\"@id\":\"https:\/\/www.crea.gov.co\/crea-roma\/#website\",\"url\":\"https:\/\/www.crea.gov.co\/crea-roma\/\",\"name\":\"Crea Roma\",\"description\":\"En Kennedy, rodeado de conjuntos y calles que guardan historias de familias que han crecido en el barrio, este espacio es un lugar donde la creatividad se entrelaza con la vida cotidiana. Aqu\u00ed, los lenguajes art\u00edsticos fortalecen lazos y dan voz a las experiencias de una comunidad que se reconoce en lo colectivo.\",\"potentialAction\":[{\"@type\":\"SearchAction\",\"target\":{\"@type\":\"EntryPoint\",\"urlTemplate\":\"https:\/\/www.crea.gov.co\/crea-roma\/?s={search_term_string}\"},\"query-input\":{\"@type\":\"PropertyValueSpecification\",\"valueRequired\":true,\"valueName\":\"search_term_string\"}}],\"inLanguage\":\"es-CO\"},{\"@type\":\"Person\",\"@id\":\"https:\/\/www.crea.gov.co\/crea-roma\/#\/schema\/person\/4357b8ff2697b9645f7e00da293f0cac\",\"name\":\"taniamojica\",\"image\":{\"@type\":\"ImageObject\",\"inLanguage\":\"es-CO\",\"@id\":\"https:\/\/www.crea.gov.co\/crea-roma\/#\/schema\/person\/image\/\",\"url\":\"https:\/\/secure.gravatar.com\/avatar\/3183a636b540b71ce9f3153f0ebadc3f?s=96&d=mm&r=g\",\"contentUrl\":\"https:\/\/secure.gravatar.com\/avatar\/3183a636b540b71ce9f3153f0ebadc3f?s=96&d=mm&r=g\",\"caption\":\"taniamojica\"},\"url\":\"https:\/\/www.crea.gov.co\/crea-roma\/author\/taniamojica\/\"}]}<\/script>\n<!-- \/ Yoast SEO plugin. -->","yoast_head_json":{"title":"INVITACI\u00d3N SEGUNDO ENCUENTRO ECOSISTEMAS CREA - Crea Roma","robots":{"index":"index","follow":"follow","max-snippet":"max-snippet:-1","max-image-preview":"max-image-preview:large","max-video-preview":"max-video-preview:-1"},"canonical":"https:\/\/www.crea.gov.co\/crea-roma\/invitacion-segundo-encuentro-ecosistemas-crea\/","og_locale":"es_ES","og_type":"article","og_title":"INVITACI\u00d3N SEGUNDO ENCUENTRO ECOSISTEMAS CREA - Crea Roma","og_description":"Socializaremos\u00a0las reflexiones que surjan de nuestros ejercicios el 11 de agosto en la Biblioteca Virgilio Barco (Auditorio y aula m\u00faltiple) y el 14 agosto en la Sala Gait\u00e1n. Queremos que nos acompa\u00f1es a poner la mirada en los caminos trazados, que se cruzan y bifurcan en los procesos de formaci\u00f3n y creaci\u00f3n, como una oportunidad [&hellip;]","og_url":"https:\/\/www.crea.gov.co\/crea-roma\/invitacion-segundo-encuentro-ecosistemas-crea\/","og_site_name":"Crea Roma","article_published_time":"2023-08-09T17:24:24+00:00","article_modified_time":"2023-08-09T19:01:01+00:00","og_image":[{"url":"https:\/\/www.crea.gov.co\/crea-roma\/wp-content\/uploads\/sites\/10\/2023\/08\/unnamed-1-1-1024x329.jpg","type":"","width":"","height":""}],"author":"taniamojica","twitter_card":"summary_large_image","twitter_misc":{"Escrito por":"taniamojica","Tiempo de lectura":"2 minutos"},"schema":{"@context":"https:\/\/schema.org","@graph":[{"@type":"WebPage","@id":"https:\/\/www.crea.gov.co\/crea-roma\/invitacion-segundo-encuentro-ecosistemas-crea\/","url":"https:\/\/www.crea.gov.co\/crea-roma\/invitacion-segundo-encuentro-ecosistemas-crea\/","name":"INVITACI\u00d3N SEGUNDO ENCUENTRO ECOSISTEMAS CREA - Crea Roma","isPartOf":{"@id":"https:\/\/www.crea.gov.co\/crea-roma\/#website"},"primaryImageOfPage":{"@id":"https:\/\/www.crea.gov.co\/crea-roma\/invitacion-segundo-encuentro-ecosistemas-crea\/#primaryimage"},"image":{"@id":"https:\/\/www.crea.gov.co\/crea-roma\/invitacion-segundo-encuentro-ecosistemas-crea\/#primaryimage"},"thumbnailUrl":"https:\/\/www.crea.gov.co\/crea-roma\/wp-content\/uploads\/sites\/10\/2023\/08\/unnamed-1-1-1024x329.jpg","datePublished":"2023-08-09T17:24:24+00:00","dateModified":"2023-08-09T19:01:01+00:00","author":{"@id":"https:\/\/www.crea.gov.co\/crea-roma\/#\/schema\/person\/4357b8ff2697b9645f7e00da293f0cac"},"breadcrumb":{"@id":"https:\/\/www.crea.gov.co\/crea-roma\/invitacion-segundo-encuentro-ecosistemas-crea\/#breadcrumb"},"inLanguage":"es-CO","potentialAction":[{"@type":"ReadAction","target":["https:\/\/www.crea.gov.co\/crea-roma\/invitacion-segundo-encuentro-ecosistemas-crea\/"]}]},{"@type":"ImageObject","inLanguage":"es-CO","@id":"https:\/\/www.crea.gov.co\/crea-roma\/invitacion-segundo-encuentro-ecosistemas-crea\/#primaryimage","url":"https:\/\/www.crea.gov.co\/crea-roma\/wp-content\/uploads\/sites\/10\/2023\/08\/unnamed-1-1-1024x329.jpg","contentUrl":"https:\/\/www.crea.gov.co\/crea-roma\/wp-content\/uploads\/sites\/10\/2023\/08\/unnamed-1-1-1024x329.jpg"},{"@type":"BreadcrumbList","@id":"https:\/\/www.crea.gov.co\/crea-roma\/invitacion-segundo-encuentro-ecosistemas-crea\/#breadcrumb","itemListElement":[{"@type":"ListItem","position":1,"name":"Home","item":"https:\/\/www.crea.gov.co\/crea-roma\/"},{"@type":"ListItem","position":2,"name":"INVITACI\u00d3N SEGUNDO ENCUENTRO ECOSISTEMAS CREA"}]},{"@type":"WebSite","@id":"https:\/\/www.crea.gov.co\/crea-roma\/#website","url":"https:\/\/www.crea.gov.co\/crea-roma\/","name":"Crea Roma","description":"En Kennedy, rodeado de conjuntos y calles que guardan historias de familias que han crecido en el barrio, este espacio es un lugar donde la creatividad se entrelaza con la vida cotidiana. Aqu\u00ed, los lenguajes art\u00edsticos fortalecen lazos y dan voz a las experiencias de una comunidad que se reconoce en lo colectivo.","potentialAction":[{"@type":"SearchAction","target":{"@type":"EntryPoint","urlTemplate":"https:\/\/www.crea.gov.co\/crea-roma\/?s={search_term_string}"},"query-input":{"@type":"PropertyValueSpecification","valueRequired":true,"valueName":"search_term_string"}}],"inLanguage":"es-CO"},{"@type":"Person","@id":"https:\/\/www.crea.gov.co\/crea-roma\/#\/schema\/person\/4357b8ff2697b9645f7e00da293f0cac","name":"taniamojica","image":{"@type":"ImageObject","inLanguage":"es-CO","@id":"https:\/\/www.crea.gov.co\/crea-roma\/#\/schema\/person\/image\/","url":"https:\/\/secure.gravatar.com\/avatar\/3183a636b540b71ce9f3153f0ebadc3f?s=96&d=mm&r=g","contentUrl":"https:\/\/secure.gravatar.com\/avatar\/3183a636b540b71ce9f3153f0ebadc3f?s=96&d=mm&r=g","caption":"taniamojica"},"url":"https:\/\/www.crea.gov.co\/crea-roma\/author\/taniamojica\/"}]}},"_links":{"self":[{"href":"https:\/\/www.crea.gov.co\/crea-roma\/wp-json\/wp\/v2\/posts\/805","targetHints":{"allow":["GET"]}}],"collection":[{"href":"https:\/\/www.crea.gov.co\/crea-roma\/wp-json\/wp\/v2\/posts"}],"about":[{"href":"https:\/\/www.crea.gov.co\/crea-roma\/wp-json\/wp\/v2\/types\/post"}],"author":[{"embeddable":true,"href":"https:\/\/www.crea.gov.co\/crea-roma\/wp-json\/wp\/v2\/users\/50"}],"replies":[{"embeddable":true,"href":"https:\/\/www.crea.gov.co\/crea-roma\/wp-json\/wp\/v2\/comments?post=805"}],"version-history":[{"count":2,"href":"https:\/\/www.crea.gov.co\/crea-roma\/wp-json\/wp\/v2\/posts\/805\/revisions"}],"predecessor-version":[{"id":813,"href":"https:\/\/www.crea.gov.co\/crea-roma\/wp-json\/wp\/v2\/posts\/805\/revisions\/813"}],"wp:attachment":[{"href":"https:\/\/www.crea.gov.co\/crea-roma\/wp-json\/wp\/v2\/media?parent=805"}],"wp:term":[{"taxonomy":"category","embeddable":true,"href":"https:\/\/www.crea.gov.co\/crea-roma\/wp-json\/wp\/v2\/categories?post=805"},{"taxonomy":"post_tag","embeddable":true,"href":"https:\/\/www.crea.gov.co\/crea-roma\/wp-json\/wp\/v2\/tags?post=805"}],"curies":[{"name":"wp","href":"https:\/\/api.w.org\/{rel}","templated":true}]}}