{"id":801,"date":"2023-07-24T18:01:20","date_gmt":"2023-07-24T18:01:20","guid":{"rendered":"https:\/\/www.crea.gov.co\/crea-roma\/?p=801"},"modified":"2023-07-24T18:01:22","modified_gmt":"2023-07-24T18:01:22","slug":"invitacion-fiesta-de-los-territorios-artisticos-5-de-agosto","status":"publish","type":"post","link":"https:\/\/www.crea.gov.co\/crea-roma\/invitacion-fiesta-de-los-territorios-artisticos-5-de-agosto\/","title":{"rendered":"INVITACI\u00d3N FIESTA DE LOS TERRITORIOS ART\u00cdSTICOS 5 DE AGOSTO"},"content":{"rendered":"\n<figure class=\"wp-block-image size-full\"><img loading=\"lazy\" decoding=\"async\" width=\"800\" height=\"487\" src=\"https:\/\/www.crea.gov.co\/crea-roma\/wp-content\/uploads\/sites\/10\/2023\/07\/image-1.png\" alt=\"\" class=\"wp-image-802\" srcset=\"https:\/\/www.crea.gov.co\/crea-roma\/wp-content\/uploads\/sites\/10\/2023\/07\/image-1.png 800w, https:\/\/www.crea.gov.co\/crea-roma\/wp-content\/uploads\/sites\/10\/2023\/07\/image-1-300x183.png 300w, https:\/\/www.crea.gov.co\/crea-roma\/wp-content\/uploads\/sites\/10\/2023\/07\/image-1-768x468.png 768w\" sizes=\"auto, (max-width: 800px) 100vw, 800px\" \/><\/figure>\n\n\n\n<p>FECHA:\u00a0S\u00c1BADO, AGOSTO 5, 2023<\/p>\n\n\n\n<p>Lugar:\u00a0CEFE Parque El Tunal &#8211; Calle 56 Sur No 22-60<\/p>\n\n\n\n<p>Localidad:\u00a0Tunjuelito<\/p>\n\n\n\n<p>Tipo Lugar \/ Espacio:\u00a0Parque p\u00fablico<\/p>\n\n\n\n<p>Hora:\u00a0De\u00a08:30 am\u00a0a\u00a05:00 pm<\/p>\n\n\n\n<p>Con presentaciones y proyecciones art\u00edsticas, la&nbsp;<strong>Subdirecci\u00f3n de Formaci\u00f3n Art\u00edstica<\/strong>&nbsp;del&nbsp;<strong>I<a href=\"https:\/\/www.idartes.gov.co\/es\">nstituto Distrital de las Artes &#8211; Idartes<\/a><\/strong>&nbsp;se tomar\u00e1 las instalaciones del&nbsp;<strong>Parque El Tunal<\/strong>&nbsp;para celebrar una d\u00e9cada de trabajo en pro de garantizar los derechos culturales de los ciudadanos.&nbsp;<\/p>\n\n\n\n<p>La jornada, comenzar\u00e1 a las 8:30 a.m. con un performance en el que los colaboradores de la subdirecci\u00f3n har\u00e1n un tejido masivo de cuerpos, cuyos ejes tem\u00e1ticos ser\u00e1n el espiral, los juegos de rondas y los estribillos.<\/p>\n\n\n\n<p>Posteriormente, a partir de las 10:00 a.m. y hasta las 4:00 p.m., los bogotanos podr\u00e1n deleitarse con presentaciones y proyecciones art\u00edsticas. Adem\u00e1s podr\u00e1n conocer de primera mano c\u00f3mo funcionan los programas de formaci\u00f3n&nbsp;<strong><a href=\"https:\/\/nidos.gov.co\/\" target=\"_blank\" rel=\"noreferrer noopener\">Nidos<\/a><\/strong>&nbsp;y&nbsp;<strong><a href=\"https:\/\/www.crea.gov.co\/\" target=\"_blank\" rel=\"noreferrer noopener\">Crea<\/a>&nbsp;<\/strong>gracias a una variada oferta de talleres y experiencias art\u00edsticas abiertos al p\u00fablico.&nbsp;<\/p>\n\n\n\n<p>El&nbsp;<strong>Programa Culturas en Com\u00fan<\/strong>&nbsp;llevar\u00e1 una oferta de presentaciones en la que, por medio de las artes esc\u00e9nicas, pl\u00e1sticas y audiovisuales, ofrecer\u00e1 herramientas e informaci\u00f3n para la apropiaci\u00f3n y el ejercicio de los derechos culturales. Esto se desarrollar\u00e1 a trav\u00e9s de presentaciones de teatro, talleres, foros y proyecciones audiovisuales.&nbsp;<\/p>\n\n\n\n<p>Vale la pena aclarar que la participaci\u00f3n en las actividades desarrolladas en el marco de esta celebraci\u00f3n, no tendr\u00e1n costo alguno.&nbsp;<\/p>\n\n\n\n<p><\/p>\n","protected":false},"excerpt":{"rendered":"<p>FECHA:\u00a0S\u00c1BADO, AGOSTO 5, 2023 Lugar:\u00a0CEFE Parque El Tunal &#8211; Calle 56 Sur No 22-60 Localidad:\u00a0Tunjuelito Tipo Lugar \/ Espacio:\u00a0Parque p\u00fablico Hora:\u00a0De\u00a08:30 am\u00a0a\u00a05:00 pm Con presentaciones y proyecciones art\u00edsticas, la&nbsp;Subdirecci\u00f3n de Formaci\u00f3n Art\u00edstica&nbsp;del&nbsp;Instituto Distrital de las Artes &#8211; Idartes&nbsp;se tomar\u00e1 las instalaciones del&nbsp;Parque El Tunal&nbsp;para celebrar una d\u00e9cada de trabajo en pro de garantizar los derechos [&hellip;]<\/p>\n","protected":false},"author":50,"featured_media":0,"comment_status":"open","ping_status":"open","sticky":false,"template":"","format":"standard","meta":{"footnotes":""},"categories":[1],"tags":[],"class_list":["post-801","post","type-post","status-publish","format-standard","hentry","category-sin-categoria"],"yoast_head":"<!-- This site is optimized with the Yoast SEO plugin v24.5 - https:\/\/yoast.com\/wordpress\/plugins\/seo\/ -->\n<title>INVITACI\u00d3N FIESTA DE LOS TERRITORIOS ART\u00cdSTICOS 5 DE AGOSTO - Crea Roma<\/title>\n<meta name=\"robots\" content=\"index, follow, max-snippet:-1, max-image-preview:large, max-video-preview:-1\" \/>\n<link rel=\"canonical\" href=\"https:\/\/www.crea.gov.co\/crea-roma\/invitacion-fiesta-de-los-territorios-artisticos-5-de-agosto\/\" \/>\n<meta property=\"og:locale\" content=\"es_ES\" \/>\n<meta property=\"og:type\" content=\"article\" \/>\n<meta property=\"og:title\" content=\"INVITACI\u00d3N FIESTA DE LOS TERRITORIOS ART\u00cdSTICOS 5 DE AGOSTO - Crea Roma\" \/>\n<meta property=\"og:description\" content=\"FECHA:\u00a0S\u00c1BADO, AGOSTO 5, 2023 Lugar:\u00a0CEFE Parque El Tunal &#8211; Calle 56 Sur No 22-60 Localidad:\u00a0Tunjuelito Tipo Lugar \/ Espacio:\u00a0Parque p\u00fablico Hora:\u00a0De\u00a08:30 am\u00a0a\u00a05:00 pm Con presentaciones y proyecciones art\u00edsticas, la&nbsp;Subdirecci\u00f3n de Formaci\u00f3n Art\u00edstica&nbsp;del&nbsp;Instituto Distrital de las Artes &#8211; Idartes&nbsp;se tomar\u00e1 las instalaciones del&nbsp;Parque El Tunal&nbsp;para celebrar una d\u00e9cada de trabajo en pro de garantizar los derechos [&hellip;]\" \/>\n<meta property=\"og:url\" content=\"https:\/\/www.crea.gov.co\/crea-roma\/invitacion-fiesta-de-los-territorios-artisticos-5-de-agosto\/\" \/>\n<meta property=\"og:site_name\" content=\"Crea Roma\" \/>\n<meta property=\"article:published_time\" content=\"2023-07-24T18:01:20+00:00\" \/>\n<meta property=\"article:modified_time\" content=\"2023-07-24T18:01:22+00:00\" \/>\n<meta property=\"og:image\" content=\"https:\/\/www.crea.gov.co\/crea-roma\/wp-content\/uploads\/sites\/10\/2023\/07\/image-1.png\" \/>\n<meta name=\"author\" content=\"taniamojica\" \/>\n<meta name=\"twitter:card\" content=\"summary_large_image\" \/>\n<meta name=\"twitter:label1\" content=\"Escrito por\" \/>\n\t<meta name=\"twitter:data1\" content=\"taniamojica\" \/>\n\t<meta name=\"twitter:label2\" content=\"Tiempo de lectura\" \/>\n\t<meta name=\"twitter:data2\" content=\"2 minutos\" \/>\n<script type=\"application\/ld+json\" class=\"yoast-schema-graph\">{\"@context\":\"https:\/\/schema.org\",\"@graph\":[{\"@type\":\"WebPage\",\"@id\":\"https:\/\/www.crea.gov.co\/crea-roma\/invitacion-fiesta-de-los-territorios-artisticos-5-de-agosto\/\",\"url\":\"https:\/\/www.crea.gov.co\/crea-roma\/invitacion-fiesta-de-los-territorios-artisticos-5-de-agosto\/\",\"name\":\"INVITACI\u00d3N FIESTA DE LOS TERRITORIOS ART\u00cdSTICOS 5 DE AGOSTO - Crea Roma\",\"isPartOf\":{\"@id\":\"https:\/\/www.crea.gov.co\/crea-roma\/#website\"},\"primaryImageOfPage\":{\"@id\":\"https:\/\/www.crea.gov.co\/crea-roma\/invitacion-fiesta-de-los-territorios-artisticos-5-de-agosto\/#primaryimage\"},\"image\":{\"@id\":\"https:\/\/www.crea.gov.co\/crea-roma\/invitacion-fiesta-de-los-territorios-artisticos-5-de-agosto\/#primaryimage\"},\"thumbnailUrl\":\"https:\/\/www.crea.gov.co\/crea-roma\/wp-content\/uploads\/sites\/10\/2023\/07\/image-1.png\",\"datePublished\":\"2023-07-24T18:01:20+00:00\",\"dateModified\":\"2023-07-24T18:01:22+00:00\",\"author\":{\"@id\":\"https:\/\/www.crea.gov.co\/crea-roma\/#\/schema\/person\/4357b8ff2697b9645f7e00da293f0cac\"},\"breadcrumb\":{\"@id\":\"https:\/\/www.crea.gov.co\/crea-roma\/invitacion-fiesta-de-los-territorios-artisticos-5-de-agosto\/#breadcrumb\"},\"inLanguage\":\"es-CO\",\"potentialAction\":[{\"@type\":\"ReadAction\",\"target\":[\"https:\/\/www.crea.gov.co\/crea-roma\/invitacion-fiesta-de-los-territorios-artisticos-5-de-agosto\/\"]}]},{\"@type\":\"ImageObject\",\"inLanguage\":\"es-CO\",\"@id\":\"https:\/\/www.crea.gov.co\/crea-roma\/invitacion-fiesta-de-los-territorios-artisticos-5-de-agosto\/#primaryimage\",\"url\":\"https:\/\/www.crea.gov.co\/crea-roma\/wp-content\/uploads\/sites\/10\/2023\/07\/image-1.png\",\"contentUrl\":\"https:\/\/www.crea.gov.co\/crea-roma\/wp-content\/uploads\/sites\/10\/2023\/07\/image-1.png\",\"width\":800,\"height\":487},{\"@type\":\"BreadcrumbList\",\"@id\":\"https:\/\/www.crea.gov.co\/crea-roma\/invitacion-fiesta-de-los-territorios-artisticos-5-de-agosto\/#breadcrumb\",\"itemListElement\":[{\"@type\":\"ListItem\",\"position\":1,\"name\":\"Home\",\"item\":\"https:\/\/www.crea.gov.co\/crea-roma\/\"},{\"@type\":\"ListItem\",\"position\":2,\"name\":\"INVITACI\u00d3N FIESTA DE LOS TERRITORIOS ART\u00cdSTICOS 5 DE AGOSTO\"}]},{\"@type\":\"WebSite\",\"@id\":\"https:\/\/www.crea.gov.co\/crea-roma\/#website\",\"url\":\"https:\/\/www.crea.gov.co\/crea-roma\/\",\"name\":\"Crea Roma\",\"description\":\"En Kennedy, rodeado de conjuntos y calles que guardan historias de familias que han crecido en el barrio, este espacio es un lugar donde la creatividad se entrelaza con la vida cotidiana. Aqu\u00ed, los lenguajes art\u00edsticos fortalecen lazos y dan voz a las experiencias de una comunidad que se reconoce en lo colectivo.\",\"potentialAction\":[{\"@type\":\"SearchAction\",\"target\":{\"@type\":\"EntryPoint\",\"urlTemplate\":\"https:\/\/www.crea.gov.co\/crea-roma\/?s={search_term_string}\"},\"query-input\":{\"@type\":\"PropertyValueSpecification\",\"valueRequired\":true,\"valueName\":\"search_term_string\"}}],\"inLanguage\":\"es-CO\"},{\"@type\":\"Person\",\"@id\":\"https:\/\/www.crea.gov.co\/crea-roma\/#\/schema\/person\/4357b8ff2697b9645f7e00da293f0cac\",\"name\":\"taniamojica\",\"image\":{\"@type\":\"ImageObject\",\"inLanguage\":\"es-CO\",\"@id\":\"https:\/\/www.crea.gov.co\/crea-roma\/#\/schema\/person\/image\/\",\"url\":\"https:\/\/secure.gravatar.com\/avatar\/3183a636b540b71ce9f3153f0ebadc3f?s=96&d=mm&r=g\",\"contentUrl\":\"https:\/\/secure.gravatar.com\/avatar\/3183a636b540b71ce9f3153f0ebadc3f?s=96&d=mm&r=g\",\"caption\":\"taniamojica\"},\"url\":\"https:\/\/www.crea.gov.co\/crea-roma\/author\/taniamojica\/\"}]}<\/script>\n<!-- \/ Yoast SEO plugin. -->","yoast_head_json":{"title":"INVITACI\u00d3N FIESTA DE LOS TERRITORIOS ART\u00cdSTICOS 5 DE AGOSTO - Crea Roma","robots":{"index":"index","follow":"follow","max-snippet":"max-snippet:-1","max-image-preview":"max-image-preview:large","max-video-preview":"max-video-preview:-1"},"canonical":"https:\/\/www.crea.gov.co\/crea-roma\/invitacion-fiesta-de-los-territorios-artisticos-5-de-agosto\/","og_locale":"es_ES","og_type":"article","og_title":"INVITACI\u00d3N FIESTA DE LOS TERRITORIOS ART\u00cdSTICOS 5 DE AGOSTO - Crea Roma","og_description":"FECHA:\u00a0S\u00c1BADO, AGOSTO 5, 2023 Lugar:\u00a0CEFE Parque El Tunal &#8211; Calle 56 Sur No 22-60 Localidad:\u00a0Tunjuelito Tipo Lugar \/ Espacio:\u00a0Parque p\u00fablico Hora:\u00a0De\u00a08:30 am\u00a0a\u00a05:00 pm Con presentaciones y proyecciones art\u00edsticas, la&nbsp;Subdirecci\u00f3n de Formaci\u00f3n Art\u00edstica&nbsp;del&nbsp;Instituto Distrital de las Artes &#8211; Idartes&nbsp;se tomar\u00e1 las instalaciones del&nbsp;Parque El Tunal&nbsp;para celebrar una d\u00e9cada de trabajo en pro de garantizar los derechos [&hellip;]","og_url":"https:\/\/www.crea.gov.co\/crea-roma\/invitacion-fiesta-de-los-territorios-artisticos-5-de-agosto\/","og_site_name":"Crea Roma","article_published_time":"2023-07-24T18:01:20+00:00","article_modified_time":"2023-07-24T18:01:22+00:00","og_image":[{"url":"https:\/\/www.crea.gov.co\/crea-roma\/wp-content\/uploads\/sites\/10\/2023\/07\/image-1.png","type":"","width":"","height":""}],"author":"taniamojica","twitter_card":"summary_large_image","twitter_misc":{"Escrito por":"taniamojica","Tiempo de lectura":"2 minutos"},"schema":{"@context":"https:\/\/schema.org","@graph":[{"@type":"WebPage","@id":"https:\/\/www.crea.gov.co\/crea-roma\/invitacion-fiesta-de-los-territorios-artisticos-5-de-agosto\/","url":"https:\/\/www.crea.gov.co\/crea-roma\/invitacion-fiesta-de-los-territorios-artisticos-5-de-agosto\/","name":"INVITACI\u00d3N FIESTA DE LOS TERRITORIOS ART\u00cdSTICOS 5 DE AGOSTO - Crea Roma","isPartOf":{"@id":"https:\/\/www.crea.gov.co\/crea-roma\/#website"},"primaryImageOfPage":{"@id":"https:\/\/www.crea.gov.co\/crea-roma\/invitacion-fiesta-de-los-territorios-artisticos-5-de-agosto\/#primaryimage"},"image":{"@id":"https:\/\/www.crea.gov.co\/crea-roma\/invitacion-fiesta-de-los-territorios-artisticos-5-de-agosto\/#primaryimage"},"thumbnailUrl":"https:\/\/www.crea.gov.co\/crea-roma\/wp-content\/uploads\/sites\/10\/2023\/07\/image-1.png","datePublished":"2023-07-24T18:01:20+00:00","dateModified":"2023-07-24T18:01:22+00:00","author":{"@id":"https:\/\/www.crea.gov.co\/crea-roma\/#\/schema\/person\/4357b8ff2697b9645f7e00da293f0cac"},"breadcrumb":{"@id":"https:\/\/www.crea.gov.co\/crea-roma\/invitacion-fiesta-de-los-territorios-artisticos-5-de-agosto\/#breadcrumb"},"inLanguage":"es-CO","potentialAction":[{"@type":"ReadAction","target":["https:\/\/www.crea.gov.co\/crea-roma\/invitacion-fiesta-de-los-territorios-artisticos-5-de-agosto\/"]}]},{"@type":"ImageObject","inLanguage":"es-CO","@id":"https:\/\/www.crea.gov.co\/crea-roma\/invitacion-fiesta-de-los-territorios-artisticos-5-de-agosto\/#primaryimage","url":"https:\/\/www.crea.gov.co\/crea-roma\/wp-content\/uploads\/sites\/10\/2023\/07\/image-1.png","contentUrl":"https:\/\/www.crea.gov.co\/crea-roma\/wp-content\/uploads\/sites\/10\/2023\/07\/image-1.png","width":800,"height":487},{"@type":"BreadcrumbList","@id":"https:\/\/www.crea.gov.co\/crea-roma\/invitacion-fiesta-de-los-territorios-artisticos-5-de-agosto\/#breadcrumb","itemListElement":[{"@type":"ListItem","position":1,"name":"Home","item":"https:\/\/www.crea.gov.co\/crea-roma\/"},{"@type":"ListItem","position":2,"name":"INVITACI\u00d3N FIESTA DE LOS TERRITORIOS ART\u00cdSTICOS 5 DE AGOSTO"}]},{"@type":"WebSite","@id":"https:\/\/www.crea.gov.co\/crea-roma\/#website","url":"https:\/\/www.crea.gov.co\/crea-roma\/","name":"Crea Roma","description":"En Kennedy, rodeado de conjuntos y calles que guardan historias de familias que han crecido en el barrio, este espacio es un lugar donde la creatividad se entrelaza con la vida cotidiana. Aqu\u00ed, los lenguajes art\u00edsticos fortalecen lazos y dan voz a las experiencias de una comunidad que se reconoce en lo colectivo.","potentialAction":[{"@type":"SearchAction","target":{"@type":"EntryPoint","urlTemplate":"https:\/\/www.crea.gov.co\/crea-roma\/?s={search_term_string}"},"query-input":{"@type":"PropertyValueSpecification","valueRequired":true,"valueName":"search_term_string"}}],"inLanguage":"es-CO"},{"@type":"Person","@id":"https:\/\/www.crea.gov.co\/crea-roma\/#\/schema\/person\/4357b8ff2697b9645f7e00da293f0cac","name":"taniamojica","image":{"@type":"ImageObject","inLanguage":"es-CO","@id":"https:\/\/www.crea.gov.co\/crea-roma\/#\/schema\/person\/image\/","url":"https:\/\/secure.gravatar.com\/avatar\/3183a636b540b71ce9f3153f0ebadc3f?s=96&d=mm&r=g","contentUrl":"https:\/\/secure.gravatar.com\/avatar\/3183a636b540b71ce9f3153f0ebadc3f?s=96&d=mm&r=g","caption":"taniamojica"},"url":"https:\/\/www.crea.gov.co\/crea-roma\/author\/taniamojica\/"}]}},"_links":{"self":[{"href":"https:\/\/www.crea.gov.co\/crea-roma\/wp-json\/wp\/v2\/posts\/801","targetHints":{"allow":["GET"]}}],"collection":[{"href":"https:\/\/www.crea.gov.co\/crea-roma\/wp-json\/wp\/v2\/posts"}],"about":[{"href":"https:\/\/www.crea.gov.co\/crea-roma\/wp-json\/wp\/v2\/types\/post"}],"author":[{"embeddable":true,"href":"https:\/\/www.crea.gov.co\/crea-roma\/wp-json\/wp\/v2\/users\/50"}],"replies":[{"embeddable":true,"href":"https:\/\/www.crea.gov.co\/crea-roma\/wp-json\/wp\/v2\/comments?post=801"}],"version-history":[{"count":1,"href":"https:\/\/www.crea.gov.co\/crea-roma\/wp-json\/wp\/v2\/posts\/801\/revisions"}],"predecessor-version":[{"id":803,"href":"https:\/\/www.crea.gov.co\/crea-roma\/wp-json\/wp\/v2\/posts\/801\/revisions\/803"}],"wp:attachment":[{"href":"https:\/\/www.crea.gov.co\/crea-roma\/wp-json\/wp\/v2\/media?parent=801"}],"wp:term":[{"taxonomy":"category","embeddable":true,"href":"https:\/\/www.crea.gov.co\/crea-roma\/wp-json\/wp\/v2\/categories?post=801"},{"taxonomy":"post_tag","embeddable":true,"href":"https:\/\/www.crea.gov.co\/crea-roma\/wp-json\/wp\/v2\/tags?post=801"}],"curies":[{"name":"wp","href":"https:\/\/api.w.org\/{rel}","templated":true}]}}