{"id":752,"date":"2023-04-29T22:24:02","date_gmt":"2023-04-29T22:24:02","guid":{"rendered":"https:\/\/www.crea.gov.co\/crea-roma\/?p=752"},"modified":"2023-04-29T22:24:03","modified_gmt":"2023-04-29T22:24:03","slug":"registro-fotografico-celebracion-dia-de-la-ninez","status":"publish","type":"post","link":"https:\/\/www.crea.gov.co\/crea-roma\/registro-fotografico-celebracion-dia-de-la-ninez\/","title":{"rendered":"REGISTRO FOTOGR\u00c1FICO CELEBRACI\u00d3N DIA DE LA NI\u00d1EZ"},"content":{"rendered":"\n<p>Buenas tardes apreciada comunidad de la localidad de Kennedy, antes de que se acabe este maravilloso mes dedicado a la ni\u00f1ez , desde el CREA ROMA los invitamos a que hagan parte de este maravilloso programa en d\u00f3nde confluyen y se mezclan los sue\u00f1os de los ni\u00f1os que fuimos y que todav\u00eda somos dando espacio a volverlos realidad en todas las expresiones que surgen en nuestros CREA!<\/p>\n\n\n\n<p>COMPARTIMOS CON USTEDES IM\u00c1GENES DE ESTA IMPORTANTE CELEBRACI\u00d3N<\/p>\n\n\n\n<figure class=\"wp-block-gallery has-nested-images columns-default is-cropped wp-block-gallery-1 is-layout-flex wp-block-gallery-is-layout-flex\">\n<figure class=\"wp-block-image size-large\"><img loading=\"lazy\" decoding=\"async\" width=\"768\" height=\"1024\" data-id=\"755\" src=\"https:\/\/www.crea.gov.co\/crea-roma\/wp-content\/uploads\/sites\/10\/2023\/04\/WhatsApp-Image-2023-04-29-at-5.08.02-PM-768x1024.jpeg\" alt=\"\" class=\"wp-image-755\" srcset=\"https:\/\/www.crea.gov.co\/crea-roma\/wp-content\/uploads\/sites\/10\/2023\/04\/WhatsApp-Image-2023-04-29-at-5.08.02-PM-768x1024.jpeg 768w, https:\/\/www.crea.gov.co\/crea-roma\/wp-content\/uploads\/sites\/10\/2023\/04\/WhatsApp-Image-2023-04-29-at-5.08.02-PM-225x300.jpeg 225w, https:\/\/www.crea.gov.co\/crea-roma\/wp-content\/uploads\/sites\/10\/2023\/04\/WhatsApp-Image-2023-04-29-at-5.08.02-PM.jpeg 960w\" sizes=\"auto, (max-width: 768px) 100vw, 768px\" \/><\/figure>\n\n\n\n<figure class=\"wp-block-image size-large\"><img loading=\"lazy\" decoding=\"async\" width=\"1024\" height=\"768\" data-id=\"756\" src=\"https:\/\/www.crea.gov.co\/crea-roma\/wp-content\/uploads\/sites\/10\/2023\/04\/WhatsApp-Image-2023-04-29-at-5.08.01-PM-1-1024x768.jpeg\" alt=\"\" class=\"wp-image-756\" srcset=\"https:\/\/www.crea.gov.co\/crea-roma\/wp-content\/uploads\/sites\/10\/2023\/04\/WhatsApp-Image-2023-04-29-at-5.08.01-PM-1-1024x768.jpeg 1024w, https:\/\/www.crea.gov.co\/crea-roma\/wp-content\/uploads\/sites\/10\/2023\/04\/WhatsApp-Image-2023-04-29-at-5.08.01-PM-1-300x225.jpeg 300w, https:\/\/www.crea.gov.co\/crea-roma\/wp-content\/uploads\/sites\/10\/2023\/04\/WhatsApp-Image-2023-04-29-at-5.08.01-PM-1-768x576.jpeg 768w, https:\/\/www.crea.gov.co\/crea-roma\/wp-content\/uploads\/sites\/10\/2023\/04\/WhatsApp-Image-2023-04-29-at-5.08.01-PM-1.jpeg 1280w\" sizes=\"auto, (max-width: 1024px) 100vw, 1024px\" \/><\/figure>\n\n\n\n<figure class=\"wp-block-image size-large\"><img loading=\"lazy\" decoding=\"async\" width=\"1024\" height=\"768\" data-id=\"758\" src=\"https:\/\/www.crea.gov.co\/crea-roma\/wp-content\/uploads\/sites\/10\/2023\/04\/WhatsApp-Image-2023-04-29-at-5.08.01-PM-1024x768.jpeg\" alt=\"\" class=\"wp-image-758\" srcset=\"https:\/\/www.crea.gov.co\/crea-roma\/wp-content\/uploads\/sites\/10\/2023\/04\/WhatsApp-Image-2023-04-29-at-5.08.01-PM-1024x768.jpeg 1024w, https:\/\/www.crea.gov.co\/crea-roma\/wp-content\/uploads\/sites\/10\/2023\/04\/WhatsApp-Image-2023-04-29-at-5.08.01-PM-300x225.jpeg 300w, https:\/\/www.crea.gov.co\/crea-roma\/wp-content\/uploads\/sites\/10\/2023\/04\/WhatsApp-Image-2023-04-29-at-5.08.01-PM-768x576.jpeg 768w, https:\/\/www.crea.gov.co\/crea-roma\/wp-content\/uploads\/sites\/10\/2023\/04\/WhatsApp-Image-2023-04-29-at-5.08.01-PM.jpeg 1280w\" sizes=\"auto, (max-width: 1024px) 100vw, 1024px\" \/><\/figure>\n\n\n\n<figure class=\"wp-block-image size-large\"><img loading=\"lazy\" decoding=\"async\" width=\"768\" height=\"1024\" data-id=\"757\" src=\"https:\/\/www.crea.gov.co\/crea-roma\/wp-content\/uploads\/sites\/10\/2023\/04\/WhatsApp-Image-2023-04-29-at-5.08.00-PM-3-768x1024.jpeg\" alt=\"\" class=\"wp-image-757\" srcset=\"https:\/\/www.crea.gov.co\/crea-roma\/wp-content\/uploads\/sites\/10\/2023\/04\/WhatsApp-Image-2023-04-29-at-5.08.00-PM-3-768x1024.jpeg 768w, https:\/\/www.crea.gov.co\/crea-roma\/wp-content\/uploads\/sites\/10\/2023\/04\/WhatsApp-Image-2023-04-29-at-5.08.00-PM-3-225x300.jpeg 225w, https:\/\/www.crea.gov.co\/crea-roma\/wp-content\/uploads\/sites\/10\/2023\/04\/WhatsApp-Image-2023-04-29-at-5.08.00-PM-3.jpeg 960w\" sizes=\"auto, (max-width: 768px) 100vw, 768px\" \/><\/figure>\n\n\n\n<figure class=\"wp-block-image size-large\"><img loading=\"lazy\" decoding=\"async\" width=\"768\" height=\"1024\" data-id=\"753\" src=\"https:\/\/www.crea.gov.co\/crea-roma\/wp-content\/uploads\/sites\/10\/2023\/04\/WhatsApp-Image-2023-04-29-at-5.08.00-PM-2-768x1024.jpeg\" alt=\"\" class=\"wp-image-753\" srcset=\"https:\/\/www.crea.gov.co\/crea-roma\/wp-content\/uploads\/sites\/10\/2023\/04\/WhatsApp-Image-2023-04-29-at-5.08.00-PM-2-768x1024.jpeg 768w, https:\/\/www.crea.gov.co\/crea-roma\/wp-content\/uploads\/sites\/10\/2023\/04\/WhatsApp-Image-2023-04-29-at-5.08.00-PM-2-225x300.jpeg 225w, https:\/\/www.crea.gov.co\/crea-roma\/wp-content\/uploads\/sites\/10\/2023\/04\/WhatsApp-Image-2023-04-29-at-5.08.00-PM-2.jpeg 960w\" sizes=\"auto, (max-width: 768px) 100vw, 768px\" \/><\/figure>\n\n\n\n<figure class=\"wp-block-image size-large\"><img loading=\"lazy\" decoding=\"async\" width=\"768\" height=\"1024\" data-id=\"754\" src=\"https:\/\/www.crea.gov.co\/crea-roma\/wp-content\/uploads\/sites\/10\/2023\/04\/WhatsApp-Image-2023-04-29-at-5.08.00-PM-1-768x1024.jpeg\" alt=\"\" class=\"wp-image-754\" srcset=\"https:\/\/www.crea.gov.co\/crea-roma\/wp-content\/uploads\/sites\/10\/2023\/04\/WhatsApp-Image-2023-04-29-at-5.08.00-PM-1-768x1024.jpeg 768w, https:\/\/www.crea.gov.co\/crea-roma\/wp-content\/uploads\/sites\/10\/2023\/04\/WhatsApp-Image-2023-04-29-at-5.08.00-PM-1-225x300.jpeg 225w, https:\/\/www.crea.gov.co\/crea-roma\/wp-content\/uploads\/sites\/10\/2023\/04\/WhatsApp-Image-2023-04-29-at-5.08.00-PM-1.jpeg 960w\" sizes=\"auto, (max-width: 768px) 100vw, 768px\" \/><\/figure>\n\n\n\n<figure class=\"wp-block-image size-large\"><img loading=\"lazy\" decoding=\"async\" width=\"576\" height=\"1024\" data-id=\"764\" src=\"https:\/\/www.crea.gov.co\/crea-roma\/wp-content\/uploads\/sites\/10\/2023\/04\/WhatsApp-Image-2023-04-29-at-5.08.00-PM-576x1024.jpeg\" alt=\"\" class=\"wp-image-764\" srcset=\"https:\/\/www.crea.gov.co\/crea-roma\/wp-content\/uploads\/sites\/10\/2023\/04\/WhatsApp-Image-2023-04-29-at-5.08.00-PM-576x1024.jpeg 576w, https:\/\/www.crea.gov.co\/crea-roma\/wp-content\/uploads\/sites\/10\/2023\/04\/WhatsApp-Image-2023-04-29-at-5.08.00-PM-169x300.jpeg 169w, https:\/\/www.crea.gov.co\/crea-roma\/wp-content\/uploads\/sites\/10\/2023\/04\/WhatsApp-Image-2023-04-29-at-5.08.00-PM.jpeg 720w\" sizes=\"auto, (max-width: 576px) 100vw, 576px\" \/><\/figure>\n\n\n\n<figure class=\"wp-block-image size-large\"><img loading=\"lazy\" decoding=\"async\" width=\"768\" height=\"1024\" data-id=\"759\" src=\"https:\/\/www.crea.gov.co\/crea-roma\/wp-content\/uploads\/sites\/10\/2023\/04\/WhatsApp-Image-2023-04-29-at-5.06.45-PM-768x1024.jpeg\" alt=\"\" class=\"wp-image-759\" srcset=\"https:\/\/www.crea.gov.co\/crea-roma\/wp-content\/uploads\/sites\/10\/2023\/04\/WhatsApp-Image-2023-04-29-at-5.06.45-PM-768x1024.jpeg 768w, https:\/\/www.crea.gov.co\/crea-roma\/wp-content\/uploads\/sites\/10\/2023\/04\/WhatsApp-Image-2023-04-29-at-5.06.45-PM-225x300.jpeg 225w, https:\/\/www.crea.gov.co\/crea-roma\/wp-content\/uploads\/sites\/10\/2023\/04\/WhatsApp-Image-2023-04-29-at-5.06.45-PM.jpeg 960w\" sizes=\"auto, (max-width: 768px) 100vw, 768px\" \/><\/figure>\n\n\n\n<figure class=\"wp-block-image size-large\"><img loading=\"lazy\" decoding=\"async\" width=\"1024\" height=\"768\" data-id=\"761\" src=\"https:\/\/www.crea.gov.co\/crea-roma\/wp-content\/uploads\/sites\/10\/2023\/04\/WhatsApp-Image-2023-04-29-at-5.05.51-PM-1-1024x768.jpeg\" alt=\"\" class=\"wp-image-761\" srcset=\"https:\/\/www.crea.gov.co\/crea-roma\/wp-content\/uploads\/sites\/10\/2023\/04\/WhatsApp-Image-2023-04-29-at-5.05.51-PM-1-1024x768.jpeg 1024w, https:\/\/www.crea.gov.co\/crea-roma\/wp-content\/uploads\/sites\/10\/2023\/04\/WhatsApp-Image-2023-04-29-at-5.05.51-PM-1-300x225.jpeg 300w, https:\/\/www.crea.gov.co\/crea-roma\/wp-content\/uploads\/sites\/10\/2023\/04\/WhatsApp-Image-2023-04-29-at-5.05.51-PM-1-768x576.jpeg 768w, https:\/\/www.crea.gov.co\/crea-roma\/wp-content\/uploads\/sites\/10\/2023\/04\/WhatsApp-Image-2023-04-29-at-5.05.51-PM-1.jpeg 1280w\" sizes=\"auto, (max-width: 1024px) 100vw, 1024px\" \/><\/figure>\n\n\n\n<figure class=\"wp-block-image size-large\"><img loading=\"lazy\" decoding=\"async\" width=\"1024\" height=\"768\" data-id=\"760\" src=\"https:\/\/www.crea.gov.co\/crea-roma\/wp-content\/uploads\/sites\/10\/2023\/04\/WhatsApp-Image-2023-04-29-at-5.05.51-PM-1024x768.jpeg\" alt=\"\" class=\"wp-image-760\" srcset=\"https:\/\/www.crea.gov.co\/crea-roma\/wp-content\/uploads\/sites\/10\/2023\/04\/WhatsApp-Image-2023-04-29-at-5.05.51-PM-1024x768.jpeg 1024w, https:\/\/www.crea.gov.co\/crea-roma\/wp-content\/uploads\/sites\/10\/2023\/04\/WhatsApp-Image-2023-04-29-at-5.05.51-PM-300x225.jpeg 300w, https:\/\/www.crea.gov.co\/crea-roma\/wp-content\/uploads\/sites\/10\/2023\/04\/WhatsApp-Image-2023-04-29-at-5.05.51-PM-768x576.jpeg 768w, https:\/\/www.crea.gov.co\/crea-roma\/wp-content\/uploads\/sites\/10\/2023\/04\/WhatsApp-Image-2023-04-29-at-5.05.51-PM.jpeg 1280w\" sizes=\"auto, (max-width: 1024px) 100vw, 1024px\" \/><\/figure>\n\n\n\n<figure class=\"wp-block-image size-large\"><img loading=\"lazy\" decoding=\"async\" width=\"460\" height=\"1024\" data-id=\"763\" src=\"https:\/\/www.crea.gov.co\/crea-roma\/wp-content\/uploads\/sites\/10\/2023\/04\/WhatsApp-Image-2023-04-29-at-5.04.23-PM-460x1024.jpeg\" alt=\"\" class=\"wp-image-763\" srcset=\"https:\/\/www.crea.gov.co\/crea-roma\/wp-content\/uploads\/sites\/10\/2023\/04\/WhatsApp-Image-2023-04-29-at-5.04.23-PM-460x1024.jpeg 460w, https:\/\/www.crea.gov.co\/crea-roma\/wp-content\/uploads\/sites\/10\/2023\/04\/WhatsApp-Image-2023-04-29-at-5.04.23-PM-135x300.jpeg 135w, https:\/\/www.crea.gov.co\/crea-roma\/wp-content\/uploads\/sites\/10\/2023\/04\/WhatsApp-Image-2023-04-29-at-5.04.23-PM-690x1536.jpeg 690w, https:\/\/www.crea.gov.co\/crea-roma\/wp-content\/uploads\/sites\/10\/2023\/04\/WhatsApp-Image-2023-04-29-at-5.04.23-PM.jpeg 719w\" sizes=\"auto, (max-width: 460px) 100vw, 460px\" \/><\/figure>\n\n\n\n<figure class=\"wp-block-image size-large\"><img loading=\"lazy\" decoding=\"async\" width=\"768\" height=\"1024\" data-id=\"762\" src=\"https:\/\/www.crea.gov.co\/crea-roma\/wp-content\/uploads\/sites\/10\/2023\/04\/WhatsApp-Image-2023-04-29-at-5.03.29-PM-768x1024.jpeg\" alt=\"\" class=\"wp-image-762\" srcset=\"https:\/\/www.crea.gov.co\/crea-roma\/wp-content\/uploads\/sites\/10\/2023\/04\/WhatsApp-Image-2023-04-29-at-5.03.29-PM-768x1024.jpeg 768w, https:\/\/www.crea.gov.co\/crea-roma\/wp-content\/uploads\/sites\/10\/2023\/04\/WhatsApp-Image-2023-04-29-at-5.03.29-PM-225x300.jpeg 225w, https:\/\/www.crea.gov.co\/crea-roma\/wp-content\/uploads\/sites\/10\/2023\/04\/WhatsApp-Image-2023-04-29-at-5.03.29-PM-1152x1536.jpeg 1152w, https:\/\/www.crea.gov.co\/crea-roma\/wp-content\/uploads\/sites\/10\/2023\/04\/WhatsApp-Image-2023-04-29-at-5.03.29-PM.jpeg 1200w\" sizes=\"auto, (max-width: 768px) 100vw, 768px\" \/><\/figure>\n<\/figure>\n\n\n\n<p><\/p>\n","protected":false},"excerpt":{"rendered":"<p>Buenas tardes apreciada comunidad de la localidad de Kennedy, antes de que se acabe este maravilloso mes dedicado a la ni\u00f1ez , desde el CREA ROMA los invitamos a que hagan parte de este maravilloso programa en d\u00f3nde confluyen y se mezclan los sue\u00f1os de los ni\u00f1os que fuimos y que todav\u00eda somos dando espacio [&hellip;]<\/p>\n","protected":false},"author":50,"featured_media":0,"comment_status":"open","ping_status":"open","sticky":false,"template":"","format":"standard","meta":{"footnotes":""},"categories":[1],"tags":[],"class_list":["post-752","post","type-post","status-publish","format-standard","hentry","category-sin-categoria"],"yoast_head":"<!-- This site is optimized with the Yoast SEO plugin v24.5 - https:\/\/yoast.com\/wordpress\/plugins\/seo\/ -->\n<title>REGISTRO FOTOGR\u00c1FICO CELEBRACI\u00d3N DIA DE LA NI\u00d1EZ - Crea Roma<\/title>\n<meta name=\"robots\" content=\"index, follow, max-snippet:-1, max-image-preview:large, max-video-preview:-1\" \/>\n<link rel=\"canonical\" href=\"https:\/\/www.crea.gov.co\/crea-roma\/registro-fotografico-celebracion-dia-de-la-ninez\/\" \/>\n<meta property=\"og:locale\" content=\"es_ES\" \/>\n<meta property=\"og:type\" content=\"article\" \/>\n<meta property=\"og:title\" content=\"REGISTRO FOTOGR\u00c1FICO CELEBRACI\u00d3N DIA DE LA NI\u00d1EZ - Crea Roma\" \/>\n<meta property=\"og:description\" content=\"Buenas tardes apreciada comunidad de la localidad de Kennedy, antes de que se acabe este maravilloso mes dedicado a la ni\u00f1ez , desde el CREA ROMA los invitamos a que hagan parte de este maravilloso programa en d\u00f3nde confluyen y se mezclan los sue\u00f1os de los ni\u00f1os que fuimos y que todav\u00eda somos dando espacio [&hellip;]\" \/>\n<meta property=\"og:url\" content=\"https:\/\/www.crea.gov.co\/crea-roma\/registro-fotografico-celebracion-dia-de-la-ninez\/\" \/>\n<meta property=\"og:site_name\" content=\"Crea Roma\" \/>\n<meta property=\"article:published_time\" content=\"2023-04-29T22:24:02+00:00\" \/>\n<meta property=\"article:modified_time\" content=\"2023-04-29T22:24:03+00:00\" \/>\n<meta property=\"og:image\" content=\"https:\/\/www.crea.gov.co\/crea-roma\/wp-content\/uploads\/sites\/10\/2023\/04\/WhatsApp-Image-2023-04-29-at-5.08.02-PM-768x1024.jpeg\" \/>\n<meta name=\"author\" content=\"taniamojica\" \/>\n<meta name=\"twitter:card\" content=\"summary_large_image\" \/>\n<meta name=\"twitter:label1\" content=\"Escrito por\" \/>\n\t<meta name=\"twitter:data1\" content=\"taniamojica\" \/>\n\t<meta name=\"twitter:label2\" content=\"Tiempo de lectura\" \/>\n\t<meta name=\"twitter:data2\" content=\"3 minutos\" \/>\n<script type=\"application\/ld+json\" class=\"yoast-schema-graph\">{\"@context\":\"https:\/\/schema.org\",\"@graph\":[{\"@type\":\"WebPage\",\"@id\":\"https:\/\/www.crea.gov.co\/crea-roma\/registro-fotografico-celebracion-dia-de-la-ninez\/\",\"url\":\"https:\/\/www.crea.gov.co\/crea-roma\/registro-fotografico-celebracion-dia-de-la-ninez\/\",\"name\":\"REGISTRO FOTOGR\u00c1FICO CELEBRACI\u00d3N DIA DE LA NI\u00d1EZ - Crea Roma\",\"isPartOf\":{\"@id\":\"https:\/\/www.crea.gov.co\/crea-roma\/#website\"},\"primaryImageOfPage\":{\"@id\":\"https:\/\/www.crea.gov.co\/crea-roma\/registro-fotografico-celebracion-dia-de-la-ninez\/#primaryimage\"},\"image\":{\"@id\":\"https:\/\/www.crea.gov.co\/crea-roma\/registro-fotografico-celebracion-dia-de-la-ninez\/#primaryimage\"},\"thumbnailUrl\":\"https:\/\/www.crea.gov.co\/crea-roma\/wp-content\/uploads\/sites\/10\/2023\/04\/WhatsApp-Image-2023-04-29-at-5.08.02-PM-768x1024.jpeg\",\"datePublished\":\"2023-04-29T22:24:02+00:00\",\"dateModified\":\"2023-04-29T22:24:03+00:00\",\"author\":{\"@id\":\"https:\/\/www.crea.gov.co\/crea-roma\/#\/schema\/person\/4357b8ff2697b9645f7e00da293f0cac\"},\"breadcrumb\":{\"@id\":\"https:\/\/www.crea.gov.co\/crea-roma\/registro-fotografico-celebracion-dia-de-la-ninez\/#breadcrumb\"},\"inLanguage\":\"es-CO\",\"potentialAction\":[{\"@type\":\"ReadAction\",\"target\":[\"https:\/\/www.crea.gov.co\/crea-roma\/registro-fotografico-celebracion-dia-de-la-ninez\/\"]}]},{\"@type\":\"ImageObject\",\"inLanguage\":\"es-CO\",\"@id\":\"https:\/\/www.crea.gov.co\/crea-roma\/registro-fotografico-celebracion-dia-de-la-ninez\/#primaryimage\",\"url\":\"https:\/\/www.crea.gov.co\/crea-roma\/wp-content\/uploads\/sites\/10\/2023\/04\/WhatsApp-Image-2023-04-29-at-5.08.02-PM.jpeg\",\"contentUrl\":\"https:\/\/www.crea.gov.co\/crea-roma\/wp-content\/uploads\/sites\/10\/2023\/04\/WhatsApp-Image-2023-04-29-at-5.08.02-PM.jpeg\",\"width\":960,\"height\":1280},{\"@type\":\"BreadcrumbList\",\"@id\":\"https:\/\/www.crea.gov.co\/crea-roma\/registro-fotografico-celebracion-dia-de-la-ninez\/#breadcrumb\",\"itemListElement\":[{\"@type\":\"ListItem\",\"position\":1,\"name\":\"Home\",\"item\":\"https:\/\/www.crea.gov.co\/crea-roma\/\"},{\"@type\":\"ListItem\",\"position\":2,\"name\":\"REGISTRO FOTOGR\u00c1FICO CELEBRACI\u00d3N DIA DE LA NI\u00d1EZ\"}]},{\"@type\":\"WebSite\",\"@id\":\"https:\/\/www.crea.gov.co\/crea-roma\/#website\",\"url\":\"https:\/\/www.crea.gov.co\/crea-roma\/\",\"name\":\"Crea Roma\",\"description\":\"En Kennedy, rodeado de conjuntos y calles que guardan historias de familias que han crecido en el barrio, este espacio es un lugar donde la creatividad se entrelaza con la vida cotidiana. Aqu\u00ed, los lenguajes art\u00edsticos fortalecen lazos y dan voz a las experiencias de una comunidad que se reconoce en lo colectivo.\",\"potentialAction\":[{\"@type\":\"SearchAction\",\"target\":{\"@type\":\"EntryPoint\",\"urlTemplate\":\"https:\/\/www.crea.gov.co\/crea-roma\/?s={search_term_string}\"},\"query-input\":{\"@type\":\"PropertyValueSpecification\",\"valueRequired\":true,\"valueName\":\"search_term_string\"}}],\"inLanguage\":\"es-CO\"},{\"@type\":\"Person\",\"@id\":\"https:\/\/www.crea.gov.co\/crea-roma\/#\/schema\/person\/4357b8ff2697b9645f7e00da293f0cac\",\"name\":\"taniamojica\",\"image\":{\"@type\":\"ImageObject\",\"inLanguage\":\"es-CO\",\"@id\":\"https:\/\/www.crea.gov.co\/crea-roma\/#\/schema\/person\/image\/\",\"url\":\"https:\/\/secure.gravatar.com\/avatar\/3183a636b540b71ce9f3153f0ebadc3f?s=96&d=mm&r=g\",\"contentUrl\":\"https:\/\/secure.gravatar.com\/avatar\/3183a636b540b71ce9f3153f0ebadc3f?s=96&d=mm&r=g\",\"caption\":\"taniamojica\"},\"url\":\"https:\/\/www.crea.gov.co\/crea-roma\/author\/taniamojica\/\"}]}<\/script>\n<!-- \/ Yoast SEO plugin. -->","yoast_head_json":{"title":"REGISTRO FOTOGR\u00c1FICO CELEBRACI\u00d3N DIA DE LA NI\u00d1EZ - Crea Roma","robots":{"index":"index","follow":"follow","max-snippet":"max-snippet:-1","max-image-preview":"max-image-preview:large","max-video-preview":"max-video-preview:-1"},"canonical":"https:\/\/www.crea.gov.co\/crea-roma\/registro-fotografico-celebracion-dia-de-la-ninez\/","og_locale":"es_ES","og_type":"article","og_title":"REGISTRO FOTOGR\u00c1FICO CELEBRACI\u00d3N DIA DE LA NI\u00d1EZ - Crea Roma","og_description":"Buenas tardes apreciada comunidad de la localidad de Kennedy, antes de que se acabe este maravilloso mes dedicado a la ni\u00f1ez , desde el CREA ROMA los invitamos a que hagan parte de este maravilloso programa en d\u00f3nde confluyen y se mezclan los sue\u00f1os de los ni\u00f1os que fuimos y que todav\u00eda somos dando espacio [&hellip;]","og_url":"https:\/\/www.crea.gov.co\/crea-roma\/registro-fotografico-celebracion-dia-de-la-ninez\/","og_site_name":"Crea Roma","article_published_time":"2023-04-29T22:24:02+00:00","article_modified_time":"2023-04-29T22:24:03+00:00","og_image":[{"url":"https:\/\/www.crea.gov.co\/crea-roma\/wp-content\/uploads\/sites\/10\/2023\/04\/WhatsApp-Image-2023-04-29-at-5.08.02-PM-768x1024.jpeg","type":"","width":"","height":""}],"author":"taniamojica","twitter_card":"summary_large_image","twitter_misc":{"Escrito por":"taniamojica","Tiempo de lectura":"3 minutos"},"schema":{"@context":"https:\/\/schema.org","@graph":[{"@type":"WebPage","@id":"https:\/\/www.crea.gov.co\/crea-roma\/registro-fotografico-celebracion-dia-de-la-ninez\/","url":"https:\/\/www.crea.gov.co\/crea-roma\/registro-fotografico-celebracion-dia-de-la-ninez\/","name":"REGISTRO FOTOGR\u00c1FICO CELEBRACI\u00d3N DIA DE LA NI\u00d1EZ - Crea Roma","isPartOf":{"@id":"https:\/\/www.crea.gov.co\/crea-roma\/#website"},"primaryImageOfPage":{"@id":"https:\/\/www.crea.gov.co\/crea-roma\/registro-fotografico-celebracion-dia-de-la-ninez\/#primaryimage"},"image":{"@id":"https:\/\/www.crea.gov.co\/crea-roma\/registro-fotografico-celebracion-dia-de-la-ninez\/#primaryimage"},"thumbnailUrl":"https:\/\/www.crea.gov.co\/crea-roma\/wp-content\/uploads\/sites\/10\/2023\/04\/WhatsApp-Image-2023-04-29-at-5.08.02-PM-768x1024.jpeg","datePublished":"2023-04-29T22:24:02+00:00","dateModified":"2023-04-29T22:24:03+00:00","author":{"@id":"https:\/\/www.crea.gov.co\/crea-roma\/#\/schema\/person\/4357b8ff2697b9645f7e00da293f0cac"},"breadcrumb":{"@id":"https:\/\/www.crea.gov.co\/crea-roma\/registro-fotografico-celebracion-dia-de-la-ninez\/#breadcrumb"},"inLanguage":"es-CO","potentialAction":[{"@type":"ReadAction","target":["https:\/\/www.crea.gov.co\/crea-roma\/registro-fotografico-celebracion-dia-de-la-ninez\/"]}]},{"@type":"ImageObject","inLanguage":"es-CO","@id":"https:\/\/www.crea.gov.co\/crea-roma\/registro-fotografico-celebracion-dia-de-la-ninez\/#primaryimage","url":"https:\/\/www.crea.gov.co\/crea-roma\/wp-content\/uploads\/sites\/10\/2023\/04\/WhatsApp-Image-2023-04-29-at-5.08.02-PM.jpeg","contentUrl":"https:\/\/www.crea.gov.co\/crea-roma\/wp-content\/uploads\/sites\/10\/2023\/04\/WhatsApp-Image-2023-04-29-at-5.08.02-PM.jpeg","width":960,"height":1280},{"@type":"BreadcrumbList","@id":"https:\/\/www.crea.gov.co\/crea-roma\/registro-fotografico-celebracion-dia-de-la-ninez\/#breadcrumb","itemListElement":[{"@type":"ListItem","position":1,"name":"Home","item":"https:\/\/www.crea.gov.co\/crea-roma\/"},{"@type":"ListItem","position":2,"name":"REGISTRO FOTOGR\u00c1FICO CELEBRACI\u00d3N DIA DE LA NI\u00d1EZ"}]},{"@type":"WebSite","@id":"https:\/\/www.crea.gov.co\/crea-roma\/#website","url":"https:\/\/www.crea.gov.co\/crea-roma\/","name":"Crea Roma","description":"En Kennedy, rodeado de conjuntos y calles que guardan historias de familias que han crecido en el barrio, este espacio es un lugar donde la creatividad se entrelaza con la vida cotidiana. Aqu\u00ed, los lenguajes art\u00edsticos fortalecen lazos y dan voz a las experiencias de una comunidad que se reconoce en lo colectivo.","potentialAction":[{"@type":"SearchAction","target":{"@type":"EntryPoint","urlTemplate":"https:\/\/www.crea.gov.co\/crea-roma\/?s={search_term_string}"},"query-input":{"@type":"PropertyValueSpecification","valueRequired":true,"valueName":"search_term_string"}}],"inLanguage":"es-CO"},{"@type":"Person","@id":"https:\/\/www.crea.gov.co\/crea-roma\/#\/schema\/person\/4357b8ff2697b9645f7e00da293f0cac","name":"taniamojica","image":{"@type":"ImageObject","inLanguage":"es-CO","@id":"https:\/\/www.crea.gov.co\/crea-roma\/#\/schema\/person\/image\/","url":"https:\/\/secure.gravatar.com\/avatar\/3183a636b540b71ce9f3153f0ebadc3f?s=96&d=mm&r=g","contentUrl":"https:\/\/secure.gravatar.com\/avatar\/3183a636b540b71ce9f3153f0ebadc3f?s=96&d=mm&r=g","caption":"taniamojica"},"url":"https:\/\/www.crea.gov.co\/crea-roma\/author\/taniamojica\/"}]}},"_links":{"self":[{"href":"https:\/\/www.crea.gov.co\/crea-roma\/wp-json\/wp\/v2\/posts\/752","targetHints":{"allow":["GET"]}}],"collection":[{"href":"https:\/\/www.crea.gov.co\/crea-roma\/wp-json\/wp\/v2\/posts"}],"about":[{"href":"https:\/\/www.crea.gov.co\/crea-roma\/wp-json\/wp\/v2\/types\/post"}],"author":[{"embeddable":true,"href":"https:\/\/www.crea.gov.co\/crea-roma\/wp-json\/wp\/v2\/users\/50"}],"replies":[{"embeddable":true,"href":"https:\/\/www.crea.gov.co\/crea-roma\/wp-json\/wp\/v2\/comments?post=752"}],"version-history":[{"count":1,"href":"https:\/\/www.crea.gov.co\/crea-roma\/wp-json\/wp\/v2\/posts\/752\/revisions"}],"predecessor-version":[{"id":765,"href":"https:\/\/www.crea.gov.co\/crea-roma\/wp-json\/wp\/v2\/posts\/752\/revisions\/765"}],"wp:attachment":[{"href":"https:\/\/www.crea.gov.co\/crea-roma\/wp-json\/wp\/v2\/media?parent=752"}],"wp:term":[{"taxonomy":"category","embeddable":true,"href":"https:\/\/www.crea.gov.co\/crea-roma\/wp-json\/wp\/v2\/categories?post=752"},{"taxonomy":"post_tag","embeddable":true,"href":"https:\/\/www.crea.gov.co\/crea-roma\/wp-json\/wp\/v2\/tags?post=752"}],"curies":[{"name":"wp","href":"https:\/\/api.w.org\/{rel}","templated":true}]}}