{"id":748,"date":"2023-04-21T15:37:57","date_gmt":"2023-04-21T15:37:57","guid":{"rendered":"https:\/\/www.crea.gov.co\/crea-roma\/?p=748"},"modified":"2023-04-21T15:37:59","modified_gmt":"2023-04-21T15:37:59","slug":"nos-vemos-en-la-filbo-lanzamiento-del-libro-territorio-crea","status":"publish","type":"post","link":"https:\/\/www.crea.gov.co\/crea-roma\/nos-vemos-en-la-filbo-lanzamiento-del-libro-territorio-crea\/","title":{"rendered":"\u00a1Nos vemos en la FILBo! Lanzamiento del libro Territorio Crea."},"content":{"rendered":"\n<p>Apreciada comunidad :El Programa Crea tiene el gusto de invitarlos al lanzamiento del libro Territorio Crea: formaci\u00f3n art\u00edstica en expansi\u00f3n.<\/p>\n\n\n\n<p>Los esperamos el pr\u00f3ximo s\u00e1bado 22 de abril en la FILBo (Feria internacional del libro de Bogot\u00e1),\u00a0 Pabell\u00f3n 5A\u00a0 Alcald\u00eda Mayor de Bogot\u00e1 #LEOBogot\u00e1, Corferias, a las 11am. Ser\u00e1 una oportunidad para conocer las estrategias de gesti\u00f3n en territorio y otros aspectos que se han construido durante los 10 a\u00f1os en el Programa Crea.<\/p>\n\n\n\n<figure class=\"wp-block-image size-large\"><img loading=\"lazy\" decoding=\"async\" width=\"819\" height=\"1024\" src=\"https:\/\/www.crea.gov.co\/crea-roma\/wp-content\/uploads\/sites\/10\/2023\/04\/EVENTO-FILBO-CREA-CORFERIAS-1-819x1024.jpg\" alt=\"\" class=\"wp-image-749\" srcset=\"https:\/\/www.crea.gov.co\/crea-roma\/wp-content\/uploads\/sites\/10\/2023\/04\/EVENTO-FILBO-CREA-CORFERIAS-1-819x1024.jpg 819w, https:\/\/www.crea.gov.co\/crea-roma\/wp-content\/uploads\/sites\/10\/2023\/04\/EVENTO-FILBO-CREA-CORFERIAS-1-240x300.jpg 240w, https:\/\/www.crea.gov.co\/crea-roma\/wp-content\/uploads\/sites\/10\/2023\/04\/EVENTO-FILBO-CREA-CORFERIAS-1-768x960.jpg 768w, https:\/\/www.crea.gov.co\/crea-roma\/wp-content\/uploads\/sites\/10\/2023\/04\/EVENTO-FILBO-CREA-CORFERIAS-1-1229x1536.jpg 1229w, https:\/\/www.crea.gov.co\/crea-roma\/wp-content\/uploads\/sites\/10\/2023\/04\/EVENTO-FILBO-CREA-CORFERIAS-1.jpg 1500w\" sizes=\"auto, (max-width: 819px) 100vw, 819px\" \/><\/figure>\n","protected":false},"excerpt":{"rendered":"<p>Apreciada comunidad :El Programa Crea tiene el gusto de invitarlos al lanzamiento del libro Territorio Crea: formaci\u00f3n art\u00edstica en expansi\u00f3n. Los esperamos el pr\u00f3ximo s\u00e1bado 22 de abril en la FILBo (Feria internacional del libro de Bogot\u00e1),\u00a0 Pabell\u00f3n 5A\u00a0 Alcald\u00eda Mayor de Bogot\u00e1 #LEOBogot\u00e1, Corferias, a las 11am. Ser\u00e1 una oportunidad para conocer las estrategias [&hellip;]<\/p>\n","protected":false},"author":50,"featured_media":0,"comment_status":"open","ping_status":"open","sticky":false,"template":"","format":"standard","meta":{"footnotes":""},"categories":[1],"tags":[],"class_list":["post-748","post","type-post","status-publish","format-standard","hentry","category-sin-categoria"],"yoast_head":"<!-- This site is optimized with the Yoast SEO plugin v24.5 - https:\/\/yoast.com\/wordpress\/plugins\/seo\/ -->\n<title>\u00a1Nos vemos en la FILBo! Lanzamiento del libro Territorio Crea. - Crea Roma<\/title>\n<meta name=\"robots\" content=\"index, follow, max-snippet:-1, max-image-preview:large, max-video-preview:-1\" \/>\n<link rel=\"canonical\" href=\"https:\/\/www.crea.gov.co\/crea-roma\/nos-vemos-en-la-filbo-lanzamiento-del-libro-territorio-crea\/\" \/>\n<meta property=\"og:locale\" content=\"es_ES\" \/>\n<meta property=\"og:type\" content=\"article\" \/>\n<meta property=\"og:title\" content=\"\u00a1Nos vemos en la FILBo! Lanzamiento del libro Territorio Crea. - Crea Roma\" \/>\n<meta property=\"og:description\" content=\"Apreciada comunidad :El Programa Crea tiene el gusto de invitarlos al lanzamiento del libro Territorio Crea: formaci\u00f3n art\u00edstica en expansi\u00f3n. Los esperamos el pr\u00f3ximo s\u00e1bado 22 de abril en la FILBo (Feria internacional del libro de Bogot\u00e1),\u00a0 Pabell\u00f3n 5A\u00a0 Alcald\u00eda Mayor de Bogot\u00e1 #LEOBogot\u00e1, Corferias, a las 11am. Ser\u00e1 una oportunidad para conocer las estrategias [&hellip;]\" \/>\n<meta property=\"og:url\" content=\"https:\/\/www.crea.gov.co\/crea-roma\/nos-vemos-en-la-filbo-lanzamiento-del-libro-territorio-crea\/\" \/>\n<meta property=\"og:site_name\" content=\"Crea Roma\" \/>\n<meta property=\"article:published_time\" content=\"2023-04-21T15:37:57+00:00\" \/>\n<meta property=\"article:modified_time\" content=\"2023-04-21T15:37:59+00:00\" \/>\n<meta property=\"og:image\" content=\"https:\/\/www.crea.gov.co\/crea-roma\/wp-content\/uploads\/sites\/10\/2023\/04\/EVENTO-FILBO-CREA-CORFERIAS-1-819x1024.jpg\" \/>\n<meta name=\"author\" content=\"taniamojica\" \/>\n<meta name=\"twitter:card\" content=\"summary_large_image\" \/>\n<meta name=\"twitter:label1\" content=\"Escrito por\" \/>\n\t<meta name=\"twitter:data1\" content=\"taniamojica\" \/>\n\t<meta name=\"twitter:label2\" content=\"Tiempo de lectura\" \/>\n\t<meta name=\"twitter:data2\" content=\"1 minuto\" \/>\n<script type=\"application\/ld+json\" class=\"yoast-schema-graph\">{\"@context\":\"https:\/\/schema.org\",\"@graph\":[{\"@type\":\"WebPage\",\"@id\":\"https:\/\/www.crea.gov.co\/crea-roma\/nos-vemos-en-la-filbo-lanzamiento-del-libro-territorio-crea\/\",\"url\":\"https:\/\/www.crea.gov.co\/crea-roma\/nos-vemos-en-la-filbo-lanzamiento-del-libro-territorio-crea\/\",\"name\":\"\u00a1Nos vemos en la FILBo! Lanzamiento del libro Territorio Crea. - Crea Roma\",\"isPartOf\":{\"@id\":\"https:\/\/www.crea.gov.co\/crea-roma\/#website\"},\"primaryImageOfPage\":{\"@id\":\"https:\/\/www.crea.gov.co\/crea-roma\/nos-vemos-en-la-filbo-lanzamiento-del-libro-territorio-crea\/#primaryimage\"},\"image\":{\"@id\":\"https:\/\/www.crea.gov.co\/crea-roma\/nos-vemos-en-la-filbo-lanzamiento-del-libro-territorio-crea\/#primaryimage\"},\"thumbnailUrl\":\"https:\/\/www.crea.gov.co\/crea-roma\/wp-content\/uploads\/sites\/10\/2023\/04\/EVENTO-FILBO-CREA-CORFERIAS-1-819x1024.jpg\",\"datePublished\":\"2023-04-21T15:37:57+00:00\",\"dateModified\":\"2023-04-21T15:37:59+00:00\",\"author\":{\"@id\":\"https:\/\/www.crea.gov.co\/crea-roma\/#\/schema\/person\/4357b8ff2697b9645f7e00da293f0cac\"},\"breadcrumb\":{\"@id\":\"https:\/\/www.crea.gov.co\/crea-roma\/nos-vemos-en-la-filbo-lanzamiento-del-libro-territorio-crea\/#breadcrumb\"},\"inLanguage\":\"es-CO\",\"potentialAction\":[{\"@type\":\"ReadAction\",\"target\":[\"https:\/\/www.crea.gov.co\/crea-roma\/nos-vemos-en-la-filbo-lanzamiento-del-libro-territorio-crea\/\"]}]},{\"@type\":\"ImageObject\",\"inLanguage\":\"es-CO\",\"@id\":\"https:\/\/www.crea.gov.co\/crea-roma\/nos-vemos-en-la-filbo-lanzamiento-del-libro-territorio-crea\/#primaryimage\",\"url\":\"https:\/\/www.crea.gov.co\/crea-roma\/wp-content\/uploads\/sites\/10\/2023\/04\/EVENTO-FILBO-CREA-CORFERIAS-1.jpg\",\"contentUrl\":\"https:\/\/www.crea.gov.co\/crea-roma\/wp-content\/uploads\/sites\/10\/2023\/04\/EVENTO-FILBO-CREA-CORFERIAS-1.jpg\",\"width\":1500,\"height\":1875},{\"@type\":\"BreadcrumbList\",\"@id\":\"https:\/\/www.crea.gov.co\/crea-roma\/nos-vemos-en-la-filbo-lanzamiento-del-libro-territorio-crea\/#breadcrumb\",\"itemListElement\":[{\"@type\":\"ListItem\",\"position\":1,\"name\":\"Home\",\"item\":\"https:\/\/www.crea.gov.co\/crea-roma\/\"},{\"@type\":\"ListItem\",\"position\":2,\"name\":\"\u00a1Nos vemos en la FILBo! Lanzamiento del libro Territorio Crea.\"}]},{\"@type\":\"WebSite\",\"@id\":\"https:\/\/www.crea.gov.co\/crea-roma\/#website\",\"url\":\"https:\/\/www.crea.gov.co\/crea-roma\/\",\"name\":\"Crea Roma\",\"description\":\"En Kennedy, rodeado de conjuntos y calles que guardan historias de familias que han crecido en el barrio, este espacio es un lugar donde la creatividad se entrelaza con la vida cotidiana. Aqu\u00ed, los lenguajes art\u00edsticos fortalecen lazos y dan voz a las experiencias de una comunidad que se reconoce en lo colectivo.\",\"potentialAction\":[{\"@type\":\"SearchAction\",\"target\":{\"@type\":\"EntryPoint\",\"urlTemplate\":\"https:\/\/www.crea.gov.co\/crea-roma\/?s={search_term_string}\"},\"query-input\":{\"@type\":\"PropertyValueSpecification\",\"valueRequired\":true,\"valueName\":\"search_term_string\"}}],\"inLanguage\":\"es-CO\"},{\"@type\":\"Person\",\"@id\":\"https:\/\/www.crea.gov.co\/crea-roma\/#\/schema\/person\/4357b8ff2697b9645f7e00da293f0cac\",\"name\":\"taniamojica\",\"image\":{\"@type\":\"ImageObject\",\"inLanguage\":\"es-CO\",\"@id\":\"https:\/\/www.crea.gov.co\/crea-roma\/#\/schema\/person\/image\/\",\"url\":\"https:\/\/secure.gravatar.com\/avatar\/3183a636b540b71ce9f3153f0ebadc3f?s=96&d=mm&r=g\",\"contentUrl\":\"https:\/\/secure.gravatar.com\/avatar\/3183a636b540b71ce9f3153f0ebadc3f?s=96&d=mm&r=g\",\"caption\":\"taniamojica\"},\"url\":\"https:\/\/www.crea.gov.co\/crea-roma\/author\/taniamojica\/\"}]}<\/script>\n<!-- \/ Yoast SEO plugin. -->","yoast_head_json":{"title":"\u00a1Nos vemos en la FILBo! Lanzamiento del libro Territorio Crea. - Crea Roma","robots":{"index":"index","follow":"follow","max-snippet":"max-snippet:-1","max-image-preview":"max-image-preview:large","max-video-preview":"max-video-preview:-1"},"canonical":"https:\/\/www.crea.gov.co\/crea-roma\/nos-vemos-en-la-filbo-lanzamiento-del-libro-territorio-crea\/","og_locale":"es_ES","og_type":"article","og_title":"\u00a1Nos vemos en la FILBo! Lanzamiento del libro Territorio Crea. - Crea Roma","og_description":"Apreciada comunidad :El Programa Crea tiene el gusto de invitarlos al lanzamiento del libro Territorio Crea: formaci\u00f3n art\u00edstica en expansi\u00f3n. Los esperamos el pr\u00f3ximo s\u00e1bado 22 de abril en la FILBo (Feria internacional del libro de Bogot\u00e1),\u00a0 Pabell\u00f3n 5A\u00a0 Alcald\u00eda Mayor de Bogot\u00e1 #LEOBogot\u00e1, Corferias, a las 11am. Ser\u00e1 una oportunidad para conocer las estrategias [&hellip;]","og_url":"https:\/\/www.crea.gov.co\/crea-roma\/nos-vemos-en-la-filbo-lanzamiento-del-libro-territorio-crea\/","og_site_name":"Crea Roma","article_published_time":"2023-04-21T15:37:57+00:00","article_modified_time":"2023-04-21T15:37:59+00:00","og_image":[{"url":"https:\/\/www.crea.gov.co\/crea-roma\/wp-content\/uploads\/sites\/10\/2023\/04\/EVENTO-FILBO-CREA-CORFERIAS-1-819x1024.jpg","type":"","width":"","height":""}],"author":"taniamojica","twitter_card":"summary_large_image","twitter_misc":{"Escrito por":"taniamojica","Tiempo de lectura":"1 minuto"},"schema":{"@context":"https:\/\/schema.org","@graph":[{"@type":"WebPage","@id":"https:\/\/www.crea.gov.co\/crea-roma\/nos-vemos-en-la-filbo-lanzamiento-del-libro-territorio-crea\/","url":"https:\/\/www.crea.gov.co\/crea-roma\/nos-vemos-en-la-filbo-lanzamiento-del-libro-territorio-crea\/","name":"\u00a1Nos vemos en la FILBo! Lanzamiento del libro Territorio Crea. - Crea Roma","isPartOf":{"@id":"https:\/\/www.crea.gov.co\/crea-roma\/#website"},"primaryImageOfPage":{"@id":"https:\/\/www.crea.gov.co\/crea-roma\/nos-vemos-en-la-filbo-lanzamiento-del-libro-territorio-crea\/#primaryimage"},"image":{"@id":"https:\/\/www.crea.gov.co\/crea-roma\/nos-vemos-en-la-filbo-lanzamiento-del-libro-territorio-crea\/#primaryimage"},"thumbnailUrl":"https:\/\/www.crea.gov.co\/crea-roma\/wp-content\/uploads\/sites\/10\/2023\/04\/EVENTO-FILBO-CREA-CORFERIAS-1-819x1024.jpg","datePublished":"2023-04-21T15:37:57+00:00","dateModified":"2023-04-21T15:37:59+00:00","author":{"@id":"https:\/\/www.crea.gov.co\/crea-roma\/#\/schema\/person\/4357b8ff2697b9645f7e00da293f0cac"},"breadcrumb":{"@id":"https:\/\/www.crea.gov.co\/crea-roma\/nos-vemos-en-la-filbo-lanzamiento-del-libro-territorio-crea\/#breadcrumb"},"inLanguage":"es-CO","potentialAction":[{"@type":"ReadAction","target":["https:\/\/www.crea.gov.co\/crea-roma\/nos-vemos-en-la-filbo-lanzamiento-del-libro-territorio-crea\/"]}]},{"@type":"ImageObject","inLanguage":"es-CO","@id":"https:\/\/www.crea.gov.co\/crea-roma\/nos-vemos-en-la-filbo-lanzamiento-del-libro-territorio-crea\/#primaryimage","url":"https:\/\/www.crea.gov.co\/crea-roma\/wp-content\/uploads\/sites\/10\/2023\/04\/EVENTO-FILBO-CREA-CORFERIAS-1.jpg","contentUrl":"https:\/\/www.crea.gov.co\/crea-roma\/wp-content\/uploads\/sites\/10\/2023\/04\/EVENTO-FILBO-CREA-CORFERIAS-1.jpg","width":1500,"height":1875},{"@type":"BreadcrumbList","@id":"https:\/\/www.crea.gov.co\/crea-roma\/nos-vemos-en-la-filbo-lanzamiento-del-libro-territorio-crea\/#breadcrumb","itemListElement":[{"@type":"ListItem","position":1,"name":"Home","item":"https:\/\/www.crea.gov.co\/crea-roma\/"},{"@type":"ListItem","position":2,"name":"\u00a1Nos vemos en la FILBo! Lanzamiento del libro Territorio Crea."}]},{"@type":"WebSite","@id":"https:\/\/www.crea.gov.co\/crea-roma\/#website","url":"https:\/\/www.crea.gov.co\/crea-roma\/","name":"Crea Roma","description":"En Kennedy, rodeado de conjuntos y calles que guardan historias de familias que han crecido en el barrio, este espacio es un lugar donde la creatividad se entrelaza con la vida cotidiana. Aqu\u00ed, los lenguajes art\u00edsticos fortalecen lazos y dan voz a las experiencias de una comunidad que se reconoce en lo colectivo.","potentialAction":[{"@type":"SearchAction","target":{"@type":"EntryPoint","urlTemplate":"https:\/\/www.crea.gov.co\/crea-roma\/?s={search_term_string}"},"query-input":{"@type":"PropertyValueSpecification","valueRequired":true,"valueName":"search_term_string"}}],"inLanguage":"es-CO"},{"@type":"Person","@id":"https:\/\/www.crea.gov.co\/crea-roma\/#\/schema\/person\/4357b8ff2697b9645f7e00da293f0cac","name":"taniamojica","image":{"@type":"ImageObject","inLanguage":"es-CO","@id":"https:\/\/www.crea.gov.co\/crea-roma\/#\/schema\/person\/image\/","url":"https:\/\/secure.gravatar.com\/avatar\/3183a636b540b71ce9f3153f0ebadc3f?s=96&d=mm&r=g","contentUrl":"https:\/\/secure.gravatar.com\/avatar\/3183a636b540b71ce9f3153f0ebadc3f?s=96&d=mm&r=g","caption":"taniamojica"},"url":"https:\/\/www.crea.gov.co\/crea-roma\/author\/taniamojica\/"}]}},"_links":{"self":[{"href":"https:\/\/www.crea.gov.co\/crea-roma\/wp-json\/wp\/v2\/posts\/748","targetHints":{"allow":["GET"]}}],"collection":[{"href":"https:\/\/www.crea.gov.co\/crea-roma\/wp-json\/wp\/v2\/posts"}],"about":[{"href":"https:\/\/www.crea.gov.co\/crea-roma\/wp-json\/wp\/v2\/types\/post"}],"author":[{"embeddable":true,"href":"https:\/\/www.crea.gov.co\/crea-roma\/wp-json\/wp\/v2\/users\/50"}],"replies":[{"embeddable":true,"href":"https:\/\/www.crea.gov.co\/crea-roma\/wp-json\/wp\/v2\/comments?post=748"}],"version-history":[{"count":1,"href":"https:\/\/www.crea.gov.co\/crea-roma\/wp-json\/wp\/v2\/posts\/748\/revisions"}],"predecessor-version":[{"id":750,"href":"https:\/\/www.crea.gov.co\/crea-roma\/wp-json\/wp\/v2\/posts\/748\/revisions\/750"}],"wp:attachment":[{"href":"https:\/\/www.crea.gov.co\/crea-roma\/wp-json\/wp\/v2\/media?parent=748"}],"wp:term":[{"taxonomy":"category","embeddable":true,"href":"https:\/\/www.crea.gov.co\/crea-roma\/wp-json\/wp\/v2\/categories?post=748"},{"taxonomy":"post_tag","embeddable":true,"href":"https:\/\/www.crea.gov.co\/crea-roma\/wp-json\/wp\/v2\/tags?post=748"}],"curies":[{"name":"wp","href":"https:\/\/api.w.org\/{rel}","templated":true}]}}