{"id":744,"date":"2023-04-17T17:26:00","date_gmt":"2023-04-17T17:26:00","guid":{"rendered":"https:\/\/www.crea.gov.co\/crea-roma\/?p=744"},"modified":"2023-04-17T17:26:01","modified_gmt":"2023-04-17T17:26:01","slug":"celebracion-dia-del-nino-en-crea-roma","status":"publish","type":"post","link":"https:\/\/www.crea.gov.co\/crea-roma\/celebracion-dia-del-nino-en-crea-roma\/","title":{"rendered":"CELEBRACI\u00d3N D\u00cdA DEL NI\u00d1O EN CREA ROMA"},"content":{"rendered":"\n<p><\/p>\n\n\n<div class=\"wp-block-image\">\n<figure class=\"aligncenter size-large\"><img loading=\"lazy\" decoding=\"async\" width=\"576\" height=\"1024\" src=\"https:\/\/www.crea.gov.co\/crea-roma\/wp-content\/uploads\/sites\/10\/2023\/04\/WhatsApp-Image-2023-04-17-at-10.53.41-AM-576x1024.jpeg\" alt=\"\" class=\"wp-image-746\" srcset=\"https:\/\/www.crea.gov.co\/crea-roma\/wp-content\/uploads\/sites\/10\/2023\/04\/WhatsApp-Image-2023-04-17-at-10.53.41-AM-576x1024.jpeg 576w, https:\/\/www.crea.gov.co\/crea-roma\/wp-content\/uploads\/sites\/10\/2023\/04\/WhatsApp-Image-2023-04-17-at-10.53.41-AM-169x300.jpeg 169w, https:\/\/www.crea.gov.co\/crea-roma\/wp-content\/uploads\/sites\/10\/2023\/04\/WhatsApp-Image-2023-04-17-at-10.53.41-AM-768x1366.jpeg 768w, https:\/\/www.crea.gov.co\/crea-roma\/wp-content\/uploads\/sites\/10\/2023\/04\/WhatsApp-Image-2023-04-17-at-10.53.41-AM-864x1536.jpeg 864w, https:\/\/www.crea.gov.co\/crea-roma\/wp-content\/uploads\/sites\/10\/2023\/04\/WhatsApp-Image-2023-04-17-at-10.53.41-AM.jpeg 899w\" sizes=\"auto, (max-width: 576px) 100vw, 576px\" \/><figcaption class=\"wp-element-caption\"><strong>ENCUENTRATE CON TU NI\u00d1O DEL PASADO<\/strong><\/figcaption><\/figure><\/div>\n\n\n<p>Con una bella reflexi\u00f3n representada en el \u00e1rbol de nuestra infancia  el CREA ROMA se une a la celebraci\u00f3n en el mes de los ni\u00f1os este Jueves 20 de Abril ,con diferentes actividades para nuestros   beneficiarios asistentes a los talleres de formaci\u00f3n y creaci\u00f3n art\u00edstica del PROGRAMA CREA .<\/p>\n\n\n\n<p>1. Realizaci\u00f3n del \u00e1rbol de nuestra infancia como instrumento de reflexi\u00f3n con nuestro ni\u00f1o del pasado en d\u00f3nde se  fijar\u00e1n im\u00e1genes  referentes a la ni\u00f1ez  de los adultos que pertenecen al crea   ; los beneficiarios de los grupos que asisten al crea de las lineas de impulso y converge realizar\u00e1n actividades en torno a ese \u00e1rbol con sus Artistas Formadores.<br>2. Se propone que los beneficiarios asistan el 20 de Abril con su juguete favorito que se utilizar\u00e1 c\u00f3mo dispositivo de creaci\u00f3n art\u00edstica, en d\u00f3nde se generar\u00e1n im\u00e1genes y cartas que denoten sus sensaciones, sentimientos y recuerdos en torno a este elemento.<br>3. se propondr\u00e1n actividades en torno a la reflexi\u00f3n de los &#8221; sue\u00f1os de mi ni\u00f1ez&#8221; en los grupos de las IEDs Paulo VI y Las Am\u00e9ricas.<\/p>\n","protected":false},"excerpt":{"rendered":"<p>Con una bella reflexi\u00f3n representada en el \u00e1rbol de nuestra infancia el CREA ROMA se une a la celebraci\u00f3n en el mes de los ni\u00f1os este Jueves 20 de Abril ,con diferentes actividades para nuestros beneficiarios asistentes a los talleres de formaci\u00f3n y creaci\u00f3n art\u00edstica del PROGRAMA CREA . 1. Realizaci\u00f3n del \u00e1rbol de nuestra [&hellip;]<\/p>\n","protected":false},"author":50,"featured_media":0,"comment_status":"open","ping_status":"open","sticky":false,"template":"","format":"standard","meta":{"footnotes":""},"categories":[1],"tags":[],"class_list":["post-744","post","type-post","status-publish","format-standard","hentry","category-sin-categoria"],"yoast_head":"<!-- This site is optimized with the Yoast SEO plugin v24.5 - https:\/\/yoast.com\/wordpress\/plugins\/seo\/ -->\n<title>CELEBRACI\u00d3N D\u00cdA DEL NI\u00d1O EN CREA ROMA - Crea Roma<\/title>\n<meta name=\"robots\" content=\"index, follow, max-snippet:-1, max-image-preview:large, max-video-preview:-1\" \/>\n<link rel=\"canonical\" href=\"https:\/\/www.crea.gov.co\/crea-roma\/celebracion-dia-del-nino-en-crea-roma\/\" \/>\n<meta property=\"og:locale\" content=\"es_ES\" \/>\n<meta property=\"og:type\" content=\"article\" \/>\n<meta property=\"og:title\" content=\"CELEBRACI\u00d3N D\u00cdA DEL NI\u00d1O EN CREA ROMA - Crea Roma\" \/>\n<meta property=\"og:description\" content=\"Con una bella reflexi\u00f3n representada en el \u00e1rbol de nuestra infancia el CREA ROMA se une a la celebraci\u00f3n en el mes de los ni\u00f1os este Jueves 20 de Abril ,con diferentes actividades para nuestros beneficiarios asistentes a los talleres de formaci\u00f3n y creaci\u00f3n art\u00edstica del PROGRAMA CREA . 1. Realizaci\u00f3n del \u00e1rbol de nuestra [&hellip;]\" \/>\n<meta property=\"og:url\" content=\"https:\/\/www.crea.gov.co\/crea-roma\/celebracion-dia-del-nino-en-crea-roma\/\" \/>\n<meta property=\"og:site_name\" content=\"Crea Roma\" \/>\n<meta property=\"article:published_time\" content=\"2023-04-17T17:26:00+00:00\" \/>\n<meta property=\"article:modified_time\" content=\"2023-04-17T17:26:01+00:00\" \/>\n<meta property=\"og:image\" content=\"https:\/\/www.crea.gov.co\/crea-roma\/wp-content\/uploads\/sites\/10\/2023\/04\/WhatsApp-Image-2023-04-17-at-10.53.41-AM-576x1024.jpeg\" \/>\n<meta name=\"author\" content=\"taniamojica\" \/>\n<meta name=\"twitter:card\" content=\"summary_large_image\" \/>\n<meta name=\"twitter:label1\" content=\"Escrito por\" \/>\n\t<meta name=\"twitter:data1\" content=\"taniamojica\" \/>\n\t<meta name=\"twitter:label2\" content=\"Tiempo de lectura\" \/>\n\t<meta name=\"twitter:data2\" content=\"2 minutos\" \/>\n<script type=\"application\/ld+json\" class=\"yoast-schema-graph\">{\"@context\":\"https:\/\/schema.org\",\"@graph\":[{\"@type\":\"WebPage\",\"@id\":\"https:\/\/www.crea.gov.co\/crea-roma\/celebracion-dia-del-nino-en-crea-roma\/\",\"url\":\"https:\/\/www.crea.gov.co\/crea-roma\/celebracion-dia-del-nino-en-crea-roma\/\",\"name\":\"CELEBRACI\u00d3N D\u00cdA DEL NI\u00d1O EN CREA ROMA - Crea Roma\",\"isPartOf\":{\"@id\":\"https:\/\/www.crea.gov.co\/crea-roma\/#website\"},\"primaryImageOfPage\":{\"@id\":\"https:\/\/www.crea.gov.co\/crea-roma\/celebracion-dia-del-nino-en-crea-roma\/#primaryimage\"},\"image\":{\"@id\":\"https:\/\/www.crea.gov.co\/crea-roma\/celebracion-dia-del-nino-en-crea-roma\/#primaryimage\"},\"thumbnailUrl\":\"https:\/\/www.crea.gov.co\/crea-roma\/wp-content\/uploads\/sites\/10\/2023\/04\/WhatsApp-Image-2023-04-17-at-10.53.41-AM-576x1024.jpeg\",\"datePublished\":\"2023-04-17T17:26:00+00:00\",\"dateModified\":\"2023-04-17T17:26:01+00:00\",\"author\":{\"@id\":\"https:\/\/www.crea.gov.co\/crea-roma\/#\/schema\/person\/4357b8ff2697b9645f7e00da293f0cac\"},\"breadcrumb\":{\"@id\":\"https:\/\/www.crea.gov.co\/crea-roma\/celebracion-dia-del-nino-en-crea-roma\/#breadcrumb\"},\"inLanguage\":\"es-CO\",\"potentialAction\":[{\"@type\":\"ReadAction\",\"target\":[\"https:\/\/www.crea.gov.co\/crea-roma\/celebracion-dia-del-nino-en-crea-roma\/\"]}]},{\"@type\":\"ImageObject\",\"inLanguage\":\"es-CO\",\"@id\":\"https:\/\/www.crea.gov.co\/crea-roma\/celebracion-dia-del-nino-en-crea-roma\/#primaryimage\",\"url\":\"https:\/\/www.crea.gov.co\/crea-roma\/wp-content\/uploads\/sites\/10\/2023\/04\/WhatsApp-Image-2023-04-17-at-10.53.41-AM.jpeg\",\"contentUrl\":\"https:\/\/www.crea.gov.co\/crea-roma\/wp-content\/uploads\/sites\/10\/2023\/04\/WhatsApp-Image-2023-04-17-at-10.53.41-AM.jpeg\",\"width\":899,\"height\":1599},{\"@type\":\"BreadcrumbList\",\"@id\":\"https:\/\/www.crea.gov.co\/crea-roma\/celebracion-dia-del-nino-en-crea-roma\/#breadcrumb\",\"itemListElement\":[{\"@type\":\"ListItem\",\"position\":1,\"name\":\"Home\",\"item\":\"https:\/\/www.crea.gov.co\/crea-roma\/\"},{\"@type\":\"ListItem\",\"position\":2,\"name\":\"CELEBRACI\u00d3N D\u00cdA DEL NI\u00d1O EN CREA ROMA\"}]},{\"@type\":\"WebSite\",\"@id\":\"https:\/\/www.crea.gov.co\/crea-roma\/#website\",\"url\":\"https:\/\/www.crea.gov.co\/crea-roma\/\",\"name\":\"Crea Roma\",\"description\":\"En Kennedy, rodeado de conjuntos y calles que guardan historias de familias que han crecido en el barrio, este espacio es un lugar donde la creatividad se entrelaza con la vida cotidiana. Aqu\u00ed, los lenguajes art\u00edsticos fortalecen lazos y dan voz a las experiencias de una comunidad que se reconoce en lo colectivo.\",\"potentialAction\":[{\"@type\":\"SearchAction\",\"target\":{\"@type\":\"EntryPoint\",\"urlTemplate\":\"https:\/\/www.crea.gov.co\/crea-roma\/?s={search_term_string}\"},\"query-input\":{\"@type\":\"PropertyValueSpecification\",\"valueRequired\":true,\"valueName\":\"search_term_string\"}}],\"inLanguage\":\"es-CO\"},{\"@type\":\"Person\",\"@id\":\"https:\/\/www.crea.gov.co\/crea-roma\/#\/schema\/person\/4357b8ff2697b9645f7e00da293f0cac\",\"name\":\"taniamojica\",\"image\":{\"@type\":\"ImageObject\",\"inLanguage\":\"es-CO\",\"@id\":\"https:\/\/www.crea.gov.co\/crea-roma\/#\/schema\/person\/image\/\",\"url\":\"https:\/\/secure.gravatar.com\/avatar\/3183a636b540b71ce9f3153f0ebadc3f?s=96&d=mm&r=g\",\"contentUrl\":\"https:\/\/secure.gravatar.com\/avatar\/3183a636b540b71ce9f3153f0ebadc3f?s=96&d=mm&r=g\",\"caption\":\"taniamojica\"},\"url\":\"https:\/\/www.crea.gov.co\/crea-roma\/author\/taniamojica\/\"}]}<\/script>\n<!-- \/ Yoast SEO plugin. -->","yoast_head_json":{"title":"CELEBRACI\u00d3N D\u00cdA DEL NI\u00d1O EN CREA ROMA - Crea Roma","robots":{"index":"index","follow":"follow","max-snippet":"max-snippet:-1","max-image-preview":"max-image-preview:large","max-video-preview":"max-video-preview:-1"},"canonical":"https:\/\/www.crea.gov.co\/crea-roma\/celebracion-dia-del-nino-en-crea-roma\/","og_locale":"es_ES","og_type":"article","og_title":"CELEBRACI\u00d3N D\u00cdA DEL NI\u00d1O EN CREA ROMA - Crea Roma","og_description":"Con una bella reflexi\u00f3n representada en el \u00e1rbol de nuestra infancia el CREA ROMA se une a la celebraci\u00f3n en el mes de los ni\u00f1os este Jueves 20 de Abril ,con diferentes actividades para nuestros beneficiarios asistentes a los talleres de formaci\u00f3n y creaci\u00f3n art\u00edstica del PROGRAMA CREA . 1. Realizaci\u00f3n del \u00e1rbol de nuestra [&hellip;]","og_url":"https:\/\/www.crea.gov.co\/crea-roma\/celebracion-dia-del-nino-en-crea-roma\/","og_site_name":"Crea Roma","article_published_time":"2023-04-17T17:26:00+00:00","article_modified_time":"2023-04-17T17:26:01+00:00","og_image":[{"url":"https:\/\/www.crea.gov.co\/crea-roma\/wp-content\/uploads\/sites\/10\/2023\/04\/WhatsApp-Image-2023-04-17-at-10.53.41-AM-576x1024.jpeg","type":"","width":"","height":""}],"author":"taniamojica","twitter_card":"summary_large_image","twitter_misc":{"Escrito por":"taniamojica","Tiempo de lectura":"2 minutos"},"schema":{"@context":"https:\/\/schema.org","@graph":[{"@type":"WebPage","@id":"https:\/\/www.crea.gov.co\/crea-roma\/celebracion-dia-del-nino-en-crea-roma\/","url":"https:\/\/www.crea.gov.co\/crea-roma\/celebracion-dia-del-nino-en-crea-roma\/","name":"CELEBRACI\u00d3N D\u00cdA DEL NI\u00d1O EN CREA ROMA - Crea Roma","isPartOf":{"@id":"https:\/\/www.crea.gov.co\/crea-roma\/#website"},"primaryImageOfPage":{"@id":"https:\/\/www.crea.gov.co\/crea-roma\/celebracion-dia-del-nino-en-crea-roma\/#primaryimage"},"image":{"@id":"https:\/\/www.crea.gov.co\/crea-roma\/celebracion-dia-del-nino-en-crea-roma\/#primaryimage"},"thumbnailUrl":"https:\/\/www.crea.gov.co\/crea-roma\/wp-content\/uploads\/sites\/10\/2023\/04\/WhatsApp-Image-2023-04-17-at-10.53.41-AM-576x1024.jpeg","datePublished":"2023-04-17T17:26:00+00:00","dateModified":"2023-04-17T17:26:01+00:00","author":{"@id":"https:\/\/www.crea.gov.co\/crea-roma\/#\/schema\/person\/4357b8ff2697b9645f7e00da293f0cac"},"breadcrumb":{"@id":"https:\/\/www.crea.gov.co\/crea-roma\/celebracion-dia-del-nino-en-crea-roma\/#breadcrumb"},"inLanguage":"es-CO","potentialAction":[{"@type":"ReadAction","target":["https:\/\/www.crea.gov.co\/crea-roma\/celebracion-dia-del-nino-en-crea-roma\/"]}]},{"@type":"ImageObject","inLanguage":"es-CO","@id":"https:\/\/www.crea.gov.co\/crea-roma\/celebracion-dia-del-nino-en-crea-roma\/#primaryimage","url":"https:\/\/www.crea.gov.co\/crea-roma\/wp-content\/uploads\/sites\/10\/2023\/04\/WhatsApp-Image-2023-04-17-at-10.53.41-AM.jpeg","contentUrl":"https:\/\/www.crea.gov.co\/crea-roma\/wp-content\/uploads\/sites\/10\/2023\/04\/WhatsApp-Image-2023-04-17-at-10.53.41-AM.jpeg","width":899,"height":1599},{"@type":"BreadcrumbList","@id":"https:\/\/www.crea.gov.co\/crea-roma\/celebracion-dia-del-nino-en-crea-roma\/#breadcrumb","itemListElement":[{"@type":"ListItem","position":1,"name":"Home","item":"https:\/\/www.crea.gov.co\/crea-roma\/"},{"@type":"ListItem","position":2,"name":"CELEBRACI\u00d3N D\u00cdA DEL NI\u00d1O EN CREA ROMA"}]},{"@type":"WebSite","@id":"https:\/\/www.crea.gov.co\/crea-roma\/#website","url":"https:\/\/www.crea.gov.co\/crea-roma\/","name":"Crea Roma","description":"En Kennedy, rodeado de conjuntos y calles que guardan historias de familias que han crecido en el barrio, este espacio es un lugar donde la creatividad se entrelaza con la vida cotidiana. Aqu\u00ed, los lenguajes art\u00edsticos fortalecen lazos y dan voz a las experiencias de una comunidad que se reconoce en lo colectivo.","potentialAction":[{"@type":"SearchAction","target":{"@type":"EntryPoint","urlTemplate":"https:\/\/www.crea.gov.co\/crea-roma\/?s={search_term_string}"},"query-input":{"@type":"PropertyValueSpecification","valueRequired":true,"valueName":"search_term_string"}}],"inLanguage":"es-CO"},{"@type":"Person","@id":"https:\/\/www.crea.gov.co\/crea-roma\/#\/schema\/person\/4357b8ff2697b9645f7e00da293f0cac","name":"taniamojica","image":{"@type":"ImageObject","inLanguage":"es-CO","@id":"https:\/\/www.crea.gov.co\/crea-roma\/#\/schema\/person\/image\/","url":"https:\/\/secure.gravatar.com\/avatar\/3183a636b540b71ce9f3153f0ebadc3f?s=96&d=mm&r=g","contentUrl":"https:\/\/secure.gravatar.com\/avatar\/3183a636b540b71ce9f3153f0ebadc3f?s=96&d=mm&r=g","caption":"taniamojica"},"url":"https:\/\/www.crea.gov.co\/crea-roma\/author\/taniamojica\/"}]}},"_links":{"self":[{"href":"https:\/\/www.crea.gov.co\/crea-roma\/wp-json\/wp\/v2\/posts\/744","targetHints":{"allow":["GET"]}}],"collection":[{"href":"https:\/\/www.crea.gov.co\/crea-roma\/wp-json\/wp\/v2\/posts"}],"about":[{"href":"https:\/\/www.crea.gov.co\/crea-roma\/wp-json\/wp\/v2\/types\/post"}],"author":[{"embeddable":true,"href":"https:\/\/www.crea.gov.co\/crea-roma\/wp-json\/wp\/v2\/users\/50"}],"replies":[{"embeddable":true,"href":"https:\/\/www.crea.gov.co\/crea-roma\/wp-json\/wp\/v2\/comments?post=744"}],"version-history":[{"count":2,"href":"https:\/\/www.crea.gov.co\/crea-roma\/wp-json\/wp\/v2\/posts\/744\/revisions"}],"predecessor-version":[{"id":747,"href":"https:\/\/www.crea.gov.co\/crea-roma\/wp-json\/wp\/v2\/posts\/744\/revisions\/747"}],"wp:attachment":[{"href":"https:\/\/www.crea.gov.co\/crea-roma\/wp-json\/wp\/v2\/media?parent=744"}],"wp:term":[{"taxonomy":"category","embeddable":true,"href":"https:\/\/www.crea.gov.co\/crea-roma\/wp-json\/wp\/v2\/categories?post=744"},{"taxonomy":"post_tag","embeddable":true,"href":"https:\/\/www.crea.gov.co\/crea-roma\/wp-json\/wp\/v2\/tags?post=744"}],"curies":[{"name":"wp","href":"https:\/\/api.w.org\/{rel}","templated":true}]}}