{"id":700,"date":"2022-11-28T15:27:40","date_gmt":"2022-11-28T15:27:40","guid":{"rendered":"https:\/\/www.crea.gov.co\/crea-roma\/?p=700"},"modified":"2022-11-28T15:27:40","modified_gmt":"2022-11-28T15:27:40","slug":"el-crea-roma-y-el-centro-crecer-calandaima","status":"publish","type":"post","link":"https:\/\/www.crea.gov.co\/crea-roma\/el-crea-roma-y-el-centro-crecer-calandaima\/","title":{"rendered":"El Crea Roma y El Centro Crecer Calandaima"},"content":{"rendered":"\n<p>El d\u00eda 29 de Septiembre se inici\u00f3 la atenci\u00f3n desde la l\u00ednea converge con esta maravillosa poblaci\u00f3n hasta el 24 de Noviembre de 2022, se trabaj\u00f3 desde el \u00e1rea de literatura, viendo las necesidades del grupo, se propone realizar un trabajo interdisciplinario desde la narraci\u00f3n y escucha de cuentos de literatura infantil, enfocados a la gesti\u00f3n de emociones y el autocuidado, con un trabajo manual que involucr\u00f3 la estimulaci\u00f3n sensorial y un acercamiento a las artes pl\u00e1sticas, se realizaron actividades con pintura, arcilla, plastilina, material reciclado, cart\u00f3n y fomi. En las sesiones trabajadas se leyeron cuentos o se visualizaron las historias, se hizo un an\u00e1lisis con los participantes, se pregunt\u00f3 por los protagonistas, por las emociones, por sonidos, el hilo conductor de la narraci\u00f3n y se continu\u00f3 el trabajo con las manualidades, por ejemplo en una de las sesiones se trabaj\u00f3 con el libro el Monstruo de las emociones de Ana Llenas y acto seguido se reflexion\u00f3 con los chicos acerca de que genera sus emociones y c\u00f3mo las sienten, para que despu\u00e9s ellos con plastilina, crearan su propio Monstruo de acuerdo a la emoci\u00f3n que elijieron. Es importante mencionar que en todas las sesiones siempre hubo acompa\u00f1amiento por parte del equipo del Centro Crecer Calandaima, quienes apoyaron todas las actividades propuestas y participaron activamente de las mismas. Artista Formadora Ivonne Montoya<\/p>\n\n\n\n<figure class=\"wp-block-image size-full\"><img loading=\"lazy\" decoding=\"async\" width=\"725\" height=\"1024\" src=\"https:\/\/www.crea.gov.co\/crea-roma\/wp-content\/uploads\/sites\/10\/2022\/11\/WhatsApp-Image-2022-11-25-at-9.21.30-AM.jpeg\" alt=\"\" class=\"wp-image-701\" srcset=\"https:\/\/www.crea.gov.co\/crea-roma\/wp-content\/uploads\/sites\/10\/2022\/11\/WhatsApp-Image-2022-11-25-at-9.21.30-AM.jpeg 725w, https:\/\/www.crea.gov.co\/crea-roma\/wp-content\/uploads\/sites\/10\/2022\/11\/WhatsApp-Image-2022-11-25-at-9.21.30-AM-212x300.jpeg 212w\" sizes=\"auto, (max-width: 725px) 100vw, 725px\" \/><\/figure>\n","protected":false},"excerpt":{"rendered":"<p>El d\u00eda 29 de Septiembre se inici\u00f3 la atenci\u00f3n desde la l\u00ednea converge con esta maravillosa poblaci\u00f3n hasta el 24 de Noviembre de 2022, se trabaj\u00f3 desde el \u00e1rea de literatura, viendo las necesidades del grupo, se propone realizar un trabajo interdisciplinario desde la narraci\u00f3n y escucha de cuentos de literatura infantil, enfocados a la [&hellip;]<\/p>\n","protected":false},"author":44,"featured_media":702,"comment_status":"open","ping_status":"open","sticky":false,"template":"","format":"standard","meta":{"footnotes":""},"categories":[1],"tags":[],"class_list":["post-700","post","type-post","status-publish","format-standard","has-post-thumbnail","hentry","category-sin-categoria"],"yoast_head":"<!-- This site is optimized with the Yoast SEO plugin v24.5 - https:\/\/yoast.com\/wordpress\/plugins\/seo\/ -->\n<title>El Crea Roma y El Centro Crecer Calandaima - Crea Roma<\/title>\n<meta name=\"robots\" content=\"index, follow, max-snippet:-1, max-image-preview:large, max-video-preview:-1\" \/>\n<link rel=\"canonical\" href=\"https:\/\/www.crea.gov.co\/crea-roma\/el-crea-roma-y-el-centro-crecer-calandaima\/\" \/>\n<meta property=\"og:locale\" content=\"es_ES\" \/>\n<meta property=\"og:type\" content=\"article\" \/>\n<meta property=\"og:title\" content=\"El Crea Roma y El Centro Crecer Calandaima - Crea Roma\" \/>\n<meta property=\"og:description\" content=\"El d\u00eda 29 de Septiembre se inici\u00f3 la atenci\u00f3n desde la l\u00ednea converge con esta maravillosa poblaci\u00f3n hasta el 24 de Noviembre de 2022, se trabaj\u00f3 desde el \u00e1rea de literatura, viendo las necesidades del grupo, se propone realizar un trabajo interdisciplinario desde la narraci\u00f3n y escucha de cuentos de literatura infantil, enfocados a la [&hellip;]\" \/>\n<meta property=\"og:url\" content=\"https:\/\/www.crea.gov.co\/crea-roma\/el-crea-roma-y-el-centro-crecer-calandaima\/\" \/>\n<meta property=\"og:site_name\" content=\"Crea Roma\" \/>\n<meta property=\"article:published_time\" content=\"2022-11-28T15:27:40+00:00\" \/>\n<meta property=\"og:image\" content=\"https:\/\/www.crea.gov.co\/crea-roma\/wp-content\/uploads\/sites\/10\/2022\/11\/WhatsApp-Image-2022-11-25-at-9.28.52-AM.jpeg\" \/>\n\t<meta property=\"og:image:width\" content=\"1280\" \/>\n\t<meta property=\"og:image:height\" content=\"697\" \/>\n\t<meta property=\"og:image:type\" content=\"image\/jpeg\" \/>\n<meta name=\"author\" content=\"dianahenao\" \/>\n<meta name=\"twitter:card\" content=\"summary_large_image\" \/>\n<meta name=\"twitter:label1\" content=\"Escrito por\" \/>\n\t<meta name=\"twitter:data1\" content=\"dianahenao\" \/>\n\t<meta name=\"twitter:label2\" content=\"Tiempo de lectura\" \/>\n\t<meta name=\"twitter:data2\" content=\"2 minutos\" \/>\n<script type=\"application\/ld+json\" class=\"yoast-schema-graph\">{\"@context\":\"https:\/\/schema.org\",\"@graph\":[{\"@type\":\"WebPage\",\"@id\":\"https:\/\/www.crea.gov.co\/crea-roma\/el-crea-roma-y-el-centro-crecer-calandaima\/\",\"url\":\"https:\/\/www.crea.gov.co\/crea-roma\/el-crea-roma-y-el-centro-crecer-calandaima\/\",\"name\":\"El Crea Roma y El Centro Crecer Calandaima - Crea Roma\",\"isPartOf\":{\"@id\":\"https:\/\/www.crea.gov.co\/crea-roma\/#website\"},\"primaryImageOfPage\":{\"@id\":\"https:\/\/www.crea.gov.co\/crea-roma\/el-crea-roma-y-el-centro-crecer-calandaima\/#primaryimage\"},\"image\":{\"@id\":\"https:\/\/www.crea.gov.co\/crea-roma\/el-crea-roma-y-el-centro-crecer-calandaima\/#primaryimage\"},\"thumbnailUrl\":\"https:\/\/www.crea.gov.co\/crea-roma\/wp-content\/uploads\/sites\/10\/2022\/11\/WhatsApp-Image-2022-11-25-at-9.28.52-AM.jpeg\",\"datePublished\":\"2022-11-28T15:27:40+00:00\",\"author\":{\"@id\":\"https:\/\/www.crea.gov.co\/crea-roma\/#\/schema\/person\/21f4af65becded92a4d94437f5b2a956\"},\"breadcrumb\":{\"@id\":\"https:\/\/www.crea.gov.co\/crea-roma\/el-crea-roma-y-el-centro-crecer-calandaima\/#breadcrumb\"},\"inLanguage\":\"es-CO\",\"potentialAction\":[{\"@type\":\"ReadAction\",\"target\":[\"https:\/\/www.crea.gov.co\/crea-roma\/el-crea-roma-y-el-centro-crecer-calandaima\/\"]}]},{\"@type\":\"ImageObject\",\"inLanguage\":\"es-CO\",\"@id\":\"https:\/\/www.crea.gov.co\/crea-roma\/el-crea-roma-y-el-centro-crecer-calandaima\/#primaryimage\",\"url\":\"https:\/\/www.crea.gov.co\/crea-roma\/wp-content\/uploads\/sites\/10\/2022\/11\/WhatsApp-Image-2022-11-25-at-9.28.52-AM.jpeg\",\"contentUrl\":\"https:\/\/www.crea.gov.co\/crea-roma\/wp-content\/uploads\/sites\/10\/2022\/11\/WhatsApp-Image-2022-11-25-at-9.28.52-AM.jpeg\",\"width\":1280,\"height\":697},{\"@type\":\"BreadcrumbList\",\"@id\":\"https:\/\/www.crea.gov.co\/crea-roma\/el-crea-roma-y-el-centro-crecer-calandaima\/#breadcrumb\",\"itemListElement\":[{\"@type\":\"ListItem\",\"position\":1,\"name\":\"Home\",\"item\":\"https:\/\/www.crea.gov.co\/crea-roma\/\"},{\"@type\":\"ListItem\",\"position\":2,\"name\":\"El Crea Roma y El Centro Crecer Calandaima\"}]},{\"@type\":\"WebSite\",\"@id\":\"https:\/\/www.crea.gov.co\/crea-roma\/#website\",\"url\":\"https:\/\/www.crea.gov.co\/crea-roma\/\",\"name\":\"Crea Roma\",\"description\":\"En Kennedy, rodeado de conjuntos y calles que guardan historias de familias que han crecido en el barrio, este espacio es un lugar donde la creatividad se entrelaza con la vida cotidiana. Aqu\u00ed, los lenguajes art\u00edsticos fortalecen lazos y dan voz a las experiencias de una comunidad que se reconoce en lo colectivo.\",\"potentialAction\":[{\"@type\":\"SearchAction\",\"target\":{\"@type\":\"EntryPoint\",\"urlTemplate\":\"https:\/\/www.crea.gov.co\/crea-roma\/?s={search_term_string}\"},\"query-input\":{\"@type\":\"PropertyValueSpecification\",\"valueRequired\":true,\"valueName\":\"search_term_string\"}}],\"inLanguage\":\"es-CO\"},{\"@type\":\"Person\",\"@id\":\"https:\/\/www.crea.gov.co\/crea-roma\/#\/schema\/person\/21f4af65becded92a4d94437f5b2a956\",\"name\":\"dianahenao\",\"image\":{\"@type\":\"ImageObject\",\"inLanguage\":\"es-CO\",\"@id\":\"https:\/\/www.crea.gov.co\/crea-roma\/#\/schema\/person\/image\/\",\"url\":\"https:\/\/secure.gravatar.com\/avatar\/21a46432310ad2712e5b660e19cb0b22?s=96&d=mm&r=g\",\"contentUrl\":\"https:\/\/secure.gravatar.com\/avatar\/21a46432310ad2712e5b660e19cb0b22?s=96&d=mm&r=g\",\"caption\":\"dianahenao\"},\"url\":\"https:\/\/www.crea.gov.co\/crea-roma\/author\/dianahenao\/\"}]}<\/script>\n<!-- \/ Yoast SEO plugin. -->","yoast_head_json":{"title":"El Crea Roma y El Centro Crecer Calandaima - Crea Roma","robots":{"index":"index","follow":"follow","max-snippet":"max-snippet:-1","max-image-preview":"max-image-preview:large","max-video-preview":"max-video-preview:-1"},"canonical":"https:\/\/www.crea.gov.co\/crea-roma\/el-crea-roma-y-el-centro-crecer-calandaima\/","og_locale":"es_ES","og_type":"article","og_title":"El Crea Roma y El Centro Crecer Calandaima - Crea Roma","og_description":"El d\u00eda 29 de Septiembre se inici\u00f3 la atenci\u00f3n desde la l\u00ednea converge con esta maravillosa poblaci\u00f3n hasta el 24 de Noviembre de 2022, se trabaj\u00f3 desde el \u00e1rea de literatura, viendo las necesidades del grupo, se propone realizar un trabajo interdisciplinario desde la narraci\u00f3n y escucha de cuentos de literatura infantil, enfocados a la [&hellip;]","og_url":"https:\/\/www.crea.gov.co\/crea-roma\/el-crea-roma-y-el-centro-crecer-calandaima\/","og_site_name":"Crea Roma","article_published_time":"2022-11-28T15:27:40+00:00","og_image":[{"width":1280,"height":697,"url":"https:\/\/www.crea.gov.co\/crea-roma\/wp-content\/uploads\/sites\/10\/2022\/11\/WhatsApp-Image-2022-11-25-at-9.28.52-AM.jpeg","type":"image\/jpeg"}],"author":"dianahenao","twitter_card":"summary_large_image","twitter_misc":{"Escrito por":"dianahenao","Tiempo de lectura":"2 minutos"},"schema":{"@context":"https:\/\/schema.org","@graph":[{"@type":"WebPage","@id":"https:\/\/www.crea.gov.co\/crea-roma\/el-crea-roma-y-el-centro-crecer-calandaima\/","url":"https:\/\/www.crea.gov.co\/crea-roma\/el-crea-roma-y-el-centro-crecer-calandaima\/","name":"El Crea Roma y El Centro Crecer Calandaima - Crea Roma","isPartOf":{"@id":"https:\/\/www.crea.gov.co\/crea-roma\/#website"},"primaryImageOfPage":{"@id":"https:\/\/www.crea.gov.co\/crea-roma\/el-crea-roma-y-el-centro-crecer-calandaima\/#primaryimage"},"image":{"@id":"https:\/\/www.crea.gov.co\/crea-roma\/el-crea-roma-y-el-centro-crecer-calandaima\/#primaryimage"},"thumbnailUrl":"https:\/\/www.crea.gov.co\/crea-roma\/wp-content\/uploads\/sites\/10\/2022\/11\/WhatsApp-Image-2022-11-25-at-9.28.52-AM.jpeg","datePublished":"2022-11-28T15:27:40+00:00","author":{"@id":"https:\/\/www.crea.gov.co\/crea-roma\/#\/schema\/person\/21f4af65becded92a4d94437f5b2a956"},"breadcrumb":{"@id":"https:\/\/www.crea.gov.co\/crea-roma\/el-crea-roma-y-el-centro-crecer-calandaima\/#breadcrumb"},"inLanguage":"es-CO","potentialAction":[{"@type":"ReadAction","target":["https:\/\/www.crea.gov.co\/crea-roma\/el-crea-roma-y-el-centro-crecer-calandaima\/"]}]},{"@type":"ImageObject","inLanguage":"es-CO","@id":"https:\/\/www.crea.gov.co\/crea-roma\/el-crea-roma-y-el-centro-crecer-calandaima\/#primaryimage","url":"https:\/\/www.crea.gov.co\/crea-roma\/wp-content\/uploads\/sites\/10\/2022\/11\/WhatsApp-Image-2022-11-25-at-9.28.52-AM.jpeg","contentUrl":"https:\/\/www.crea.gov.co\/crea-roma\/wp-content\/uploads\/sites\/10\/2022\/11\/WhatsApp-Image-2022-11-25-at-9.28.52-AM.jpeg","width":1280,"height":697},{"@type":"BreadcrumbList","@id":"https:\/\/www.crea.gov.co\/crea-roma\/el-crea-roma-y-el-centro-crecer-calandaima\/#breadcrumb","itemListElement":[{"@type":"ListItem","position":1,"name":"Home","item":"https:\/\/www.crea.gov.co\/crea-roma\/"},{"@type":"ListItem","position":2,"name":"El Crea Roma y El Centro Crecer Calandaima"}]},{"@type":"WebSite","@id":"https:\/\/www.crea.gov.co\/crea-roma\/#website","url":"https:\/\/www.crea.gov.co\/crea-roma\/","name":"Crea Roma","description":"En Kennedy, rodeado de conjuntos y calles que guardan historias de familias que han crecido en el barrio, este espacio es un lugar donde la creatividad se entrelaza con la vida cotidiana. Aqu\u00ed, los lenguajes art\u00edsticos fortalecen lazos y dan voz a las experiencias de una comunidad que se reconoce en lo colectivo.","potentialAction":[{"@type":"SearchAction","target":{"@type":"EntryPoint","urlTemplate":"https:\/\/www.crea.gov.co\/crea-roma\/?s={search_term_string}"},"query-input":{"@type":"PropertyValueSpecification","valueRequired":true,"valueName":"search_term_string"}}],"inLanguage":"es-CO"},{"@type":"Person","@id":"https:\/\/www.crea.gov.co\/crea-roma\/#\/schema\/person\/21f4af65becded92a4d94437f5b2a956","name":"dianahenao","image":{"@type":"ImageObject","inLanguage":"es-CO","@id":"https:\/\/www.crea.gov.co\/crea-roma\/#\/schema\/person\/image\/","url":"https:\/\/secure.gravatar.com\/avatar\/21a46432310ad2712e5b660e19cb0b22?s=96&d=mm&r=g","contentUrl":"https:\/\/secure.gravatar.com\/avatar\/21a46432310ad2712e5b660e19cb0b22?s=96&d=mm&r=g","caption":"dianahenao"},"url":"https:\/\/www.crea.gov.co\/crea-roma\/author\/dianahenao\/"}]}},"_links":{"self":[{"href":"https:\/\/www.crea.gov.co\/crea-roma\/wp-json\/wp\/v2\/posts\/700","targetHints":{"allow":["GET"]}}],"collection":[{"href":"https:\/\/www.crea.gov.co\/crea-roma\/wp-json\/wp\/v2\/posts"}],"about":[{"href":"https:\/\/www.crea.gov.co\/crea-roma\/wp-json\/wp\/v2\/types\/post"}],"author":[{"embeddable":true,"href":"https:\/\/www.crea.gov.co\/crea-roma\/wp-json\/wp\/v2\/users\/44"}],"replies":[{"embeddable":true,"href":"https:\/\/www.crea.gov.co\/crea-roma\/wp-json\/wp\/v2\/comments?post=700"}],"version-history":[{"count":1,"href":"https:\/\/www.crea.gov.co\/crea-roma\/wp-json\/wp\/v2\/posts\/700\/revisions"}],"predecessor-version":[{"id":703,"href":"https:\/\/www.crea.gov.co\/crea-roma\/wp-json\/wp\/v2\/posts\/700\/revisions\/703"}],"wp:featuredmedia":[{"embeddable":true,"href":"https:\/\/www.crea.gov.co\/crea-roma\/wp-json\/wp\/v2\/media\/702"}],"wp:attachment":[{"href":"https:\/\/www.crea.gov.co\/crea-roma\/wp-json\/wp\/v2\/media?parent=700"}],"wp:term":[{"taxonomy":"category","embeddable":true,"href":"https:\/\/www.crea.gov.co\/crea-roma\/wp-json\/wp\/v2\/categories?post=700"},{"taxonomy":"post_tag","embeddable":true,"href":"https:\/\/www.crea.gov.co\/crea-roma\/wp-json\/wp\/v2\/tags?post=700"}],"curies":[{"name":"wp","href":"https:\/\/api.w.org\/{rel}","templated":true}]}}