{"id":694,"date":"2022-11-24T15:15:14","date_gmt":"2022-11-24T15:15:14","guid":{"rendered":"https:\/\/www.crea.gov.co\/crea-roma\/?p=694"},"modified":"2022-11-24T15:40:57","modified_gmt":"2022-11-24T15:40:57","slug":"guanena-de-colores-en-ecosistema-4","status":"publish","type":"post","link":"https:\/\/www.crea.gov.co\/crea-roma\/guanena-de-colores-en-ecosistema-4\/","title":{"rendered":"Guane\u00f1a de Colores en Ecosistema 4"},"content":{"rendered":"\n<p>En el marco del Ecosistema 4, el pasado 11 de noviembre en la sala Tairona del Centro Colombo Americano los colectivos&nbsp;de danza y artes pl\u00e1sticas, Flow de tradici\u00f3n IC 3283&nbsp;y Arco\u00edris de chocolate IC&nbsp;3242&nbsp;del crea Roma; a cargo de los artistas formadores Paola Acevedo y Luis Forero socializaron su puesta en escena Guane\u00f1a de colores,&nbsp;<\/p>\n\n\n\n<p>Esta surgi\u00f3 en el mes de mayo del a\u00f1o 2022 a partir del encuentro realizado en el primer ecosistema del programa Crea, en donde los colectivos expusieron sus deseos creativos, su afinidad por los seres m\u00e1gicos y las m\u00e1scaras del carnaval de negros y blancos. Desde entonces, decidieron trabajar en conjunto intercambiando saberes para elaborar m\u00e1scaras y construir una puesta en escena que involucra el movimiento, el color, las texturas, la fuerza y la valent\u00eda de la Guane\u00f1a.&nbsp;&nbsp;<\/p>\n\n\n\n<figure class=\"wp-block-embed is-type-video is-provider-youtube wp-block-embed-youtube wp-embed-aspect-16-9 wp-has-aspect-ratio\"><div class=\"wp-block-embed__wrapper\">\n<iframe loading=\"lazy\" title=\"GUANE\u00d1A DE COLORES- Programa Crea  Ecosistema 4\" width=\"500\" height=\"281\" src=\"https:\/\/www.youtube.com\/embed\/gsbQYUhfnPA?feature=oembed\" frameborder=\"0\" allow=\"accelerometer; autoplay; clipboard-write; encrypted-media; gyroscope; picture-in-picture; web-share\" referrerpolicy=\"strict-origin-when-cross-origin\" allowfullscreen><\/iframe>\n<\/div><\/figure>\n\n\n\n<figure class=\"wp-block-image size-large\"><img loading=\"lazy\" decoding=\"async\" width=\"768\" height=\"1024\" src=\"https:\/\/www.crea.gov.co\/crea-roma\/wp-content\/uploads\/sites\/10\/2022\/11\/WhatsApp-Image-2022-11-24-at-10.21.35-AM-1-768x1024.jpeg\" alt=\"\" class=\"wp-image-697\" srcset=\"https:\/\/www.crea.gov.co\/crea-roma\/wp-content\/uploads\/sites\/10\/2022\/11\/WhatsApp-Image-2022-11-24-at-10.21.35-AM-1-768x1024.jpeg 768w, https:\/\/www.crea.gov.co\/crea-roma\/wp-content\/uploads\/sites\/10\/2022\/11\/WhatsApp-Image-2022-11-24-at-10.21.35-AM-1-225x300.jpeg 225w, https:\/\/www.crea.gov.co\/crea-roma\/wp-content\/uploads\/sites\/10\/2022\/11\/WhatsApp-Image-2022-11-24-at-10.21.35-AM-1-1152x1536.jpeg 1152w, https:\/\/www.crea.gov.co\/crea-roma\/wp-content\/uploads\/sites\/10\/2022\/11\/WhatsApp-Image-2022-11-24-at-10.21.35-AM-1.jpeg 1200w\" sizes=\"auto, (max-width: 768px) 100vw, 768px\" \/><\/figure>\n\n\n\n<figure class=\"wp-block-image size-large\"><img loading=\"lazy\" decoding=\"async\" width=\"768\" height=\"1024\" src=\"https:\/\/www.crea.gov.co\/crea-roma\/wp-content\/uploads\/sites\/10\/2022\/11\/WhatsApp-Image-2022-11-24-at-10.21.35-AM-768x1024.jpeg\" alt=\"\" class=\"wp-image-698\" srcset=\"https:\/\/www.crea.gov.co\/crea-roma\/wp-content\/uploads\/sites\/10\/2022\/11\/WhatsApp-Image-2022-11-24-at-10.21.35-AM-768x1024.jpeg 768w, https:\/\/www.crea.gov.co\/crea-roma\/wp-content\/uploads\/sites\/10\/2022\/11\/WhatsApp-Image-2022-11-24-at-10.21.35-AM-225x300.jpeg 225w, https:\/\/www.crea.gov.co\/crea-roma\/wp-content\/uploads\/sites\/10\/2022\/11\/WhatsApp-Image-2022-11-24-at-10.21.35-AM-1152x1536.jpeg 1152w, https:\/\/www.crea.gov.co\/crea-roma\/wp-content\/uploads\/sites\/10\/2022\/11\/WhatsApp-Image-2022-11-24-at-10.21.35-AM.jpeg 1200w\" sizes=\"auto, (max-width: 768px) 100vw, 768px\" \/><\/figure>\n","protected":false},"excerpt":{"rendered":"<p>En el marco del Ecosistema 4, el pasado 11 de noviembre en la sala Tairona del Centro Colombo Americano los colectivos&nbsp;de danza y artes pl\u00e1sticas, Flow de tradici\u00f3n IC 3283&nbsp;y Arco\u00edris de chocolate IC&nbsp;3242&nbsp;del crea Roma; a cargo de los artistas formadores Paola Acevedo y Luis Forero socializaron su puesta en escena Guane\u00f1a de colores,&nbsp; [&hellip;]<\/p>\n","protected":false},"author":44,"featured_media":695,"comment_status":"open","ping_status":"open","sticky":false,"template":"","format":"standard","meta":{"footnotes":""},"categories":[1],"tags":[],"class_list":["post-694","post","type-post","status-publish","format-standard","has-post-thumbnail","hentry","category-sin-categoria"],"yoast_head":"<!-- This site is optimized with the Yoast SEO plugin v24.5 - https:\/\/yoast.com\/wordpress\/plugins\/seo\/ -->\n<title>Guane\u00f1a de Colores en Ecosistema 4 - Crea Roma<\/title>\n<meta name=\"robots\" content=\"index, follow, max-snippet:-1, max-image-preview:large, max-video-preview:-1\" \/>\n<link rel=\"canonical\" href=\"https:\/\/www.crea.gov.co\/crea-roma\/guanena-de-colores-en-ecosistema-4\/\" \/>\n<meta property=\"og:locale\" content=\"es_ES\" \/>\n<meta property=\"og:type\" content=\"article\" \/>\n<meta property=\"og:title\" content=\"Guane\u00f1a de Colores en Ecosistema 4 - Crea Roma\" \/>\n<meta property=\"og:description\" content=\"En el marco del Ecosistema 4, el pasado 11 de noviembre en la sala Tairona del Centro Colombo Americano los colectivos&nbsp;de danza y artes pl\u00e1sticas, Flow de tradici\u00f3n IC 3283&nbsp;y Arco\u00edris de chocolate IC&nbsp;3242&nbsp;del crea Roma; a cargo de los artistas formadores Paola Acevedo y Luis Forero socializaron su puesta en escena Guane\u00f1a de colores,&nbsp; [&hellip;]\" \/>\n<meta property=\"og:url\" content=\"https:\/\/www.crea.gov.co\/crea-roma\/guanena-de-colores-en-ecosistema-4\/\" \/>\n<meta property=\"og:site_name\" content=\"Crea Roma\" \/>\n<meta property=\"article:published_time\" content=\"2022-11-24T15:15:14+00:00\" \/>\n<meta property=\"article:modified_time\" content=\"2022-11-24T15:40:57+00:00\" \/>\n<meta property=\"og:image\" content=\"https:\/\/www.crea.gov.co\/crea-roma\/wp-content\/uploads\/sites\/10\/2022\/11\/WhatsApp-Image-2022-11-24-at-10.05.54-AM.jpeg\" \/>\n\t<meta property=\"og:image:width\" content=\"1600\" \/>\n\t<meta property=\"og:image:height\" content=\"1200\" \/>\n\t<meta property=\"og:image:type\" content=\"image\/jpeg\" \/>\n<meta name=\"author\" content=\"dianahenao\" \/>\n<meta name=\"twitter:card\" content=\"summary_large_image\" \/>\n<meta name=\"twitter:label1\" content=\"Escrito por\" \/>\n\t<meta name=\"twitter:data1\" content=\"dianahenao\" \/>\n\t<meta name=\"twitter:label2\" content=\"Tiempo de lectura\" \/>\n\t<meta name=\"twitter:data2\" content=\"2 minutos\" \/>\n<script type=\"application\/ld+json\" class=\"yoast-schema-graph\">{\"@context\":\"https:\/\/schema.org\",\"@graph\":[{\"@type\":\"WebPage\",\"@id\":\"https:\/\/www.crea.gov.co\/crea-roma\/guanena-de-colores-en-ecosistema-4\/\",\"url\":\"https:\/\/www.crea.gov.co\/crea-roma\/guanena-de-colores-en-ecosistema-4\/\",\"name\":\"Guane\u00f1a de Colores en Ecosistema 4 - Crea Roma\",\"isPartOf\":{\"@id\":\"https:\/\/www.crea.gov.co\/crea-roma\/#website\"},\"primaryImageOfPage\":{\"@id\":\"https:\/\/www.crea.gov.co\/crea-roma\/guanena-de-colores-en-ecosistema-4\/#primaryimage\"},\"image\":{\"@id\":\"https:\/\/www.crea.gov.co\/crea-roma\/guanena-de-colores-en-ecosistema-4\/#primaryimage\"},\"thumbnailUrl\":\"https:\/\/www.crea.gov.co\/crea-roma\/wp-content\/uploads\/sites\/10\/2022\/11\/WhatsApp-Image-2022-11-24-at-10.05.54-AM.jpeg\",\"datePublished\":\"2022-11-24T15:15:14+00:00\",\"dateModified\":\"2022-11-24T15:40:57+00:00\",\"author\":{\"@id\":\"https:\/\/www.crea.gov.co\/crea-roma\/#\/schema\/person\/21f4af65becded92a4d94437f5b2a956\"},\"breadcrumb\":{\"@id\":\"https:\/\/www.crea.gov.co\/crea-roma\/guanena-de-colores-en-ecosistema-4\/#breadcrumb\"},\"inLanguage\":\"es-CO\",\"potentialAction\":[{\"@type\":\"ReadAction\",\"target\":[\"https:\/\/www.crea.gov.co\/crea-roma\/guanena-de-colores-en-ecosistema-4\/\"]}]},{\"@type\":\"ImageObject\",\"inLanguage\":\"es-CO\",\"@id\":\"https:\/\/www.crea.gov.co\/crea-roma\/guanena-de-colores-en-ecosistema-4\/#primaryimage\",\"url\":\"https:\/\/www.crea.gov.co\/crea-roma\/wp-content\/uploads\/sites\/10\/2022\/11\/WhatsApp-Image-2022-11-24-at-10.05.54-AM.jpeg\",\"contentUrl\":\"https:\/\/www.crea.gov.co\/crea-roma\/wp-content\/uploads\/sites\/10\/2022\/11\/WhatsApp-Image-2022-11-24-at-10.05.54-AM.jpeg\",\"width\":1600,\"height\":1200},{\"@type\":\"BreadcrumbList\",\"@id\":\"https:\/\/www.crea.gov.co\/crea-roma\/guanena-de-colores-en-ecosistema-4\/#breadcrumb\",\"itemListElement\":[{\"@type\":\"ListItem\",\"position\":1,\"name\":\"Home\",\"item\":\"https:\/\/www.crea.gov.co\/crea-roma\/\"},{\"@type\":\"ListItem\",\"position\":2,\"name\":\"Guane\u00f1a de Colores en Ecosistema 4\"}]},{\"@type\":\"WebSite\",\"@id\":\"https:\/\/www.crea.gov.co\/crea-roma\/#website\",\"url\":\"https:\/\/www.crea.gov.co\/crea-roma\/\",\"name\":\"Crea Roma\",\"description\":\"En Kennedy, rodeado de conjuntos y calles que guardan historias de familias que han crecido en el barrio, este espacio es un lugar donde la creatividad se entrelaza con la vida cotidiana. Aqu\u00ed, los lenguajes art\u00edsticos fortalecen lazos y dan voz a las experiencias de una comunidad que se reconoce en lo colectivo.\",\"potentialAction\":[{\"@type\":\"SearchAction\",\"target\":{\"@type\":\"EntryPoint\",\"urlTemplate\":\"https:\/\/www.crea.gov.co\/crea-roma\/?s={search_term_string}\"},\"query-input\":{\"@type\":\"PropertyValueSpecification\",\"valueRequired\":true,\"valueName\":\"search_term_string\"}}],\"inLanguage\":\"es-CO\"},{\"@type\":\"Person\",\"@id\":\"https:\/\/www.crea.gov.co\/crea-roma\/#\/schema\/person\/21f4af65becded92a4d94437f5b2a956\",\"name\":\"dianahenao\",\"image\":{\"@type\":\"ImageObject\",\"inLanguage\":\"es-CO\",\"@id\":\"https:\/\/www.crea.gov.co\/crea-roma\/#\/schema\/person\/image\/\",\"url\":\"https:\/\/secure.gravatar.com\/avatar\/21a46432310ad2712e5b660e19cb0b22?s=96&d=mm&r=g\",\"contentUrl\":\"https:\/\/secure.gravatar.com\/avatar\/21a46432310ad2712e5b660e19cb0b22?s=96&d=mm&r=g\",\"caption\":\"dianahenao\"},\"url\":\"https:\/\/www.crea.gov.co\/crea-roma\/author\/dianahenao\/\"}]}<\/script>\n<!-- \/ Yoast SEO plugin. -->","yoast_head_json":{"title":"Guane\u00f1a de Colores en Ecosistema 4 - Crea Roma","robots":{"index":"index","follow":"follow","max-snippet":"max-snippet:-1","max-image-preview":"max-image-preview:large","max-video-preview":"max-video-preview:-1"},"canonical":"https:\/\/www.crea.gov.co\/crea-roma\/guanena-de-colores-en-ecosistema-4\/","og_locale":"es_ES","og_type":"article","og_title":"Guane\u00f1a de Colores en Ecosistema 4 - Crea Roma","og_description":"En el marco del Ecosistema 4, el pasado 11 de noviembre en la sala Tairona del Centro Colombo Americano los colectivos&nbsp;de danza y artes pl\u00e1sticas, Flow de tradici\u00f3n IC 3283&nbsp;y Arco\u00edris de chocolate IC&nbsp;3242&nbsp;del crea Roma; a cargo de los artistas formadores Paola Acevedo y Luis Forero socializaron su puesta en escena Guane\u00f1a de colores,&nbsp; [&hellip;]","og_url":"https:\/\/www.crea.gov.co\/crea-roma\/guanena-de-colores-en-ecosistema-4\/","og_site_name":"Crea Roma","article_published_time":"2022-11-24T15:15:14+00:00","article_modified_time":"2022-11-24T15:40:57+00:00","og_image":[{"width":1600,"height":1200,"url":"https:\/\/www.crea.gov.co\/crea-roma\/wp-content\/uploads\/sites\/10\/2022\/11\/WhatsApp-Image-2022-11-24-at-10.05.54-AM.jpeg","type":"image\/jpeg"}],"author":"dianahenao","twitter_card":"summary_large_image","twitter_misc":{"Escrito por":"dianahenao","Tiempo de lectura":"2 minutos"},"schema":{"@context":"https:\/\/schema.org","@graph":[{"@type":"WebPage","@id":"https:\/\/www.crea.gov.co\/crea-roma\/guanena-de-colores-en-ecosistema-4\/","url":"https:\/\/www.crea.gov.co\/crea-roma\/guanena-de-colores-en-ecosistema-4\/","name":"Guane\u00f1a de Colores en Ecosistema 4 - Crea Roma","isPartOf":{"@id":"https:\/\/www.crea.gov.co\/crea-roma\/#website"},"primaryImageOfPage":{"@id":"https:\/\/www.crea.gov.co\/crea-roma\/guanena-de-colores-en-ecosistema-4\/#primaryimage"},"image":{"@id":"https:\/\/www.crea.gov.co\/crea-roma\/guanena-de-colores-en-ecosistema-4\/#primaryimage"},"thumbnailUrl":"https:\/\/www.crea.gov.co\/crea-roma\/wp-content\/uploads\/sites\/10\/2022\/11\/WhatsApp-Image-2022-11-24-at-10.05.54-AM.jpeg","datePublished":"2022-11-24T15:15:14+00:00","dateModified":"2022-11-24T15:40:57+00:00","author":{"@id":"https:\/\/www.crea.gov.co\/crea-roma\/#\/schema\/person\/21f4af65becded92a4d94437f5b2a956"},"breadcrumb":{"@id":"https:\/\/www.crea.gov.co\/crea-roma\/guanena-de-colores-en-ecosistema-4\/#breadcrumb"},"inLanguage":"es-CO","potentialAction":[{"@type":"ReadAction","target":["https:\/\/www.crea.gov.co\/crea-roma\/guanena-de-colores-en-ecosistema-4\/"]}]},{"@type":"ImageObject","inLanguage":"es-CO","@id":"https:\/\/www.crea.gov.co\/crea-roma\/guanena-de-colores-en-ecosistema-4\/#primaryimage","url":"https:\/\/www.crea.gov.co\/crea-roma\/wp-content\/uploads\/sites\/10\/2022\/11\/WhatsApp-Image-2022-11-24-at-10.05.54-AM.jpeg","contentUrl":"https:\/\/www.crea.gov.co\/crea-roma\/wp-content\/uploads\/sites\/10\/2022\/11\/WhatsApp-Image-2022-11-24-at-10.05.54-AM.jpeg","width":1600,"height":1200},{"@type":"BreadcrumbList","@id":"https:\/\/www.crea.gov.co\/crea-roma\/guanena-de-colores-en-ecosistema-4\/#breadcrumb","itemListElement":[{"@type":"ListItem","position":1,"name":"Home","item":"https:\/\/www.crea.gov.co\/crea-roma\/"},{"@type":"ListItem","position":2,"name":"Guane\u00f1a de Colores en Ecosistema 4"}]},{"@type":"WebSite","@id":"https:\/\/www.crea.gov.co\/crea-roma\/#website","url":"https:\/\/www.crea.gov.co\/crea-roma\/","name":"Crea Roma","description":"En Kennedy, rodeado de conjuntos y calles que guardan historias de familias que han crecido en el barrio, este espacio es un lugar donde la creatividad se entrelaza con la vida cotidiana. Aqu\u00ed, los lenguajes art\u00edsticos fortalecen lazos y dan voz a las experiencias de una comunidad que se reconoce en lo colectivo.","potentialAction":[{"@type":"SearchAction","target":{"@type":"EntryPoint","urlTemplate":"https:\/\/www.crea.gov.co\/crea-roma\/?s={search_term_string}"},"query-input":{"@type":"PropertyValueSpecification","valueRequired":true,"valueName":"search_term_string"}}],"inLanguage":"es-CO"},{"@type":"Person","@id":"https:\/\/www.crea.gov.co\/crea-roma\/#\/schema\/person\/21f4af65becded92a4d94437f5b2a956","name":"dianahenao","image":{"@type":"ImageObject","inLanguage":"es-CO","@id":"https:\/\/www.crea.gov.co\/crea-roma\/#\/schema\/person\/image\/","url":"https:\/\/secure.gravatar.com\/avatar\/21a46432310ad2712e5b660e19cb0b22?s=96&d=mm&r=g","contentUrl":"https:\/\/secure.gravatar.com\/avatar\/21a46432310ad2712e5b660e19cb0b22?s=96&d=mm&r=g","caption":"dianahenao"},"url":"https:\/\/www.crea.gov.co\/crea-roma\/author\/dianahenao\/"}]}},"_links":{"self":[{"href":"https:\/\/www.crea.gov.co\/crea-roma\/wp-json\/wp\/v2\/posts\/694","targetHints":{"allow":["GET"]}}],"collection":[{"href":"https:\/\/www.crea.gov.co\/crea-roma\/wp-json\/wp\/v2\/posts"}],"about":[{"href":"https:\/\/www.crea.gov.co\/crea-roma\/wp-json\/wp\/v2\/types\/post"}],"author":[{"embeddable":true,"href":"https:\/\/www.crea.gov.co\/crea-roma\/wp-json\/wp\/v2\/users\/44"}],"replies":[{"embeddable":true,"href":"https:\/\/www.crea.gov.co\/crea-roma\/wp-json\/wp\/v2\/comments?post=694"}],"version-history":[{"count":2,"href":"https:\/\/www.crea.gov.co\/crea-roma\/wp-json\/wp\/v2\/posts\/694\/revisions"}],"predecessor-version":[{"id":699,"href":"https:\/\/www.crea.gov.co\/crea-roma\/wp-json\/wp\/v2\/posts\/694\/revisions\/699"}],"wp:featuredmedia":[{"embeddable":true,"href":"https:\/\/www.crea.gov.co\/crea-roma\/wp-json\/wp\/v2\/media\/695"}],"wp:attachment":[{"href":"https:\/\/www.crea.gov.co\/crea-roma\/wp-json\/wp\/v2\/media?parent=694"}],"wp:term":[{"taxonomy":"category","embeddable":true,"href":"https:\/\/www.crea.gov.co\/crea-roma\/wp-json\/wp\/v2\/categories?post=694"},{"taxonomy":"post_tag","embeddable":true,"href":"https:\/\/www.crea.gov.co\/crea-roma\/wp-json\/wp\/v2\/tags?post=694"}],"curies":[{"name":"wp","href":"https:\/\/api.w.org\/{rel}","templated":true}]}}