{"id":674,"date":"2022-11-11T17:02:40","date_gmt":"2022-11-11T17:02:40","guid":{"rendered":"https:\/\/www.crea.gov.co\/crea-roma\/?p=674"},"modified":"2022-11-11T17:02:40","modified_gmt":"2022-11-11T17:02:40","slug":"vacaciones-crea-roma-2022-2","status":"publish","type":"post","link":"https:\/\/www.crea.gov.co\/crea-roma\/vacaciones-crea-roma-2022-2\/","title":{"rendered":"Vacaciones Crea Roma 2022"},"content":{"rendered":"\n<figure class=\"wp-block-image size-large\"><img loading=\"lazy\" decoding=\"async\" width=\"819\" height=\"1024\" src=\"https:\/\/www.crea.gov.co\/crea-roma\/wp-content\/uploads\/sites\/10\/2022\/11\/WhatsApp-Image-2022-11-09-at-11.38.48-AM-819x1024.jpeg\" alt=\"\" class=\"wp-image-675\" srcset=\"https:\/\/www.crea.gov.co\/crea-roma\/wp-content\/uploads\/sites\/10\/2022\/11\/WhatsApp-Image-2022-11-09-at-11.38.48-AM-819x1024.jpeg 819w, https:\/\/www.crea.gov.co\/crea-roma\/wp-content\/uploads\/sites\/10\/2022\/11\/WhatsApp-Image-2022-11-09-at-11.38.48-AM-240x300.jpeg 240w, https:\/\/www.crea.gov.co\/crea-roma\/wp-content\/uploads\/sites\/10\/2022\/11\/WhatsApp-Image-2022-11-09-at-11.38.48-AM-768x960.jpeg 768w, https:\/\/www.crea.gov.co\/crea-roma\/wp-content\/uploads\/sites\/10\/2022\/11\/WhatsApp-Image-2022-11-09-at-11.38.48-AM.jpeg 1024w\" sizes=\"auto, (max-width: 819px) 100vw, 819px\" \/><\/figure>\n\n\n\n<p class=\"has-medium-font-size\">Vacaciones Crea Roma 2022<\/p>\n\n\n\n<p class=\"has-medium-font-size\">Te invitamos a participar de nuestros talleres de vacaciones del 15 de noviembre al 30 de noviembre, tenemos para ti una variada oferta art\u00edstica:<\/p>\n\n\n\n<p class=\"has-pale-pink-background-color has-background\">ARTES PL\u00c1STICAS \/ AUDIOVISUALES: TALLER DE RETRATO Del dibujo a la fotograf\u00eda: En este espacio se dibujar\u00e1 y se tomar\u00e1n fotograf\u00edas. Durante las sesiones de este taller se abordar\u00e1 la historia de c\u00f3mo los seres humanos se han representado, haciendo un recorrido desde antes de la aparici\u00f3n de las c\u00e1maras fotogr\u00e1ficas hasta la actualidad con la est\u00e9tica de selfie. Se abordar\u00e1n conceptos de iluminaci\u00f3n, composici\u00f3n, estructuras del rostro y se experimentar\u00e1 con las formas de hacer retratos y autorrepresentaciones. \u00a0HORARIO: 10:00-12:00PM<\/p>\n\n\n\n<p><\/p>\n\n\n\n<p class=\"has-vivid-red-background-color has-background\">DANZA \/ TEATRO: RECETA PARA MOVER EL CUERPO: Pon en pr\u00e1ctica tu imaginaci\u00f3n y crea las recetas m\u00e1s innovadoras combinando lenguajes art\u00edsticos como el teatro y la danza. Una combinaci\u00f3n exquisita de saberes, sabores, movimiento, expresi\u00f3n corporal, creaci\u00f3n y l\u00fadica. \u00a1Atr\u00e9vete y crea tu propia receta! HORARIO: 10:00-12:00PM<\/p>\n\n\n\n<p><\/p>\n\n\n\n<p class=\"has-luminous-vivid-orange-background-color has-background\">M\u00daSICA \/ DANZA: PERCUSI\u00d3N CORPORAL Cuerpos resonantes:\u00a0 Nuestro cuerpo es un instrumento musical poderoso que te permite el movimiento con diferentes ritmos y que cuenta con diversas sonoridades. Desde hace mucho tiempo ha sido el instrumento predilecto en muchas culturas en el mundo para expresar y crear m\u00fasica con \u00e9l. \u00bfQuieres descubrirlo? \u00a1Te esperamos! HORARIO: 2:00-4:00PM<\/p>\n\n\n\n<p><\/p>\n\n\n\n<p class=\"has-luminous-vivid-amber-background-color has-background\">TEATRO \/ LITERATURA: JUEGOS EXPRESIVOS No es mi rostro en el espejo: \u00bfAlguna vez has imaginado que eres otra persona? \u00bfUn animal, un objeto? \u00bfHas jugado a que despiertas metido en el cuerpo de alguien m\u00e1s? Entonces este es tu lugar. Dale rienda suelta a tus otras personalidades, ven y mu\u00e9stranos tus m\u00faltiples caras. En este taller jugaremos con la actuaci\u00f3n, la construcci\u00f3n de escenarios y la invenci\u00f3n de historias fascinantes. HORARIO: 2:00 a 4:00 p.m.<\/p>\n\n\n\n<p><\/p>\n\n\n\n<p class=\"has-vivid-cyan-blue-background-color has-background\">ARTES ELECTR\u00d3NICAS \/ ARTES PL\u00c1STICAS: CIRCUITOS Y RECICLAJE El poder de las 3 R: \u00bfQu\u00e9 uso le das a las cosas, qu\u00e9 pasa con los empaques, las botellas y todo ese material reciclable? Este taller te propone darle una segunda oportunidad a todos estos materiales y objetos para crear animales, estructuras, etc. Arte cin\u00e9tico, arte en movimiento con intervenciones electr\u00f3nicas. HORARIO: 2:00-4:00PM<\/p>\n\n\n\n<p><\/p>\n\n\n\n<p>Para inscribirte debes traer al crea Roma ubicado en la AV primero de Mayo # 79 g \u2013 09: Fotocopia de documento de identidad, fotocopia de recibo p\u00fablico y certificado de afiliaci\u00f3n a tu EPS<\/p>\n","protected":false},"excerpt":{"rendered":"<p>Vacaciones Crea Roma 2022 Te invitamos a participar de nuestros talleres de vacaciones del 15 de noviembre al 30 de noviembre, tenemos para ti una variada oferta art\u00edstica: ARTES PL\u00c1STICAS \/ AUDIOVISUALES: TALLER DE RETRATO Del dibujo a la fotograf\u00eda: En este espacio se dibujar\u00e1 y se tomar\u00e1n fotograf\u00edas. Durante las sesiones de este taller [&hellip;]<\/p>\n","protected":false},"author":44,"featured_media":676,"comment_status":"open","ping_status":"open","sticky":false,"template":"","format":"standard","meta":{"footnotes":""},"categories":[1],"tags":[],"class_list":["post-674","post","type-post","status-publish","format-standard","has-post-thumbnail","hentry","category-sin-categoria"],"yoast_head":"<!-- This site is optimized with the Yoast SEO plugin v24.5 - https:\/\/yoast.com\/wordpress\/plugins\/seo\/ -->\n<title>Vacaciones Crea Roma 2022 - Crea Roma<\/title>\n<meta name=\"robots\" content=\"index, follow, max-snippet:-1, max-image-preview:large, max-video-preview:-1\" \/>\n<link rel=\"canonical\" href=\"https:\/\/www.crea.gov.co\/crea-roma\/vacaciones-crea-roma-2022-2\/\" \/>\n<meta property=\"og:locale\" content=\"es_ES\" \/>\n<meta property=\"og:type\" content=\"article\" \/>\n<meta property=\"og:title\" content=\"Vacaciones Crea Roma 2022 - Crea Roma\" \/>\n<meta property=\"og:description\" content=\"Vacaciones Crea Roma 2022 Te invitamos a participar de nuestros talleres de vacaciones del 15 de noviembre al 30 de noviembre, tenemos para ti una variada oferta art\u00edstica: ARTES PL\u00c1STICAS \/ AUDIOVISUALES: TALLER DE RETRATO Del dibujo a la fotograf\u00eda: En este espacio se dibujar\u00e1 y se tomar\u00e1n fotograf\u00edas. Durante las sesiones de este taller [&hellip;]\" \/>\n<meta property=\"og:url\" content=\"https:\/\/www.crea.gov.co\/crea-roma\/vacaciones-crea-roma-2022-2\/\" \/>\n<meta property=\"og:site_name\" content=\"Crea Roma\" \/>\n<meta property=\"article:published_time\" content=\"2022-11-11T17:02:40+00:00\" \/>\n<meta property=\"og:image\" content=\"https:\/\/www.crea.gov.co\/crea-roma\/wp-content\/uploads\/sites\/10\/2022\/11\/WhatsApp-Image-2022-11-11-at-11.56.35-AM.jpeg\" \/>\n\t<meta property=\"og:image:width\" content=\"655\" \/>\n\t<meta property=\"og:image:height\" content=\"442\" \/>\n\t<meta property=\"og:image:type\" content=\"image\/jpeg\" \/>\n<meta name=\"author\" content=\"dianahenao\" \/>\n<meta name=\"twitter:card\" content=\"summary_large_image\" \/>\n<meta name=\"twitter:label1\" content=\"Escrito por\" \/>\n\t<meta name=\"twitter:data1\" content=\"dianahenao\" \/>\n\t<meta name=\"twitter:label2\" content=\"Tiempo de lectura\" \/>\n\t<meta name=\"twitter:data2\" content=\"2 minutos\" \/>\n<script type=\"application\/ld+json\" class=\"yoast-schema-graph\">{\"@context\":\"https:\/\/schema.org\",\"@graph\":[{\"@type\":\"WebPage\",\"@id\":\"https:\/\/www.crea.gov.co\/crea-roma\/vacaciones-crea-roma-2022-2\/\",\"url\":\"https:\/\/www.crea.gov.co\/crea-roma\/vacaciones-crea-roma-2022-2\/\",\"name\":\"Vacaciones Crea Roma 2022 - Crea Roma\",\"isPartOf\":{\"@id\":\"https:\/\/www.crea.gov.co\/crea-roma\/#website\"},\"primaryImageOfPage\":{\"@id\":\"https:\/\/www.crea.gov.co\/crea-roma\/vacaciones-crea-roma-2022-2\/#primaryimage\"},\"image\":{\"@id\":\"https:\/\/www.crea.gov.co\/crea-roma\/vacaciones-crea-roma-2022-2\/#primaryimage\"},\"thumbnailUrl\":\"https:\/\/www.crea.gov.co\/crea-roma\/wp-content\/uploads\/sites\/10\/2022\/11\/WhatsApp-Image-2022-11-11-at-11.56.35-AM.jpeg\",\"datePublished\":\"2022-11-11T17:02:40+00:00\",\"author\":{\"@id\":\"https:\/\/www.crea.gov.co\/crea-roma\/#\/schema\/person\/21f4af65becded92a4d94437f5b2a956\"},\"breadcrumb\":{\"@id\":\"https:\/\/www.crea.gov.co\/crea-roma\/vacaciones-crea-roma-2022-2\/#breadcrumb\"},\"inLanguage\":\"es-CO\",\"potentialAction\":[{\"@type\":\"ReadAction\",\"target\":[\"https:\/\/www.crea.gov.co\/crea-roma\/vacaciones-crea-roma-2022-2\/\"]}]},{\"@type\":\"ImageObject\",\"inLanguage\":\"es-CO\",\"@id\":\"https:\/\/www.crea.gov.co\/crea-roma\/vacaciones-crea-roma-2022-2\/#primaryimage\",\"url\":\"https:\/\/www.crea.gov.co\/crea-roma\/wp-content\/uploads\/sites\/10\/2022\/11\/WhatsApp-Image-2022-11-11-at-11.56.35-AM.jpeg\",\"contentUrl\":\"https:\/\/www.crea.gov.co\/crea-roma\/wp-content\/uploads\/sites\/10\/2022\/11\/WhatsApp-Image-2022-11-11-at-11.56.35-AM.jpeg\",\"width\":655,\"height\":442},{\"@type\":\"BreadcrumbList\",\"@id\":\"https:\/\/www.crea.gov.co\/crea-roma\/vacaciones-crea-roma-2022-2\/#breadcrumb\",\"itemListElement\":[{\"@type\":\"ListItem\",\"position\":1,\"name\":\"Home\",\"item\":\"https:\/\/www.crea.gov.co\/crea-roma\/\"},{\"@type\":\"ListItem\",\"position\":2,\"name\":\"Vacaciones Crea Roma 2022\"}]},{\"@type\":\"WebSite\",\"@id\":\"https:\/\/www.crea.gov.co\/crea-roma\/#website\",\"url\":\"https:\/\/www.crea.gov.co\/crea-roma\/\",\"name\":\"Crea Roma\",\"description\":\"En Kennedy, rodeado de conjuntos y calles que guardan historias de familias que han crecido en el barrio, este espacio es un lugar donde la creatividad se entrelaza con la vida cotidiana. Aqu\u00ed, los lenguajes art\u00edsticos fortalecen lazos y dan voz a las experiencias de una comunidad que se reconoce en lo colectivo.\",\"potentialAction\":[{\"@type\":\"SearchAction\",\"target\":{\"@type\":\"EntryPoint\",\"urlTemplate\":\"https:\/\/www.crea.gov.co\/crea-roma\/?s={search_term_string}\"},\"query-input\":{\"@type\":\"PropertyValueSpecification\",\"valueRequired\":true,\"valueName\":\"search_term_string\"}}],\"inLanguage\":\"es-CO\"},{\"@type\":\"Person\",\"@id\":\"https:\/\/www.crea.gov.co\/crea-roma\/#\/schema\/person\/21f4af65becded92a4d94437f5b2a956\",\"name\":\"dianahenao\",\"image\":{\"@type\":\"ImageObject\",\"inLanguage\":\"es-CO\",\"@id\":\"https:\/\/www.crea.gov.co\/crea-roma\/#\/schema\/person\/image\/\",\"url\":\"https:\/\/secure.gravatar.com\/avatar\/21a46432310ad2712e5b660e19cb0b22?s=96&d=mm&r=g\",\"contentUrl\":\"https:\/\/secure.gravatar.com\/avatar\/21a46432310ad2712e5b660e19cb0b22?s=96&d=mm&r=g\",\"caption\":\"dianahenao\"},\"url\":\"https:\/\/www.crea.gov.co\/crea-roma\/author\/dianahenao\/\"}]}<\/script>\n<!-- \/ Yoast SEO plugin. -->","yoast_head_json":{"title":"Vacaciones Crea Roma 2022 - Crea Roma","robots":{"index":"index","follow":"follow","max-snippet":"max-snippet:-1","max-image-preview":"max-image-preview:large","max-video-preview":"max-video-preview:-1"},"canonical":"https:\/\/www.crea.gov.co\/crea-roma\/vacaciones-crea-roma-2022-2\/","og_locale":"es_ES","og_type":"article","og_title":"Vacaciones Crea Roma 2022 - Crea Roma","og_description":"Vacaciones Crea Roma 2022 Te invitamos a participar de nuestros talleres de vacaciones del 15 de noviembre al 30 de noviembre, tenemos para ti una variada oferta art\u00edstica: ARTES PL\u00c1STICAS \/ AUDIOVISUALES: TALLER DE RETRATO Del dibujo a la fotograf\u00eda: En este espacio se dibujar\u00e1 y se tomar\u00e1n fotograf\u00edas. Durante las sesiones de este taller [&hellip;]","og_url":"https:\/\/www.crea.gov.co\/crea-roma\/vacaciones-crea-roma-2022-2\/","og_site_name":"Crea Roma","article_published_time":"2022-11-11T17:02:40+00:00","og_image":[{"width":655,"height":442,"url":"https:\/\/www.crea.gov.co\/crea-roma\/wp-content\/uploads\/sites\/10\/2022\/11\/WhatsApp-Image-2022-11-11-at-11.56.35-AM.jpeg","type":"image\/jpeg"}],"author":"dianahenao","twitter_card":"summary_large_image","twitter_misc":{"Escrito por":"dianahenao","Tiempo de lectura":"2 minutos"},"schema":{"@context":"https:\/\/schema.org","@graph":[{"@type":"WebPage","@id":"https:\/\/www.crea.gov.co\/crea-roma\/vacaciones-crea-roma-2022-2\/","url":"https:\/\/www.crea.gov.co\/crea-roma\/vacaciones-crea-roma-2022-2\/","name":"Vacaciones Crea Roma 2022 - Crea Roma","isPartOf":{"@id":"https:\/\/www.crea.gov.co\/crea-roma\/#website"},"primaryImageOfPage":{"@id":"https:\/\/www.crea.gov.co\/crea-roma\/vacaciones-crea-roma-2022-2\/#primaryimage"},"image":{"@id":"https:\/\/www.crea.gov.co\/crea-roma\/vacaciones-crea-roma-2022-2\/#primaryimage"},"thumbnailUrl":"https:\/\/www.crea.gov.co\/crea-roma\/wp-content\/uploads\/sites\/10\/2022\/11\/WhatsApp-Image-2022-11-11-at-11.56.35-AM.jpeg","datePublished":"2022-11-11T17:02:40+00:00","author":{"@id":"https:\/\/www.crea.gov.co\/crea-roma\/#\/schema\/person\/21f4af65becded92a4d94437f5b2a956"},"breadcrumb":{"@id":"https:\/\/www.crea.gov.co\/crea-roma\/vacaciones-crea-roma-2022-2\/#breadcrumb"},"inLanguage":"es-CO","potentialAction":[{"@type":"ReadAction","target":["https:\/\/www.crea.gov.co\/crea-roma\/vacaciones-crea-roma-2022-2\/"]}]},{"@type":"ImageObject","inLanguage":"es-CO","@id":"https:\/\/www.crea.gov.co\/crea-roma\/vacaciones-crea-roma-2022-2\/#primaryimage","url":"https:\/\/www.crea.gov.co\/crea-roma\/wp-content\/uploads\/sites\/10\/2022\/11\/WhatsApp-Image-2022-11-11-at-11.56.35-AM.jpeg","contentUrl":"https:\/\/www.crea.gov.co\/crea-roma\/wp-content\/uploads\/sites\/10\/2022\/11\/WhatsApp-Image-2022-11-11-at-11.56.35-AM.jpeg","width":655,"height":442},{"@type":"BreadcrumbList","@id":"https:\/\/www.crea.gov.co\/crea-roma\/vacaciones-crea-roma-2022-2\/#breadcrumb","itemListElement":[{"@type":"ListItem","position":1,"name":"Home","item":"https:\/\/www.crea.gov.co\/crea-roma\/"},{"@type":"ListItem","position":2,"name":"Vacaciones Crea Roma 2022"}]},{"@type":"WebSite","@id":"https:\/\/www.crea.gov.co\/crea-roma\/#website","url":"https:\/\/www.crea.gov.co\/crea-roma\/","name":"Crea Roma","description":"En Kennedy, rodeado de conjuntos y calles que guardan historias de familias que han crecido en el barrio, este espacio es un lugar donde la creatividad se entrelaza con la vida cotidiana. Aqu\u00ed, los lenguajes art\u00edsticos fortalecen lazos y dan voz a las experiencias de una comunidad que se reconoce en lo colectivo.","potentialAction":[{"@type":"SearchAction","target":{"@type":"EntryPoint","urlTemplate":"https:\/\/www.crea.gov.co\/crea-roma\/?s={search_term_string}"},"query-input":{"@type":"PropertyValueSpecification","valueRequired":true,"valueName":"search_term_string"}}],"inLanguage":"es-CO"},{"@type":"Person","@id":"https:\/\/www.crea.gov.co\/crea-roma\/#\/schema\/person\/21f4af65becded92a4d94437f5b2a956","name":"dianahenao","image":{"@type":"ImageObject","inLanguage":"es-CO","@id":"https:\/\/www.crea.gov.co\/crea-roma\/#\/schema\/person\/image\/","url":"https:\/\/secure.gravatar.com\/avatar\/21a46432310ad2712e5b660e19cb0b22?s=96&d=mm&r=g","contentUrl":"https:\/\/secure.gravatar.com\/avatar\/21a46432310ad2712e5b660e19cb0b22?s=96&d=mm&r=g","caption":"dianahenao"},"url":"https:\/\/www.crea.gov.co\/crea-roma\/author\/dianahenao\/"}]}},"_links":{"self":[{"href":"https:\/\/www.crea.gov.co\/crea-roma\/wp-json\/wp\/v2\/posts\/674","targetHints":{"allow":["GET"]}}],"collection":[{"href":"https:\/\/www.crea.gov.co\/crea-roma\/wp-json\/wp\/v2\/posts"}],"about":[{"href":"https:\/\/www.crea.gov.co\/crea-roma\/wp-json\/wp\/v2\/types\/post"}],"author":[{"embeddable":true,"href":"https:\/\/www.crea.gov.co\/crea-roma\/wp-json\/wp\/v2\/users\/44"}],"replies":[{"embeddable":true,"href":"https:\/\/www.crea.gov.co\/crea-roma\/wp-json\/wp\/v2\/comments?post=674"}],"version-history":[{"count":1,"href":"https:\/\/www.crea.gov.co\/crea-roma\/wp-json\/wp\/v2\/posts\/674\/revisions"}],"predecessor-version":[{"id":677,"href":"https:\/\/www.crea.gov.co\/crea-roma\/wp-json\/wp\/v2\/posts\/674\/revisions\/677"}],"wp:featuredmedia":[{"embeddable":true,"href":"https:\/\/www.crea.gov.co\/crea-roma\/wp-json\/wp\/v2\/media\/676"}],"wp:attachment":[{"href":"https:\/\/www.crea.gov.co\/crea-roma\/wp-json\/wp\/v2\/media?parent=674"}],"wp:term":[{"taxonomy":"category","embeddable":true,"href":"https:\/\/www.crea.gov.co\/crea-roma\/wp-json\/wp\/v2\/categories?post=674"},{"taxonomy":"post_tag","embeddable":true,"href":"https:\/\/www.crea.gov.co\/crea-roma\/wp-json\/wp\/v2\/tags?post=674"}],"curies":[{"name":"wp","href":"https:\/\/api.w.org\/{rel}","templated":true}]}}