{"id":64,"date":"2021-08-19T20:32:14","date_gmt":"2021-08-19T20:32:14","guid":{"rendered":"https:\/\/www.crea.gov.co\/crea-roma\/?post_type=news&#038;p=64"},"modified":"2021-08-19T22:09:03","modified_gmt":"2021-08-19T22:09:03","slug":"fiesta-bogota-se-tomo-el-parque-simon-bolivar-y-el-crea-roma-estuvo-presente-con-la-presentacion-de-dance-one-crew","status":"publish","type":"post","link":"https:\/\/www.crea.gov.co\/crea-roma\/fiesta-bogota-se-tomo-el-parque-simon-bolivar-y-el-crea-roma-estuvo-presente-con-la-presentacion-de-dance-one-crew\/","title":{"rendered":"Fiesta Bogot\u00e1 se tom\u00f3 el parque Sim\u00f3n Bol\u00edvar, y el Crea Roma estuvo presente con la presentaci\u00f3n de Dance One Crew"},"content":{"rendered":"\n<div class=\"wp-block-image is-style-default\"><figure class=\"aligncenter size-large is-resized\"><img loading=\"lazy\" decoding=\"async\" src=\"https:\/\/www.crea.gov.co\/crea-roma\/wp-content\/uploads\/sites\/10\/2021\/08\/DSC_2447-1024x704.jpg\" alt=\"\" class=\"wp-image-66\" width=\"667\" height=\"458\" srcset=\"https:\/\/www.crea.gov.co\/crea-roma\/wp-content\/uploads\/sites\/10\/2021\/08\/DSC_2447-1024x704.jpg 1024w, https:\/\/www.crea.gov.co\/crea-roma\/wp-content\/uploads\/sites\/10\/2021\/08\/DSC_2447-300x206.jpg 300w, https:\/\/www.crea.gov.co\/crea-roma\/wp-content\/uploads\/sites\/10\/2021\/08\/DSC_2447-768x528.jpg 768w, https:\/\/www.crea.gov.co\/crea-roma\/wp-content\/uploads\/sites\/10\/2021\/08\/DSC_2447-1536x1055.jpg 1536w, https:\/\/www.crea.gov.co\/crea-roma\/wp-content\/uploads\/sites\/10\/2021\/08\/DSC_2447-2048x1407.jpg 2048w\" sizes=\"auto, (max-width: 667px) 100vw, 667px\" \/><figcaption><span class=\"has-inline-color has-black-color\"><\/span><\/figcaption><\/figure><\/div>\n\n\n\n<p>El pasado 7 y 8 de agosto se celebr\u00f3 el cumplea\u00f1os n\u00famero 483 de nuestra querida ciudad de Bogot\u00e1, que se tom\u00f3 el PARQUE SIM\u00d3N BOL\u00cdVAR para festejar por lo alto con m\u00faltiples actividades para todos los Bogotanos por parte de la alcald\u00eda local.<\/p>\n\n\n\n<p>El Crea Roma conquisto la tarima de IDARTES con las maravillosas chicas de Dance One Crew, dirigidas por el Artista formador Jeisson Vargas, quienes nos regalaron un gran espect\u00e1culo de danza urbana de alta c\u00e1lidad.<\/p>\n\n\n\n<figure class=\"wp-block-embed aligncenter is-type-video is-provider-youtube wp-block-embed-youtube wp-embed-aspect-16-9 wp-has-aspect-ratio\"><div class=\"wp-block-embed__wrapper\">\n<iframe loading=\"lazy\" title=\"grupo Dance One Crew  crea roma\" width=\"500\" height=\"281\" src=\"https:\/\/www.youtube.com\/embed\/fAwzn_xKr0g?feature=oembed\" frameborder=\"0\" allow=\"accelerometer; autoplay; clipboard-write; encrypted-media; gyroscope; picture-in-picture; web-share\" referrerpolicy=\"strict-origin-when-cross-origin\" allowfullscreen><\/iframe>\n<\/div><\/figure>\n\n\n\n<div class=\"wp-block-columns are-vertically-aligned-top is-layout-flex wp-container-core-columns-is-layout-2 wp-block-columns-is-layout-flex\">\n<div class=\"wp-block-column is-vertically-aligned-top is-layout-flow wp-block-column-is-layout-flow\" style=\"flex-basis:100%\">\n<div class=\"wp-block-group\"><div class=\"wp-block-group__inner-container is-layout-flow wp-block-group-is-layout-flow\">\n<div class=\"wp-block-columns is-layout-flex wp-container-core-columns-is-layout-1 wp-block-columns-is-layout-flex\">\n<div class=\"wp-block-column is-layout-flow wp-block-column-is-layout-flow\" style=\"flex-basis:100%\">\n<div class=\"wp-block-group is-layout-flow wp-block-group-is-layout-flow\"><div class=\"wp-block-group__inner-container\"><\/div><\/div>\n<\/div>\n<\/div>\n<\/div><\/div>\n<\/div>\n<\/div>\n\n\n\n<p><\/p>\n\n\n\n<figure class=\"wp-block-gallery columns-1 is-cropped wp-block-gallery-1 is-layout-flex wp-block-gallery-is-layout-flex\"><ul class=\"blocks-gallery-grid\"><li class=\"blocks-gallery-item\"><figure><a href=\"https:\/\/www.crea.gov.co\/crea-roma\/wp-content\/uploads\/sites\/10\/2021\/08\/DSC_2475-1-scaled.jpg\"><img loading=\"lazy\" decoding=\"async\" width=\"1024\" height=\"683\" src=\"https:\/\/www.crea.gov.co\/crea-roma\/wp-content\/uploads\/sites\/10\/2021\/08\/DSC_2475-1-1024x683.jpg\" alt=\"\" data-id=\"106\" data-full-url=\"https:\/\/www.crea.gov.co\/crea-roma\/wp-content\/uploads\/sites\/10\/2021\/08\/DSC_2475-1-scaled.jpg\" data-link=\"https:\/\/www.crea.gov.co\/crea-roma\/news\/fiesta-bogota-se-tomo-el-parque-simon-bolivar-y-el-crea-roma-estuvo-presente-con-la-presentacion-de-dance-one-crew\/dsc_2475-1\/\" class=\"wp-image-106\" srcset=\"https:\/\/www.crea.gov.co\/crea-roma\/wp-content\/uploads\/sites\/10\/2021\/08\/DSC_2475-1-1024x683.jpg 1024w, https:\/\/www.crea.gov.co\/crea-roma\/wp-content\/uploads\/sites\/10\/2021\/08\/DSC_2475-1-300x200.jpg 300w, https:\/\/www.crea.gov.co\/crea-roma\/wp-content\/uploads\/sites\/10\/2021\/08\/DSC_2475-1-768x512.jpg 768w, https:\/\/www.crea.gov.co\/crea-roma\/wp-content\/uploads\/sites\/10\/2021\/08\/DSC_2475-1-1536x1024.jpg 1536w\" sizes=\"auto, (max-width: 1024px) 100vw, 1024px\" \/><\/a><\/figure><\/li><li class=\"blocks-gallery-item\"><figure><a href=\"https:\/\/www.crea.gov.co\/crea-roma\/wp-content\/uploads\/sites\/10\/2021\/08\/DSC_2463-scaled.jpg\"><img loading=\"lazy\" decoding=\"async\" width=\"1024\" height=\"748\" src=\"https:\/\/www.crea.gov.co\/crea-roma\/wp-content\/uploads\/sites\/10\/2021\/08\/DSC_2463-1024x748.jpg\" alt=\"\" data-id=\"97\" data-full-url=\"https:\/\/www.crea.gov.co\/crea-roma\/wp-content\/uploads\/sites\/10\/2021\/08\/DSC_2463-scaled.jpg\" data-link=\"https:\/\/www.crea.gov.co\/crea-roma\/news\/fiesta-bogota-se-tomo-el-parque-simon-bolivar-y-el-crea-roma-estuvo-presente-con-la-presentacion-de-dance-one-crew\/dsc_2463\/\" class=\"wp-image-97\" srcset=\"https:\/\/www.crea.gov.co\/crea-roma\/wp-content\/uploads\/sites\/10\/2021\/08\/DSC_2463-1024x748.jpg 1024w, https:\/\/www.crea.gov.co\/crea-roma\/wp-content\/uploads\/sites\/10\/2021\/08\/DSC_2463-300x219.jpg 300w, https:\/\/www.crea.gov.co\/crea-roma\/wp-content\/uploads\/sites\/10\/2021\/08\/DSC_2463-768x561.jpg 768w, https:\/\/www.crea.gov.co\/crea-roma\/wp-content\/uploads\/sites\/10\/2021\/08\/DSC_2463-1536x1122.jpg 1536w, https:\/\/www.crea.gov.co\/crea-roma\/wp-content\/uploads\/sites\/10\/2021\/08\/DSC_2463-2048x1496.jpg 2048w\" sizes=\"auto, (max-width: 1024px) 100vw, 1024px\" \/><\/a><\/figure><\/li><li class=\"blocks-gallery-item\"><figure><a href=\"https:\/\/www.crea.gov.co\/crea-roma\/wp-content\/uploads\/sites\/10\/2021\/08\/DSC_2460-1-scaled.jpg\"><img loading=\"lazy\" decoding=\"async\" width=\"1024\" height=\"638\" src=\"https:\/\/www.crea.gov.co\/crea-roma\/wp-content\/uploads\/sites\/10\/2021\/08\/DSC_2460-1-1024x638.jpg\" alt=\"\" data-id=\"95\" data-full-url=\"https:\/\/www.crea.gov.co\/crea-roma\/wp-content\/uploads\/sites\/10\/2021\/08\/DSC_2460-1-scaled.jpg\" data-link=\"https:\/\/www.crea.gov.co\/crea-roma\/news\/fiesta-bogota-se-tomo-el-parque-simon-bolivar-y-el-crea-roma-estuvo-presente-con-la-presentacion-de-dance-one-crew\/dsc_2460-1\/\" class=\"wp-image-95\" srcset=\"https:\/\/www.crea.gov.co\/crea-roma\/wp-content\/uploads\/sites\/10\/2021\/08\/DSC_2460-1-1024x638.jpg 1024w, https:\/\/www.crea.gov.co\/crea-roma\/wp-content\/uploads\/sites\/10\/2021\/08\/DSC_2460-1-300x187.jpg 300w, https:\/\/www.crea.gov.co\/crea-roma\/wp-content\/uploads\/sites\/10\/2021\/08\/DSC_2460-1-768x478.jpg 768w, https:\/\/www.crea.gov.co\/crea-roma\/wp-content\/uploads\/sites\/10\/2021\/08\/DSC_2460-1-1536x957.jpg 1536w, https:\/\/www.crea.gov.co\/crea-roma\/wp-content\/uploads\/sites\/10\/2021\/08\/DSC_2460-1-2048x1276.jpg 2048w\" sizes=\"auto, (max-width: 1024px) 100vw, 1024px\" \/><\/a><\/figure><\/li><li class=\"blocks-gallery-item\"><figure><a href=\"https:\/\/www.crea.gov.co\/crea-roma\/wp-content\/uploads\/sites\/10\/2021\/08\/DSC_2459-2-scaled.jpg\"><img loading=\"lazy\" decoding=\"async\" width=\"1024\" height=\"683\" src=\"https:\/\/www.crea.gov.co\/crea-roma\/wp-content\/uploads\/sites\/10\/2021\/08\/DSC_2459-2-1024x683.jpg\" alt=\"\" data-id=\"93\" data-full-url=\"https:\/\/www.crea.gov.co\/crea-roma\/wp-content\/uploads\/sites\/10\/2021\/08\/DSC_2459-2-scaled.jpg\" data-link=\"https:\/\/www.crea.gov.co\/crea-roma\/news\/fiesta-bogota-se-tomo-el-parque-simon-bolivar-y-el-crea-roma-estuvo-presente-con-la-presentacion-de-dance-one-crew\/dsc_2459-2\/\" class=\"wp-image-93\" srcset=\"https:\/\/www.crea.gov.co\/crea-roma\/wp-content\/uploads\/sites\/10\/2021\/08\/DSC_2459-2-1024x683.jpg 1024w, https:\/\/www.crea.gov.co\/crea-roma\/wp-content\/uploads\/sites\/10\/2021\/08\/DSC_2459-2-300x200.jpg 300w, https:\/\/www.crea.gov.co\/crea-roma\/wp-content\/uploads\/sites\/10\/2021\/08\/DSC_2459-2-768x512.jpg 768w, https:\/\/www.crea.gov.co\/crea-roma\/wp-content\/uploads\/sites\/10\/2021\/08\/DSC_2459-2-1536x1024.jpg 1536w\" sizes=\"auto, (max-width: 1024px) 100vw, 1024px\" \/><\/a><\/figure><\/li><li class=\"blocks-gallery-item\"><figure><a href=\"https:\/\/www.crea.gov.co\/crea-roma\/wp-content\/uploads\/sites\/10\/2021\/08\/DSC_2458-1-scaled.jpg\"><img loading=\"lazy\" decoding=\"async\" width=\"1024\" height=\"683\" src=\"https:\/\/www.crea.gov.co\/crea-roma\/wp-content\/uploads\/sites\/10\/2021\/08\/DSC_2458-1-1024x683.jpg\" alt=\"\" data-id=\"89\" data-full-url=\"https:\/\/www.crea.gov.co\/crea-roma\/wp-content\/uploads\/sites\/10\/2021\/08\/DSC_2458-1-scaled.jpg\" data-link=\"https:\/\/www.crea.gov.co\/crea-roma\/news\/fiesta-bogota-se-tomo-el-parque-simon-bolivar-y-el-crea-roma-estuvo-presente-con-la-presentacion-de-dance-one-crew\/dsc_2458-1\/\" class=\"wp-image-89\" srcset=\"https:\/\/www.crea.gov.co\/crea-roma\/wp-content\/uploads\/sites\/10\/2021\/08\/DSC_2458-1-1024x683.jpg 1024w, https:\/\/www.crea.gov.co\/crea-roma\/wp-content\/uploads\/sites\/10\/2021\/08\/DSC_2458-1-300x200.jpg 300w, https:\/\/www.crea.gov.co\/crea-roma\/wp-content\/uploads\/sites\/10\/2021\/08\/DSC_2458-1-768x512.jpg 768w, https:\/\/www.crea.gov.co\/crea-roma\/wp-content\/uploads\/sites\/10\/2021\/08\/DSC_2458-1-1536x1024.jpg 1536w\" sizes=\"auto, (max-width: 1024px) 100vw, 1024px\" \/><\/a><\/figure><\/li><li class=\"blocks-gallery-item\"><figure><a href=\"https:\/\/www.crea.gov.co\/crea-roma\/wp-content\/uploads\/sites\/10\/2021\/08\/DSC_2457-1-scaled.jpg\"><img loading=\"lazy\" decoding=\"async\" width=\"1024\" height=\"683\" src=\"https:\/\/www.crea.gov.co\/crea-roma\/wp-content\/uploads\/sites\/10\/2021\/08\/DSC_2457-1-1024x683.jpg\" alt=\"\" data-id=\"87\" data-full-url=\"https:\/\/www.crea.gov.co\/crea-roma\/wp-content\/uploads\/sites\/10\/2021\/08\/DSC_2457-1-scaled.jpg\" data-link=\"https:\/\/www.crea.gov.co\/crea-roma\/news\/fiesta-bogota-se-tomo-el-parque-simon-bolivar-y-el-crea-roma-estuvo-presente-con-la-presentacion-de-dance-one-crew\/dsc_2457-1\/\" class=\"wp-image-87\" srcset=\"https:\/\/www.crea.gov.co\/crea-roma\/wp-content\/uploads\/sites\/10\/2021\/08\/DSC_2457-1-1024x683.jpg 1024w, https:\/\/www.crea.gov.co\/crea-roma\/wp-content\/uploads\/sites\/10\/2021\/08\/DSC_2457-1-300x200.jpg 300w, https:\/\/www.crea.gov.co\/crea-roma\/wp-content\/uploads\/sites\/10\/2021\/08\/DSC_2457-1-768x512.jpg 768w, https:\/\/www.crea.gov.co\/crea-roma\/wp-content\/uploads\/sites\/10\/2021\/08\/DSC_2457-1-1536x1024.jpg 1536w\" sizes=\"auto, (max-width: 1024px) 100vw, 1024px\" \/><\/a><\/figure><\/li><li class=\"blocks-gallery-item\"><figure><a href=\"https:\/\/www.crea.gov.co\/crea-roma\/wp-content\/uploads\/sites\/10\/2021\/08\/DSC_2451-2-scaled.jpg\"><img loading=\"lazy\" decoding=\"async\" width=\"1024\" height=\"683\" src=\"https:\/\/www.crea.gov.co\/crea-roma\/wp-content\/uploads\/sites\/10\/2021\/08\/DSC_2451-2-1024x683.jpg\" alt=\"\" data-id=\"86\" data-full-url=\"https:\/\/www.crea.gov.co\/crea-roma\/wp-content\/uploads\/sites\/10\/2021\/08\/DSC_2451-2-scaled.jpg\" data-link=\"https:\/\/www.crea.gov.co\/crea-roma\/news\/fiesta-bogota-se-tomo-el-parque-simon-bolivar-y-el-crea-roma-estuvo-presente-con-la-presentacion-de-dance-one-crew\/dsc_2451-2\/\" class=\"wp-image-86\" srcset=\"https:\/\/www.crea.gov.co\/crea-roma\/wp-content\/uploads\/sites\/10\/2021\/08\/DSC_2451-2-1024x683.jpg 1024w, https:\/\/www.crea.gov.co\/crea-roma\/wp-content\/uploads\/sites\/10\/2021\/08\/DSC_2451-2-300x200.jpg 300w, https:\/\/www.crea.gov.co\/crea-roma\/wp-content\/uploads\/sites\/10\/2021\/08\/DSC_2451-2-768x512.jpg 768w, https:\/\/www.crea.gov.co\/crea-roma\/wp-content\/uploads\/sites\/10\/2021\/08\/DSC_2451-2-1536x1024.jpg 1536w\" sizes=\"auto, (max-width: 1024px) 100vw, 1024px\" \/><\/a><\/figure><\/li><li class=\"blocks-gallery-item\"><figure><a href=\"https:\/\/www.crea.gov.co\/crea-roma\/wp-content\/uploads\/sites\/10\/2021\/08\/DSC_2456-1-scaled.jpg\"><img loading=\"lazy\" decoding=\"async\" width=\"1024\" height=\"683\" src=\"https:\/\/www.crea.gov.co\/crea-roma\/wp-content\/uploads\/sites\/10\/2021\/08\/DSC_2456-1-1024x683.jpg\" alt=\"\" data-id=\"84\" data-full-url=\"https:\/\/www.crea.gov.co\/crea-roma\/wp-content\/uploads\/sites\/10\/2021\/08\/DSC_2456-1-scaled.jpg\" data-link=\"https:\/\/www.crea.gov.co\/crea-roma\/news\/fiesta-bogota-se-tomo-el-parque-simon-bolivar-y-el-crea-roma-estuvo-presente-con-la-presentacion-de-dance-one-crew\/dsc_2456-1\/\" class=\"wp-image-84\" srcset=\"https:\/\/www.crea.gov.co\/crea-roma\/wp-content\/uploads\/sites\/10\/2021\/08\/DSC_2456-1-1024x683.jpg 1024w, https:\/\/www.crea.gov.co\/crea-roma\/wp-content\/uploads\/sites\/10\/2021\/08\/DSC_2456-1-300x200.jpg 300w, https:\/\/www.crea.gov.co\/crea-roma\/wp-content\/uploads\/sites\/10\/2021\/08\/DSC_2456-1-768x512.jpg 768w, https:\/\/www.crea.gov.co\/crea-roma\/wp-content\/uploads\/sites\/10\/2021\/08\/DSC_2456-1-1536x1024.jpg 1536w\" sizes=\"auto, (max-width: 1024px) 100vw, 1024px\" \/><\/a><\/figure><\/li><li class=\"blocks-gallery-item\"><figure><a href=\"https:\/\/www.crea.gov.co\/crea-roma\/wp-content\/uploads\/sites\/10\/2021\/08\/DSC_2450-2-scaled.jpg\"><img loading=\"lazy\" decoding=\"async\" width=\"1024\" height=\"663\" src=\"https:\/\/www.crea.gov.co\/crea-roma\/wp-content\/uploads\/sites\/10\/2021\/08\/DSC_2450-2-1024x663.jpg\" alt=\"\" data-id=\"83\" data-full-url=\"https:\/\/www.crea.gov.co\/crea-roma\/wp-content\/uploads\/sites\/10\/2021\/08\/DSC_2450-2-scaled.jpg\" data-link=\"https:\/\/www.crea.gov.co\/crea-roma\/news\/fiesta-bogota-se-tomo-el-parque-simon-bolivar-y-el-crea-roma-estuvo-presente-con-la-presentacion-de-dance-one-crew\/dsc_2450-2\/\" class=\"wp-image-83\" srcset=\"https:\/\/www.crea.gov.co\/crea-roma\/wp-content\/uploads\/sites\/10\/2021\/08\/DSC_2450-2-1024x663.jpg 1024w, https:\/\/www.crea.gov.co\/crea-roma\/wp-content\/uploads\/sites\/10\/2021\/08\/DSC_2450-2-300x194.jpg 300w, https:\/\/www.crea.gov.co\/crea-roma\/wp-content\/uploads\/sites\/10\/2021\/08\/DSC_2450-2-768x497.jpg 768w, https:\/\/www.crea.gov.co\/crea-roma\/wp-content\/uploads\/sites\/10\/2021\/08\/DSC_2450-2-1536x995.jpg 1536w\" sizes=\"auto, (max-width: 1024px) 100vw, 1024px\" \/><\/a><\/figure><\/li><li class=\"blocks-gallery-item\"><figure><a href=\"https:\/\/www.crea.gov.co\/crea-roma\/wp-content\/uploads\/sites\/10\/2021\/08\/DSC_2456-scaled.jpg\"><img loading=\"lazy\" decoding=\"async\" width=\"1024\" height=\"683\" src=\"https:\/\/www.crea.gov.co\/crea-roma\/wp-content\/uploads\/sites\/10\/2021\/08\/DSC_2456-1024x683.jpg\" alt=\"\" data-id=\"82\" data-full-url=\"https:\/\/www.crea.gov.co\/crea-roma\/wp-content\/uploads\/sites\/10\/2021\/08\/DSC_2456-scaled.jpg\" data-link=\"https:\/\/www.crea.gov.co\/crea-roma\/news\/fiesta-bogota-se-tomo-el-parque-simon-bolivar-y-el-crea-roma-estuvo-presente-con-la-presentacion-de-dance-one-crew\/dsc_2456\/\" class=\"wp-image-82\" srcset=\"https:\/\/www.crea.gov.co\/crea-roma\/wp-content\/uploads\/sites\/10\/2021\/08\/DSC_2456-1024x683.jpg 1024w, https:\/\/www.crea.gov.co\/crea-roma\/wp-content\/uploads\/sites\/10\/2021\/08\/DSC_2456-300x200.jpg 300w, https:\/\/www.crea.gov.co\/crea-roma\/wp-content\/uploads\/sites\/10\/2021\/08\/DSC_2456-768x512.jpg 768w, https:\/\/www.crea.gov.co\/crea-roma\/wp-content\/uploads\/sites\/10\/2021\/08\/DSC_2456-1536x1024.jpg 1536w\" sizes=\"auto, (max-width: 1024px) 100vw, 1024px\" \/><\/a><\/figure><\/li><li class=\"blocks-gallery-item\"><figure><a href=\"https:\/\/www.crea.gov.co\/crea-roma\/wp-content\/uploads\/sites\/10\/2021\/08\/DSC_2448-1-scaled.jpg\"><img loading=\"lazy\" decoding=\"async\" width=\"1024\" height=\"785\" src=\"https:\/\/www.crea.gov.co\/crea-roma\/wp-content\/uploads\/sites\/10\/2021\/08\/DSC_2448-1-1024x785.jpg\" alt=\"\" data-id=\"81\" data-full-url=\"https:\/\/www.crea.gov.co\/crea-roma\/wp-content\/uploads\/sites\/10\/2021\/08\/DSC_2448-1-scaled.jpg\" data-link=\"https:\/\/www.crea.gov.co\/crea-roma\/news\/fiesta-bogota-se-tomo-el-parque-simon-bolivar-y-el-crea-roma-estuvo-presente-con-la-presentacion-de-dance-one-crew\/dsc_2448-1\/\" class=\"wp-image-81\" srcset=\"https:\/\/www.crea.gov.co\/crea-roma\/wp-content\/uploads\/sites\/10\/2021\/08\/DSC_2448-1-1024x785.jpg 1024w, https:\/\/www.crea.gov.co\/crea-roma\/wp-content\/uploads\/sites\/10\/2021\/08\/DSC_2448-1-300x230.jpg 300w, https:\/\/www.crea.gov.co\/crea-roma\/wp-content\/uploads\/sites\/10\/2021\/08\/DSC_2448-1-768x589.jpg 768w, https:\/\/www.crea.gov.co\/crea-roma\/wp-content\/uploads\/sites\/10\/2021\/08\/DSC_2448-1-1536x1177.jpg 1536w, https:\/\/www.crea.gov.co\/crea-roma\/wp-content\/uploads\/sites\/10\/2021\/08\/DSC_2448-1-2048x1569.jpg 2048w\" sizes=\"auto, (max-width: 1024px) 100vw, 1024px\" \/><\/a><\/figure><\/li><li class=\"blocks-gallery-item\"><figure><a href=\"https:\/\/www.crea.gov.co\/crea-roma\/wp-content\/uploads\/sites\/10\/2021\/08\/DSC_2455-scaled.jpg\"><img loading=\"lazy\" decoding=\"async\" width=\"1024\" height=\"683\" src=\"https:\/\/www.crea.gov.co\/crea-roma\/wp-content\/uploads\/sites\/10\/2021\/08\/DSC_2455-1024x683.jpg\" alt=\"\" data-id=\"80\" data-full-url=\"https:\/\/www.crea.gov.co\/crea-roma\/wp-content\/uploads\/sites\/10\/2021\/08\/DSC_2455-scaled.jpg\" data-link=\"https:\/\/www.crea.gov.co\/crea-roma\/news\/fiesta-bogota-se-tomo-el-parque-simon-bolivar-y-el-crea-roma-estuvo-presente-con-la-presentacion-de-dance-one-crew\/dsc_2455\/\" class=\"wp-image-80\" srcset=\"https:\/\/www.crea.gov.co\/crea-roma\/wp-content\/uploads\/sites\/10\/2021\/08\/DSC_2455-1024x683.jpg 1024w, https:\/\/www.crea.gov.co\/crea-roma\/wp-content\/uploads\/sites\/10\/2021\/08\/DSC_2455-300x200.jpg 300w, https:\/\/www.crea.gov.co\/crea-roma\/wp-content\/uploads\/sites\/10\/2021\/08\/DSC_2455-768x512.jpg 768w, https:\/\/www.crea.gov.co\/crea-roma\/wp-content\/uploads\/sites\/10\/2021\/08\/DSC_2455-1536x1024.jpg 1536w\" sizes=\"auto, (max-width: 1024px) 100vw, 1024px\" \/><\/a><\/figure><\/li><li class=\"blocks-gallery-item\"><figure><a href=\"https:\/\/www.crea.gov.co\/crea-roma\/wp-content\/uploads\/sites\/10\/2021\/08\/DSC_2454-scaled.jpg\"><img loading=\"lazy\" decoding=\"async\" width=\"1024\" height=\"647\" src=\"https:\/\/www.crea.gov.co\/crea-roma\/wp-content\/uploads\/sites\/10\/2021\/08\/DSC_2454-1024x647.jpg\" alt=\"\" data-id=\"79\" data-full-url=\"https:\/\/www.crea.gov.co\/crea-roma\/wp-content\/uploads\/sites\/10\/2021\/08\/DSC_2454-scaled.jpg\" data-link=\"https:\/\/www.crea.gov.co\/crea-roma\/news\/fiesta-bogota-se-tomo-el-parque-simon-bolivar-y-el-crea-roma-estuvo-presente-con-la-presentacion-de-dance-one-crew\/dsc_2454\/\" class=\"wp-image-79\" srcset=\"https:\/\/www.crea.gov.co\/crea-roma\/wp-content\/uploads\/sites\/10\/2021\/08\/DSC_2454-1024x647.jpg 1024w, https:\/\/www.crea.gov.co\/crea-roma\/wp-content\/uploads\/sites\/10\/2021\/08\/DSC_2454-300x189.jpg 300w, https:\/\/www.crea.gov.co\/crea-roma\/wp-content\/uploads\/sites\/10\/2021\/08\/DSC_2454-768x485.jpg 768w, https:\/\/www.crea.gov.co\/crea-roma\/wp-content\/uploads\/sites\/10\/2021\/08\/DSC_2454-1536x970.jpg 1536w, https:\/\/www.crea.gov.co\/crea-roma\/wp-content\/uploads\/sites\/10\/2021\/08\/DSC_2454-2048x1294.jpg 2048w\" sizes=\"auto, (max-width: 1024px) 100vw, 1024px\" \/><\/a><\/figure><\/li><li class=\"blocks-gallery-item\"><figure><a href=\"https:\/\/www.crea.gov.co\/crea-roma\/wp-content\/uploads\/sites\/10\/2021\/08\/DSC_2452-scaled.jpg\"><img loading=\"lazy\" decoding=\"async\" width=\"1024\" height=\"611\" src=\"https:\/\/www.crea.gov.co\/crea-roma\/wp-content\/uploads\/sites\/10\/2021\/08\/DSC_2452-1024x611.jpg\" alt=\"\" data-id=\"77\" data-full-url=\"https:\/\/www.crea.gov.co\/crea-roma\/wp-content\/uploads\/sites\/10\/2021\/08\/DSC_2452-scaled.jpg\" data-link=\"https:\/\/www.crea.gov.co\/crea-roma\/news\/fiesta-bogota-se-tomo-el-parque-simon-bolivar-y-el-crea-roma-estuvo-presente-con-la-presentacion-de-dance-one-crew\/dsc_2452\/\" class=\"wp-image-77\" srcset=\"https:\/\/www.crea.gov.co\/crea-roma\/wp-content\/uploads\/sites\/10\/2021\/08\/DSC_2452-1024x611.jpg 1024w, https:\/\/www.crea.gov.co\/crea-roma\/wp-content\/uploads\/sites\/10\/2021\/08\/DSC_2452-300x179.jpg 300w, https:\/\/www.crea.gov.co\/crea-roma\/wp-content\/uploads\/sites\/10\/2021\/08\/DSC_2452-768x459.jpg 768w, https:\/\/www.crea.gov.co\/crea-roma\/wp-content\/uploads\/sites\/10\/2021\/08\/DSC_2452-1536x917.jpg 1536w, https:\/\/www.crea.gov.co\/crea-roma\/wp-content\/uploads\/sites\/10\/2021\/08\/DSC_2452-2048x1223.jpg 2048w\" sizes=\"auto, (max-width: 1024px) 100vw, 1024px\" \/><\/a><\/figure><\/li><li class=\"blocks-gallery-item\"><figure><a href=\"https:\/\/www.crea.gov.co\/crea-roma\/wp-content\/uploads\/sites\/10\/2021\/08\/DSC_2451-1-scaled.jpg\"><img loading=\"lazy\" decoding=\"async\" width=\"1024\" height=\"683\" src=\"https:\/\/www.crea.gov.co\/crea-roma\/wp-content\/uploads\/sites\/10\/2021\/08\/DSC_2451-1-1024x683.jpg\" alt=\"\" data-id=\"76\" data-full-url=\"https:\/\/www.crea.gov.co\/crea-roma\/wp-content\/uploads\/sites\/10\/2021\/08\/DSC_2451-1-scaled.jpg\" data-link=\"https:\/\/www.crea.gov.co\/crea-roma\/news\/fiesta-bogota-se-tomo-el-parque-simon-bolivar-y-el-crea-roma-estuvo-presente-con-la-presentacion-de-dance-one-crew\/dsc_2451-1\/\" class=\"wp-image-76\" srcset=\"https:\/\/www.crea.gov.co\/crea-roma\/wp-content\/uploads\/sites\/10\/2021\/08\/DSC_2451-1-1024x683.jpg 1024w, https:\/\/www.crea.gov.co\/crea-roma\/wp-content\/uploads\/sites\/10\/2021\/08\/DSC_2451-1-300x200.jpg 300w, https:\/\/www.crea.gov.co\/crea-roma\/wp-content\/uploads\/sites\/10\/2021\/08\/DSC_2451-1-768x512.jpg 768w, https:\/\/www.crea.gov.co\/crea-roma\/wp-content\/uploads\/sites\/10\/2021\/08\/DSC_2451-1-1536x1024.jpg 1536w\" sizes=\"auto, (max-width: 1024px) 100vw, 1024px\" \/><\/a><\/figure><\/li><li class=\"blocks-gallery-item\"><figure><a href=\"https:\/\/www.crea.gov.co\/crea-roma\/wp-content\/uploads\/sites\/10\/2021\/08\/DSC_2448-scaled.jpg\"><img loading=\"lazy\" decoding=\"async\" width=\"1024\" height=\"785\" src=\"https:\/\/www.crea.gov.co\/crea-roma\/wp-content\/uploads\/sites\/10\/2021\/08\/DSC_2448-1024x785.jpg\" alt=\"\" data-id=\"71\" data-full-url=\"https:\/\/www.crea.gov.co\/crea-roma\/wp-content\/uploads\/sites\/10\/2021\/08\/DSC_2448-scaled.jpg\" data-link=\"https:\/\/www.crea.gov.co\/crea-roma\/news\/fiesta-bogota-se-tomo-el-parque-simon-bolivar-y-el-crea-roma-estuvo-presente-con-la-presentacion-de-dance-one-crew\/dsc_2448\/\" class=\"wp-image-71\" srcset=\"https:\/\/www.crea.gov.co\/crea-roma\/wp-content\/uploads\/sites\/10\/2021\/08\/DSC_2448-1024x785.jpg 1024w, https:\/\/www.crea.gov.co\/crea-roma\/wp-content\/uploads\/sites\/10\/2021\/08\/DSC_2448-300x230.jpg 300w, https:\/\/www.crea.gov.co\/crea-roma\/wp-content\/uploads\/sites\/10\/2021\/08\/DSC_2448-768x589.jpg 768w, https:\/\/www.crea.gov.co\/crea-roma\/wp-content\/uploads\/sites\/10\/2021\/08\/DSC_2448-1536x1177.jpg 1536w, https:\/\/www.crea.gov.co\/crea-roma\/wp-content\/uploads\/sites\/10\/2021\/08\/DSC_2448-2048x1569.jpg 2048w\" sizes=\"auto, (max-width: 1024px) 100vw, 1024px\" \/><\/a><\/figure><\/li><li class=\"blocks-gallery-item\"><figure><a href=\"https:\/\/www.crea.gov.co\/crea-roma\/wp-content\/uploads\/sites\/10\/2021\/08\/DSC_2449-2-scaled.jpg\"><img loading=\"lazy\" decoding=\"async\" width=\"1024\" height=\"889\" src=\"https:\/\/www.crea.gov.co\/crea-roma\/wp-content\/uploads\/sites\/10\/2021\/08\/DSC_2449-2-1024x889.jpg\" alt=\"\" data-id=\"72\" data-full-url=\"https:\/\/www.crea.gov.co\/crea-roma\/wp-content\/uploads\/sites\/10\/2021\/08\/DSC_2449-2-scaled.jpg\" data-link=\"https:\/\/www.crea.gov.co\/crea-roma\/news\/fiesta-bogota-se-tomo-el-parque-simon-bolivar-y-el-crea-roma-estuvo-presente-con-la-presentacion-de-dance-one-crew\/dsc_2449-2-2\/\" class=\"wp-image-72\" srcset=\"https:\/\/www.crea.gov.co\/crea-roma\/wp-content\/uploads\/sites\/10\/2021\/08\/DSC_2449-2-1024x889.jpg 1024w, https:\/\/www.crea.gov.co\/crea-roma\/wp-content\/uploads\/sites\/10\/2021\/08\/DSC_2449-2-300x260.jpg 300w, https:\/\/www.crea.gov.co\/crea-roma\/wp-content\/uploads\/sites\/10\/2021\/08\/DSC_2449-2-768x667.jpg 768w, https:\/\/www.crea.gov.co\/crea-roma\/wp-content\/uploads\/sites\/10\/2021\/08\/DSC_2449-2-1536x1334.jpg 1536w\" sizes=\"auto, (max-width: 1024px) 100vw, 1024px\" \/><\/a><\/figure><\/li><li class=\"blocks-gallery-item\"><figure><a href=\"https:\/\/www.crea.gov.co\/crea-roma\/wp-content\/uploads\/sites\/10\/2021\/08\/DSC_2465-scaled.jpg\"><img loading=\"lazy\" decoding=\"async\" width=\"1024\" height=\"683\" src=\"https:\/\/www.crea.gov.co\/crea-roma\/wp-content\/uploads\/sites\/10\/2021\/08\/DSC_2465-1024x683.jpg\" alt=\"\" data-id=\"101\" data-full-url=\"https:\/\/www.crea.gov.co\/crea-roma\/wp-content\/uploads\/sites\/10\/2021\/08\/DSC_2465-scaled.jpg\" data-link=\"https:\/\/www.crea.gov.co\/crea-roma\/news\/fiesta-bogota-se-tomo-el-parque-simon-bolivar-y-el-crea-roma-estuvo-presente-con-la-presentacion-de-dance-one-crew\/dsc_2465\/\" class=\"wp-image-101\" srcset=\"https:\/\/www.crea.gov.co\/crea-roma\/wp-content\/uploads\/sites\/10\/2021\/08\/DSC_2465-1024x683.jpg 1024w, https:\/\/www.crea.gov.co\/crea-roma\/wp-content\/uploads\/sites\/10\/2021\/08\/DSC_2465-300x200.jpg 300w, https:\/\/www.crea.gov.co\/crea-roma\/wp-content\/uploads\/sites\/10\/2021\/08\/DSC_2465-768x512.jpg 768w, https:\/\/www.crea.gov.co\/crea-roma\/wp-content\/uploads\/sites\/10\/2021\/08\/DSC_2465-1536x1024.jpg 1536w\" sizes=\"auto, (max-width: 1024px) 100vw, 1024px\" \/><\/a><\/figure><\/li><\/ul><\/figure>\n\n\n\n<p><\/p>\n","protected":false},"excerpt":{"rendered":"<p>El pasado 7 y 8 de agosto se celebr\u00f3 el cumplea\u00f1os n\u00famero 483 de nuestra querida ciudad de Bogot\u00e1, que se tom\u00f3 el PARQUE SIM\u00d3N BOL\u00cdVAR para festejar por lo alto con m\u00faltiples actividades para todos los Bogotanos por parte de la alcald\u00eda local. El Crea Roma conquisto la tarima de IDARTES con las maravillosas [&hellip;]<\/p>\n","protected":false},"author":44,"featured_media":67,"comment_status":"open","ping_status":"closed","sticky":false,"template":"","format":"standard","meta":{"footnotes":""},"categories":[],"tags":[],"class_list":["post-64","post","type-post","status-publish","format-standard","has-post-thumbnail","hentry"],"yoast_head":"<!-- This site is optimized with the Yoast SEO plugin v24.5 - https:\/\/yoast.com\/wordpress\/plugins\/seo\/ -->\n<title>Fiesta Bogot\u00e1 se tom\u00f3 el parque Sim\u00f3n Bol\u00edvar, y el Crea Roma estuvo presente con la presentaci\u00f3n de Dance One Crew - Crea Roma<\/title>\n<meta name=\"robots\" content=\"index, follow, max-snippet:-1, max-image-preview:large, max-video-preview:-1\" \/>\n<link rel=\"canonical\" href=\"https:\/\/www.crea.gov.co\/crea-roma\/fiesta-bogota-se-tomo-el-parque-simon-bolivar-y-el-crea-roma-estuvo-presente-con-la-presentacion-de-dance-one-crew\/\" \/>\n<meta property=\"og:locale\" content=\"es_ES\" \/>\n<meta property=\"og:type\" content=\"article\" \/>\n<meta property=\"og:title\" content=\"Fiesta Bogot\u00e1 se tom\u00f3 el parque Sim\u00f3n Bol\u00edvar, y el Crea Roma estuvo presente con la presentaci\u00f3n de Dance One Crew - Crea Roma\" \/>\n<meta property=\"og:description\" content=\"El pasado 7 y 8 de agosto se celebr\u00f3 el cumplea\u00f1os n\u00famero 483 de nuestra querida ciudad de Bogot\u00e1, que se tom\u00f3 el PARQUE SIM\u00d3N BOL\u00cdVAR para festejar por lo alto con m\u00faltiples actividades para todos los Bogotanos por parte de la alcald\u00eda local. El Crea Roma conquisto la tarima de IDARTES con las maravillosas [&hellip;]\" \/>\n<meta property=\"og:url\" content=\"https:\/\/www.crea.gov.co\/crea-roma\/fiesta-bogota-se-tomo-el-parque-simon-bolivar-y-el-crea-roma-estuvo-presente-con-la-presentacion-de-dance-one-crew\/\" \/>\n<meta property=\"og:site_name\" content=\"Crea Roma\" \/>\n<meta property=\"article:published_time\" content=\"2021-08-19T20:32:14+00:00\" \/>\n<meta property=\"article:modified_time\" content=\"2021-08-19T22:09:03+00:00\" \/>\n<meta property=\"og:image\" content=\"https:\/\/www.crea.gov.co\/crea-roma\/wp-content\/uploads\/sites\/10\/2021\/08\/DSC_2449-scaled.jpg\" \/>\n\t<meta property=\"og:image:width\" content=\"2560\" \/>\n\t<meta property=\"og:image:height\" content=\"2223\" \/>\n\t<meta property=\"og:image:type\" content=\"image\/jpeg\" \/>\n<meta name=\"author\" content=\"dianahenao\" \/>\n<meta name=\"twitter:card\" content=\"summary_large_image\" \/>\n<meta name=\"twitter:label1\" content=\"Escrito por\" \/>\n\t<meta name=\"twitter:data1\" content=\"dianahenao\" \/>\n<script type=\"application\/ld+json\" class=\"yoast-schema-graph\">{\"@context\":\"https:\/\/schema.org\",\"@graph\":[{\"@type\":\"WebPage\",\"@id\":\"https:\/\/www.crea.gov.co\/crea-roma\/fiesta-bogota-se-tomo-el-parque-simon-bolivar-y-el-crea-roma-estuvo-presente-con-la-presentacion-de-dance-one-crew\/\",\"url\":\"https:\/\/www.crea.gov.co\/crea-roma\/fiesta-bogota-se-tomo-el-parque-simon-bolivar-y-el-crea-roma-estuvo-presente-con-la-presentacion-de-dance-one-crew\/\",\"name\":\"Fiesta Bogot\u00e1 se tom\u00f3 el parque Sim\u00f3n Bol\u00edvar, y el Crea Roma estuvo presente con la presentaci\u00f3n de Dance One Crew - Crea Roma\",\"isPartOf\":{\"@id\":\"https:\/\/www.crea.gov.co\/crea-roma\/#website\"},\"primaryImageOfPage\":{\"@id\":\"https:\/\/www.crea.gov.co\/crea-roma\/fiesta-bogota-se-tomo-el-parque-simon-bolivar-y-el-crea-roma-estuvo-presente-con-la-presentacion-de-dance-one-crew\/#primaryimage\"},\"image\":{\"@id\":\"https:\/\/www.crea.gov.co\/crea-roma\/fiesta-bogota-se-tomo-el-parque-simon-bolivar-y-el-crea-roma-estuvo-presente-con-la-presentacion-de-dance-one-crew\/#primaryimage\"},\"thumbnailUrl\":\"https:\/\/www.crea.gov.co\/crea-roma\/wp-content\/uploads\/sites\/10\/2021\/08\/DSC_2449-scaled.jpg\",\"datePublished\":\"2021-08-19T20:32:14+00:00\",\"dateModified\":\"2021-08-19T22:09:03+00:00\",\"author\":{\"@id\":\"https:\/\/www.crea.gov.co\/crea-roma\/#\/schema\/person\/21f4af65becded92a4d94437f5b2a956\"},\"breadcrumb\":{\"@id\":\"https:\/\/www.crea.gov.co\/crea-roma\/fiesta-bogota-se-tomo-el-parque-simon-bolivar-y-el-crea-roma-estuvo-presente-con-la-presentacion-de-dance-one-crew\/#breadcrumb\"},\"inLanguage\":\"es-CO\",\"potentialAction\":[{\"@type\":\"ReadAction\",\"target\":[\"https:\/\/www.crea.gov.co\/crea-roma\/fiesta-bogota-se-tomo-el-parque-simon-bolivar-y-el-crea-roma-estuvo-presente-con-la-presentacion-de-dance-one-crew\/\"]}]},{\"@type\":\"ImageObject\",\"inLanguage\":\"es-CO\",\"@id\":\"https:\/\/www.crea.gov.co\/crea-roma\/fiesta-bogota-se-tomo-el-parque-simon-bolivar-y-el-crea-roma-estuvo-presente-con-la-presentacion-de-dance-one-crew\/#primaryimage\",\"url\":\"https:\/\/www.crea.gov.co\/crea-roma\/wp-content\/uploads\/sites\/10\/2021\/08\/DSC_2449-scaled.jpg\",\"contentUrl\":\"https:\/\/www.crea.gov.co\/crea-roma\/wp-content\/uploads\/sites\/10\/2021\/08\/DSC_2449-scaled.jpg\",\"width\":2560,\"height\":2223},{\"@type\":\"BreadcrumbList\",\"@id\":\"https:\/\/www.crea.gov.co\/crea-roma\/fiesta-bogota-se-tomo-el-parque-simon-bolivar-y-el-crea-roma-estuvo-presente-con-la-presentacion-de-dance-one-crew\/#breadcrumb\",\"itemListElement\":[{\"@type\":\"ListItem\",\"position\":1,\"name\":\"Home\",\"item\":\"https:\/\/www.crea.gov.co\/crea-roma\/\"},{\"@type\":\"ListItem\",\"position\":2,\"name\":\"Fiesta Bogot\u00e1 se tom\u00f3 el parque Sim\u00f3n Bol\u00edvar, y el Crea Roma estuvo presente con la presentaci\u00f3n de Dance One Crew\"}]},{\"@type\":\"WebSite\",\"@id\":\"https:\/\/www.crea.gov.co\/crea-roma\/#website\",\"url\":\"https:\/\/www.crea.gov.co\/crea-roma\/\",\"name\":\"Crea Roma\",\"description\":\"En Kennedy, rodeado de conjuntos y calles que guardan historias de familias que han crecido en el barrio, este espacio es un lugar donde la creatividad se entrelaza con la vida cotidiana. Aqu\u00ed, los lenguajes art\u00edsticos fortalecen lazos y dan voz a las experiencias de una comunidad que se reconoce en lo colectivo.\",\"potentialAction\":[{\"@type\":\"SearchAction\",\"target\":{\"@type\":\"EntryPoint\",\"urlTemplate\":\"https:\/\/www.crea.gov.co\/crea-roma\/?s={search_term_string}\"},\"query-input\":{\"@type\":\"PropertyValueSpecification\",\"valueRequired\":true,\"valueName\":\"search_term_string\"}}],\"inLanguage\":\"es-CO\"},{\"@type\":\"Person\",\"@id\":\"https:\/\/www.crea.gov.co\/crea-roma\/#\/schema\/person\/21f4af65becded92a4d94437f5b2a956\",\"name\":\"dianahenao\",\"image\":{\"@type\":\"ImageObject\",\"inLanguage\":\"es-CO\",\"@id\":\"https:\/\/www.crea.gov.co\/crea-roma\/#\/schema\/person\/image\/\",\"url\":\"https:\/\/secure.gravatar.com\/avatar\/21a46432310ad2712e5b660e19cb0b22?s=96&d=mm&r=g\",\"contentUrl\":\"https:\/\/secure.gravatar.com\/avatar\/21a46432310ad2712e5b660e19cb0b22?s=96&d=mm&r=g\",\"caption\":\"dianahenao\"},\"url\":\"https:\/\/www.crea.gov.co\/crea-roma\/author\/dianahenao\/\"}]}<\/script>\n<!-- \/ Yoast SEO plugin. -->","yoast_head_json":{"title":"Fiesta Bogot\u00e1 se tom\u00f3 el parque Sim\u00f3n Bol\u00edvar, y el Crea Roma estuvo presente con la presentaci\u00f3n de Dance One Crew - Crea Roma","robots":{"index":"index","follow":"follow","max-snippet":"max-snippet:-1","max-image-preview":"max-image-preview:large","max-video-preview":"max-video-preview:-1"},"canonical":"https:\/\/www.crea.gov.co\/crea-roma\/fiesta-bogota-se-tomo-el-parque-simon-bolivar-y-el-crea-roma-estuvo-presente-con-la-presentacion-de-dance-one-crew\/","og_locale":"es_ES","og_type":"article","og_title":"Fiesta Bogot\u00e1 se tom\u00f3 el parque Sim\u00f3n Bol\u00edvar, y el Crea Roma estuvo presente con la presentaci\u00f3n de Dance One Crew - Crea Roma","og_description":"El pasado 7 y 8 de agosto se celebr\u00f3 el cumplea\u00f1os n\u00famero 483 de nuestra querida ciudad de Bogot\u00e1, que se tom\u00f3 el PARQUE SIM\u00d3N BOL\u00cdVAR para festejar por lo alto con m\u00faltiples actividades para todos los Bogotanos por parte de la alcald\u00eda local. El Crea Roma conquisto la tarima de IDARTES con las maravillosas [&hellip;]","og_url":"https:\/\/www.crea.gov.co\/crea-roma\/fiesta-bogota-se-tomo-el-parque-simon-bolivar-y-el-crea-roma-estuvo-presente-con-la-presentacion-de-dance-one-crew\/","og_site_name":"Crea Roma","article_published_time":"2021-08-19T20:32:14+00:00","article_modified_time":"2021-08-19T22:09:03+00:00","og_image":[{"width":2560,"height":2223,"url":"https:\/\/www.crea.gov.co\/crea-roma\/wp-content\/uploads\/sites\/10\/2021\/08\/DSC_2449-scaled.jpg","type":"image\/jpeg"}],"author":"dianahenao","twitter_card":"summary_large_image","twitter_misc":{"Escrito por":"dianahenao"},"schema":{"@context":"https:\/\/schema.org","@graph":[{"@type":"WebPage","@id":"https:\/\/www.crea.gov.co\/crea-roma\/fiesta-bogota-se-tomo-el-parque-simon-bolivar-y-el-crea-roma-estuvo-presente-con-la-presentacion-de-dance-one-crew\/","url":"https:\/\/www.crea.gov.co\/crea-roma\/fiesta-bogota-se-tomo-el-parque-simon-bolivar-y-el-crea-roma-estuvo-presente-con-la-presentacion-de-dance-one-crew\/","name":"Fiesta Bogot\u00e1 se tom\u00f3 el parque Sim\u00f3n Bol\u00edvar, y el Crea Roma estuvo presente con la presentaci\u00f3n de Dance One Crew - Crea Roma","isPartOf":{"@id":"https:\/\/www.crea.gov.co\/crea-roma\/#website"},"primaryImageOfPage":{"@id":"https:\/\/www.crea.gov.co\/crea-roma\/fiesta-bogota-se-tomo-el-parque-simon-bolivar-y-el-crea-roma-estuvo-presente-con-la-presentacion-de-dance-one-crew\/#primaryimage"},"image":{"@id":"https:\/\/www.crea.gov.co\/crea-roma\/fiesta-bogota-se-tomo-el-parque-simon-bolivar-y-el-crea-roma-estuvo-presente-con-la-presentacion-de-dance-one-crew\/#primaryimage"},"thumbnailUrl":"https:\/\/www.crea.gov.co\/crea-roma\/wp-content\/uploads\/sites\/10\/2021\/08\/DSC_2449-scaled.jpg","datePublished":"2021-08-19T20:32:14+00:00","dateModified":"2021-08-19T22:09:03+00:00","author":{"@id":"https:\/\/www.crea.gov.co\/crea-roma\/#\/schema\/person\/21f4af65becded92a4d94437f5b2a956"},"breadcrumb":{"@id":"https:\/\/www.crea.gov.co\/crea-roma\/fiesta-bogota-se-tomo-el-parque-simon-bolivar-y-el-crea-roma-estuvo-presente-con-la-presentacion-de-dance-one-crew\/#breadcrumb"},"inLanguage":"es-CO","potentialAction":[{"@type":"ReadAction","target":["https:\/\/www.crea.gov.co\/crea-roma\/fiesta-bogota-se-tomo-el-parque-simon-bolivar-y-el-crea-roma-estuvo-presente-con-la-presentacion-de-dance-one-crew\/"]}]},{"@type":"ImageObject","inLanguage":"es-CO","@id":"https:\/\/www.crea.gov.co\/crea-roma\/fiesta-bogota-se-tomo-el-parque-simon-bolivar-y-el-crea-roma-estuvo-presente-con-la-presentacion-de-dance-one-crew\/#primaryimage","url":"https:\/\/www.crea.gov.co\/crea-roma\/wp-content\/uploads\/sites\/10\/2021\/08\/DSC_2449-scaled.jpg","contentUrl":"https:\/\/www.crea.gov.co\/crea-roma\/wp-content\/uploads\/sites\/10\/2021\/08\/DSC_2449-scaled.jpg","width":2560,"height":2223},{"@type":"BreadcrumbList","@id":"https:\/\/www.crea.gov.co\/crea-roma\/fiesta-bogota-se-tomo-el-parque-simon-bolivar-y-el-crea-roma-estuvo-presente-con-la-presentacion-de-dance-one-crew\/#breadcrumb","itemListElement":[{"@type":"ListItem","position":1,"name":"Home","item":"https:\/\/www.crea.gov.co\/crea-roma\/"},{"@type":"ListItem","position":2,"name":"Fiesta Bogot\u00e1 se tom\u00f3 el parque Sim\u00f3n Bol\u00edvar, y el Crea Roma estuvo presente con la presentaci\u00f3n de Dance One Crew"}]},{"@type":"WebSite","@id":"https:\/\/www.crea.gov.co\/crea-roma\/#website","url":"https:\/\/www.crea.gov.co\/crea-roma\/","name":"Crea Roma","description":"En Kennedy, rodeado de conjuntos y calles que guardan historias de familias que han crecido en el barrio, este espacio es un lugar donde la creatividad se entrelaza con la vida cotidiana. Aqu\u00ed, los lenguajes art\u00edsticos fortalecen lazos y dan voz a las experiencias de una comunidad que se reconoce en lo colectivo.","potentialAction":[{"@type":"SearchAction","target":{"@type":"EntryPoint","urlTemplate":"https:\/\/www.crea.gov.co\/crea-roma\/?s={search_term_string}"},"query-input":{"@type":"PropertyValueSpecification","valueRequired":true,"valueName":"search_term_string"}}],"inLanguage":"es-CO"},{"@type":"Person","@id":"https:\/\/www.crea.gov.co\/crea-roma\/#\/schema\/person\/21f4af65becded92a4d94437f5b2a956","name":"dianahenao","image":{"@type":"ImageObject","inLanguage":"es-CO","@id":"https:\/\/www.crea.gov.co\/crea-roma\/#\/schema\/person\/image\/","url":"https:\/\/secure.gravatar.com\/avatar\/21a46432310ad2712e5b660e19cb0b22?s=96&d=mm&r=g","contentUrl":"https:\/\/secure.gravatar.com\/avatar\/21a46432310ad2712e5b660e19cb0b22?s=96&d=mm&r=g","caption":"dianahenao"},"url":"https:\/\/www.crea.gov.co\/crea-roma\/author\/dianahenao\/"}]}},"_links":{"self":[{"href":"https:\/\/www.crea.gov.co\/crea-roma\/wp-json\/wp\/v2\/posts\/64","targetHints":{"allow":["GET"]}}],"collection":[{"href":"https:\/\/www.crea.gov.co\/crea-roma\/wp-json\/wp\/v2\/posts"}],"about":[{"href":"https:\/\/www.crea.gov.co\/crea-roma\/wp-json\/wp\/v2\/types\/post"}],"author":[{"embeddable":true,"href":"https:\/\/www.crea.gov.co\/crea-roma\/wp-json\/wp\/v2\/users\/44"}],"replies":[{"embeddable":true,"href":"https:\/\/www.crea.gov.co\/crea-roma\/wp-json\/wp\/v2\/comments?post=64"}],"version-history":[{"count":0,"href":"https:\/\/www.crea.gov.co\/crea-roma\/wp-json\/wp\/v2\/posts\/64\/revisions"}],"wp:featuredmedia":[{"embeddable":true,"href":"https:\/\/www.crea.gov.co\/crea-roma\/wp-json\/wp\/v2\/media\/67"}],"wp:attachment":[{"href":"https:\/\/www.crea.gov.co\/crea-roma\/wp-json\/wp\/v2\/media?parent=64"}],"wp:term":[{"taxonomy":"category","embeddable":true,"href":"https:\/\/www.crea.gov.co\/crea-roma\/wp-json\/wp\/v2\/categories?post=64"},{"taxonomy":"post_tag","embeddable":true,"href":"https:\/\/www.crea.gov.co\/crea-roma\/wp-json\/wp\/v2\/tags?post=64"}],"curies":[{"name":"wp","href":"https:\/\/api.w.org\/{rel}","templated":true}]}}