{"id":607,"date":"2022-10-18T15:54:20","date_gmt":"2022-10-18T15:54:20","guid":{"rendered":"https:\/\/www.crea.gov.co\/crea-roma\/?p=607"},"modified":"2022-10-18T15:58:58","modified_gmt":"2022-10-18T15:58:58","slug":"circuito-arte-en-la-escuela-2022","status":"publish","type":"post","link":"https:\/\/www.crea.gov.co\/crea-roma\/circuito-arte-en-la-escuela-2022\/","title":{"rendered":"Circuito Arte en la Escuela 2022"},"content":{"rendered":"\n<p class=\"has-large-font-size\">Octubre 4, Teatro Jorge Eliecer Gait\u00e1n<\/p>\n\n\n\n<figure class=\"wp-block-video\"><video controls src=\"https:\/\/www.crea.gov.co\/crea-roma\/wp-content\/uploads\/sites\/10\/2022\/10\/WhatsApp-Video-2022-10-18-at-10.28.46-AM-1.mp4\"><\/video><figcaption><strong>Ensamble vocal e instrumental IED Gran Colombiano<\/strong><\/figcaption><\/figure>\n\n\n\n<p class=\"has-medium-font-size\">El Programa Crea celebr\u00f3 con las ni\u00f1as, ni\u00f1os y adolescentes de los colegios que participan en la l\u00ednea Arte en la Escuela, visibilizando la potencia del trabajo que se ha logrado desde las diferentes articulaciones realizadas con las IED en estos 9 a\u00f1os.<\/p>\n\n\n\n<div class=\"wp-block-cover\"><span aria-hidden=\"true\" class=\"wp-block-cover__background has-background-dim\"><\/span><img loading=\"lazy\" decoding=\"async\" width=\"768\" height=\"1024\" class=\"wp-block-cover__image-background wp-image-615\" alt=\"\" src=\"https:\/\/www.crea.gov.co\/crea-roma\/wp-content\/uploads\/sites\/10\/2022\/10\/WhatsApp-Image-2022-10-18-at-10.26.49-AM-1-768x1024.jpeg\" data-object-fit=\"cover\" srcset=\"https:\/\/www.crea.gov.co\/crea-roma\/wp-content\/uploads\/sites\/10\/2022\/10\/WhatsApp-Image-2022-10-18-at-10.26.49-AM-1-768x1024.jpeg 768w, https:\/\/www.crea.gov.co\/crea-roma\/wp-content\/uploads\/sites\/10\/2022\/10\/WhatsApp-Image-2022-10-18-at-10.26.49-AM-1-225x300.jpeg 225w, https:\/\/www.crea.gov.co\/crea-roma\/wp-content\/uploads\/sites\/10\/2022\/10\/WhatsApp-Image-2022-10-18-at-10.26.49-AM-1-1152x1536.jpeg 1152w, https:\/\/www.crea.gov.co\/crea-roma\/wp-content\/uploads\/sites\/10\/2022\/10\/WhatsApp-Image-2022-10-18-at-10.26.49-AM-1.jpeg 1200w\" sizes=\"auto, (max-width: 768px) 100vw, 768px\" \/><div class=\"wp-block-cover__inner-container is-layout-flow wp-block-cover-is-layout-flow\">\n<p class=\"has-text-align-center has-medium-font-size\">El colegio Villas del Progreso atendido en el Crea Roma, particip\u00f3 con una lectura construida por los participantes del grado s\u00e9ptimo<\/p>\n<\/div><\/div>\n\n\n\n<div class=\"wp-block-columns is-layout-flex wp-container-core-columns-is-layout-1 wp-block-columns-is-layout-flex\"><\/div>\n\n\n\n<figure class=\"wp-block-image size-large\"><img loading=\"lazy\" decoding=\"async\" width=\"1024\" height=\"768\" src=\"https:\/\/www.crea.gov.co\/crea-roma\/wp-content\/uploads\/sites\/10\/2022\/10\/WhatsApp-Image-2022-10-18-at-10.26.59-AM-1024x768.jpeg\" alt=\"\" class=\"wp-image-608\" srcset=\"https:\/\/www.crea.gov.co\/crea-roma\/wp-content\/uploads\/sites\/10\/2022\/10\/WhatsApp-Image-2022-10-18-at-10.26.59-AM-1024x768.jpeg 1024w, https:\/\/www.crea.gov.co\/crea-roma\/wp-content\/uploads\/sites\/10\/2022\/10\/WhatsApp-Image-2022-10-18-at-10.26.59-AM-300x225.jpeg 300w, https:\/\/www.crea.gov.co\/crea-roma\/wp-content\/uploads\/sites\/10\/2022\/10\/WhatsApp-Image-2022-10-18-at-10.26.59-AM-768x576.jpeg 768w, https:\/\/www.crea.gov.co\/crea-roma\/wp-content\/uploads\/sites\/10\/2022\/10\/WhatsApp-Image-2022-10-18-at-10.26.59-AM-1536x1152.jpeg 1536w, https:\/\/www.crea.gov.co\/crea-roma\/wp-content\/uploads\/sites\/10\/2022\/10\/WhatsApp-Image-2022-10-18-at-10.26.59-AM.jpeg 1600w\" sizes=\"auto, (max-width: 1024px) 100vw, 1024px\" \/><figcaption><strong>Se hizo un reconocimiento muy especial a las IED por su vinculaci\u00f3n al Programa y ser parte en el proceso de garantizar los derechos culturales de las ni\u00f1as y ni\u00f1os en la ciudad.<\/strong><\/figcaption><\/figure>\n\n\n\n<figure class=\"wp-block-video\"><video controls src=\"https:\/\/www.crea.gov.co\/crea-roma\/wp-content\/uploads\/sites\/10\/2022\/10\/WhatsApp-Video-2022-10-18-at-10.28.45-AM-1.mp4\"><\/video><figcaption>Danza Tradicional IED Carlos Arturo Torres<\/figcaption><\/figure>\n","protected":false},"excerpt":{"rendered":"<p>Octubre 4, Teatro Jorge Eliecer Gait\u00e1n El Programa Crea celebr\u00f3 con las ni\u00f1as, ni\u00f1os y adolescentes de los colegios que participan en la l\u00ednea Arte en la Escuela, visibilizando la potencia del trabajo que se ha logrado desde las diferentes articulaciones realizadas con las IED en estos 9 a\u00f1os.<\/p>\n","protected":false},"author":44,"featured_media":609,"comment_status":"open","ping_status":"open","sticky":false,"template":"","format":"standard","meta":{"footnotes":""},"categories":[1],"tags":[],"class_list":["post-607","post","type-post","status-publish","format-standard","has-post-thumbnail","hentry","category-sin-categoria"],"yoast_head":"<!-- This site is optimized with the Yoast SEO plugin v24.5 - https:\/\/yoast.com\/wordpress\/plugins\/seo\/ -->\n<title>Circuito Arte en la Escuela 2022 - Crea Roma<\/title>\n<meta name=\"robots\" content=\"index, follow, max-snippet:-1, max-image-preview:large, max-video-preview:-1\" \/>\n<link rel=\"canonical\" href=\"https:\/\/www.crea.gov.co\/crea-roma\/circuito-arte-en-la-escuela-2022\/\" \/>\n<meta property=\"og:locale\" content=\"es_ES\" \/>\n<meta property=\"og:type\" content=\"article\" \/>\n<meta property=\"og:title\" content=\"Circuito Arte en la Escuela 2022 - Crea Roma\" \/>\n<meta property=\"og:description\" content=\"Octubre 4, Teatro Jorge Eliecer Gait\u00e1n El Programa Crea celebr\u00f3 con las ni\u00f1as, ni\u00f1os y adolescentes de los colegios que participan en la l\u00ednea Arte en la Escuela, visibilizando la potencia del trabajo que se ha logrado desde las diferentes articulaciones realizadas con las IED en estos 9 a\u00f1os.\" \/>\n<meta property=\"og:url\" content=\"https:\/\/www.crea.gov.co\/crea-roma\/circuito-arte-en-la-escuela-2022\/\" \/>\n<meta property=\"og:site_name\" content=\"Crea Roma\" \/>\n<meta property=\"article:published_time\" content=\"2022-10-18T15:54:20+00:00\" \/>\n<meta property=\"article:modified_time\" content=\"2022-10-18T15:58:58+00:00\" \/>\n<meta property=\"og:image\" content=\"https:\/\/www.crea.gov.co\/crea-roma\/wp-content\/uploads\/sites\/10\/2022\/10\/WhatsApp-Image-2022-10-18-at-10.28.45-AM.jpeg\" \/>\n\t<meta property=\"og:image:width\" content=\"1600\" \/>\n\t<meta property=\"og:image:height\" content=\"1200\" \/>\n\t<meta property=\"og:image:type\" content=\"image\/jpeg\" \/>\n<meta name=\"author\" content=\"dianahenao\" \/>\n<meta name=\"twitter:card\" content=\"summary_large_image\" \/>\n<meta name=\"twitter:label1\" content=\"Escrito por\" \/>\n\t<meta name=\"twitter:data1\" content=\"dianahenao\" \/>\n\t<meta name=\"twitter:label2\" content=\"Tiempo de lectura\" \/>\n\t<meta name=\"twitter:data2\" content=\"1 minuto\" \/>\n<script type=\"application\/ld+json\" class=\"yoast-schema-graph\">{\"@context\":\"https:\/\/schema.org\",\"@graph\":[{\"@type\":\"WebPage\",\"@id\":\"https:\/\/www.crea.gov.co\/crea-roma\/circuito-arte-en-la-escuela-2022\/\",\"url\":\"https:\/\/www.crea.gov.co\/crea-roma\/circuito-arte-en-la-escuela-2022\/\",\"name\":\"Circuito Arte en la Escuela 2022 - Crea Roma\",\"isPartOf\":{\"@id\":\"https:\/\/www.crea.gov.co\/crea-roma\/#website\"},\"primaryImageOfPage\":{\"@id\":\"https:\/\/www.crea.gov.co\/crea-roma\/circuito-arte-en-la-escuela-2022\/#primaryimage\"},\"image\":{\"@id\":\"https:\/\/www.crea.gov.co\/crea-roma\/circuito-arte-en-la-escuela-2022\/#primaryimage\"},\"thumbnailUrl\":\"https:\/\/www.crea.gov.co\/crea-roma\/wp-content\/uploads\/sites\/10\/2022\/10\/WhatsApp-Image-2022-10-18-at-10.28.45-AM.jpeg\",\"datePublished\":\"2022-10-18T15:54:20+00:00\",\"dateModified\":\"2022-10-18T15:58:58+00:00\",\"author\":{\"@id\":\"https:\/\/www.crea.gov.co\/crea-roma\/#\/schema\/person\/21f4af65becded92a4d94437f5b2a956\"},\"breadcrumb\":{\"@id\":\"https:\/\/www.crea.gov.co\/crea-roma\/circuito-arte-en-la-escuela-2022\/#breadcrumb\"},\"inLanguage\":\"es-CO\",\"potentialAction\":[{\"@type\":\"ReadAction\",\"target\":[\"https:\/\/www.crea.gov.co\/crea-roma\/circuito-arte-en-la-escuela-2022\/\"]}]},{\"@type\":\"ImageObject\",\"inLanguage\":\"es-CO\",\"@id\":\"https:\/\/www.crea.gov.co\/crea-roma\/circuito-arte-en-la-escuela-2022\/#primaryimage\",\"url\":\"https:\/\/www.crea.gov.co\/crea-roma\/wp-content\/uploads\/sites\/10\/2022\/10\/WhatsApp-Image-2022-10-18-at-10.28.45-AM.jpeg\",\"contentUrl\":\"https:\/\/www.crea.gov.co\/crea-roma\/wp-content\/uploads\/sites\/10\/2022\/10\/WhatsApp-Image-2022-10-18-at-10.28.45-AM.jpeg\",\"width\":1600,\"height\":1200},{\"@type\":\"BreadcrumbList\",\"@id\":\"https:\/\/www.crea.gov.co\/crea-roma\/circuito-arte-en-la-escuela-2022\/#breadcrumb\",\"itemListElement\":[{\"@type\":\"ListItem\",\"position\":1,\"name\":\"Home\",\"item\":\"https:\/\/www.crea.gov.co\/crea-roma\/\"},{\"@type\":\"ListItem\",\"position\":2,\"name\":\"Circuito Arte en la Escuela 2022\"}]},{\"@type\":\"WebSite\",\"@id\":\"https:\/\/www.crea.gov.co\/crea-roma\/#website\",\"url\":\"https:\/\/www.crea.gov.co\/crea-roma\/\",\"name\":\"Crea Roma\",\"description\":\"En Kennedy, rodeado de conjuntos y calles que guardan historias de familias que han crecido en el barrio, este espacio es un lugar donde la creatividad se entrelaza con la vida cotidiana. Aqu\u00ed, los lenguajes art\u00edsticos fortalecen lazos y dan voz a las experiencias de una comunidad que se reconoce en lo colectivo.\",\"potentialAction\":[{\"@type\":\"SearchAction\",\"target\":{\"@type\":\"EntryPoint\",\"urlTemplate\":\"https:\/\/www.crea.gov.co\/crea-roma\/?s={search_term_string}\"},\"query-input\":{\"@type\":\"PropertyValueSpecification\",\"valueRequired\":true,\"valueName\":\"search_term_string\"}}],\"inLanguage\":\"es-CO\"},{\"@type\":\"Person\",\"@id\":\"https:\/\/www.crea.gov.co\/crea-roma\/#\/schema\/person\/21f4af65becded92a4d94437f5b2a956\",\"name\":\"dianahenao\",\"image\":{\"@type\":\"ImageObject\",\"inLanguage\":\"es-CO\",\"@id\":\"https:\/\/www.crea.gov.co\/crea-roma\/#\/schema\/person\/image\/\",\"url\":\"https:\/\/secure.gravatar.com\/avatar\/21a46432310ad2712e5b660e19cb0b22?s=96&d=mm&r=g\",\"contentUrl\":\"https:\/\/secure.gravatar.com\/avatar\/21a46432310ad2712e5b660e19cb0b22?s=96&d=mm&r=g\",\"caption\":\"dianahenao\"},\"url\":\"https:\/\/www.crea.gov.co\/crea-roma\/author\/dianahenao\/\"}]}<\/script>\n<!-- \/ Yoast SEO plugin. -->","yoast_head_json":{"title":"Circuito Arte en la Escuela 2022 - Crea Roma","robots":{"index":"index","follow":"follow","max-snippet":"max-snippet:-1","max-image-preview":"max-image-preview:large","max-video-preview":"max-video-preview:-1"},"canonical":"https:\/\/www.crea.gov.co\/crea-roma\/circuito-arte-en-la-escuela-2022\/","og_locale":"es_ES","og_type":"article","og_title":"Circuito Arte en la Escuela 2022 - Crea Roma","og_description":"Octubre 4, Teatro Jorge Eliecer Gait\u00e1n El Programa Crea celebr\u00f3 con las ni\u00f1as, ni\u00f1os y adolescentes de los colegios que participan en la l\u00ednea Arte en la Escuela, visibilizando la potencia del trabajo que se ha logrado desde las diferentes articulaciones realizadas con las IED en estos 9 a\u00f1os.","og_url":"https:\/\/www.crea.gov.co\/crea-roma\/circuito-arte-en-la-escuela-2022\/","og_site_name":"Crea Roma","article_published_time":"2022-10-18T15:54:20+00:00","article_modified_time":"2022-10-18T15:58:58+00:00","og_image":[{"width":1600,"height":1200,"url":"https:\/\/www.crea.gov.co\/crea-roma\/wp-content\/uploads\/sites\/10\/2022\/10\/WhatsApp-Image-2022-10-18-at-10.28.45-AM.jpeg","type":"image\/jpeg"}],"author":"dianahenao","twitter_card":"summary_large_image","twitter_misc":{"Escrito por":"dianahenao","Tiempo de lectura":"1 minuto"},"schema":{"@context":"https:\/\/schema.org","@graph":[{"@type":"WebPage","@id":"https:\/\/www.crea.gov.co\/crea-roma\/circuito-arte-en-la-escuela-2022\/","url":"https:\/\/www.crea.gov.co\/crea-roma\/circuito-arte-en-la-escuela-2022\/","name":"Circuito Arte en la Escuela 2022 - Crea Roma","isPartOf":{"@id":"https:\/\/www.crea.gov.co\/crea-roma\/#website"},"primaryImageOfPage":{"@id":"https:\/\/www.crea.gov.co\/crea-roma\/circuito-arte-en-la-escuela-2022\/#primaryimage"},"image":{"@id":"https:\/\/www.crea.gov.co\/crea-roma\/circuito-arte-en-la-escuela-2022\/#primaryimage"},"thumbnailUrl":"https:\/\/www.crea.gov.co\/crea-roma\/wp-content\/uploads\/sites\/10\/2022\/10\/WhatsApp-Image-2022-10-18-at-10.28.45-AM.jpeg","datePublished":"2022-10-18T15:54:20+00:00","dateModified":"2022-10-18T15:58:58+00:00","author":{"@id":"https:\/\/www.crea.gov.co\/crea-roma\/#\/schema\/person\/21f4af65becded92a4d94437f5b2a956"},"breadcrumb":{"@id":"https:\/\/www.crea.gov.co\/crea-roma\/circuito-arte-en-la-escuela-2022\/#breadcrumb"},"inLanguage":"es-CO","potentialAction":[{"@type":"ReadAction","target":["https:\/\/www.crea.gov.co\/crea-roma\/circuito-arte-en-la-escuela-2022\/"]}]},{"@type":"ImageObject","inLanguage":"es-CO","@id":"https:\/\/www.crea.gov.co\/crea-roma\/circuito-arte-en-la-escuela-2022\/#primaryimage","url":"https:\/\/www.crea.gov.co\/crea-roma\/wp-content\/uploads\/sites\/10\/2022\/10\/WhatsApp-Image-2022-10-18-at-10.28.45-AM.jpeg","contentUrl":"https:\/\/www.crea.gov.co\/crea-roma\/wp-content\/uploads\/sites\/10\/2022\/10\/WhatsApp-Image-2022-10-18-at-10.28.45-AM.jpeg","width":1600,"height":1200},{"@type":"BreadcrumbList","@id":"https:\/\/www.crea.gov.co\/crea-roma\/circuito-arte-en-la-escuela-2022\/#breadcrumb","itemListElement":[{"@type":"ListItem","position":1,"name":"Home","item":"https:\/\/www.crea.gov.co\/crea-roma\/"},{"@type":"ListItem","position":2,"name":"Circuito Arte en la Escuela 2022"}]},{"@type":"WebSite","@id":"https:\/\/www.crea.gov.co\/crea-roma\/#website","url":"https:\/\/www.crea.gov.co\/crea-roma\/","name":"Crea Roma","description":"En Kennedy, rodeado de conjuntos y calles que guardan historias de familias que han crecido en el barrio, este espacio es un lugar donde la creatividad se entrelaza con la vida cotidiana. Aqu\u00ed, los lenguajes art\u00edsticos fortalecen lazos y dan voz a las experiencias de una comunidad que se reconoce en lo colectivo.","potentialAction":[{"@type":"SearchAction","target":{"@type":"EntryPoint","urlTemplate":"https:\/\/www.crea.gov.co\/crea-roma\/?s={search_term_string}"},"query-input":{"@type":"PropertyValueSpecification","valueRequired":true,"valueName":"search_term_string"}}],"inLanguage":"es-CO"},{"@type":"Person","@id":"https:\/\/www.crea.gov.co\/crea-roma\/#\/schema\/person\/21f4af65becded92a4d94437f5b2a956","name":"dianahenao","image":{"@type":"ImageObject","inLanguage":"es-CO","@id":"https:\/\/www.crea.gov.co\/crea-roma\/#\/schema\/person\/image\/","url":"https:\/\/secure.gravatar.com\/avatar\/21a46432310ad2712e5b660e19cb0b22?s=96&d=mm&r=g","contentUrl":"https:\/\/secure.gravatar.com\/avatar\/21a46432310ad2712e5b660e19cb0b22?s=96&d=mm&r=g","caption":"dianahenao"},"url":"https:\/\/www.crea.gov.co\/crea-roma\/author\/dianahenao\/"}]}},"_links":{"self":[{"href":"https:\/\/www.crea.gov.co\/crea-roma\/wp-json\/wp\/v2\/posts\/607","targetHints":{"allow":["GET"]}}],"collection":[{"href":"https:\/\/www.crea.gov.co\/crea-roma\/wp-json\/wp\/v2\/posts"}],"about":[{"href":"https:\/\/www.crea.gov.co\/crea-roma\/wp-json\/wp\/v2\/types\/post"}],"author":[{"embeddable":true,"href":"https:\/\/www.crea.gov.co\/crea-roma\/wp-json\/wp\/v2\/users\/44"}],"replies":[{"embeddable":true,"href":"https:\/\/www.crea.gov.co\/crea-roma\/wp-json\/wp\/v2\/comments?post=607"}],"version-history":[{"count":4,"href":"https:\/\/www.crea.gov.co\/crea-roma\/wp-json\/wp\/v2\/posts\/607\/revisions"}],"predecessor-version":[{"id":622,"href":"https:\/\/www.crea.gov.co\/crea-roma\/wp-json\/wp\/v2\/posts\/607\/revisions\/622"}],"wp:featuredmedia":[{"embeddable":true,"href":"https:\/\/www.crea.gov.co\/crea-roma\/wp-json\/wp\/v2\/media\/609"}],"wp:attachment":[{"href":"https:\/\/www.crea.gov.co\/crea-roma\/wp-json\/wp\/v2\/media?parent=607"}],"wp:term":[{"taxonomy":"category","embeddable":true,"href":"https:\/\/www.crea.gov.co\/crea-roma\/wp-json\/wp\/v2\/categories?post=607"},{"taxonomy":"post_tag","embeddable":true,"href":"https:\/\/www.crea.gov.co\/crea-roma\/wp-json\/wp\/v2\/tags?post=607"}],"curies":[{"name":"wp","href":"https:\/\/api.w.org\/{rel}","templated":true}]}}