{"id":597,"date":"2022-10-06T15:59:46","date_gmt":"2022-10-06T15:59:46","guid":{"rendered":"https:\/\/www.crea.gov.co\/crea-roma\/?p=597"},"modified":"2022-10-06T16:01:13","modified_gmt":"2022-10-06T16:01:13","slug":"vacaciones-crea-semana-de-receso-escolar-del-10-al-14-de-octubre","status":"publish","type":"post","link":"https:\/\/www.crea.gov.co\/crea-roma\/vacaciones-crea-semana-de-receso-escolar-del-10-al-14-de-octubre\/","title":{"rendered":"Vacaciones Crea: Semana de receso escolar del 10 al 14 de octubre"},"content":{"rendered":"\n<p class=\"has-pale-cyan-blue-background-color has-background\">\ud83e\ude70\ud83c\udfa8\ud83c\udfad Desde el equipo del CREA Roma (Calle 55 Sur No. 79G-09), queremos invitarlos a participar esta semana de receso (del 10 al 14 de octubre) de nuestros talleres de formaci\u00f3n art\u00edstica que son GRATUITOS y est\u00e1n dirigidos a poblaci\u00f3n a partir de los 6 a\u00f1os. Tenemos una oferta muy especial para que te llenes de diversi\u00f3n:<br><em>DANZA \/ TEATRO: TALLER DE CUERPO Lunes a viernes 09:00-11:00<\/em><br><em>LITERATURA \/ TEATRO: CREACI\u00d3N DE PERSONAJES Lunes a viernes 9:00-11:00<\/em><br><em>ARTES PL\u00c1STICAS: MAQUILLAJE ART\u00cdSTICO Lunes a viernes 2:00-4:00<\/em><br><em>M\u00daSICA \/ DANZA: JUEGOS EXPRESIVOS Lunes a viernes 2:00-4:00<\/em><br>Para validar oferta, horarios y realizar el proceso de pre-inscripci\u00f3n, puede consultar en www.crea.gov.co y elegir nuestro CREA en la localidad de Kennedy.<br><\/p>\n\n\n\n<ul class=\"has-vivid-cyan-blue-background-color has-background wp-block-list\"><li>REQUISITOS:<\/li><li>Copia documento de identidad<\/li><li>Copia recibo p\u00fablico 2022 legible<\/li><li>Certificado de afiliaci\u00f3n a EPS o Sisben<\/li><li>Formato uso de imagen para menores de edad (Se entrega en el CREA)_ Horario de atenci\u00f3n al p\u00fablico 8:00 AM a 5:00 PM \ud83c\udfac\ud83e\udd41\ud83c\udfae\ud83d\udcd6<\/li><\/ul>\n\n\n\n<p class=\"has-vivid-purple-background-color has-background\">Tambi\u00e9n le invitamos a conocer m\u00e1s de los procesos que se dan en el Crea Roma en nuestro p\u00e1gina \ud83d\udda5\ufe0f https:\/\/www.crea.gov.co\/crea-roma<\/p>\n","protected":false},"excerpt":{"rendered":"<p>\ud83e\ude70\ud83c\udfa8\ud83c\udfad Desde el equipo del CREA Roma (Calle 55 Sur No. 79G-09), queremos invitarlos a participar esta semana de receso (del 10 al 14 de octubre) de nuestros talleres de formaci\u00f3n art\u00edstica que son GRATUITOS y est\u00e1n dirigidos a poblaci\u00f3n a partir de los 6 a\u00f1os. Tenemos una oferta muy especial para que te llenes [&hellip;]<\/p>\n","protected":false},"author":44,"featured_media":598,"comment_status":"open","ping_status":"open","sticky":false,"template":"","format":"standard","meta":{"footnotes":""},"categories":[1],"tags":[],"class_list":["post-597","post","type-post","status-publish","format-standard","has-post-thumbnail","hentry","category-sin-categoria"],"yoast_head":"<!-- This site is optimized with the Yoast SEO plugin v24.5 - https:\/\/yoast.com\/wordpress\/plugins\/seo\/ -->\n<title>Vacaciones Crea: Semana de receso escolar del 10 al 14 de octubre - Crea Roma<\/title>\n<meta name=\"robots\" content=\"index, follow, max-snippet:-1, max-image-preview:large, max-video-preview:-1\" \/>\n<link rel=\"canonical\" href=\"https:\/\/www.crea.gov.co\/crea-roma\/vacaciones-crea-semana-de-receso-escolar-del-10-al-14-de-octubre\/\" \/>\n<meta property=\"og:locale\" content=\"es_ES\" \/>\n<meta property=\"og:type\" content=\"article\" \/>\n<meta property=\"og:title\" content=\"Vacaciones Crea: Semana de receso escolar del 10 al 14 de octubre - Crea Roma\" \/>\n<meta property=\"og:description\" content=\"\ud83e\ude70\ud83c\udfa8\ud83c\udfad Desde el equipo del CREA Roma (Calle 55 Sur No. 79G-09), queremos invitarlos a participar esta semana de receso (del 10 al 14 de octubre) de nuestros talleres de formaci\u00f3n art\u00edstica que son GRATUITOS y est\u00e1n dirigidos a poblaci\u00f3n a partir de los 6 a\u00f1os. Tenemos una oferta muy especial para que te llenes [&hellip;]\" \/>\n<meta property=\"og:url\" content=\"https:\/\/www.crea.gov.co\/crea-roma\/vacaciones-crea-semana-de-receso-escolar-del-10-al-14-de-octubre\/\" \/>\n<meta property=\"og:site_name\" content=\"Crea Roma\" \/>\n<meta property=\"article:published_time\" content=\"2022-10-06T15:59:46+00:00\" \/>\n<meta property=\"article:modified_time\" content=\"2022-10-06T16:01:13+00:00\" \/>\n<meta property=\"og:image\" content=\"https:\/\/www.crea.gov.co\/crea-roma\/wp-content\/uploads\/sites\/10\/2022\/10\/WhatsApp-Image-2022-09-28-at-9.06.46-PM.jpeg\" \/>\n\t<meta property=\"og:image:width\" content=\"1280\" \/>\n\t<meta property=\"og:image:height\" content=\"1600\" \/>\n\t<meta property=\"og:image:type\" content=\"image\/jpeg\" \/>\n<meta name=\"author\" content=\"dianahenao\" \/>\n<meta name=\"twitter:card\" content=\"summary_large_image\" \/>\n<meta name=\"twitter:label1\" content=\"Escrito por\" \/>\n\t<meta name=\"twitter:data1\" content=\"dianahenao\" \/>\n\t<meta name=\"twitter:label2\" content=\"Tiempo de lectura\" \/>\n\t<meta name=\"twitter:data2\" content=\"1 minuto\" \/>\n<script type=\"application\/ld+json\" class=\"yoast-schema-graph\">{\"@context\":\"https:\/\/schema.org\",\"@graph\":[{\"@type\":\"WebPage\",\"@id\":\"https:\/\/www.crea.gov.co\/crea-roma\/vacaciones-crea-semana-de-receso-escolar-del-10-al-14-de-octubre\/\",\"url\":\"https:\/\/www.crea.gov.co\/crea-roma\/vacaciones-crea-semana-de-receso-escolar-del-10-al-14-de-octubre\/\",\"name\":\"Vacaciones Crea: Semana de receso escolar del 10 al 14 de octubre - Crea Roma\",\"isPartOf\":{\"@id\":\"https:\/\/www.crea.gov.co\/crea-roma\/#website\"},\"primaryImageOfPage\":{\"@id\":\"https:\/\/www.crea.gov.co\/crea-roma\/vacaciones-crea-semana-de-receso-escolar-del-10-al-14-de-octubre\/#primaryimage\"},\"image\":{\"@id\":\"https:\/\/www.crea.gov.co\/crea-roma\/vacaciones-crea-semana-de-receso-escolar-del-10-al-14-de-octubre\/#primaryimage\"},\"thumbnailUrl\":\"https:\/\/www.crea.gov.co\/crea-roma\/wp-content\/uploads\/sites\/10\/2022\/10\/WhatsApp-Image-2022-09-28-at-9.06.46-PM.jpeg\",\"datePublished\":\"2022-10-06T15:59:46+00:00\",\"dateModified\":\"2022-10-06T16:01:13+00:00\",\"author\":{\"@id\":\"https:\/\/www.crea.gov.co\/crea-roma\/#\/schema\/person\/21f4af65becded92a4d94437f5b2a956\"},\"breadcrumb\":{\"@id\":\"https:\/\/www.crea.gov.co\/crea-roma\/vacaciones-crea-semana-de-receso-escolar-del-10-al-14-de-octubre\/#breadcrumb\"},\"inLanguage\":\"es-CO\",\"potentialAction\":[{\"@type\":\"ReadAction\",\"target\":[\"https:\/\/www.crea.gov.co\/crea-roma\/vacaciones-crea-semana-de-receso-escolar-del-10-al-14-de-octubre\/\"]}]},{\"@type\":\"ImageObject\",\"inLanguage\":\"es-CO\",\"@id\":\"https:\/\/www.crea.gov.co\/crea-roma\/vacaciones-crea-semana-de-receso-escolar-del-10-al-14-de-octubre\/#primaryimage\",\"url\":\"https:\/\/www.crea.gov.co\/crea-roma\/wp-content\/uploads\/sites\/10\/2022\/10\/WhatsApp-Image-2022-09-28-at-9.06.46-PM.jpeg\",\"contentUrl\":\"https:\/\/www.crea.gov.co\/crea-roma\/wp-content\/uploads\/sites\/10\/2022\/10\/WhatsApp-Image-2022-09-28-at-9.06.46-PM.jpeg\",\"width\":1280,\"height\":1600},{\"@type\":\"BreadcrumbList\",\"@id\":\"https:\/\/www.crea.gov.co\/crea-roma\/vacaciones-crea-semana-de-receso-escolar-del-10-al-14-de-octubre\/#breadcrumb\",\"itemListElement\":[{\"@type\":\"ListItem\",\"position\":1,\"name\":\"Home\",\"item\":\"https:\/\/www.crea.gov.co\/crea-roma\/\"},{\"@type\":\"ListItem\",\"position\":2,\"name\":\"Vacaciones Crea: Semana de receso escolar del 10 al 14 de octubre\"}]},{\"@type\":\"WebSite\",\"@id\":\"https:\/\/www.crea.gov.co\/crea-roma\/#website\",\"url\":\"https:\/\/www.crea.gov.co\/crea-roma\/\",\"name\":\"Crea Roma\",\"description\":\"En Kennedy, rodeado de conjuntos y calles que guardan historias de familias que han crecido en el barrio, este espacio es un lugar donde la creatividad se entrelaza con la vida cotidiana. Aqu\u00ed, los lenguajes art\u00edsticos fortalecen lazos y dan voz a las experiencias de una comunidad que se reconoce en lo colectivo.\",\"potentialAction\":[{\"@type\":\"SearchAction\",\"target\":{\"@type\":\"EntryPoint\",\"urlTemplate\":\"https:\/\/www.crea.gov.co\/crea-roma\/?s={search_term_string}\"},\"query-input\":{\"@type\":\"PropertyValueSpecification\",\"valueRequired\":true,\"valueName\":\"search_term_string\"}}],\"inLanguage\":\"es-CO\"},{\"@type\":\"Person\",\"@id\":\"https:\/\/www.crea.gov.co\/crea-roma\/#\/schema\/person\/21f4af65becded92a4d94437f5b2a956\",\"name\":\"dianahenao\",\"image\":{\"@type\":\"ImageObject\",\"inLanguage\":\"es-CO\",\"@id\":\"https:\/\/www.crea.gov.co\/crea-roma\/#\/schema\/person\/image\/\",\"url\":\"https:\/\/secure.gravatar.com\/avatar\/21a46432310ad2712e5b660e19cb0b22?s=96&d=mm&r=g\",\"contentUrl\":\"https:\/\/secure.gravatar.com\/avatar\/21a46432310ad2712e5b660e19cb0b22?s=96&d=mm&r=g\",\"caption\":\"dianahenao\"},\"url\":\"https:\/\/www.crea.gov.co\/crea-roma\/author\/dianahenao\/\"}]}<\/script>\n<!-- \/ Yoast SEO plugin. -->","yoast_head_json":{"title":"Vacaciones Crea: Semana de receso escolar del 10 al 14 de octubre - Crea Roma","robots":{"index":"index","follow":"follow","max-snippet":"max-snippet:-1","max-image-preview":"max-image-preview:large","max-video-preview":"max-video-preview:-1"},"canonical":"https:\/\/www.crea.gov.co\/crea-roma\/vacaciones-crea-semana-de-receso-escolar-del-10-al-14-de-octubre\/","og_locale":"es_ES","og_type":"article","og_title":"Vacaciones Crea: Semana de receso escolar del 10 al 14 de octubre - Crea Roma","og_description":"\ud83e\ude70\ud83c\udfa8\ud83c\udfad Desde el equipo del CREA Roma (Calle 55 Sur No. 79G-09), queremos invitarlos a participar esta semana de receso (del 10 al 14 de octubre) de nuestros talleres de formaci\u00f3n art\u00edstica que son GRATUITOS y est\u00e1n dirigidos a poblaci\u00f3n a partir de los 6 a\u00f1os. Tenemos una oferta muy especial para que te llenes [&hellip;]","og_url":"https:\/\/www.crea.gov.co\/crea-roma\/vacaciones-crea-semana-de-receso-escolar-del-10-al-14-de-octubre\/","og_site_name":"Crea Roma","article_published_time":"2022-10-06T15:59:46+00:00","article_modified_time":"2022-10-06T16:01:13+00:00","og_image":[{"width":1280,"height":1600,"url":"https:\/\/www.crea.gov.co\/crea-roma\/wp-content\/uploads\/sites\/10\/2022\/10\/WhatsApp-Image-2022-09-28-at-9.06.46-PM.jpeg","type":"image\/jpeg"}],"author":"dianahenao","twitter_card":"summary_large_image","twitter_misc":{"Escrito por":"dianahenao","Tiempo de lectura":"1 minuto"},"schema":{"@context":"https:\/\/schema.org","@graph":[{"@type":"WebPage","@id":"https:\/\/www.crea.gov.co\/crea-roma\/vacaciones-crea-semana-de-receso-escolar-del-10-al-14-de-octubre\/","url":"https:\/\/www.crea.gov.co\/crea-roma\/vacaciones-crea-semana-de-receso-escolar-del-10-al-14-de-octubre\/","name":"Vacaciones Crea: Semana de receso escolar del 10 al 14 de octubre - Crea Roma","isPartOf":{"@id":"https:\/\/www.crea.gov.co\/crea-roma\/#website"},"primaryImageOfPage":{"@id":"https:\/\/www.crea.gov.co\/crea-roma\/vacaciones-crea-semana-de-receso-escolar-del-10-al-14-de-octubre\/#primaryimage"},"image":{"@id":"https:\/\/www.crea.gov.co\/crea-roma\/vacaciones-crea-semana-de-receso-escolar-del-10-al-14-de-octubre\/#primaryimage"},"thumbnailUrl":"https:\/\/www.crea.gov.co\/crea-roma\/wp-content\/uploads\/sites\/10\/2022\/10\/WhatsApp-Image-2022-09-28-at-9.06.46-PM.jpeg","datePublished":"2022-10-06T15:59:46+00:00","dateModified":"2022-10-06T16:01:13+00:00","author":{"@id":"https:\/\/www.crea.gov.co\/crea-roma\/#\/schema\/person\/21f4af65becded92a4d94437f5b2a956"},"breadcrumb":{"@id":"https:\/\/www.crea.gov.co\/crea-roma\/vacaciones-crea-semana-de-receso-escolar-del-10-al-14-de-octubre\/#breadcrumb"},"inLanguage":"es-CO","potentialAction":[{"@type":"ReadAction","target":["https:\/\/www.crea.gov.co\/crea-roma\/vacaciones-crea-semana-de-receso-escolar-del-10-al-14-de-octubre\/"]}]},{"@type":"ImageObject","inLanguage":"es-CO","@id":"https:\/\/www.crea.gov.co\/crea-roma\/vacaciones-crea-semana-de-receso-escolar-del-10-al-14-de-octubre\/#primaryimage","url":"https:\/\/www.crea.gov.co\/crea-roma\/wp-content\/uploads\/sites\/10\/2022\/10\/WhatsApp-Image-2022-09-28-at-9.06.46-PM.jpeg","contentUrl":"https:\/\/www.crea.gov.co\/crea-roma\/wp-content\/uploads\/sites\/10\/2022\/10\/WhatsApp-Image-2022-09-28-at-9.06.46-PM.jpeg","width":1280,"height":1600},{"@type":"BreadcrumbList","@id":"https:\/\/www.crea.gov.co\/crea-roma\/vacaciones-crea-semana-de-receso-escolar-del-10-al-14-de-octubre\/#breadcrumb","itemListElement":[{"@type":"ListItem","position":1,"name":"Home","item":"https:\/\/www.crea.gov.co\/crea-roma\/"},{"@type":"ListItem","position":2,"name":"Vacaciones Crea: Semana de receso escolar del 10 al 14 de octubre"}]},{"@type":"WebSite","@id":"https:\/\/www.crea.gov.co\/crea-roma\/#website","url":"https:\/\/www.crea.gov.co\/crea-roma\/","name":"Crea Roma","description":"En Kennedy, rodeado de conjuntos y calles que guardan historias de familias que han crecido en el barrio, este espacio es un lugar donde la creatividad se entrelaza con la vida cotidiana. Aqu\u00ed, los lenguajes art\u00edsticos fortalecen lazos y dan voz a las experiencias de una comunidad que se reconoce en lo colectivo.","potentialAction":[{"@type":"SearchAction","target":{"@type":"EntryPoint","urlTemplate":"https:\/\/www.crea.gov.co\/crea-roma\/?s={search_term_string}"},"query-input":{"@type":"PropertyValueSpecification","valueRequired":true,"valueName":"search_term_string"}}],"inLanguage":"es-CO"},{"@type":"Person","@id":"https:\/\/www.crea.gov.co\/crea-roma\/#\/schema\/person\/21f4af65becded92a4d94437f5b2a956","name":"dianahenao","image":{"@type":"ImageObject","inLanguage":"es-CO","@id":"https:\/\/www.crea.gov.co\/crea-roma\/#\/schema\/person\/image\/","url":"https:\/\/secure.gravatar.com\/avatar\/21a46432310ad2712e5b660e19cb0b22?s=96&d=mm&r=g","contentUrl":"https:\/\/secure.gravatar.com\/avatar\/21a46432310ad2712e5b660e19cb0b22?s=96&d=mm&r=g","caption":"dianahenao"},"url":"https:\/\/www.crea.gov.co\/crea-roma\/author\/dianahenao\/"}]}},"_links":{"self":[{"href":"https:\/\/www.crea.gov.co\/crea-roma\/wp-json\/wp\/v2\/posts\/597","targetHints":{"allow":["GET"]}}],"collection":[{"href":"https:\/\/www.crea.gov.co\/crea-roma\/wp-json\/wp\/v2\/posts"}],"about":[{"href":"https:\/\/www.crea.gov.co\/crea-roma\/wp-json\/wp\/v2\/types\/post"}],"author":[{"embeddable":true,"href":"https:\/\/www.crea.gov.co\/crea-roma\/wp-json\/wp\/v2\/users\/44"}],"replies":[{"embeddable":true,"href":"https:\/\/www.crea.gov.co\/crea-roma\/wp-json\/wp\/v2\/comments?post=597"}],"version-history":[{"count":2,"href":"https:\/\/www.crea.gov.co\/crea-roma\/wp-json\/wp\/v2\/posts\/597\/revisions"}],"predecessor-version":[{"id":600,"href":"https:\/\/www.crea.gov.co\/crea-roma\/wp-json\/wp\/v2\/posts\/597\/revisions\/600"}],"wp:featuredmedia":[{"embeddable":true,"href":"https:\/\/www.crea.gov.co\/crea-roma\/wp-json\/wp\/v2\/media\/598"}],"wp:attachment":[{"href":"https:\/\/www.crea.gov.co\/crea-roma\/wp-json\/wp\/v2\/media?parent=597"}],"wp:term":[{"taxonomy":"category","embeddable":true,"href":"https:\/\/www.crea.gov.co\/crea-roma\/wp-json\/wp\/v2\/categories?post=597"},{"taxonomy":"post_tag","embeddable":true,"href":"https:\/\/www.crea.gov.co\/crea-roma\/wp-json\/wp\/v2\/tags?post=597"}],"curies":[{"name":"wp","href":"https:\/\/api.w.org\/{rel}","templated":true}]}}