{"id":55,"date":"2021-08-03T16:09:44","date_gmt":"2021-08-03T16:09:44","guid":{"rendered":"https:\/\/www.crea.gov.co\/crea-roma\/?post_type=news&#038;p=55"},"modified":"2021-08-03T16:44:01","modified_gmt":"2021-08-03T16:44:01","slug":"taller-gratuito-presencial","status":"publish","type":"post","link":"https:\/\/www.crea.gov.co\/crea-roma\/taller-gratuito-presencial\/","title":{"rendered":"Taller Gratuito presencial"},"content":{"rendered":"\n<h3 class=\"has-pale-cyan-blue-background-color has-background has-medium-font-size wp-block-heading\">I<em>NSCRIPCI\u00d3N TALLERES GRATUITOS PRESENCIALES CREA ROMA Para j\u00f3venes entre los 14 y 28 a\u00f1os ARTES PL\u00c1STICAS (Arte Urbano)<\/em><\/h3>\n\n\n\n<p class=\"has-medium-font-size\"><br>La Secretar\u00eda Distrital de Integraci\u00f3n Social y el Programa CREA \u2013 Idartes invitan a j\u00f3venes entre los 14 y 28 a\u00f1os de la localidad de Bosa, especialmente a los que actualmente no est\u00e1n escolarizados ni con vinculaci\u00f3n laboral, a ser parte de los talleres presenciales de creaci\u00f3n y formaci\u00f3n en Artes Pl\u00e1sticas que se desarrollar\u00e1n en el CREA ROMA ubicado en la Calle 55 sur (Av primera de mayo) No. 79G \u2013 09<\/p>\n\n\n\n<figure class=\"wp-block-video\"><video controls src=\"https:\/\/www.crea.gov.co\/crea-roma\/wp-content\/uploads\/sites\/10\/2021\/08\/WhatsApp-Video-2021-08-03-at-10.36.48-AM.mp4\"><\/video><\/figure>\n\n\n\n<div class=\"wp-block-buttons is-layout-flex wp-block-buttons-is-layout-flex\"><\/div>\n\n\n\n<ul class=\"has-medium-font-size wp-block-list\"><li><strong>ARTES PL\u00c1STICAS (Arte Urbano)*<\/strong><br>Todos los _ Martes de 9 am a 12 m_ desde el 27 de julio hasta el 14 de diciembre.<br>Ser\u00e1n 60 horas de formaci\u00f3n que se certifican a los participantes que asistan al menos al 80% del taller.<br>Para completar la inscripci\u00f3n debe diligenciar el siguiente formulario (lea atentamente las instrucciones):<br><br><\/li><\/ul>\n\n\n\n<div class=\"wp-block-buttons is-layout-flex wp-block-buttons-is-layout-flex\">\n<div class=\"wp-block-button is-style-outline is-style-outline--1\"><a class=\"wp-block-button__link has-black-color has-light-green-cyan-background-color has-text-color has-background\" href=\"https:\/\/docs.google.com\/forms\/d\/e\/1FAIpQLSfTCxc7CRvuwdOnDuGuB0h9SODvswkOd2NkZKz7KyfSlWkGOQ\/viewform\" target=\"_blank\" rel=\"https:\/\/docs.google.com\/forms\/d\/e\/1FAIpQLSfTCxc7CRvuwdOnDuGuB0h9SODvswkOd2NkZKz7KyfSlWkGOQ\/viewform noopener\">https:\/\/forms.gle\/gxz2Ev9W6TpdkZCn6<\/a><\/div>\n<\/div>\n\n\n\n<p class=\"has-medium-font-size\">Y luego aportar los siguientes documentos:<br>1.Fotocopia del Documento de identidad 2.Fotocopia de un recibo p\u00fablico (Agua, luz, tel\u00e9fono fijo) 3.Fotocopia carn\u00e9 o certificado de afiliaci\u00f3n a EPS o sisben Adem\u00e1s deber\u00e1 diligenciar un formato de autorizaci\u00f3n de uso de imagen.<br>Nota: Sin estos documentos su inscripci\u00f3n no se har\u00e1 efectiva. Estos deben ser entregados en la primera sesi\u00f3n de trabajo al Artista Formador (tallerista) o previamente en las instalaciones de la Casa de Juventud, o de manera digital a los correos:<br>Artes Pl\u00e1sticas: <strong>elkintorres85@gmail.com<\/strong><br>Con el asunto Inscripci\u00f3n-Roma<\/p>\n\n\n\n<div class=\"wp-block-buttons is-layout-flex wp-block-buttons-is-layout-flex\"><\/div>\n\n\n<ul class=\"wp-block-archives-list wp-block-archives\">\t<li><a href='https:\/\/www.crea.gov.co\/crea-roma\/2026\/04\/'>abril 2026<\/a><\/li>\n\t<li><a href='https:\/\/www.crea.gov.co\/crea-roma\/2026\/03\/'>marzo 2026<\/a><\/li>\n\t<li><a href='https:\/\/www.crea.gov.co\/crea-roma\/2026\/02\/'>febrero 2026<\/a><\/li>\n\t<li><a href='https:\/\/www.crea.gov.co\/crea-roma\/2025\/12\/'>diciembre 2025<\/a><\/li>\n\t<li><a href='https:\/\/www.crea.gov.co\/crea-roma\/2025\/11\/'>noviembre 2025<\/a><\/li>\n\t<li><a href='https:\/\/www.crea.gov.co\/crea-roma\/2025\/10\/'>octubre 2025<\/a><\/li>\n\t<li><a href='https:\/\/www.crea.gov.co\/crea-roma\/2025\/09\/'>septiembre 2025<\/a><\/li>\n\t<li><a href='https:\/\/www.crea.gov.co\/crea-roma\/2025\/08\/'>agosto 2025<\/a><\/li>\n\t<li><a href='https:\/\/www.crea.gov.co\/crea-roma\/2025\/07\/'>julio 2025<\/a><\/li>\n\t<li><a href='https:\/\/www.crea.gov.co\/crea-roma\/2025\/06\/'>junio 2025<\/a><\/li>\n\t<li><a href='https:\/\/www.crea.gov.co\/crea-roma\/2025\/05\/'>mayo 2025<\/a><\/li>\n\t<li><a href='https:\/\/www.crea.gov.co\/crea-roma\/2025\/04\/'>abril 2025<\/a><\/li>\n\t<li><a href='https:\/\/www.crea.gov.co\/crea-roma\/2025\/03\/'>marzo 2025<\/a><\/li>\n\t<li><a href='https:\/\/www.crea.gov.co\/crea-roma\/2025\/02\/'>febrero 2025<\/a><\/li>\n\t<li><a href='https:\/\/www.crea.gov.co\/crea-roma\/2024\/12\/'>diciembre 2024<\/a><\/li>\n\t<li><a href='https:\/\/www.crea.gov.co\/crea-roma\/2024\/11\/'>noviembre 2024<\/a><\/li>\n\t<li><a href='https:\/\/www.crea.gov.co\/crea-roma\/2024\/10\/'>octubre 2024<\/a><\/li>\n\t<li><a href='https:\/\/www.crea.gov.co\/crea-roma\/2024\/09\/'>septiembre 2024<\/a><\/li>\n\t<li><a href='https:\/\/www.crea.gov.co\/crea-roma\/2024\/08\/'>agosto 2024<\/a><\/li>\n\t<li><a href='https:\/\/www.crea.gov.co\/crea-roma\/2024\/07\/'>julio 2024<\/a><\/li>\n\t<li><a href='https:\/\/www.crea.gov.co\/crea-roma\/2024\/06\/'>junio 2024<\/a><\/li>\n\t<li><a href='https:\/\/www.crea.gov.co\/crea-roma\/2024\/05\/'>mayo 2024<\/a><\/li>\n\t<li><a href='https:\/\/www.crea.gov.co\/crea-roma\/2024\/04\/'>abril 2024<\/a><\/li>\n\t<li><a href='https:\/\/www.crea.gov.co\/crea-roma\/2024\/03\/'>marzo 2024<\/a><\/li>\n\t<li><a href='https:\/\/www.crea.gov.co\/crea-roma\/2024\/02\/'>febrero 2024<\/a><\/li>\n\t<li><a href='https:\/\/www.crea.gov.co\/crea-roma\/2023\/12\/'>diciembre 2023<\/a><\/li>\n\t<li><a href='https:\/\/www.crea.gov.co\/crea-roma\/2023\/11\/'>noviembre 2023<\/a><\/li>\n\t<li><a href='https:\/\/www.crea.gov.co\/crea-roma\/2023\/10\/'>octubre 2023<\/a><\/li>\n\t<li><a href='https:\/\/www.crea.gov.co\/crea-roma\/2023\/09\/'>septiembre 2023<\/a><\/li>\n\t<li><a href='https:\/\/www.crea.gov.co\/crea-roma\/2023\/08\/'>agosto 2023<\/a><\/li>\n\t<li><a href='https:\/\/www.crea.gov.co\/crea-roma\/2023\/07\/'>julio 2023<\/a><\/li>\n\t<li><a href='https:\/\/www.crea.gov.co\/crea-roma\/2023\/06\/'>junio 2023<\/a><\/li>\n\t<li><a href='https:\/\/www.crea.gov.co\/crea-roma\/2023\/05\/'>mayo 2023<\/a><\/li>\n\t<li><a href='https:\/\/www.crea.gov.co\/crea-roma\/2023\/04\/'>abril 2023<\/a><\/li>\n\t<li><a href='https:\/\/www.crea.gov.co\/crea-roma\/2023\/03\/'>marzo 2023<\/a><\/li>\n\t<li><a href='https:\/\/www.crea.gov.co\/crea-roma\/2022\/12\/'>diciembre 2022<\/a><\/li>\n\t<li><a href='https:\/\/www.crea.gov.co\/crea-roma\/2022\/11\/'>noviembre 2022<\/a><\/li>\n\t<li><a href='https:\/\/www.crea.gov.co\/crea-roma\/2022\/10\/'>octubre 2022<\/a><\/li>\n\t<li><a href='https:\/\/www.crea.gov.co\/crea-roma\/2022\/09\/'>septiembre 2022<\/a><\/li>\n\t<li><a href='https:\/\/www.crea.gov.co\/crea-roma\/2022\/08\/'>agosto 2022<\/a><\/li>\n\t<li><a href='https:\/\/www.crea.gov.co\/crea-roma\/2022\/07\/'>julio 2022<\/a><\/li>\n\t<li><a href='https:\/\/www.crea.gov.co\/crea-roma\/2022\/06\/'>junio 2022<\/a><\/li>\n\t<li><a href='https:\/\/www.crea.gov.co\/crea-roma\/2022\/05\/'>mayo 2022<\/a><\/li>\n\t<li><a href='https:\/\/www.crea.gov.co\/crea-roma\/2022\/04\/'>abril 2022<\/a><\/li>\n\t<li><a href='https:\/\/www.crea.gov.co\/crea-roma\/2022\/03\/'>marzo 2022<\/a><\/li>\n\t<li><a href='https:\/\/www.crea.gov.co\/crea-roma\/2022\/02\/'>febrero 2022<\/a><\/li>\n\t<li><a href='https:\/\/www.crea.gov.co\/crea-roma\/2021\/12\/'>diciembre 2021<\/a><\/li>\n\t<li><a href='https:\/\/www.crea.gov.co\/crea-roma\/2021\/11\/'>noviembre 2021<\/a><\/li>\n\t<li><a href='https:\/\/www.crea.gov.co\/crea-roma\/2021\/10\/'>octubre 2021<\/a><\/li>\n\t<li><a href='https:\/\/www.crea.gov.co\/crea-roma\/2021\/09\/'>septiembre 2021<\/a><\/li>\n\t<li><a href='https:\/\/www.crea.gov.co\/crea-roma\/2021\/08\/'>agosto 2021<\/a><\/li>\n\t<li><a href='https:\/\/www.crea.gov.co\/crea-roma\/2021\/07\/'>julio 2021<\/a><\/li>\n<\/ul>","protected":false},"excerpt":{"rendered":"<p>INSCRIPCI\u00d3N TALLERES GRATUITOS PRESENCIALES CREA ROMA Para j\u00f3venes entre los 14 y 28 a\u00f1os ARTES PL\u00c1STICAS (Arte Urbano) La Secretar\u00eda Distrital de Integraci\u00f3n Social y el Programa CREA \u2013 Idartes invitan a j\u00f3venes entre los 14 y 28 a\u00f1os de la localidad de Bosa, especialmente a los que actualmente no est\u00e1n escolarizados ni con vinculaci\u00f3n [&hellip;]<\/p>\n","protected":false},"author":44,"featured_media":60,"comment_status":"open","ping_status":"closed","sticky":false,"template":"","format":"standard","meta":{"footnotes":""},"categories":[],"tags":[],"class_list":["post-55","post","type-post","status-publish","format-standard","has-post-thumbnail","hentry"],"yoast_head":"<!-- This site is optimized with the Yoast SEO plugin v24.5 - https:\/\/yoast.com\/wordpress\/plugins\/seo\/ -->\n<title>Taller Gratuito presencial - Crea Roma<\/title>\n<meta name=\"robots\" content=\"index, follow, max-snippet:-1, max-image-preview:large, max-video-preview:-1\" \/>\n<link rel=\"canonical\" href=\"https:\/\/www.crea.gov.co\/crea-roma\/taller-gratuito-presencial\/\" \/>\n<meta property=\"og:locale\" content=\"es_ES\" \/>\n<meta property=\"og:type\" content=\"article\" \/>\n<meta property=\"og:title\" content=\"Taller Gratuito presencial - Crea Roma\" \/>\n<meta property=\"og:description\" content=\"INSCRIPCI\u00d3N TALLERES GRATUITOS PRESENCIALES CREA ROMA Para j\u00f3venes entre los 14 y 28 a\u00f1os ARTES PL\u00c1STICAS (Arte Urbano) La Secretar\u00eda Distrital de Integraci\u00f3n Social y el Programa CREA \u2013 Idartes invitan a j\u00f3venes entre los 14 y 28 a\u00f1os de la localidad de Bosa, especialmente a los que actualmente no est\u00e1n escolarizados ni con vinculaci\u00f3n [&hellip;]\" \/>\n<meta property=\"og:url\" content=\"https:\/\/www.crea.gov.co\/crea-roma\/taller-gratuito-presencial\/\" \/>\n<meta property=\"og:site_name\" content=\"Crea Roma\" \/>\n<meta property=\"article:published_time\" content=\"2021-08-03T16:09:44+00:00\" \/>\n<meta property=\"article:modified_time\" content=\"2021-08-03T16:44:01+00:00\" \/>\n<meta property=\"og:image\" content=\"https:\/\/www.crea.gov.co\/crea-roma\/wp-content\/uploads\/sites\/10\/2021\/08\/ALERTA.jpg\" \/>\n\t<meta property=\"og:image:width\" content=\"1280\" \/>\n\t<meta property=\"og:image:height\" content=\"720\" \/>\n\t<meta property=\"og:image:type\" content=\"image\/jpeg\" \/>\n<meta name=\"author\" content=\"dianahenao\" \/>\n<meta name=\"twitter:card\" content=\"summary_large_image\" \/>\n<meta name=\"twitter:label1\" content=\"Escrito por\" \/>\n\t<meta name=\"twitter:data1\" content=\"dianahenao\" \/>\n\t<meta name=\"twitter:label2\" content=\"Tiempo de lectura\" \/>\n\t<meta name=\"twitter:data2\" content=\"1 minuto\" \/>\n<script type=\"application\/ld+json\" class=\"yoast-schema-graph\">{\"@context\":\"https:\/\/schema.org\",\"@graph\":[{\"@type\":\"WebPage\",\"@id\":\"https:\/\/www.crea.gov.co\/crea-roma\/taller-gratuito-presencial\/\",\"url\":\"https:\/\/www.crea.gov.co\/crea-roma\/taller-gratuito-presencial\/\",\"name\":\"Taller Gratuito presencial - Crea Roma\",\"isPartOf\":{\"@id\":\"https:\/\/www.crea.gov.co\/crea-roma\/#website\"},\"primaryImageOfPage\":{\"@id\":\"https:\/\/www.crea.gov.co\/crea-roma\/taller-gratuito-presencial\/#primaryimage\"},\"image\":{\"@id\":\"https:\/\/www.crea.gov.co\/crea-roma\/taller-gratuito-presencial\/#primaryimage\"},\"thumbnailUrl\":\"https:\/\/www.crea.gov.co\/crea-roma\/wp-content\/uploads\/sites\/10\/2021\/08\/ALERTA.jpg\",\"datePublished\":\"2021-08-03T16:09:44+00:00\",\"dateModified\":\"2021-08-03T16:44:01+00:00\",\"author\":{\"@id\":\"https:\/\/www.crea.gov.co\/crea-roma\/#\/schema\/person\/21f4af65becded92a4d94437f5b2a956\"},\"breadcrumb\":{\"@id\":\"https:\/\/www.crea.gov.co\/crea-roma\/taller-gratuito-presencial\/#breadcrumb\"},\"inLanguage\":\"es-CO\",\"potentialAction\":[{\"@type\":\"ReadAction\",\"target\":[\"https:\/\/www.crea.gov.co\/crea-roma\/taller-gratuito-presencial\/\"]}]},{\"@type\":\"ImageObject\",\"inLanguage\":\"es-CO\",\"@id\":\"https:\/\/www.crea.gov.co\/crea-roma\/taller-gratuito-presencial\/#primaryimage\",\"url\":\"https:\/\/www.crea.gov.co\/crea-roma\/wp-content\/uploads\/sites\/10\/2021\/08\/ALERTA.jpg\",\"contentUrl\":\"https:\/\/www.crea.gov.co\/crea-roma\/wp-content\/uploads\/sites\/10\/2021\/08\/ALERTA.jpg\",\"width\":1280,\"height\":720},{\"@type\":\"BreadcrumbList\",\"@id\":\"https:\/\/www.crea.gov.co\/crea-roma\/taller-gratuito-presencial\/#breadcrumb\",\"itemListElement\":[{\"@type\":\"ListItem\",\"position\":1,\"name\":\"Home\",\"item\":\"https:\/\/www.crea.gov.co\/crea-roma\/\"},{\"@type\":\"ListItem\",\"position\":2,\"name\":\"Taller Gratuito presencial\"}]},{\"@type\":\"WebSite\",\"@id\":\"https:\/\/www.crea.gov.co\/crea-roma\/#website\",\"url\":\"https:\/\/www.crea.gov.co\/crea-roma\/\",\"name\":\"Crea Roma\",\"description\":\"En Kennedy, rodeado de conjuntos y calles que guardan historias de familias que han crecido en el barrio, este espacio es un lugar donde la creatividad se entrelaza con la vida cotidiana. Aqu\u00ed, los lenguajes art\u00edsticos fortalecen lazos y dan voz a las experiencias de una comunidad que se reconoce en lo colectivo.\",\"potentialAction\":[{\"@type\":\"SearchAction\",\"target\":{\"@type\":\"EntryPoint\",\"urlTemplate\":\"https:\/\/www.crea.gov.co\/crea-roma\/?s={search_term_string}\"},\"query-input\":{\"@type\":\"PropertyValueSpecification\",\"valueRequired\":true,\"valueName\":\"search_term_string\"}}],\"inLanguage\":\"es-CO\"},{\"@type\":\"Person\",\"@id\":\"https:\/\/www.crea.gov.co\/crea-roma\/#\/schema\/person\/21f4af65becded92a4d94437f5b2a956\",\"name\":\"dianahenao\",\"image\":{\"@type\":\"ImageObject\",\"inLanguage\":\"es-CO\",\"@id\":\"https:\/\/www.crea.gov.co\/crea-roma\/#\/schema\/person\/image\/\",\"url\":\"https:\/\/secure.gravatar.com\/avatar\/21a46432310ad2712e5b660e19cb0b22?s=96&d=mm&r=g\",\"contentUrl\":\"https:\/\/secure.gravatar.com\/avatar\/21a46432310ad2712e5b660e19cb0b22?s=96&d=mm&r=g\",\"caption\":\"dianahenao\"},\"url\":\"https:\/\/www.crea.gov.co\/crea-roma\/author\/dianahenao\/\"}]}<\/script>\n<!-- \/ Yoast SEO plugin. -->","yoast_head_json":{"title":"Taller Gratuito presencial - Crea Roma","robots":{"index":"index","follow":"follow","max-snippet":"max-snippet:-1","max-image-preview":"max-image-preview:large","max-video-preview":"max-video-preview:-1"},"canonical":"https:\/\/www.crea.gov.co\/crea-roma\/taller-gratuito-presencial\/","og_locale":"es_ES","og_type":"article","og_title":"Taller Gratuito presencial - Crea Roma","og_description":"INSCRIPCI\u00d3N TALLERES GRATUITOS PRESENCIALES CREA ROMA Para j\u00f3venes entre los 14 y 28 a\u00f1os ARTES PL\u00c1STICAS (Arte Urbano) La Secretar\u00eda Distrital de Integraci\u00f3n Social y el Programa CREA \u2013 Idartes invitan a j\u00f3venes entre los 14 y 28 a\u00f1os de la localidad de Bosa, especialmente a los que actualmente no est\u00e1n escolarizados ni con vinculaci\u00f3n [&hellip;]","og_url":"https:\/\/www.crea.gov.co\/crea-roma\/taller-gratuito-presencial\/","og_site_name":"Crea Roma","article_published_time":"2021-08-03T16:09:44+00:00","article_modified_time":"2021-08-03T16:44:01+00:00","og_image":[{"width":1280,"height":720,"url":"https:\/\/www.crea.gov.co\/crea-roma\/wp-content\/uploads\/sites\/10\/2021\/08\/ALERTA.jpg","type":"image\/jpeg"}],"author":"dianahenao","twitter_card":"summary_large_image","twitter_misc":{"Escrito por":"dianahenao","Tiempo de lectura":"1 minuto"},"schema":{"@context":"https:\/\/schema.org","@graph":[{"@type":"WebPage","@id":"https:\/\/www.crea.gov.co\/crea-roma\/taller-gratuito-presencial\/","url":"https:\/\/www.crea.gov.co\/crea-roma\/taller-gratuito-presencial\/","name":"Taller Gratuito presencial - Crea Roma","isPartOf":{"@id":"https:\/\/www.crea.gov.co\/crea-roma\/#website"},"primaryImageOfPage":{"@id":"https:\/\/www.crea.gov.co\/crea-roma\/taller-gratuito-presencial\/#primaryimage"},"image":{"@id":"https:\/\/www.crea.gov.co\/crea-roma\/taller-gratuito-presencial\/#primaryimage"},"thumbnailUrl":"https:\/\/www.crea.gov.co\/crea-roma\/wp-content\/uploads\/sites\/10\/2021\/08\/ALERTA.jpg","datePublished":"2021-08-03T16:09:44+00:00","dateModified":"2021-08-03T16:44:01+00:00","author":{"@id":"https:\/\/www.crea.gov.co\/crea-roma\/#\/schema\/person\/21f4af65becded92a4d94437f5b2a956"},"breadcrumb":{"@id":"https:\/\/www.crea.gov.co\/crea-roma\/taller-gratuito-presencial\/#breadcrumb"},"inLanguage":"es-CO","potentialAction":[{"@type":"ReadAction","target":["https:\/\/www.crea.gov.co\/crea-roma\/taller-gratuito-presencial\/"]}]},{"@type":"ImageObject","inLanguage":"es-CO","@id":"https:\/\/www.crea.gov.co\/crea-roma\/taller-gratuito-presencial\/#primaryimage","url":"https:\/\/www.crea.gov.co\/crea-roma\/wp-content\/uploads\/sites\/10\/2021\/08\/ALERTA.jpg","contentUrl":"https:\/\/www.crea.gov.co\/crea-roma\/wp-content\/uploads\/sites\/10\/2021\/08\/ALERTA.jpg","width":1280,"height":720},{"@type":"BreadcrumbList","@id":"https:\/\/www.crea.gov.co\/crea-roma\/taller-gratuito-presencial\/#breadcrumb","itemListElement":[{"@type":"ListItem","position":1,"name":"Home","item":"https:\/\/www.crea.gov.co\/crea-roma\/"},{"@type":"ListItem","position":2,"name":"Taller Gratuito presencial"}]},{"@type":"WebSite","@id":"https:\/\/www.crea.gov.co\/crea-roma\/#website","url":"https:\/\/www.crea.gov.co\/crea-roma\/","name":"Crea Roma","description":"En Kennedy, rodeado de conjuntos y calles que guardan historias de familias que han crecido en el barrio, este espacio es un lugar donde la creatividad se entrelaza con la vida cotidiana. Aqu\u00ed, los lenguajes art\u00edsticos fortalecen lazos y dan voz a las experiencias de una comunidad que se reconoce en lo colectivo.","potentialAction":[{"@type":"SearchAction","target":{"@type":"EntryPoint","urlTemplate":"https:\/\/www.crea.gov.co\/crea-roma\/?s={search_term_string}"},"query-input":{"@type":"PropertyValueSpecification","valueRequired":true,"valueName":"search_term_string"}}],"inLanguage":"es-CO"},{"@type":"Person","@id":"https:\/\/www.crea.gov.co\/crea-roma\/#\/schema\/person\/21f4af65becded92a4d94437f5b2a956","name":"dianahenao","image":{"@type":"ImageObject","inLanguage":"es-CO","@id":"https:\/\/www.crea.gov.co\/crea-roma\/#\/schema\/person\/image\/","url":"https:\/\/secure.gravatar.com\/avatar\/21a46432310ad2712e5b660e19cb0b22?s=96&d=mm&r=g","contentUrl":"https:\/\/secure.gravatar.com\/avatar\/21a46432310ad2712e5b660e19cb0b22?s=96&d=mm&r=g","caption":"dianahenao"},"url":"https:\/\/www.crea.gov.co\/crea-roma\/author\/dianahenao\/"}]}},"_links":{"self":[{"href":"https:\/\/www.crea.gov.co\/crea-roma\/wp-json\/wp\/v2\/posts\/55","targetHints":{"allow":["GET"]}}],"collection":[{"href":"https:\/\/www.crea.gov.co\/crea-roma\/wp-json\/wp\/v2\/posts"}],"about":[{"href":"https:\/\/www.crea.gov.co\/crea-roma\/wp-json\/wp\/v2\/types\/post"}],"author":[{"embeddable":true,"href":"https:\/\/www.crea.gov.co\/crea-roma\/wp-json\/wp\/v2\/users\/44"}],"replies":[{"embeddable":true,"href":"https:\/\/www.crea.gov.co\/crea-roma\/wp-json\/wp\/v2\/comments?post=55"}],"version-history":[{"count":0,"href":"https:\/\/www.crea.gov.co\/crea-roma\/wp-json\/wp\/v2\/posts\/55\/revisions"}],"wp:featuredmedia":[{"embeddable":true,"href":"https:\/\/www.crea.gov.co\/crea-roma\/wp-json\/wp\/v2\/media\/60"}],"wp:attachment":[{"href":"https:\/\/www.crea.gov.co\/crea-roma\/wp-json\/wp\/v2\/media?parent=55"}],"wp:term":[{"taxonomy":"category","embeddable":true,"href":"https:\/\/www.crea.gov.co\/crea-roma\/wp-json\/wp\/v2\/categories?post=55"},{"taxonomy":"post_tag","embeddable":true,"href":"https:\/\/www.crea.gov.co\/crea-roma\/wp-json\/wp\/v2\/tags?post=55"}],"curies":[{"name":"wp","href":"https:\/\/api.w.org\/{rel}","templated":true}]}}