{"id":548,"date":"2022-09-27T02:00:20","date_gmt":"2022-09-27T02:00:20","guid":{"rendered":"https:\/\/www.crea.gov.co\/crea-roma\/?p=548"},"modified":"2022-09-27T02:00:20","modified_gmt":"2022-09-27T02:00:20","slug":"ecosistemas-3-aprender-hace-parte-de-ensenar","status":"publish","type":"post","link":"https:\/\/www.crea.gov.co\/crea-roma\/ecosistemas-3-aprender-hace-parte-de-ensenar\/","title":{"rendered":"Ecosistemas 3: Aprender hace parte de ense\u00f1ar"},"content":{"rendered":"\n<p>En #CreaRoma vivimos #Ecosistemas3 viviendo una importante experiencia para los grupos de octavos y segundo de la IED Villas del Progreso que const\u00f3 de dos momentos. El primero en el que los ni\u00f1os y ni\u00f1as de segundo eran los tutores o l\u00edderes\u00a0para la construcci\u00f3n de un personaje en duplas o tr\u00edos con los participantes de octavo. Todos aportaban desde sus gustos e intereses en la creaci\u00f3n. Se propici\u00f3 el di\u00e1logo para llegar a acuerdos y poder determinar tareas en cada grupo.<\/p>\n\n\n\n<p>En el segundo momento, se cambiaron los roles y fueron los chicos y chicas de grado octavo quienes dirigieron esta sensibilizaci\u00f3n a trav\u00e9s de cada instrumento en el que le mostraban a cada uno de ellos su funcionamiento. Los ni\u00f1os y ni\u00f1as de segundo mantuvieron una actitud alegre y de curiosidad ante esta nueva experiencia. Finalmente, se dio un momento de reflexi\u00f3n sobre lo sucedido en esta sesi\u00f3n y una de las cosas que m\u00e1s se destacaron fue la posibilidad de poder ense\u00f1ar eso que han aprendido en su proceso dentro del CREA y c\u00f3mo dentro de este taller se hacen conscientes de ello.\u00a0<\/p>\n\n\n\n<figure class=\"wp-block-gallery has-nested-images columns-default is-cropped wp-block-gallery-1 is-layout-flex wp-block-gallery-is-layout-flex\">\n<figure class=\"wp-block-image size-large\"><img loading=\"lazy\" decoding=\"async\" width=\"1024\" height=\"576\" data-id=\"549\" src=\"https:\/\/www.crea.gov.co\/crea-roma\/wp-content\/uploads\/sites\/10\/2022\/09\/WhatsApp-Image-2022-09-15-at-5.57.11-PM-1024x576.jpeg\" alt=\"\" class=\"wp-image-549\" srcset=\"https:\/\/www.crea.gov.co\/crea-roma\/wp-content\/uploads\/sites\/10\/2022\/09\/WhatsApp-Image-2022-09-15-at-5.57.11-PM-1024x576.jpeg 1024w, https:\/\/www.crea.gov.co\/crea-roma\/wp-content\/uploads\/sites\/10\/2022\/09\/WhatsApp-Image-2022-09-15-at-5.57.11-PM-300x169.jpeg 300w, https:\/\/www.crea.gov.co\/crea-roma\/wp-content\/uploads\/sites\/10\/2022\/09\/WhatsApp-Image-2022-09-15-at-5.57.11-PM-768x432.jpeg 768w, https:\/\/www.crea.gov.co\/crea-roma\/wp-content\/uploads\/sites\/10\/2022\/09\/WhatsApp-Image-2022-09-15-at-5.57.11-PM-1536x864.jpeg 1536w, https:\/\/www.crea.gov.co\/crea-roma\/wp-content\/uploads\/sites\/10\/2022\/09\/WhatsApp-Image-2022-09-15-at-5.57.11-PM.jpeg 1600w\" sizes=\"auto, (max-width: 1024px) 100vw, 1024px\" \/><\/figure>\n<\/figure>\n\n\n\n<p class=\"has-pale-cyan-blue-background-color has-background\"><strong>Participantes:&nbsp;<\/strong>802 JT Sede B y 202 JT Sede B<\/p>\n\n\n\n<p class=\"has-vivid-cyan-blue-background-color has-background\"><strong>Artistas Formadores:\u00a0<\/strong>Andr\u00e9s Ordo\u00f1ez (M\u00fasica) y Lina Mar\u00eda Rodr\u00edguez Campos (Literatura)<\/p>\n\n\n\n<figure class=\"wp-block-video\"><video controls src=\"https:\/\/www.crea.gov.co\/crea-roma\/wp-content\/uploads\/sites\/10\/2022\/09\/WhatsApp-Video-2022-09-15-at-5.57.32-PM.mp4\"><\/video><\/figure>\n\n\n\n<figure class=\"wp-block-video\"><video controls src=\"https:\/\/www.crea.gov.co\/crea-roma\/wp-content\/uploads\/sites\/10\/2022\/09\/WhatsApp-Video-2022-09-15-at-5.17.13-PM.mp4\"><\/video><\/figure>\n\n\n\n<figure class=\"wp-block-gallery has-nested-images columns-default is-cropped wp-block-gallery-2 is-layout-flex wp-block-gallery-is-layout-flex\"><\/figure>\n","protected":false},"excerpt":{"rendered":"<p>En #CreaRoma vivimos #Ecosistemas3 viviendo una importante experiencia para los grupos de octavos y segundo de la IED Villas del Progreso que const\u00f3 de dos momentos. El primero en el que los ni\u00f1os y ni\u00f1as de segundo eran los tutores o l\u00edderes\u00a0para la construcci\u00f3n de un personaje en duplas o tr\u00edos con los participantes de [&hellip;]<\/p>\n","protected":false},"author":44,"featured_media":550,"comment_status":"open","ping_status":"open","sticky":false,"template":"","format":"standard","meta":{"footnotes":""},"categories":[1],"tags":[],"class_list":["post-548","post","type-post","status-publish","format-standard","has-post-thumbnail","hentry","category-sin-categoria"],"yoast_head":"<!-- This site is optimized with the Yoast SEO plugin v24.5 - https:\/\/yoast.com\/wordpress\/plugins\/seo\/ -->\n<title>Ecosistemas 3: Aprender hace parte de ense\u00f1ar - Crea Roma<\/title>\n<meta name=\"robots\" content=\"index, follow, max-snippet:-1, max-image-preview:large, max-video-preview:-1\" \/>\n<link rel=\"canonical\" href=\"https:\/\/www.crea.gov.co\/crea-roma\/ecosistemas-3-aprender-hace-parte-de-ensenar\/\" \/>\n<meta property=\"og:locale\" content=\"es_ES\" \/>\n<meta property=\"og:type\" content=\"article\" \/>\n<meta property=\"og:title\" content=\"Ecosistemas 3: Aprender hace parte de ense\u00f1ar - Crea Roma\" \/>\n<meta property=\"og:description\" content=\"En #CreaRoma vivimos #Ecosistemas3 viviendo una importante experiencia para los grupos de octavos y segundo de la IED Villas del Progreso que const\u00f3 de dos momentos. El primero en el que los ni\u00f1os y ni\u00f1as de segundo eran los tutores o l\u00edderes\u00a0para la construcci\u00f3n de un personaje en duplas o tr\u00edos con los participantes de [&hellip;]\" \/>\n<meta property=\"og:url\" content=\"https:\/\/www.crea.gov.co\/crea-roma\/ecosistemas-3-aprender-hace-parte-de-ensenar\/\" \/>\n<meta property=\"og:site_name\" content=\"Crea Roma\" \/>\n<meta property=\"article:published_time\" content=\"2022-09-27T02:00:20+00:00\" \/>\n<meta property=\"og:image\" content=\"https:\/\/www.crea.gov.co\/crea-roma\/wp-content\/uploads\/sites\/10\/2022\/09\/WhatsApp-Image-2022-09-15-at-5.57.11-PM-1.jpeg\" \/>\n\t<meta property=\"og:image:width\" content=\"1600\" \/>\n\t<meta property=\"og:image:height\" content=\"900\" \/>\n\t<meta property=\"og:image:type\" content=\"image\/jpeg\" \/>\n<meta name=\"author\" content=\"dianahenao\" \/>\n<meta name=\"twitter:card\" content=\"summary_large_image\" \/>\n<meta name=\"twitter:label1\" content=\"Escrito por\" \/>\n\t<meta name=\"twitter:data1\" content=\"dianahenao\" \/>\n\t<meta name=\"twitter:label2\" content=\"Tiempo de lectura\" \/>\n\t<meta name=\"twitter:data2\" content=\"2 minutos\" \/>\n<script type=\"application\/ld+json\" class=\"yoast-schema-graph\">{\"@context\":\"https:\/\/schema.org\",\"@graph\":[{\"@type\":\"WebPage\",\"@id\":\"https:\/\/www.crea.gov.co\/crea-roma\/ecosistemas-3-aprender-hace-parte-de-ensenar\/\",\"url\":\"https:\/\/www.crea.gov.co\/crea-roma\/ecosistemas-3-aprender-hace-parte-de-ensenar\/\",\"name\":\"Ecosistemas 3: Aprender hace parte de ense\u00f1ar - Crea Roma\",\"isPartOf\":{\"@id\":\"https:\/\/www.crea.gov.co\/crea-roma\/#website\"},\"primaryImageOfPage\":{\"@id\":\"https:\/\/www.crea.gov.co\/crea-roma\/ecosistemas-3-aprender-hace-parte-de-ensenar\/#primaryimage\"},\"image\":{\"@id\":\"https:\/\/www.crea.gov.co\/crea-roma\/ecosistemas-3-aprender-hace-parte-de-ensenar\/#primaryimage\"},\"thumbnailUrl\":\"https:\/\/www.crea.gov.co\/crea-roma\/wp-content\/uploads\/sites\/10\/2022\/09\/WhatsApp-Image-2022-09-15-at-5.57.11-PM-1.jpeg\",\"datePublished\":\"2022-09-27T02:00:20+00:00\",\"author\":{\"@id\":\"https:\/\/www.crea.gov.co\/crea-roma\/#\/schema\/person\/21f4af65becded92a4d94437f5b2a956\"},\"breadcrumb\":{\"@id\":\"https:\/\/www.crea.gov.co\/crea-roma\/ecosistemas-3-aprender-hace-parte-de-ensenar\/#breadcrumb\"},\"inLanguage\":\"es-CO\",\"potentialAction\":[{\"@type\":\"ReadAction\",\"target\":[\"https:\/\/www.crea.gov.co\/crea-roma\/ecosistemas-3-aprender-hace-parte-de-ensenar\/\"]}]},{\"@type\":\"ImageObject\",\"inLanguage\":\"es-CO\",\"@id\":\"https:\/\/www.crea.gov.co\/crea-roma\/ecosistemas-3-aprender-hace-parte-de-ensenar\/#primaryimage\",\"url\":\"https:\/\/www.crea.gov.co\/crea-roma\/wp-content\/uploads\/sites\/10\/2022\/09\/WhatsApp-Image-2022-09-15-at-5.57.11-PM-1.jpeg\",\"contentUrl\":\"https:\/\/www.crea.gov.co\/crea-roma\/wp-content\/uploads\/sites\/10\/2022\/09\/WhatsApp-Image-2022-09-15-at-5.57.11-PM-1.jpeg\",\"width\":1600,\"height\":900},{\"@type\":\"BreadcrumbList\",\"@id\":\"https:\/\/www.crea.gov.co\/crea-roma\/ecosistemas-3-aprender-hace-parte-de-ensenar\/#breadcrumb\",\"itemListElement\":[{\"@type\":\"ListItem\",\"position\":1,\"name\":\"Home\",\"item\":\"https:\/\/www.crea.gov.co\/crea-roma\/\"},{\"@type\":\"ListItem\",\"position\":2,\"name\":\"Ecosistemas 3: Aprender hace parte de ense\u00f1ar\"}]},{\"@type\":\"WebSite\",\"@id\":\"https:\/\/www.crea.gov.co\/crea-roma\/#website\",\"url\":\"https:\/\/www.crea.gov.co\/crea-roma\/\",\"name\":\"Crea Roma\",\"description\":\"En Kennedy, rodeado de conjuntos y calles que guardan historias de familias que han crecido en el barrio, este espacio es un lugar donde la creatividad se entrelaza con la vida cotidiana. Aqu\u00ed, los lenguajes art\u00edsticos fortalecen lazos y dan voz a las experiencias de una comunidad que se reconoce en lo colectivo.\",\"potentialAction\":[{\"@type\":\"SearchAction\",\"target\":{\"@type\":\"EntryPoint\",\"urlTemplate\":\"https:\/\/www.crea.gov.co\/crea-roma\/?s={search_term_string}\"},\"query-input\":{\"@type\":\"PropertyValueSpecification\",\"valueRequired\":true,\"valueName\":\"search_term_string\"}}],\"inLanguage\":\"es-CO\"},{\"@type\":\"Person\",\"@id\":\"https:\/\/www.crea.gov.co\/crea-roma\/#\/schema\/person\/21f4af65becded92a4d94437f5b2a956\",\"name\":\"dianahenao\",\"image\":{\"@type\":\"ImageObject\",\"inLanguage\":\"es-CO\",\"@id\":\"https:\/\/www.crea.gov.co\/crea-roma\/#\/schema\/person\/image\/\",\"url\":\"https:\/\/secure.gravatar.com\/avatar\/21a46432310ad2712e5b660e19cb0b22?s=96&d=mm&r=g\",\"contentUrl\":\"https:\/\/secure.gravatar.com\/avatar\/21a46432310ad2712e5b660e19cb0b22?s=96&d=mm&r=g\",\"caption\":\"dianahenao\"},\"url\":\"https:\/\/www.crea.gov.co\/crea-roma\/author\/dianahenao\/\"}]}<\/script>\n<!-- \/ Yoast SEO plugin. -->","yoast_head_json":{"title":"Ecosistemas 3: Aprender hace parte de ense\u00f1ar - Crea Roma","robots":{"index":"index","follow":"follow","max-snippet":"max-snippet:-1","max-image-preview":"max-image-preview:large","max-video-preview":"max-video-preview:-1"},"canonical":"https:\/\/www.crea.gov.co\/crea-roma\/ecosistemas-3-aprender-hace-parte-de-ensenar\/","og_locale":"es_ES","og_type":"article","og_title":"Ecosistemas 3: Aprender hace parte de ense\u00f1ar - Crea Roma","og_description":"En #CreaRoma vivimos #Ecosistemas3 viviendo una importante experiencia para los grupos de octavos y segundo de la IED Villas del Progreso que const\u00f3 de dos momentos. El primero en el que los ni\u00f1os y ni\u00f1as de segundo eran los tutores o l\u00edderes\u00a0para la construcci\u00f3n de un personaje en duplas o tr\u00edos con los participantes de [&hellip;]","og_url":"https:\/\/www.crea.gov.co\/crea-roma\/ecosistemas-3-aprender-hace-parte-de-ensenar\/","og_site_name":"Crea Roma","article_published_time":"2022-09-27T02:00:20+00:00","og_image":[{"width":1600,"height":900,"url":"https:\/\/www.crea.gov.co\/crea-roma\/wp-content\/uploads\/sites\/10\/2022\/09\/WhatsApp-Image-2022-09-15-at-5.57.11-PM-1.jpeg","type":"image\/jpeg"}],"author":"dianahenao","twitter_card":"summary_large_image","twitter_misc":{"Escrito por":"dianahenao","Tiempo de lectura":"2 minutos"},"schema":{"@context":"https:\/\/schema.org","@graph":[{"@type":"WebPage","@id":"https:\/\/www.crea.gov.co\/crea-roma\/ecosistemas-3-aprender-hace-parte-de-ensenar\/","url":"https:\/\/www.crea.gov.co\/crea-roma\/ecosistemas-3-aprender-hace-parte-de-ensenar\/","name":"Ecosistemas 3: Aprender hace parte de ense\u00f1ar - Crea Roma","isPartOf":{"@id":"https:\/\/www.crea.gov.co\/crea-roma\/#website"},"primaryImageOfPage":{"@id":"https:\/\/www.crea.gov.co\/crea-roma\/ecosistemas-3-aprender-hace-parte-de-ensenar\/#primaryimage"},"image":{"@id":"https:\/\/www.crea.gov.co\/crea-roma\/ecosistemas-3-aprender-hace-parte-de-ensenar\/#primaryimage"},"thumbnailUrl":"https:\/\/www.crea.gov.co\/crea-roma\/wp-content\/uploads\/sites\/10\/2022\/09\/WhatsApp-Image-2022-09-15-at-5.57.11-PM-1.jpeg","datePublished":"2022-09-27T02:00:20+00:00","author":{"@id":"https:\/\/www.crea.gov.co\/crea-roma\/#\/schema\/person\/21f4af65becded92a4d94437f5b2a956"},"breadcrumb":{"@id":"https:\/\/www.crea.gov.co\/crea-roma\/ecosistemas-3-aprender-hace-parte-de-ensenar\/#breadcrumb"},"inLanguage":"es-CO","potentialAction":[{"@type":"ReadAction","target":["https:\/\/www.crea.gov.co\/crea-roma\/ecosistemas-3-aprender-hace-parte-de-ensenar\/"]}]},{"@type":"ImageObject","inLanguage":"es-CO","@id":"https:\/\/www.crea.gov.co\/crea-roma\/ecosistemas-3-aprender-hace-parte-de-ensenar\/#primaryimage","url":"https:\/\/www.crea.gov.co\/crea-roma\/wp-content\/uploads\/sites\/10\/2022\/09\/WhatsApp-Image-2022-09-15-at-5.57.11-PM-1.jpeg","contentUrl":"https:\/\/www.crea.gov.co\/crea-roma\/wp-content\/uploads\/sites\/10\/2022\/09\/WhatsApp-Image-2022-09-15-at-5.57.11-PM-1.jpeg","width":1600,"height":900},{"@type":"BreadcrumbList","@id":"https:\/\/www.crea.gov.co\/crea-roma\/ecosistemas-3-aprender-hace-parte-de-ensenar\/#breadcrumb","itemListElement":[{"@type":"ListItem","position":1,"name":"Home","item":"https:\/\/www.crea.gov.co\/crea-roma\/"},{"@type":"ListItem","position":2,"name":"Ecosistemas 3: Aprender hace parte de ense\u00f1ar"}]},{"@type":"WebSite","@id":"https:\/\/www.crea.gov.co\/crea-roma\/#website","url":"https:\/\/www.crea.gov.co\/crea-roma\/","name":"Crea Roma","description":"En Kennedy, rodeado de conjuntos y calles que guardan historias de familias que han crecido en el barrio, este espacio es un lugar donde la creatividad se entrelaza con la vida cotidiana. Aqu\u00ed, los lenguajes art\u00edsticos fortalecen lazos y dan voz a las experiencias de una comunidad que se reconoce en lo colectivo.","potentialAction":[{"@type":"SearchAction","target":{"@type":"EntryPoint","urlTemplate":"https:\/\/www.crea.gov.co\/crea-roma\/?s={search_term_string}"},"query-input":{"@type":"PropertyValueSpecification","valueRequired":true,"valueName":"search_term_string"}}],"inLanguage":"es-CO"},{"@type":"Person","@id":"https:\/\/www.crea.gov.co\/crea-roma\/#\/schema\/person\/21f4af65becded92a4d94437f5b2a956","name":"dianahenao","image":{"@type":"ImageObject","inLanguage":"es-CO","@id":"https:\/\/www.crea.gov.co\/crea-roma\/#\/schema\/person\/image\/","url":"https:\/\/secure.gravatar.com\/avatar\/21a46432310ad2712e5b660e19cb0b22?s=96&d=mm&r=g","contentUrl":"https:\/\/secure.gravatar.com\/avatar\/21a46432310ad2712e5b660e19cb0b22?s=96&d=mm&r=g","caption":"dianahenao"},"url":"https:\/\/www.crea.gov.co\/crea-roma\/author\/dianahenao\/"}]}},"_links":{"self":[{"href":"https:\/\/www.crea.gov.co\/crea-roma\/wp-json\/wp\/v2\/posts\/548","targetHints":{"allow":["GET"]}}],"collection":[{"href":"https:\/\/www.crea.gov.co\/crea-roma\/wp-json\/wp\/v2\/posts"}],"about":[{"href":"https:\/\/www.crea.gov.co\/crea-roma\/wp-json\/wp\/v2\/types\/post"}],"author":[{"embeddable":true,"href":"https:\/\/www.crea.gov.co\/crea-roma\/wp-json\/wp\/v2\/users\/44"}],"replies":[{"embeddable":true,"href":"https:\/\/www.crea.gov.co\/crea-roma\/wp-json\/wp\/v2\/comments?post=548"}],"version-history":[{"count":1,"href":"https:\/\/www.crea.gov.co\/crea-roma\/wp-json\/wp\/v2\/posts\/548\/revisions"}],"predecessor-version":[{"id":553,"href":"https:\/\/www.crea.gov.co\/crea-roma\/wp-json\/wp\/v2\/posts\/548\/revisions\/553"}],"wp:featuredmedia":[{"embeddable":true,"href":"https:\/\/www.crea.gov.co\/crea-roma\/wp-json\/wp\/v2\/media\/550"}],"wp:attachment":[{"href":"https:\/\/www.crea.gov.co\/crea-roma\/wp-json\/wp\/v2\/media?parent=548"}],"wp:term":[{"taxonomy":"category","embeddable":true,"href":"https:\/\/www.crea.gov.co\/crea-roma\/wp-json\/wp\/v2\/categories?post=548"},{"taxonomy":"post_tag","embeddable":true,"href":"https:\/\/www.crea.gov.co\/crea-roma\/wp-json\/wp\/v2\/tags?post=548"}],"curies":[{"name":"wp","href":"https:\/\/api.w.org\/{rel}","templated":true}]}}