{"id":498,"date":"2022-08-20T12:55:58","date_gmt":"2022-08-20T12:55:58","guid":{"rendered":"https:\/\/www.crea.gov.co\/crea-roma\/?p=498"},"modified":"2022-08-20T14:06:40","modified_gmt":"2022-08-20T14:06:40","slug":"ecosistemas-2-y-si-nos-encontramos-en-el-camino-en-crearoma","status":"publish","type":"post","link":"https:\/\/www.crea.gov.co\/crea-roma\/ecosistemas-2-y-si-nos-encontramos-en-el-camino-en-crearoma\/","title":{"rendered":"Ecosistemas 2: \u00bfY si nos encontramos en el camino? en #CreaRoma"},"content":{"rendered":"\n<p><\/p>\n\n\n\n<p><\/p>\n\n\n\n<p class=\"has-text-align-left has-pale-cyan-blue-background-color has-background has-large-font-size\">Del 4 al 8 de agosto en el Crea Roma se vivi\u00f3 Ecosistemas 2 \u00bfY si nos encontramos en el camino?, un espacio de dialogo art\u00edstico, donde los colectivos abrieron las puertas de sus salones y se encontraron con sus compa\u00f1eros para fortalecer sus procesos y redescubrirse desde la mirada del otro.<\/p>\n\n\n\n<p><\/p>\n\n\n\n<p><\/p>\n\n\n\n<p><\/p>\n\n\n\n<p><\/p>\n\n\n\n<p><strong>Actividad 1<\/strong>: Grupo de literatura: Creaturas L\u00edricas AF Leonardo Ortiz. En el proyecto la &#8220;c\u00e1psula del tiempo&#8221; uno de los productos que se ha trabajado es la escritura de una canci\u00f3n a partir de las travesuras m\u00e1s recordadas por cada participante. El texto fue musicalizado en vivo. Cont\u00f3 con el apoyo de Jaime Alejandro Zald\u00faa Barrera, artista formador del \u00e1rea de m\u00fasica. Video<\/p>\n\n\n\n<figure class=\"wp-block-embed is-type-video is-provider-youtube wp-block-embed-youtube wp-embed-aspect-16-9 wp-has-aspect-ratio\"><div class=\"wp-block-embed__wrapper\">\n<iframe loading=\"lazy\" title=\"Creaturas L\u00edricas Ecosistemas 2\" width=\"500\" height=\"281\" src=\"https:\/\/www.youtube.com\/embed\/m8w0Pi2czj4?feature=oembed\" frameborder=\"0\" allow=\"accelerometer; autoplay; clipboard-write; encrypted-media; gyroscope; picture-in-picture; web-share\" referrerpolicy=\"strict-origin-when-cross-origin\" allowfullscreen><\/iframe>\n<\/div><\/figure>\n\n\n\n<p class=\"has-luminous-vivid-amber-background-color has-background has-large-font-size\"><strong>Actividad 2<\/strong>: Se plante\u00f3 un encuentro entre las \u00e1reas de danza, m\u00fasica y artes pl\u00e1sticas, en donde se pudiera intercambiar experiencias art\u00edsticas por medio de videos cortos, con la voz de algunos participantes y con intervenciones art\u00edsticas cortas, que permitieron reflexionar acerca de los hallazgos y desaf\u00edos en los procesos creativos de cada grupo Video<\/p>\n\n\n\n<figure class=\"wp-block-embed is-type-video is-provider-youtube wp-block-embed-youtube wp-embed-aspect-16-9 wp-has-aspect-ratio\"><div class=\"wp-block-embed__wrapper\">\n<iframe loading=\"lazy\" title=\"ECOSISTEMA 2\" width=\"500\" height=\"281\" src=\"https:\/\/www.youtube.com\/embed\/ebNAHkfaoG4?feature=oembed\" frameborder=\"0\" allow=\"accelerometer; autoplay; clipboard-write; encrypted-media; gyroscope; picture-in-picture; web-share\" referrerpolicy=\"strict-origin-when-cross-origin\" allowfullscreen><\/iframe>\n<\/div><figcaption><strong><em>Grupo de m\u00fasica: La banda de los revolucionarios AF Sandra Jaque Video<\/em><\/strong><\/figcaption><\/figure>\n\n\n\n<h2 class=\"has-text-align-left has-vivid-green-cyan-color has-text-color wp-block-heading\">Grupo de m\u00fasica: La banda de los revolucionarios AF Sandra Jaque Video<\/h2>\n\n\n\n<figure class=\"wp-block-embed is-type-video is-provider-youtube wp-block-embed-youtube wp-embed-aspect-16-9 wp-has-aspect-ratio\"><div class=\"wp-block-embed__wrapper\">\n<iframe loading=\"lazy\" title=\"la banda de los revolucionarios ecosistemas 2\" width=\"500\" height=\"281\" src=\"https:\/\/www.youtube.com\/embed\/DRmzV9RTOKM?feature=oembed\" frameborder=\"0\" allow=\"accelerometer; autoplay; clipboard-write; encrypted-media; gyroscope; picture-in-picture; web-share\" referrerpolicy=\"strict-origin-when-cross-origin\" allowfullscreen><\/iframe>\n<\/div><\/figure>\n\n\n\n<h2 class=\"has-text-align-left has-light-green-cyan-color has-text-color wp-block-heading\">Grupo de Danza: Flow de tradici\u00f3n. AF Paola Acevedo Video<\/h2>\n\n\n\n<figure class=\"wp-block-embed is-type-video is-provider-youtube wp-block-embed-youtube wp-embed-aspect-4-3 wp-has-aspect-ratio\"><div class=\"wp-block-embed__wrapper\">\n <iframe loading=\"lazy\" title=\"Flow de tradici\u00f3n ecosistemas 2\" width=\"500\" height=\"375\" src=\"https:\/\/www.youtube.com\/embed\/ss5-1Mswew8?feature=oembed\" frameborder=\"0\" allow=\"accelerometer; autoplay; clipboard-write; encrypted-media; gyroscope; picture-in-picture; web-share\" referrerpolicy=\"strict-origin-when-cross-origin\" allowfullscreen><\/iframe>\n<\/div><\/figure>\n\n\n\n<h2 class=\"has-text-align-left has-vivid-green-cyan-color has-text-color wp-block-heading\">Grupo de Danza: Dance one crew. AF Jeisson Vargas Video<\/h2>\n\n\n\n<figure class=\"wp-block-embed is-type-video is-provider-youtube wp-block-embed-youtube wp-embed-aspect-16-9 wp-has-aspect-ratio\"><div class=\"wp-block-embed__wrapper\">\n<iframe loading=\"lazy\" title=\"One dance crew ecosistemas 2\" width=\"500\" height=\"281\" src=\"https:\/\/www.youtube.com\/embed\/YccRljJvFY4?feature=oembed\" frameborder=\"0\" allow=\"accelerometer; autoplay; clipboard-write; encrypted-media; gyroscope; picture-in-picture; web-share\" referrerpolicy=\"strict-origin-when-cross-origin\" allowfullscreen><\/iframe>\n<\/div><\/figure>\n\n\n\n<h2 class=\"has-text-align-left has-light-green-cyan-color has-text-color wp-block-heading\">Grupo de Artes Pl\u00e1sticas: Arco\u00edris de chocolate. AF Luis Forero Video<\/h2>\n\n\n\n<figure class=\"wp-block-embed is-type-video is-provider-youtube wp-block-embed-youtube wp-embed-aspect-16-9 wp-has-aspect-ratio\"><div class=\"wp-block-embed__wrapper\">\n<iframe loading=\"lazy\" title=\"Arco\u00edris de chocolate Ecosistemas 2\" width=\"500\" height=\"281\" src=\"https:\/\/www.youtube.com\/embed\/vb8Hou-UV3M?feature=oembed\" frameborder=\"0\" allow=\"accelerometer; autoplay; clipboard-write; encrypted-media; gyroscope; picture-in-picture; web-share\" referrerpolicy=\"strict-origin-when-cross-origin\" allowfullscreen><\/iframe>\n<\/div><\/figure>\n\n\n\n<p class=\"has-vivid-purple-background-color has-background has-large-font-size\"><strong>Actividad 3: <\/strong>Se mantiene el concepto de simbiosis del primer encuentro acogido desde el mutualismo en el que se desarrolla, (beneficio entre \u00e1reas) realizando hora una suerte de met\u00e1fora por medio de &#8220;gusanos de seda humanizados&#8221; que dar\u00e1n cuenta desde sus capullos del proceso con im\u00e1genes y dibujos. Los participantes del encuentro llegaron a cada capullo guiados por un hilo o lana que estuvo a lo largo del camino que deb\u00edan recorrer antes de llegar a la instalaci\u00f3n de la propuesta. En el segundo y tercer momento, participantes del grupo caracterizados desde el maquillaje como orugas, participaron dando respuestas y en la respectiva reflexi\u00f3n del encuentro.<br>Se abord\u00f3 el di\u00e1logo con los colectivos de otras \u00e1reas art\u00edsticas desde la exposici\u00f3n de las experiencias que se han tenido durante el proceso de los talleres de m\u00fasica, danza y teatro, invit\u00e1ndolos a participar de un momento musical en el que los participantes tuvieron la oportunidad de mostrar su arte a los asistentes del evento, pero adem\u00e1s dejar que los asistentes tuvieran la oportunidad de explorar la m\u00fasica desde la escucha la reflexi\u00f3n.<\/p>\n\n\n\n<h2 class=\"has-text-align-left has-vivid-green-cyan-color has-text-color wp-block-heading\">Grupo de teatro: RomARTeatro AF Francy Valencia.<\/h2>\n\n\n\n<figure class=\"wp-block-gallery has-nested-images columns-default is-cropped wp-block-gallery-1 is-layout-flex wp-block-gallery-is-layout-flex\">\n<figure class=\"wp-block-image size-large\"><img loading=\"lazy\" decoding=\"async\" width=\"1024\" height=\"770\" data-id=\"526\" src=\"https:\/\/www.crea.gov.co\/crea-roma\/wp-content\/uploads\/sites\/10\/2022\/08\/WhatsApp-Image-2022-08-12-at-11.12.40-AM-2-1-1024x770.jpeg\" alt=\"\" class=\"wp-image-526\" srcset=\"https:\/\/www.crea.gov.co\/crea-roma\/wp-content\/uploads\/sites\/10\/2022\/08\/WhatsApp-Image-2022-08-12-at-11.12.40-AM-2-1-1024x770.jpeg 1024w, https:\/\/www.crea.gov.co\/crea-roma\/wp-content\/uploads\/sites\/10\/2022\/08\/WhatsApp-Image-2022-08-12-at-11.12.40-AM-2-1-300x226.jpeg 300w, https:\/\/www.crea.gov.co\/crea-roma\/wp-content\/uploads\/sites\/10\/2022\/08\/WhatsApp-Image-2022-08-12-at-11.12.40-AM-2-1-768x578.jpeg 768w, https:\/\/www.crea.gov.co\/crea-roma\/wp-content\/uploads\/sites\/10\/2022\/08\/WhatsApp-Image-2022-08-12-at-11.12.40-AM-2-1.jpeg 1280w\" sizes=\"auto, (max-width: 1024px) 100vw, 1024px\" \/><\/figure>\n\n\n\n<figure class=\"wp-block-image size-large\"><img loading=\"lazy\" decoding=\"async\" width=\"1024\" height=\"770\" data-id=\"527\" src=\"https:\/\/www.crea.gov.co\/crea-roma\/wp-content\/uploads\/sites\/10\/2022\/08\/WhatsApp-Image-2022-08-12-at-11.12.40-AM-1-2-1024x770.jpeg\" alt=\"\" class=\"wp-image-527\" srcset=\"https:\/\/www.crea.gov.co\/crea-roma\/wp-content\/uploads\/sites\/10\/2022\/08\/WhatsApp-Image-2022-08-12-at-11.12.40-AM-1-2-1024x770.jpeg 1024w, https:\/\/www.crea.gov.co\/crea-roma\/wp-content\/uploads\/sites\/10\/2022\/08\/WhatsApp-Image-2022-08-12-at-11.12.40-AM-1-2-300x226.jpeg 300w, https:\/\/www.crea.gov.co\/crea-roma\/wp-content\/uploads\/sites\/10\/2022\/08\/WhatsApp-Image-2022-08-12-at-11.12.40-AM-1-2-768x578.jpeg 768w, https:\/\/www.crea.gov.co\/crea-roma\/wp-content\/uploads\/sites\/10\/2022\/08\/WhatsApp-Image-2022-08-12-at-11.12.40-AM-1-2.jpeg 1280w\" sizes=\"auto, (max-width: 1024px) 100vw, 1024px\" \/><\/figure>\n\n\n\n<figure class=\"wp-block-image size-large\"><img loading=\"lazy\" decoding=\"async\" width=\"1024\" height=\"770\" data-id=\"528\" src=\"https:\/\/www.crea.gov.co\/crea-roma\/wp-content\/uploads\/sites\/10\/2022\/08\/WhatsApp-Image-2022-08-12-at-11.12.40-AM-3-1024x770.jpeg\" alt=\"\" class=\"wp-image-528\" srcset=\"https:\/\/www.crea.gov.co\/crea-roma\/wp-content\/uploads\/sites\/10\/2022\/08\/WhatsApp-Image-2022-08-12-at-11.12.40-AM-3-1024x770.jpeg 1024w, https:\/\/www.crea.gov.co\/crea-roma\/wp-content\/uploads\/sites\/10\/2022\/08\/WhatsApp-Image-2022-08-12-at-11.12.40-AM-3-300x226.jpeg 300w, https:\/\/www.crea.gov.co\/crea-roma\/wp-content\/uploads\/sites\/10\/2022\/08\/WhatsApp-Image-2022-08-12-at-11.12.40-AM-3-768x578.jpeg 768w, https:\/\/www.crea.gov.co\/crea-roma\/wp-content\/uploads\/sites\/10\/2022\/08\/WhatsApp-Image-2022-08-12-at-11.12.40-AM-3.jpeg 1280w\" sizes=\"auto, (max-width: 1024px) 100vw, 1024px\" \/><\/figure>\n<\/figure>\n\n\n\n<h2 class=\"has-light-green-cyan-color has-text-color wp-block-heading\">Grupo danza: Animal Cosmic AF Mery Palacios Video<\/h2>\n\n\n\n<figure class=\"wp-block-embed is-type-video is-provider-youtube wp-block-embed-youtube wp-embed-aspect-16-9 wp-has-aspect-ratio\"><div class=\"wp-block-embed__wrapper\">\n<iframe loading=\"lazy\" title=\"Mery Ecosistemas 2\" width=\"500\" height=\"281\" src=\"https:\/\/www.youtube.com\/embed\/qWZNzgQr40E?feature=oembed\" frameborder=\"0\" allow=\"accelerometer; autoplay; clipboard-write; encrypted-media; gyroscope; picture-in-picture; web-share\" referrerpolicy=\"strict-origin-when-cross-origin\" allowfullscreen><\/iframe>\n<\/div><\/figure>\n\n\n\n<h2 class=\"has-text-align-left has-vivid-green-cyan-color has-text-color wp-block-heading\">Grupo de m\u00fasica: Rock-ma. AF Vanner Vallecilla Gomez Video<\/h2>\n\n\n\n<figure class=\"wp-block-embed is-type-video is-provider-youtube wp-block-embed-youtube wp-embed-aspect-16-9 wp-has-aspect-ratio\"><div class=\"wp-block-embed__wrapper\">\n<iframe loading=\"lazy\" title=\"Rockma\" width=\"500\" height=\"281\" src=\"https:\/\/www.youtube.com\/embed\/wwVGTXuv1uM?feature=oembed\" frameborder=\"0\" allow=\"accelerometer; autoplay; clipboard-write; encrypted-media; gyroscope; picture-in-picture; web-share\" referrerpolicy=\"strict-origin-when-cross-origin\" allowfullscreen><\/iframe>\n<\/div><\/figure>\n\n\n\n<p class=\"has-light-green-cyan-background-color has-background has-large-font-size\"><strong>Actividad 4:<\/strong> Di\u00e1logos, cambio de experiencias para reflexionar y compartir el entorno de su formaci\u00f3n y ver las de otros grupos, poes\u00eda escritura.<\/p>\n\n\n\n<h2 class=\"has-text-align-left has-light-green-cyan-color has-text-color wp-block-heading\">Grupo de Danza: Somos tango. AF Claudia Acevedo. <\/h2>\n\n\n\n<figure class=\"wp-block-gallery has-nested-images columns-default is-cropped wp-block-gallery-2 is-layout-flex wp-block-gallery-is-layout-flex\">\n<figure class=\"wp-block-image size-large\"><img loading=\"lazy\" decoding=\"async\" width=\"1024\" height=\"768\" data-id=\"523\" src=\"https:\/\/www.crea.gov.co\/crea-roma\/wp-content\/uploads\/sites\/10\/2022\/08\/WhatsApp-Image-2022-08-12-at-11.13.03-AM-1-1024x768.jpeg\" alt=\"\" class=\"wp-image-523\" srcset=\"https:\/\/www.crea.gov.co\/crea-roma\/wp-content\/uploads\/sites\/10\/2022\/08\/WhatsApp-Image-2022-08-12-at-11.13.03-AM-1-1024x768.jpeg 1024w, https:\/\/www.crea.gov.co\/crea-roma\/wp-content\/uploads\/sites\/10\/2022\/08\/WhatsApp-Image-2022-08-12-at-11.13.03-AM-1-300x225.jpeg 300w, https:\/\/www.crea.gov.co\/crea-roma\/wp-content\/uploads\/sites\/10\/2022\/08\/WhatsApp-Image-2022-08-12-at-11.13.03-AM-1-768x576.jpeg 768w, https:\/\/www.crea.gov.co\/crea-roma\/wp-content\/uploads\/sites\/10\/2022\/08\/WhatsApp-Image-2022-08-12-at-11.13.03-AM-1.jpeg 1280w\" sizes=\"auto, (max-width: 1024px) 100vw, 1024px\" \/><\/figure>\n\n\n\n<figure class=\"wp-block-image size-large\"><img loading=\"lazy\" decoding=\"async\" width=\"450\" height=\"1024\" data-id=\"522\" src=\"https:\/\/www.crea.gov.co\/crea-roma\/wp-content\/uploads\/sites\/10\/2022\/08\/WhatsApp-Image-2022-08-12-at-11.13.02-AM-1-1-450x1024.jpeg\" alt=\"\" class=\"wp-image-522\" srcset=\"https:\/\/www.crea.gov.co\/crea-roma\/wp-content\/uploads\/sites\/10\/2022\/08\/WhatsApp-Image-2022-08-12-at-11.13.02-AM-1-1-450x1024.jpeg 450w, https:\/\/www.crea.gov.co\/crea-roma\/wp-content\/uploads\/sites\/10\/2022\/08\/WhatsApp-Image-2022-08-12-at-11.13.02-AM-1-1-132x300.jpeg 132w, https:\/\/www.crea.gov.co\/crea-roma\/wp-content\/uploads\/sites\/10\/2022\/08\/WhatsApp-Image-2022-08-12-at-11.13.02-AM-1-1.jpeg 540w\" sizes=\"auto, (max-width: 450px) 100vw, 450px\" \/><\/figure>\n\n\n\n<figure class=\"wp-block-image size-large\"><img loading=\"lazy\" decoding=\"async\" width=\"1024\" height=\"768\" data-id=\"524\" src=\"https:\/\/www.crea.gov.co\/crea-roma\/wp-content\/uploads\/sites\/10\/2022\/08\/WhatsApp-Image-2022-08-12-at-11.13.02-AM-2-1024x768.jpeg\" alt=\"\" class=\"wp-image-524\" srcset=\"https:\/\/www.crea.gov.co\/crea-roma\/wp-content\/uploads\/sites\/10\/2022\/08\/WhatsApp-Image-2022-08-12-at-11.13.02-AM-2-1024x768.jpeg 1024w, https:\/\/www.crea.gov.co\/crea-roma\/wp-content\/uploads\/sites\/10\/2022\/08\/WhatsApp-Image-2022-08-12-at-11.13.02-AM-2-300x225.jpeg 300w, https:\/\/www.crea.gov.co\/crea-roma\/wp-content\/uploads\/sites\/10\/2022\/08\/WhatsApp-Image-2022-08-12-at-11.13.02-AM-2-768x576.jpeg 768w, https:\/\/www.crea.gov.co\/crea-roma\/wp-content\/uploads\/sites\/10\/2022\/08\/WhatsApp-Image-2022-08-12-at-11.13.02-AM-2.jpeg 1280w\" sizes=\"auto, (max-width: 1024px) 100vw, 1024px\" \/><\/figure>\n<\/figure>\n\n\n\n<p class=\"has-vivid-red-background-color has-background has-large-font-size\"><strong>Actividad 5:<\/strong> Actividad 5: Este ecosistema se desarroll\u00f3 a partir de la experiencia personal y colectiva abord\u00e1ndolos en tres momentos, el primero orientado a contextualizar a los y las participantes sobre el porqu\u00e9 y para que de la actividad, posteriormente se empez\u00f3 a evocar la memoria individual a trav\u00e9s de la realizaci\u00f3n de un dibujo que visibiliz\u00f3 momentos significativos del proceso de formaci\u00f3n y c\u00f3mo estos han generado un aprendizaje, por \u00faltimo se generaron diferentes reflexiones a partir de diferentes palabras y la relaci\u00f3n trasversal entre ellas (saberes, futuro, Proceso de formaci\u00f3n y creaci\u00f3n).<br><\/p>\n\n\n\n<h2 class=\"has-text-align-left has-vivid-green-cyan-color has-text-color wp-block-heading\">Grupo de Danza: Anu danu. AF Leticia Mena. <\/h2>\n\n\n\n<figure class=\"wp-block-gallery has-nested-images columns-default is-cropped wp-block-gallery-3 is-layout-flex wp-block-gallery-is-layout-flex\">\n<figure class=\"wp-block-image size-large\"><img loading=\"lazy\" decoding=\"async\" width=\"768\" height=\"1024\" data-id=\"517\" src=\"https:\/\/www.crea.gov.co\/crea-roma\/wp-content\/uploads\/sites\/10\/2022\/08\/WhatsApp-Image-2022-08-12-at-11.13.30-AM-1-768x1024.jpeg\" alt=\"\" class=\"wp-image-517\" srcset=\"https:\/\/www.crea.gov.co\/crea-roma\/wp-content\/uploads\/sites\/10\/2022\/08\/WhatsApp-Image-2022-08-12-at-11.13.30-AM-1-768x1024.jpeg 768w, https:\/\/www.crea.gov.co\/crea-roma\/wp-content\/uploads\/sites\/10\/2022\/08\/WhatsApp-Image-2022-08-12-at-11.13.30-AM-1-225x300.jpeg 225w, https:\/\/www.crea.gov.co\/crea-roma\/wp-content\/uploads\/sites\/10\/2022\/08\/WhatsApp-Image-2022-08-12-at-11.13.30-AM-1.jpeg 960w\" sizes=\"auto, (max-width: 768px) 100vw, 768px\" \/><\/figure>\n\n\n\n<figure class=\"wp-block-image size-large\"><img loading=\"lazy\" decoding=\"async\" width=\"768\" height=\"1024\" data-id=\"520\" src=\"https:\/\/www.crea.gov.co\/crea-roma\/wp-content\/uploads\/sites\/10\/2022\/08\/WhatsApp-Image-2022-08-12-at-11.13.28-AM-1-768x1024.jpeg\" alt=\"\" class=\"wp-image-520\" srcset=\"https:\/\/www.crea.gov.co\/crea-roma\/wp-content\/uploads\/sites\/10\/2022\/08\/WhatsApp-Image-2022-08-12-at-11.13.28-AM-1-768x1024.jpeg 768w, https:\/\/www.crea.gov.co\/crea-roma\/wp-content\/uploads\/sites\/10\/2022\/08\/WhatsApp-Image-2022-08-12-at-11.13.28-AM-1-225x300.jpeg 225w, https:\/\/www.crea.gov.co\/crea-roma\/wp-content\/uploads\/sites\/10\/2022\/08\/WhatsApp-Image-2022-08-12-at-11.13.28-AM-1.jpeg 960w\" sizes=\"auto, (max-width: 768px) 100vw, 768px\" \/><\/figure>\n\n\n\n<figure class=\"wp-block-image size-large\"><img loading=\"lazy\" decoding=\"async\" width=\"1024\" height=\"768\" data-id=\"518\" src=\"https:\/\/www.crea.gov.co\/crea-roma\/wp-content\/uploads\/sites\/10\/2022\/08\/WhatsApp-Image-2022-08-12-at-11.13.27-AM-1-1-1024x768.jpeg\" alt=\"\" class=\"wp-image-518\" srcset=\"https:\/\/www.crea.gov.co\/crea-roma\/wp-content\/uploads\/sites\/10\/2022\/08\/WhatsApp-Image-2022-08-12-at-11.13.27-AM-1-1-1024x768.jpeg 1024w, https:\/\/www.crea.gov.co\/crea-roma\/wp-content\/uploads\/sites\/10\/2022\/08\/WhatsApp-Image-2022-08-12-at-11.13.27-AM-1-1-300x225.jpeg 300w, https:\/\/www.crea.gov.co\/crea-roma\/wp-content\/uploads\/sites\/10\/2022\/08\/WhatsApp-Image-2022-08-12-at-11.13.27-AM-1-1-768x576.jpeg 768w, https:\/\/www.crea.gov.co\/crea-roma\/wp-content\/uploads\/sites\/10\/2022\/08\/WhatsApp-Image-2022-08-12-at-11.13.27-AM-1-1.jpeg 1280w\" sizes=\"auto, (max-width: 1024px) 100vw, 1024px\" \/><\/figure>\n\n\n\n<figure class=\"wp-block-image size-large\"><img loading=\"lazy\" decoding=\"async\" width=\"1024\" height=\"768\" data-id=\"519\" src=\"https:\/\/www.crea.gov.co\/crea-roma\/wp-content\/uploads\/sites\/10\/2022\/08\/WhatsApp-Image-2022-08-12-at-11.13.27-AM-2-1024x768.jpeg\" alt=\"\" class=\"wp-image-519\" srcset=\"https:\/\/www.crea.gov.co\/crea-roma\/wp-content\/uploads\/sites\/10\/2022\/08\/WhatsApp-Image-2022-08-12-at-11.13.27-AM-2-1024x768.jpeg 1024w, https:\/\/www.crea.gov.co\/crea-roma\/wp-content\/uploads\/sites\/10\/2022\/08\/WhatsApp-Image-2022-08-12-at-11.13.27-AM-2-300x225.jpeg 300w, https:\/\/www.crea.gov.co\/crea-roma\/wp-content\/uploads\/sites\/10\/2022\/08\/WhatsApp-Image-2022-08-12-at-11.13.27-AM-2-768x576.jpeg 768w, https:\/\/www.crea.gov.co\/crea-roma\/wp-content\/uploads\/sites\/10\/2022\/08\/WhatsApp-Image-2022-08-12-at-11.13.27-AM-2.jpeg 1280w\" sizes=\"auto, (max-width: 1024px) 100vw, 1024px\" \/><\/figure>\n\n\n\n<figure class=\"wp-block-image size-large\"><img loading=\"lazy\" decoding=\"async\" width=\"1024\" height=\"768\" data-id=\"521\" src=\"https:\/\/www.crea.gov.co\/crea-roma\/wp-content\/uploads\/sites\/10\/2022\/08\/WhatsApp-Image-2022-08-12-at-11.13.26-AM-1-1024x768.jpeg\" alt=\"\" class=\"wp-image-521\" srcset=\"https:\/\/www.crea.gov.co\/crea-roma\/wp-content\/uploads\/sites\/10\/2022\/08\/WhatsApp-Image-2022-08-12-at-11.13.26-AM-1-1024x768.jpeg 1024w, https:\/\/www.crea.gov.co\/crea-roma\/wp-content\/uploads\/sites\/10\/2022\/08\/WhatsApp-Image-2022-08-12-at-11.13.26-AM-1-300x225.jpeg 300w, https:\/\/www.crea.gov.co\/crea-roma\/wp-content\/uploads\/sites\/10\/2022\/08\/WhatsApp-Image-2022-08-12-at-11.13.26-AM-1-768x576.jpeg 768w, https:\/\/www.crea.gov.co\/crea-roma\/wp-content\/uploads\/sites\/10\/2022\/08\/WhatsApp-Image-2022-08-12-at-11.13.26-AM-1.jpeg 1280w\" sizes=\"auto, (max-width: 1024px) 100vw, 1024px\" \/><\/figure>\n<\/figure>\n\n\n\n<p class=\"has-vivid-green-cyan-background-color has-background has-large-font-size\"><strong>Actividad 6:<\/strong> En la primera experiencia de ecosistemas que se llev\u00f3 a cabo entre los grupos de danza y teatro, se realiz\u00f3 un compartir de muestra de proceso, donde se evidenci\u00f3 un ejercicio desde cada \u00e1rea, para mostrar lo desarrollado hasta la fecha y la forma de trabajo de cada grupo. En un segundo momento se realiz\u00f3 una retroalimentaci\u00f3n donde los participantes dieron su opini\u00f3n acerca del material expuesto por el otro grupo. Finalmente, los Artistas Formadores de cada \u00e1rea dieron las apreciaciones finales, y terminamos realizando una foto de registro con todos los participantes del encuentro.<br>Para esta segunda fase de la experiencia de ecosistemas, los participantes trabajaron en conjunto para poder compartir saberes. Desde danza se guiaron algunos dando al grupo de teatro un acercamiento a la sensaci\u00f3n de bailar en pareja el tango y as\u00ed mismo desde el grupo de teatro se plantearon juegos y actividades desde lo esc\u00e9nico, para dar a los bailarines mayores elementos que sirvan para fortalecer la propuesta para fin de proceso.<br>Finalmente realizar la respectiva retroalimentaci\u00f3n, para recoger las impresiones del encuentro.<\/p>\n\n\n\n<h2 class=\"has-text-align-left has-light-green-cyan-color has-text-color wp-block-heading\">Grupo de Danza: Abrazo Tanguero. AF Javier Corrales y Grupo de Teatro: Talent cosmos. AF Sonia Archila. <\/h2>\n\n\n\n<figure class=\"wp-block-gallery has-nested-images columns-default is-cropped wp-block-gallery-4 is-layout-flex wp-block-gallery-is-layout-flex\">\n<figure class=\"wp-block-image size-large\"><img loading=\"lazy\" decoding=\"async\" width=\"1024\" height=\"771\" data-id=\"513\" src=\"https:\/\/www.crea.gov.co\/crea-roma\/wp-content\/uploads\/sites\/10\/2022\/08\/WhatsApp-Image-2022-08-12-at-11.13.54-AM-1-1024x771.jpeg\" alt=\"\" class=\"wp-image-513\" srcset=\"https:\/\/www.crea.gov.co\/crea-roma\/wp-content\/uploads\/sites\/10\/2022\/08\/WhatsApp-Image-2022-08-12-at-11.13.54-AM-1-1024x771.jpeg 1024w, https:\/\/www.crea.gov.co\/crea-roma\/wp-content\/uploads\/sites\/10\/2022\/08\/WhatsApp-Image-2022-08-12-at-11.13.54-AM-1-300x226.jpeg 300w, https:\/\/www.crea.gov.co\/crea-roma\/wp-content\/uploads\/sites\/10\/2022\/08\/WhatsApp-Image-2022-08-12-at-11.13.54-AM-1-768x578.jpeg 768w, https:\/\/www.crea.gov.co\/crea-roma\/wp-content\/uploads\/sites\/10\/2022\/08\/WhatsApp-Image-2022-08-12-at-11.13.54-AM-1.jpeg 1280w\" sizes=\"auto, (max-width: 1024px) 100vw, 1024px\" \/><\/figure>\n\n\n\n<figure class=\"wp-block-image size-large\"><img loading=\"lazy\" decoding=\"async\" width=\"1024\" height=\"771\" data-id=\"512\" src=\"https:\/\/www.crea.gov.co\/crea-roma\/wp-content\/uploads\/sites\/10\/2022\/08\/WhatsApp-Image-2022-08-12-at-11.13.54-AM-1024x771.jpeg\" alt=\"\" class=\"wp-image-512\" srcset=\"https:\/\/www.crea.gov.co\/crea-roma\/wp-content\/uploads\/sites\/10\/2022\/08\/WhatsApp-Image-2022-08-12-at-11.13.54-AM-1024x771.jpeg 1024w, https:\/\/www.crea.gov.co\/crea-roma\/wp-content\/uploads\/sites\/10\/2022\/08\/WhatsApp-Image-2022-08-12-at-11.13.54-AM-300x226.jpeg 300w, https:\/\/www.crea.gov.co\/crea-roma\/wp-content\/uploads\/sites\/10\/2022\/08\/WhatsApp-Image-2022-08-12-at-11.13.54-AM-768x578.jpeg 768w, https:\/\/www.crea.gov.co\/crea-roma\/wp-content\/uploads\/sites\/10\/2022\/08\/WhatsApp-Image-2022-08-12-at-11.13.54-AM.jpeg 1280w\" sizes=\"auto, (max-width: 1024px) 100vw, 1024px\" \/><\/figure>\n\n\n\n<figure class=\"wp-block-image size-large\"><img loading=\"lazy\" decoding=\"async\" width=\"1024\" height=\"771\" data-id=\"514\" src=\"https:\/\/www.crea.gov.co\/crea-roma\/wp-content\/uploads\/sites\/10\/2022\/08\/WhatsApp-Image-2022-08-12-at-11.13.53-AM-1024x771.jpeg\" alt=\"\" class=\"wp-image-514\" srcset=\"https:\/\/www.crea.gov.co\/crea-roma\/wp-content\/uploads\/sites\/10\/2022\/08\/WhatsApp-Image-2022-08-12-at-11.13.53-AM-1024x771.jpeg 1024w, https:\/\/www.crea.gov.co\/crea-roma\/wp-content\/uploads\/sites\/10\/2022\/08\/WhatsApp-Image-2022-08-12-at-11.13.53-AM-300x226.jpeg 300w, https:\/\/www.crea.gov.co\/crea-roma\/wp-content\/uploads\/sites\/10\/2022\/08\/WhatsApp-Image-2022-08-12-at-11.13.53-AM-768x578.jpeg 768w, https:\/\/www.crea.gov.co\/crea-roma\/wp-content\/uploads\/sites\/10\/2022\/08\/WhatsApp-Image-2022-08-12-at-11.13.53-AM.jpeg 1280w\" sizes=\"auto, (max-width: 1024px) 100vw, 1024px\" \/><\/figure>\n\n\n\n<figure class=\"wp-block-image size-large\"><img loading=\"lazy\" decoding=\"async\" width=\"1024\" height=\"771\" data-id=\"516\" src=\"https:\/\/www.crea.gov.co\/crea-roma\/wp-content\/uploads\/sites\/10\/2022\/08\/WhatsApp-Image-2022-08-12-at-11.13.52-AM-1024x771.jpeg\" alt=\"\" class=\"wp-image-516\" srcset=\"https:\/\/www.crea.gov.co\/crea-roma\/wp-content\/uploads\/sites\/10\/2022\/08\/WhatsApp-Image-2022-08-12-at-11.13.52-AM-1024x771.jpeg 1024w, https:\/\/www.crea.gov.co\/crea-roma\/wp-content\/uploads\/sites\/10\/2022\/08\/WhatsApp-Image-2022-08-12-at-11.13.52-AM-300x226.jpeg 300w, https:\/\/www.crea.gov.co\/crea-roma\/wp-content\/uploads\/sites\/10\/2022\/08\/WhatsApp-Image-2022-08-12-at-11.13.52-AM-768x578.jpeg 768w, https:\/\/www.crea.gov.co\/crea-roma\/wp-content\/uploads\/sites\/10\/2022\/08\/WhatsApp-Image-2022-08-12-at-11.13.52-AM.jpeg 1280w\" sizes=\"auto, (max-width: 1024px) 100vw, 1024px\" \/><\/figure>\n\n\n\n<figure class=\"wp-block-image size-large\"><img loading=\"lazy\" decoding=\"async\" width=\"1024\" height=\"771\" data-id=\"515\" src=\"https:\/\/www.crea.gov.co\/crea-roma\/wp-content\/uploads\/sites\/10\/2022\/08\/WhatsApp-Image-2022-08-12-at-11.13.51-AM-1024x771.jpeg\" alt=\"\" class=\"wp-image-515\" srcset=\"https:\/\/www.crea.gov.co\/crea-roma\/wp-content\/uploads\/sites\/10\/2022\/08\/WhatsApp-Image-2022-08-12-at-11.13.51-AM-1024x771.jpeg 1024w, https:\/\/www.crea.gov.co\/crea-roma\/wp-content\/uploads\/sites\/10\/2022\/08\/WhatsApp-Image-2022-08-12-at-11.13.51-AM-300x226.jpeg 300w, https:\/\/www.crea.gov.co\/crea-roma\/wp-content\/uploads\/sites\/10\/2022\/08\/WhatsApp-Image-2022-08-12-at-11.13.51-AM-768x578.jpeg 768w, https:\/\/www.crea.gov.co\/crea-roma\/wp-content\/uploads\/sites\/10\/2022\/08\/WhatsApp-Image-2022-08-12-at-11.13.51-AM.jpeg 1280w\" sizes=\"auto, (max-width: 1024px) 100vw, 1024px\" \/><\/figure>\n<\/figure>\n\n\n\n<p><\/p>\n","protected":false},"excerpt":{"rendered":"<p>Del 4 al 8 de agosto en el Crea Roma se vivi\u00f3 Ecosistemas 2 \u00bfY si nos encontramos en el camino?, un espacio de dialogo art\u00edstico, donde los colectivos abrieron las puertas de sus salones y se encontraron con sus compa\u00f1eros para fortalecer sus procesos y redescubrirse desde la mirada del otro. Actividad 1: Grupo [&hellip;]<\/p>\n","protected":false},"author":44,"featured_media":546,"comment_status":"open","ping_status":"open","sticky":false,"template":"","format":"standard","meta":{"footnotes":""},"categories":[1],"tags":[],"class_list":["post-498","post","type-post","status-publish","format-standard","has-post-thumbnail","hentry","category-sin-categoria"],"yoast_head":"<!-- This site is optimized with the Yoast SEO plugin v24.5 - https:\/\/yoast.com\/wordpress\/plugins\/seo\/ -->\n<title>Ecosistemas 2: \u00bfY si nos encontramos en el camino? en #CreaRoma - Crea Roma<\/title>\n<meta name=\"robots\" content=\"index, follow, max-snippet:-1, max-image-preview:large, max-video-preview:-1\" \/>\n<link rel=\"canonical\" href=\"https:\/\/www.crea.gov.co\/crea-roma\/ecosistemas-2-y-si-nos-encontramos-en-el-camino-en-crearoma\/\" \/>\n<meta property=\"og:locale\" content=\"es_ES\" \/>\n<meta property=\"og:type\" content=\"article\" \/>\n<meta property=\"og:title\" content=\"Ecosistemas 2: \u00bfY si nos encontramos en el camino? en #CreaRoma - Crea Roma\" \/>\n<meta property=\"og:description\" content=\"Del 4 al 8 de agosto en el Crea Roma se vivi\u00f3 Ecosistemas 2 \u00bfY si nos encontramos en el camino?, un espacio de dialogo art\u00edstico, donde los colectivos abrieron las puertas de sus salones y se encontraron con sus compa\u00f1eros para fortalecer sus procesos y redescubrirse desde la mirada del otro. Actividad 1: Grupo [&hellip;]\" \/>\n<meta property=\"og:url\" content=\"https:\/\/www.crea.gov.co\/crea-roma\/ecosistemas-2-y-si-nos-encontramos-en-el-camino-en-crearoma\/\" \/>\n<meta property=\"og:site_name\" content=\"Crea Roma\" \/>\n<meta property=\"article:published_time\" content=\"2022-08-20T12:55:58+00:00\" \/>\n<meta property=\"article:modified_time\" content=\"2022-08-20T14:06:40+00:00\" \/>\n<meta property=\"og:image\" content=\"https:\/\/www.crea.gov.co\/crea-roma\/wp-content\/uploads\/sites\/10\/2022\/08\/WhatsApp-Image-2022-08-12-at-11.11.06-AM-1.jpeg\" \/>\n\t<meta property=\"og:image:width\" content=\"1080\" \/>\n\t<meta property=\"og:image:height\" content=\"1080\" \/>\n\t<meta property=\"og:image:type\" content=\"image\/jpeg\" \/>\n<meta name=\"author\" content=\"dianahenao\" \/>\n<meta name=\"twitter:card\" content=\"summary_large_image\" \/>\n<meta name=\"twitter:label1\" content=\"Escrito por\" \/>\n\t<meta name=\"twitter:data1\" content=\"dianahenao\" \/>\n\t<meta name=\"twitter:label2\" content=\"Tiempo de lectura\" \/>\n\t<meta name=\"twitter:data2\" content=\"7 minutos\" \/>\n<script type=\"application\/ld+json\" class=\"yoast-schema-graph\">{\"@context\":\"https:\/\/schema.org\",\"@graph\":[{\"@type\":\"WebPage\",\"@id\":\"https:\/\/www.crea.gov.co\/crea-roma\/ecosistemas-2-y-si-nos-encontramos-en-el-camino-en-crearoma\/\",\"url\":\"https:\/\/www.crea.gov.co\/crea-roma\/ecosistemas-2-y-si-nos-encontramos-en-el-camino-en-crearoma\/\",\"name\":\"Ecosistemas 2: \u00bfY si nos encontramos en el camino? en #CreaRoma - Crea Roma\",\"isPartOf\":{\"@id\":\"https:\/\/www.crea.gov.co\/crea-roma\/#website\"},\"primaryImageOfPage\":{\"@id\":\"https:\/\/www.crea.gov.co\/crea-roma\/ecosistemas-2-y-si-nos-encontramos-en-el-camino-en-crearoma\/#primaryimage\"},\"image\":{\"@id\":\"https:\/\/www.crea.gov.co\/crea-roma\/ecosistemas-2-y-si-nos-encontramos-en-el-camino-en-crearoma\/#primaryimage\"},\"thumbnailUrl\":\"https:\/\/www.crea.gov.co\/crea-roma\/wp-content\/uploads\/sites\/10\/2022\/08\/WhatsApp-Image-2022-08-12-at-11.11.06-AM-1.jpeg\",\"datePublished\":\"2022-08-20T12:55:58+00:00\",\"dateModified\":\"2022-08-20T14:06:40+00:00\",\"author\":{\"@id\":\"https:\/\/www.crea.gov.co\/crea-roma\/#\/schema\/person\/21f4af65becded92a4d94437f5b2a956\"},\"breadcrumb\":{\"@id\":\"https:\/\/www.crea.gov.co\/crea-roma\/ecosistemas-2-y-si-nos-encontramos-en-el-camino-en-crearoma\/#breadcrumb\"},\"inLanguage\":\"es-CO\",\"potentialAction\":[{\"@type\":\"ReadAction\",\"target\":[\"https:\/\/www.crea.gov.co\/crea-roma\/ecosistemas-2-y-si-nos-encontramos-en-el-camino-en-crearoma\/\"]}]},{\"@type\":\"ImageObject\",\"inLanguage\":\"es-CO\",\"@id\":\"https:\/\/www.crea.gov.co\/crea-roma\/ecosistemas-2-y-si-nos-encontramos-en-el-camino-en-crearoma\/#primaryimage\",\"url\":\"https:\/\/www.crea.gov.co\/crea-roma\/wp-content\/uploads\/sites\/10\/2022\/08\/WhatsApp-Image-2022-08-12-at-11.11.06-AM-1.jpeg\",\"contentUrl\":\"https:\/\/www.crea.gov.co\/crea-roma\/wp-content\/uploads\/sites\/10\/2022\/08\/WhatsApp-Image-2022-08-12-at-11.11.06-AM-1.jpeg\",\"width\":1080,\"height\":1080},{\"@type\":\"BreadcrumbList\",\"@id\":\"https:\/\/www.crea.gov.co\/crea-roma\/ecosistemas-2-y-si-nos-encontramos-en-el-camino-en-crearoma\/#breadcrumb\",\"itemListElement\":[{\"@type\":\"ListItem\",\"position\":1,\"name\":\"Home\",\"item\":\"https:\/\/www.crea.gov.co\/crea-roma\/\"},{\"@type\":\"ListItem\",\"position\":2,\"name\":\"Ecosistemas 2: \u00bfY si nos encontramos en el camino? en #CreaRoma\"}]},{\"@type\":\"WebSite\",\"@id\":\"https:\/\/www.crea.gov.co\/crea-roma\/#website\",\"url\":\"https:\/\/www.crea.gov.co\/crea-roma\/\",\"name\":\"Crea Roma\",\"description\":\"En Kennedy, rodeado de conjuntos y calles que guardan historias de familias que han crecido en el barrio, este espacio es un lugar donde la creatividad se entrelaza con la vida cotidiana. Aqu\u00ed, los lenguajes art\u00edsticos fortalecen lazos y dan voz a las experiencias de una comunidad que se reconoce en lo colectivo.\",\"potentialAction\":[{\"@type\":\"SearchAction\",\"target\":{\"@type\":\"EntryPoint\",\"urlTemplate\":\"https:\/\/www.crea.gov.co\/crea-roma\/?s={search_term_string}\"},\"query-input\":{\"@type\":\"PropertyValueSpecification\",\"valueRequired\":true,\"valueName\":\"search_term_string\"}}],\"inLanguage\":\"es-CO\"},{\"@type\":\"Person\",\"@id\":\"https:\/\/www.crea.gov.co\/crea-roma\/#\/schema\/person\/21f4af65becded92a4d94437f5b2a956\",\"name\":\"dianahenao\",\"image\":{\"@type\":\"ImageObject\",\"inLanguage\":\"es-CO\",\"@id\":\"https:\/\/www.crea.gov.co\/crea-roma\/#\/schema\/person\/image\/\",\"url\":\"https:\/\/secure.gravatar.com\/avatar\/21a46432310ad2712e5b660e19cb0b22?s=96&d=mm&r=g\",\"contentUrl\":\"https:\/\/secure.gravatar.com\/avatar\/21a46432310ad2712e5b660e19cb0b22?s=96&d=mm&r=g\",\"caption\":\"dianahenao\"},\"url\":\"https:\/\/www.crea.gov.co\/crea-roma\/author\/dianahenao\/\"}]}<\/script>\n<!-- \/ Yoast SEO plugin. -->","yoast_head_json":{"title":"Ecosistemas 2: \u00bfY si nos encontramos en el camino? en #CreaRoma - Crea Roma","robots":{"index":"index","follow":"follow","max-snippet":"max-snippet:-1","max-image-preview":"max-image-preview:large","max-video-preview":"max-video-preview:-1"},"canonical":"https:\/\/www.crea.gov.co\/crea-roma\/ecosistemas-2-y-si-nos-encontramos-en-el-camino-en-crearoma\/","og_locale":"es_ES","og_type":"article","og_title":"Ecosistemas 2: \u00bfY si nos encontramos en el camino? en #CreaRoma - Crea Roma","og_description":"Del 4 al 8 de agosto en el Crea Roma se vivi\u00f3 Ecosistemas 2 \u00bfY si nos encontramos en el camino?, un espacio de dialogo art\u00edstico, donde los colectivos abrieron las puertas de sus salones y se encontraron con sus compa\u00f1eros para fortalecer sus procesos y redescubrirse desde la mirada del otro. Actividad 1: Grupo [&hellip;]","og_url":"https:\/\/www.crea.gov.co\/crea-roma\/ecosistemas-2-y-si-nos-encontramos-en-el-camino-en-crearoma\/","og_site_name":"Crea Roma","article_published_time":"2022-08-20T12:55:58+00:00","article_modified_time":"2022-08-20T14:06:40+00:00","og_image":[{"width":1080,"height":1080,"url":"https:\/\/www.crea.gov.co\/crea-roma\/wp-content\/uploads\/sites\/10\/2022\/08\/WhatsApp-Image-2022-08-12-at-11.11.06-AM-1.jpeg","type":"image\/jpeg"}],"author":"dianahenao","twitter_card":"summary_large_image","twitter_misc":{"Escrito por":"dianahenao","Tiempo de lectura":"7 minutos"},"schema":{"@context":"https:\/\/schema.org","@graph":[{"@type":"WebPage","@id":"https:\/\/www.crea.gov.co\/crea-roma\/ecosistemas-2-y-si-nos-encontramos-en-el-camino-en-crearoma\/","url":"https:\/\/www.crea.gov.co\/crea-roma\/ecosistemas-2-y-si-nos-encontramos-en-el-camino-en-crearoma\/","name":"Ecosistemas 2: \u00bfY si nos encontramos en el camino? en #CreaRoma - Crea Roma","isPartOf":{"@id":"https:\/\/www.crea.gov.co\/crea-roma\/#website"},"primaryImageOfPage":{"@id":"https:\/\/www.crea.gov.co\/crea-roma\/ecosistemas-2-y-si-nos-encontramos-en-el-camino-en-crearoma\/#primaryimage"},"image":{"@id":"https:\/\/www.crea.gov.co\/crea-roma\/ecosistemas-2-y-si-nos-encontramos-en-el-camino-en-crearoma\/#primaryimage"},"thumbnailUrl":"https:\/\/www.crea.gov.co\/crea-roma\/wp-content\/uploads\/sites\/10\/2022\/08\/WhatsApp-Image-2022-08-12-at-11.11.06-AM-1.jpeg","datePublished":"2022-08-20T12:55:58+00:00","dateModified":"2022-08-20T14:06:40+00:00","author":{"@id":"https:\/\/www.crea.gov.co\/crea-roma\/#\/schema\/person\/21f4af65becded92a4d94437f5b2a956"},"breadcrumb":{"@id":"https:\/\/www.crea.gov.co\/crea-roma\/ecosistemas-2-y-si-nos-encontramos-en-el-camino-en-crearoma\/#breadcrumb"},"inLanguage":"es-CO","potentialAction":[{"@type":"ReadAction","target":["https:\/\/www.crea.gov.co\/crea-roma\/ecosistemas-2-y-si-nos-encontramos-en-el-camino-en-crearoma\/"]}]},{"@type":"ImageObject","inLanguage":"es-CO","@id":"https:\/\/www.crea.gov.co\/crea-roma\/ecosistemas-2-y-si-nos-encontramos-en-el-camino-en-crearoma\/#primaryimage","url":"https:\/\/www.crea.gov.co\/crea-roma\/wp-content\/uploads\/sites\/10\/2022\/08\/WhatsApp-Image-2022-08-12-at-11.11.06-AM-1.jpeg","contentUrl":"https:\/\/www.crea.gov.co\/crea-roma\/wp-content\/uploads\/sites\/10\/2022\/08\/WhatsApp-Image-2022-08-12-at-11.11.06-AM-1.jpeg","width":1080,"height":1080},{"@type":"BreadcrumbList","@id":"https:\/\/www.crea.gov.co\/crea-roma\/ecosistemas-2-y-si-nos-encontramos-en-el-camino-en-crearoma\/#breadcrumb","itemListElement":[{"@type":"ListItem","position":1,"name":"Home","item":"https:\/\/www.crea.gov.co\/crea-roma\/"},{"@type":"ListItem","position":2,"name":"Ecosistemas 2: \u00bfY si nos encontramos en el camino? en #CreaRoma"}]},{"@type":"WebSite","@id":"https:\/\/www.crea.gov.co\/crea-roma\/#website","url":"https:\/\/www.crea.gov.co\/crea-roma\/","name":"Crea Roma","description":"En Kennedy, rodeado de conjuntos y calles que guardan historias de familias que han crecido en el barrio, este espacio es un lugar donde la creatividad se entrelaza con la vida cotidiana. Aqu\u00ed, los lenguajes art\u00edsticos fortalecen lazos y dan voz a las experiencias de una comunidad que se reconoce en lo colectivo.","potentialAction":[{"@type":"SearchAction","target":{"@type":"EntryPoint","urlTemplate":"https:\/\/www.crea.gov.co\/crea-roma\/?s={search_term_string}"},"query-input":{"@type":"PropertyValueSpecification","valueRequired":true,"valueName":"search_term_string"}}],"inLanguage":"es-CO"},{"@type":"Person","@id":"https:\/\/www.crea.gov.co\/crea-roma\/#\/schema\/person\/21f4af65becded92a4d94437f5b2a956","name":"dianahenao","image":{"@type":"ImageObject","inLanguage":"es-CO","@id":"https:\/\/www.crea.gov.co\/crea-roma\/#\/schema\/person\/image\/","url":"https:\/\/secure.gravatar.com\/avatar\/21a46432310ad2712e5b660e19cb0b22?s=96&d=mm&r=g","contentUrl":"https:\/\/secure.gravatar.com\/avatar\/21a46432310ad2712e5b660e19cb0b22?s=96&d=mm&r=g","caption":"dianahenao"},"url":"https:\/\/www.crea.gov.co\/crea-roma\/author\/dianahenao\/"}]}},"_links":{"self":[{"href":"https:\/\/www.crea.gov.co\/crea-roma\/wp-json\/wp\/v2\/posts\/498","targetHints":{"allow":["GET"]}}],"collection":[{"href":"https:\/\/www.crea.gov.co\/crea-roma\/wp-json\/wp\/v2\/posts"}],"about":[{"href":"https:\/\/www.crea.gov.co\/crea-roma\/wp-json\/wp\/v2\/types\/post"}],"author":[{"embeddable":true,"href":"https:\/\/www.crea.gov.co\/crea-roma\/wp-json\/wp\/v2\/users\/44"}],"replies":[{"embeddable":true,"href":"https:\/\/www.crea.gov.co\/crea-roma\/wp-json\/wp\/v2\/comments?post=498"}],"version-history":[{"count":15,"href":"https:\/\/www.crea.gov.co\/crea-roma\/wp-json\/wp\/v2\/posts\/498\/revisions"}],"predecessor-version":[{"id":547,"href":"https:\/\/www.crea.gov.co\/crea-roma\/wp-json\/wp\/v2\/posts\/498\/revisions\/547"}],"wp:featuredmedia":[{"embeddable":true,"href":"https:\/\/www.crea.gov.co\/crea-roma\/wp-json\/wp\/v2\/media\/546"}],"wp:attachment":[{"href":"https:\/\/www.crea.gov.co\/crea-roma\/wp-json\/wp\/v2\/media?parent=498"}],"wp:term":[{"taxonomy":"category","embeddable":true,"href":"https:\/\/www.crea.gov.co\/crea-roma\/wp-json\/wp\/v2\/categories?post=498"},{"taxonomy":"post_tag","embeddable":true,"href":"https:\/\/www.crea.gov.co\/crea-roma\/wp-json\/wp\/v2\/tags?post=498"}],"curies":[{"name":"wp","href":"https:\/\/api.w.org\/{rel}","templated":true}]}}