{"id":494,"date":"2022-08-12T11:17:48","date_gmt":"2022-08-12T11:17:48","guid":{"rendered":"https:\/\/www.crea.gov.co\/crea-roma\/?p=494"},"modified":"2022-08-12T11:17:49","modified_gmt":"2022-08-12T11:17:49","slug":"el-crearoma-invita-a-su-comunidad-a-acompanar-al-creatunal-en-la-fiesta-creaenlaciudad","status":"publish","type":"post","link":"https:\/\/www.crea.gov.co\/crea-roma\/el-crearoma-invita-a-su-comunidad-a-acompanar-al-creatunal-en-la-fiesta-creaenlaciudad\/","title":{"rendered":"El #CreaRoma invita a su comunidad a acompa\u00f1ar al #CreaTunal en la fiesta #CreaEnLaCiudad"},"content":{"rendered":"\n<figure class=\"wp-block-image size-large is-resized\"><img loading=\"lazy\" decoding=\"async\" src=\"https:\/\/www.crea.gov.co\/crea-roma\/wp-content\/uploads\/sites\/10\/2022\/08\/WhatsApp-Image-2022-08-11-at-11.07.24-AM-1024x1024.jpeg\" alt=\"\" class=\"wp-image-495\" width=\"491\" height=\"491\" srcset=\"https:\/\/www.crea.gov.co\/crea-roma\/wp-content\/uploads\/sites\/10\/2022\/08\/WhatsApp-Image-2022-08-11-at-11.07.24-AM-1024x1024.jpeg 1024w, https:\/\/www.crea.gov.co\/crea-roma\/wp-content\/uploads\/sites\/10\/2022\/08\/WhatsApp-Image-2022-08-11-at-11.07.24-AM-300x300.jpeg 300w, https:\/\/www.crea.gov.co\/crea-roma\/wp-content\/uploads\/sites\/10\/2022\/08\/WhatsApp-Image-2022-08-11-at-11.07.24-AM-150x150.jpeg 150w, https:\/\/www.crea.gov.co\/crea-roma\/wp-content\/uploads\/sites\/10\/2022\/08\/WhatsApp-Image-2022-08-11-at-11.07.24-AM-768x768.jpeg 768w, https:\/\/www.crea.gov.co\/crea-roma\/wp-content\/uploads\/sites\/10\/2022\/08\/WhatsApp-Image-2022-08-11-at-11.07.24-AM.jpeg 1280w\" sizes=\"auto, (max-width: 491px) 100vw, 491px\" \/><\/figure>\n\n\n\n<p>El pr\u00f3ximo 13 de agosto nos vemos en el #CreaTunal donde nos esperan comparsas, teatro de calle, presentaciones literarias y mucho m\u00e1s.<br>\u00a1Te esperamos!\ud83d\udc9c\ud83d\udc9c<br>Conoce la programaci\u00f3n completa en <\/p>\n\n\n\n<div class=\"wp-block-buttons is-layout-flex wp-block-buttons-is-layout-flex\">\n<div class=\"wp-block-button\"><a class=\"wp-block-button__link\" href=\"http:\/\/www.crea.gov.co\" target=\"_blank\" rel=\"noreferrer noopener\">www.crea.gov.co<\/a><\/div>\n<\/div>\n\n\n\n<h1 class=\"wp-block-heading\">La Bogot\u00e1 Que Estamos Construyendo #IdartesEsbogot\u00e1 #Bogot\u00e1DeFiesta<\/h1>\n\n\n\n<p>All\u00ed ser\u00e1 el gran lanzamiento de #HemisferioCrea \u2728<br>Un espacio \u00fanico donde te vas a enamorar mucho m\u00e1s del programa Crea \ud83d\ude0e<\/p>\n","protected":false},"excerpt":{"rendered":"<p>El pr\u00f3ximo 13 de agosto nos vemos en el #CreaTunal donde nos esperan comparsas, teatro de calle, presentaciones literarias y mucho m\u00e1s.\u00a1Te esperamos!\ud83d\udc9c\ud83d\udc9cConoce la programaci\u00f3n completa en La Bogot\u00e1 Que Estamos Construyendo #IdartesEsbogot\u00e1 #Bogot\u00e1DeFiesta All\u00ed ser\u00e1 el gran lanzamiento de #HemisferioCrea \u2728Un espacio \u00fanico donde te vas a enamorar mucho m\u00e1s del programa Crea \ud83d\ude0e<\/p>\n","protected":false},"author":44,"featured_media":496,"comment_status":"open","ping_status":"open","sticky":false,"template":"","format":"standard","meta":{"footnotes":""},"categories":[1],"tags":[],"class_list":["post-494","post","type-post","status-publish","format-standard","has-post-thumbnail","hentry","category-sin-categoria"],"yoast_head":"<!-- This site is optimized with the Yoast SEO plugin v24.5 - https:\/\/yoast.com\/wordpress\/plugins\/seo\/ -->\n<title>El #CreaRoma invita a su comunidad a acompa\u00f1ar al #CreaTunal en la fiesta #CreaEnLaCiudad - Crea Roma<\/title>\n<meta name=\"robots\" content=\"index, follow, max-snippet:-1, max-image-preview:large, max-video-preview:-1\" \/>\n<link rel=\"canonical\" href=\"https:\/\/www.crea.gov.co\/crea-roma\/el-crearoma-invita-a-su-comunidad-a-acompanar-al-creatunal-en-la-fiesta-creaenlaciudad\/\" \/>\n<meta property=\"og:locale\" content=\"es_ES\" \/>\n<meta property=\"og:type\" content=\"article\" \/>\n<meta property=\"og:title\" content=\"El #CreaRoma invita a su comunidad a acompa\u00f1ar al #CreaTunal en la fiesta #CreaEnLaCiudad - Crea Roma\" \/>\n<meta property=\"og:description\" content=\"El pr\u00f3ximo 13 de agosto nos vemos en el #CreaTunal donde nos esperan comparsas, teatro de calle, presentaciones literarias y mucho m\u00e1s.\u00a1Te esperamos!\ud83d\udc9c\ud83d\udc9cConoce la programaci\u00f3n completa en La Bogot\u00e1 Que Estamos Construyendo #IdartesEsbogot\u00e1 #Bogot\u00e1DeFiesta All\u00ed ser\u00e1 el gran lanzamiento de #HemisferioCrea \u2728Un espacio \u00fanico donde te vas a enamorar mucho m\u00e1s del programa Crea \ud83d\ude0e\" \/>\n<meta property=\"og:url\" content=\"https:\/\/www.crea.gov.co\/crea-roma\/el-crearoma-invita-a-su-comunidad-a-acompanar-al-creatunal-en-la-fiesta-creaenlaciudad\/\" \/>\n<meta property=\"og:site_name\" content=\"Crea Roma\" \/>\n<meta property=\"article:published_time\" content=\"2022-08-12T11:17:48+00:00\" \/>\n<meta property=\"article:modified_time\" content=\"2022-08-12T11:17:49+00:00\" \/>\n<meta property=\"og:image\" content=\"https:\/\/www.crea.gov.co\/crea-roma\/wp-content\/uploads\/sites\/10\/2022\/08\/WhatsApp-Image-2022-08-11-at-11.04.47-AM.jpeg\" \/>\n\t<meta property=\"og:image:width\" content=\"1080\" \/>\n\t<meta property=\"og:image:height\" content=\"1073\" \/>\n\t<meta property=\"og:image:type\" content=\"image\/jpeg\" \/>\n<meta name=\"author\" content=\"dianahenao\" \/>\n<meta name=\"twitter:card\" content=\"summary_large_image\" \/>\n<meta name=\"twitter:label1\" content=\"Escrito por\" \/>\n\t<meta name=\"twitter:data1\" content=\"dianahenao\" \/>\n\t<meta name=\"twitter:label2\" content=\"Tiempo de lectura\" \/>\n\t<meta name=\"twitter:data2\" content=\"1 minuto\" \/>\n<script type=\"application\/ld+json\" class=\"yoast-schema-graph\">{\"@context\":\"https:\/\/schema.org\",\"@graph\":[{\"@type\":\"WebPage\",\"@id\":\"https:\/\/www.crea.gov.co\/crea-roma\/el-crearoma-invita-a-su-comunidad-a-acompanar-al-creatunal-en-la-fiesta-creaenlaciudad\/\",\"url\":\"https:\/\/www.crea.gov.co\/crea-roma\/el-crearoma-invita-a-su-comunidad-a-acompanar-al-creatunal-en-la-fiesta-creaenlaciudad\/\",\"name\":\"El #CreaRoma invita a su comunidad a acompa\u00f1ar al #CreaTunal en la fiesta #CreaEnLaCiudad - Crea Roma\",\"isPartOf\":{\"@id\":\"https:\/\/www.crea.gov.co\/crea-roma\/#website\"},\"primaryImageOfPage\":{\"@id\":\"https:\/\/www.crea.gov.co\/crea-roma\/el-crearoma-invita-a-su-comunidad-a-acompanar-al-creatunal-en-la-fiesta-creaenlaciudad\/#primaryimage\"},\"image\":{\"@id\":\"https:\/\/www.crea.gov.co\/crea-roma\/el-crearoma-invita-a-su-comunidad-a-acompanar-al-creatunal-en-la-fiesta-creaenlaciudad\/#primaryimage\"},\"thumbnailUrl\":\"https:\/\/www.crea.gov.co\/crea-roma\/wp-content\/uploads\/sites\/10\/2022\/08\/WhatsApp-Image-2022-08-11-at-11.04.47-AM.jpeg\",\"datePublished\":\"2022-08-12T11:17:48+00:00\",\"dateModified\":\"2022-08-12T11:17:49+00:00\",\"author\":{\"@id\":\"https:\/\/www.crea.gov.co\/crea-roma\/#\/schema\/person\/21f4af65becded92a4d94437f5b2a956\"},\"breadcrumb\":{\"@id\":\"https:\/\/www.crea.gov.co\/crea-roma\/el-crearoma-invita-a-su-comunidad-a-acompanar-al-creatunal-en-la-fiesta-creaenlaciudad\/#breadcrumb\"},\"inLanguage\":\"es-CO\",\"potentialAction\":[{\"@type\":\"ReadAction\",\"target\":[\"https:\/\/www.crea.gov.co\/crea-roma\/el-crearoma-invita-a-su-comunidad-a-acompanar-al-creatunal-en-la-fiesta-creaenlaciudad\/\"]}]},{\"@type\":\"ImageObject\",\"inLanguage\":\"es-CO\",\"@id\":\"https:\/\/www.crea.gov.co\/crea-roma\/el-crearoma-invita-a-su-comunidad-a-acompanar-al-creatunal-en-la-fiesta-creaenlaciudad\/#primaryimage\",\"url\":\"https:\/\/www.crea.gov.co\/crea-roma\/wp-content\/uploads\/sites\/10\/2022\/08\/WhatsApp-Image-2022-08-11-at-11.04.47-AM.jpeg\",\"contentUrl\":\"https:\/\/www.crea.gov.co\/crea-roma\/wp-content\/uploads\/sites\/10\/2022\/08\/WhatsApp-Image-2022-08-11-at-11.04.47-AM.jpeg\",\"width\":1080,\"height\":1073},{\"@type\":\"BreadcrumbList\",\"@id\":\"https:\/\/www.crea.gov.co\/crea-roma\/el-crearoma-invita-a-su-comunidad-a-acompanar-al-creatunal-en-la-fiesta-creaenlaciudad\/#breadcrumb\",\"itemListElement\":[{\"@type\":\"ListItem\",\"position\":1,\"name\":\"Home\",\"item\":\"https:\/\/www.crea.gov.co\/crea-roma\/\"},{\"@type\":\"ListItem\",\"position\":2,\"name\":\"El #CreaRoma invita a su comunidad a acompa\u00f1ar al #CreaTunal en la fiesta #CreaEnLaCiudad\"}]},{\"@type\":\"WebSite\",\"@id\":\"https:\/\/www.crea.gov.co\/crea-roma\/#website\",\"url\":\"https:\/\/www.crea.gov.co\/crea-roma\/\",\"name\":\"Crea Roma\",\"description\":\"En Kennedy, rodeado de conjuntos y calles que guardan historias de familias que han crecido en el barrio, este espacio es un lugar donde la creatividad se entrelaza con la vida cotidiana. Aqu\u00ed, los lenguajes art\u00edsticos fortalecen lazos y dan voz a las experiencias de una comunidad que se reconoce en lo colectivo.\",\"potentialAction\":[{\"@type\":\"SearchAction\",\"target\":{\"@type\":\"EntryPoint\",\"urlTemplate\":\"https:\/\/www.crea.gov.co\/crea-roma\/?s={search_term_string}\"},\"query-input\":{\"@type\":\"PropertyValueSpecification\",\"valueRequired\":true,\"valueName\":\"search_term_string\"}}],\"inLanguage\":\"es-CO\"},{\"@type\":\"Person\",\"@id\":\"https:\/\/www.crea.gov.co\/crea-roma\/#\/schema\/person\/21f4af65becded92a4d94437f5b2a956\",\"name\":\"dianahenao\",\"image\":{\"@type\":\"ImageObject\",\"inLanguage\":\"es-CO\",\"@id\":\"https:\/\/www.crea.gov.co\/crea-roma\/#\/schema\/person\/image\/\",\"url\":\"https:\/\/secure.gravatar.com\/avatar\/21a46432310ad2712e5b660e19cb0b22?s=96&d=mm&r=g\",\"contentUrl\":\"https:\/\/secure.gravatar.com\/avatar\/21a46432310ad2712e5b660e19cb0b22?s=96&d=mm&r=g\",\"caption\":\"dianahenao\"},\"url\":\"https:\/\/www.crea.gov.co\/crea-roma\/author\/dianahenao\/\"}]}<\/script>\n<!-- \/ Yoast SEO plugin. -->","yoast_head_json":{"title":"El #CreaRoma invita a su comunidad a acompa\u00f1ar al #CreaTunal en la fiesta #CreaEnLaCiudad - Crea Roma","robots":{"index":"index","follow":"follow","max-snippet":"max-snippet:-1","max-image-preview":"max-image-preview:large","max-video-preview":"max-video-preview:-1"},"canonical":"https:\/\/www.crea.gov.co\/crea-roma\/el-crearoma-invita-a-su-comunidad-a-acompanar-al-creatunal-en-la-fiesta-creaenlaciudad\/","og_locale":"es_ES","og_type":"article","og_title":"El #CreaRoma invita a su comunidad a acompa\u00f1ar al #CreaTunal en la fiesta #CreaEnLaCiudad - Crea Roma","og_description":"El pr\u00f3ximo 13 de agosto nos vemos en el #CreaTunal donde nos esperan comparsas, teatro de calle, presentaciones literarias y mucho m\u00e1s.\u00a1Te esperamos!\ud83d\udc9c\ud83d\udc9cConoce la programaci\u00f3n completa en La Bogot\u00e1 Que Estamos Construyendo #IdartesEsbogot\u00e1 #Bogot\u00e1DeFiesta All\u00ed ser\u00e1 el gran lanzamiento de #HemisferioCrea \u2728Un espacio \u00fanico donde te vas a enamorar mucho m\u00e1s del programa Crea \ud83d\ude0e","og_url":"https:\/\/www.crea.gov.co\/crea-roma\/el-crearoma-invita-a-su-comunidad-a-acompanar-al-creatunal-en-la-fiesta-creaenlaciudad\/","og_site_name":"Crea Roma","article_published_time":"2022-08-12T11:17:48+00:00","article_modified_time":"2022-08-12T11:17:49+00:00","og_image":[{"width":1080,"height":1073,"url":"https:\/\/www.crea.gov.co\/crea-roma\/wp-content\/uploads\/sites\/10\/2022\/08\/WhatsApp-Image-2022-08-11-at-11.04.47-AM.jpeg","type":"image\/jpeg"}],"author":"dianahenao","twitter_card":"summary_large_image","twitter_misc":{"Escrito por":"dianahenao","Tiempo de lectura":"1 minuto"},"schema":{"@context":"https:\/\/schema.org","@graph":[{"@type":"WebPage","@id":"https:\/\/www.crea.gov.co\/crea-roma\/el-crearoma-invita-a-su-comunidad-a-acompanar-al-creatunal-en-la-fiesta-creaenlaciudad\/","url":"https:\/\/www.crea.gov.co\/crea-roma\/el-crearoma-invita-a-su-comunidad-a-acompanar-al-creatunal-en-la-fiesta-creaenlaciudad\/","name":"El #CreaRoma invita a su comunidad a acompa\u00f1ar al #CreaTunal en la fiesta #CreaEnLaCiudad - Crea Roma","isPartOf":{"@id":"https:\/\/www.crea.gov.co\/crea-roma\/#website"},"primaryImageOfPage":{"@id":"https:\/\/www.crea.gov.co\/crea-roma\/el-crearoma-invita-a-su-comunidad-a-acompanar-al-creatunal-en-la-fiesta-creaenlaciudad\/#primaryimage"},"image":{"@id":"https:\/\/www.crea.gov.co\/crea-roma\/el-crearoma-invita-a-su-comunidad-a-acompanar-al-creatunal-en-la-fiesta-creaenlaciudad\/#primaryimage"},"thumbnailUrl":"https:\/\/www.crea.gov.co\/crea-roma\/wp-content\/uploads\/sites\/10\/2022\/08\/WhatsApp-Image-2022-08-11-at-11.04.47-AM.jpeg","datePublished":"2022-08-12T11:17:48+00:00","dateModified":"2022-08-12T11:17:49+00:00","author":{"@id":"https:\/\/www.crea.gov.co\/crea-roma\/#\/schema\/person\/21f4af65becded92a4d94437f5b2a956"},"breadcrumb":{"@id":"https:\/\/www.crea.gov.co\/crea-roma\/el-crearoma-invita-a-su-comunidad-a-acompanar-al-creatunal-en-la-fiesta-creaenlaciudad\/#breadcrumb"},"inLanguage":"es-CO","potentialAction":[{"@type":"ReadAction","target":["https:\/\/www.crea.gov.co\/crea-roma\/el-crearoma-invita-a-su-comunidad-a-acompanar-al-creatunal-en-la-fiesta-creaenlaciudad\/"]}]},{"@type":"ImageObject","inLanguage":"es-CO","@id":"https:\/\/www.crea.gov.co\/crea-roma\/el-crearoma-invita-a-su-comunidad-a-acompanar-al-creatunal-en-la-fiesta-creaenlaciudad\/#primaryimage","url":"https:\/\/www.crea.gov.co\/crea-roma\/wp-content\/uploads\/sites\/10\/2022\/08\/WhatsApp-Image-2022-08-11-at-11.04.47-AM.jpeg","contentUrl":"https:\/\/www.crea.gov.co\/crea-roma\/wp-content\/uploads\/sites\/10\/2022\/08\/WhatsApp-Image-2022-08-11-at-11.04.47-AM.jpeg","width":1080,"height":1073},{"@type":"BreadcrumbList","@id":"https:\/\/www.crea.gov.co\/crea-roma\/el-crearoma-invita-a-su-comunidad-a-acompanar-al-creatunal-en-la-fiesta-creaenlaciudad\/#breadcrumb","itemListElement":[{"@type":"ListItem","position":1,"name":"Home","item":"https:\/\/www.crea.gov.co\/crea-roma\/"},{"@type":"ListItem","position":2,"name":"El #CreaRoma invita a su comunidad a acompa\u00f1ar al #CreaTunal en la fiesta #CreaEnLaCiudad"}]},{"@type":"WebSite","@id":"https:\/\/www.crea.gov.co\/crea-roma\/#website","url":"https:\/\/www.crea.gov.co\/crea-roma\/","name":"Crea Roma","description":"En Kennedy, rodeado de conjuntos y calles que guardan historias de familias que han crecido en el barrio, este espacio es un lugar donde la creatividad se entrelaza con la vida cotidiana. Aqu\u00ed, los lenguajes art\u00edsticos fortalecen lazos y dan voz a las experiencias de una comunidad que se reconoce en lo colectivo.","potentialAction":[{"@type":"SearchAction","target":{"@type":"EntryPoint","urlTemplate":"https:\/\/www.crea.gov.co\/crea-roma\/?s={search_term_string}"},"query-input":{"@type":"PropertyValueSpecification","valueRequired":true,"valueName":"search_term_string"}}],"inLanguage":"es-CO"},{"@type":"Person","@id":"https:\/\/www.crea.gov.co\/crea-roma\/#\/schema\/person\/21f4af65becded92a4d94437f5b2a956","name":"dianahenao","image":{"@type":"ImageObject","inLanguage":"es-CO","@id":"https:\/\/www.crea.gov.co\/crea-roma\/#\/schema\/person\/image\/","url":"https:\/\/secure.gravatar.com\/avatar\/21a46432310ad2712e5b660e19cb0b22?s=96&d=mm&r=g","contentUrl":"https:\/\/secure.gravatar.com\/avatar\/21a46432310ad2712e5b660e19cb0b22?s=96&d=mm&r=g","caption":"dianahenao"},"url":"https:\/\/www.crea.gov.co\/crea-roma\/author\/dianahenao\/"}]}},"_links":{"self":[{"href":"https:\/\/www.crea.gov.co\/crea-roma\/wp-json\/wp\/v2\/posts\/494","targetHints":{"allow":["GET"]}}],"collection":[{"href":"https:\/\/www.crea.gov.co\/crea-roma\/wp-json\/wp\/v2\/posts"}],"about":[{"href":"https:\/\/www.crea.gov.co\/crea-roma\/wp-json\/wp\/v2\/types\/post"}],"author":[{"embeddable":true,"href":"https:\/\/www.crea.gov.co\/crea-roma\/wp-json\/wp\/v2\/users\/44"}],"replies":[{"embeddable":true,"href":"https:\/\/www.crea.gov.co\/crea-roma\/wp-json\/wp\/v2\/comments?post=494"}],"version-history":[{"count":1,"href":"https:\/\/www.crea.gov.co\/crea-roma\/wp-json\/wp\/v2\/posts\/494\/revisions"}],"predecessor-version":[{"id":497,"href":"https:\/\/www.crea.gov.co\/crea-roma\/wp-json\/wp\/v2\/posts\/494\/revisions\/497"}],"wp:featuredmedia":[{"embeddable":true,"href":"https:\/\/www.crea.gov.co\/crea-roma\/wp-json\/wp\/v2\/media\/496"}],"wp:attachment":[{"href":"https:\/\/www.crea.gov.co\/crea-roma\/wp-json\/wp\/v2\/media?parent=494"}],"wp:term":[{"taxonomy":"category","embeddable":true,"href":"https:\/\/www.crea.gov.co\/crea-roma\/wp-json\/wp\/v2\/categories?post=494"},{"taxonomy":"post_tag","embeddable":true,"href":"https:\/\/www.crea.gov.co\/crea-roma\/wp-json\/wp\/v2\/tags?post=494"}],"curies":[{"name":"wp","href":"https:\/\/api.w.org\/{rel}","templated":true}]}}