{"id":473,"date":"2022-07-31T14:04:24","date_gmt":"2022-07-31T14:04:24","guid":{"rendered":"https:\/\/www.crea.gov.co\/crea-roma\/?p=473"},"modified":"2022-07-31T14:17:38","modified_gmt":"2022-07-31T14:17:38","slug":"el-colectivo-audiovisual-lupa-films-en-la-proyeccion-del-documental-clara-en-la-cinemateca-de-bogota","status":"publish","type":"post","link":"https:\/\/www.crea.gov.co\/crea-roma\/el-colectivo-audiovisual-lupa-films-en-la-proyeccion-del-documental-clara-en-la-cinemateca-de-bogota\/","title":{"rendered":"El colectivo audiovisual Lupa Films en la proyecci\u00f3n del documental Clara, en la Cinemateca de Bogot\u00e1."},"content":{"rendered":"<div class=\"wp-block-image is-style-default\">\n<figure class=\"alignleft size-large is-resized\"><img loading=\"lazy\" decoding=\"async\" src=\"https:\/\/www.crea.gov.co\/crea-roma\/wp-content\/uploads\/sites\/10\/2022\/07\/WhatsApp-Image-2022-07-31-at-7.45.07-AM-1024x576.jpeg\" alt=\"\" class=\"wp-image-474\" width=\"378\" height=\"210\" \/><\/figure><\/div>\n\n\n<p class=\"has-black-color has-light-green-cyan-background-color has-text-color has-background\" style=\"text-transform:capitalize;letter-spacing:2px\">El pasado s\u00e1bado 23 de julio se llev\u00f3 a cabo a las 9 a.m. en la sala capital de la Cinemateca de Bogot\u00e1 la proyecci\u00f3n del largometraje documental Clara, dirigido por Azeneth Su\u00e1rez Ruiz. Una invitaci\u00f3n especial en el que, a trav\u00e9s de un di\u00e1logo con la directora, el \u00c1rea de audiovisuales Crea y la Cinemateca de Bogot\u00e1 presentaron el documental Clara. El colectivo Lupa Films no quiso perder la oportunidad para fortalecer los intereses alrededor del universo audiovisual, por lo que sus integrantes junto a familiares hicieron parte activa de la actividad en donde se cont\u00f3 la presencia de las realizadoras del film a las que pudieron hacerles preguntas y apreciaciones con respecto a la obra.<br>Para el Programa Crea es importante que sus colectivos participen de este tipo de actividades, en el que la comunidad se permita una mirada exploradora e inquieta y en el que sus participantes encuentren sentido a los procesos de formaci\u00f3n de los que hacen parte en los distintos centro de formaci\u00f3n Crea en la ciudad.<\/p>\n\n\n\n<figure class=\"wp-block-image size-large\"><img loading=\"lazy\" decoding=\"async\" width=\"1024\" height=\"588\" src=\"https:\/\/www.crea.gov.co\/crea-roma\/wp-content\/uploads\/sites\/10\/2022\/07\/WhatsApp-Image-2022-07-31-at-7.47.22-AM-1-1-1024x588.jpeg\" alt=\"\" class=\"wp-image-477\" srcset=\"https:\/\/www.crea.gov.co\/crea-roma\/wp-content\/uploads\/sites\/10\/2022\/07\/WhatsApp-Image-2022-07-31-at-7.47.22-AM-1-1-1024x588.jpeg 1024w, https:\/\/www.crea.gov.co\/crea-roma\/wp-content\/uploads\/sites\/10\/2022\/07\/WhatsApp-Image-2022-07-31-at-7.47.22-AM-1-1-300x172.jpeg 300w, https:\/\/www.crea.gov.co\/crea-roma\/wp-content\/uploads\/sites\/10\/2022\/07\/WhatsApp-Image-2022-07-31-at-7.47.22-AM-1-1-768x441.jpeg 768w, https:\/\/www.crea.gov.co\/crea-roma\/wp-content\/uploads\/sites\/10\/2022\/07\/WhatsApp-Image-2022-07-31-at-7.47.22-AM-1-1.jpeg 1500w\" sizes=\"auto, (max-width: 1024px) 100vw, 1024px\" \/><\/figure>\n","protected":false},"excerpt":{"rendered":"<p>El pasado s\u00e1bado 23 de julio se llev\u00f3 a cabo a las 9 a.m. en la sala capital de la Cinemateca de Bogot\u00e1 la proyecci\u00f3n del largometraje documental Clara, dirigido por Azeneth Su\u00e1rez Ruiz. Una invitaci\u00f3n especial en el que, a trav\u00e9s de un di\u00e1logo con la directora, el \u00c1rea de audiovisuales Crea y la [&hellip;]<\/p>\n","protected":false},"author":44,"featured_media":476,"comment_status":"open","ping_status":"open","sticky":false,"template":"","format":"standard","meta":{"footnotes":""},"categories":[1],"tags":[],"class_list":["post-473","post","type-post","status-publish","format-standard","has-post-thumbnail","hentry","category-sin-categoria"],"yoast_head":"<!-- This site is optimized with the Yoast SEO plugin v24.5 - https:\/\/yoast.com\/wordpress\/plugins\/seo\/ -->\n<title>El colectivo audiovisual Lupa Films en la proyecci\u00f3n del documental Clara, en la Cinemateca de Bogot\u00e1. - Crea Roma<\/title>\n<meta name=\"robots\" content=\"index, follow, max-snippet:-1, max-image-preview:large, max-video-preview:-1\" \/>\n<link rel=\"canonical\" href=\"https:\/\/www.crea.gov.co\/crea-roma\/el-colectivo-audiovisual-lupa-films-en-la-proyeccion-del-documental-clara-en-la-cinemateca-de-bogota\/\" \/>\n<meta property=\"og:locale\" content=\"es_ES\" \/>\n<meta property=\"og:type\" content=\"article\" \/>\n<meta property=\"og:title\" content=\"El colectivo audiovisual Lupa Films en la proyecci\u00f3n del documental Clara, en la Cinemateca de Bogot\u00e1. - Crea Roma\" \/>\n<meta property=\"og:description\" content=\"El pasado s\u00e1bado 23 de julio se llev\u00f3 a cabo a las 9 a.m. en la sala capital de la Cinemateca de Bogot\u00e1 la proyecci\u00f3n del largometraje documental Clara, dirigido por Azeneth Su\u00e1rez Ruiz. Una invitaci\u00f3n especial en el que, a trav\u00e9s de un di\u00e1logo con la directora, el \u00c1rea de audiovisuales Crea y la [&hellip;]\" \/>\n<meta property=\"og:url\" content=\"https:\/\/www.crea.gov.co\/crea-roma\/el-colectivo-audiovisual-lupa-films-en-la-proyeccion-del-documental-clara-en-la-cinemateca-de-bogota\/\" \/>\n<meta property=\"og:site_name\" content=\"Crea Roma\" \/>\n<meta property=\"article:published_time\" content=\"2022-07-31T14:04:24+00:00\" \/>\n<meta property=\"article:modified_time\" content=\"2022-07-31T14:17:38+00:00\" \/>\n<meta property=\"og:image\" content=\"https:\/\/www.crea.gov.co\/crea-roma\/wp-content\/uploads\/sites\/10\/2022\/07\/WhatsApp-Image-2022-07-31-at-7.47.22-AM.jpeg\" \/>\n\t<meta property=\"og:image:width\" content=\"1500\" \/>\n\t<meta property=\"og:image:height\" content=\"1000\" \/>\n\t<meta property=\"og:image:type\" content=\"image\/jpeg\" \/>\n<meta name=\"author\" content=\"dianahenao\" \/>\n<meta name=\"twitter:card\" content=\"summary_large_image\" \/>\n<meta name=\"twitter:label1\" content=\"Escrito por\" \/>\n\t<meta name=\"twitter:data1\" content=\"dianahenao\" \/>\n\t<meta name=\"twitter:label2\" content=\"Tiempo de lectura\" \/>\n\t<meta name=\"twitter:data2\" content=\"2 minutos\" \/>\n<script type=\"application\/ld+json\" class=\"yoast-schema-graph\">{\"@context\":\"https:\/\/schema.org\",\"@graph\":[{\"@type\":\"WebPage\",\"@id\":\"https:\/\/www.crea.gov.co\/crea-roma\/el-colectivo-audiovisual-lupa-films-en-la-proyeccion-del-documental-clara-en-la-cinemateca-de-bogota\/\",\"url\":\"https:\/\/www.crea.gov.co\/crea-roma\/el-colectivo-audiovisual-lupa-films-en-la-proyeccion-del-documental-clara-en-la-cinemateca-de-bogota\/\",\"name\":\"El colectivo audiovisual Lupa Films en la proyecci\u00f3n del documental Clara, en la Cinemateca de Bogot\u00e1. - Crea Roma\",\"isPartOf\":{\"@id\":\"https:\/\/www.crea.gov.co\/crea-roma\/#website\"},\"primaryImageOfPage\":{\"@id\":\"https:\/\/www.crea.gov.co\/crea-roma\/el-colectivo-audiovisual-lupa-films-en-la-proyeccion-del-documental-clara-en-la-cinemateca-de-bogota\/#primaryimage\"},\"image\":{\"@id\":\"https:\/\/www.crea.gov.co\/crea-roma\/el-colectivo-audiovisual-lupa-films-en-la-proyeccion-del-documental-clara-en-la-cinemateca-de-bogota\/#primaryimage\"},\"thumbnailUrl\":\"https:\/\/www.crea.gov.co\/crea-roma\/wp-content\/uploads\/sites\/10\/2022\/07\/WhatsApp-Image-2022-07-31-at-7.47.22-AM.jpeg\",\"datePublished\":\"2022-07-31T14:04:24+00:00\",\"dateModified\":\"2022-07-31T14:17:38+00:00\",\"author\":{\"@id\":\"https:\/\/www.crea.gov.co\/crea-roma\/#\/schema\/person\/21f4af65becded92a4d94437f5b2a956\"},\"breadcrumb\":{\"@id\":\"https:\/\/www.crea.gov.co\/crea-roma\/el-colectivo-audiovisual-lupa-films-en-la-proyeccion-del-documental-clara-en-la-cinemateca-de-bogota\/#breadcrumb\"},\"inLanguage\":\"es-CO\",\"potentialAction\":[{\"@type\":\"ReadAction\",\"target\":[\"https:\/\/www.crea.gov.co\/crea-roma\/el-colectivo-audiovisual-lupa-films-en-la-proyeccion-del-documental-clara-en-la-cinemateca-de-bogota\/\"]}]},{\"@type\":\"ImageObject\",\"inLanguage\":\"es-CO\",\"@id\":\"https:\/\/www.crea.gov.co\/crea-roma\/el-colectivo-audiovisual-lupa-films-en-la-proyeccion-del-documental-clara-en-la-cinemateca-de-bogota\/#primaryimage\",\"url\":\"https:\/\/www.crea.gov.co\/crea-roma\/wp-content\/uploads\/sites\/10\/2022\/07\/WhatsApp-Image-2022-07-31-at-7.47.22-AM.jpeg\",\"contentUrl\":\"https:\/\/www.crea.gov.co\/crea-roma\/wp-content\/uploads\/sites\/10\/2022\/07\/WhatsApp-Image-2022-07-31-at-7.47.22-AM.jpeg\",\"width\":1500,\"height\":1000},{\"@type\":\"BreadcrumbList\",\"@id\":\"https:\/\/www.crea.gov.co\/crea-roma\/el-colectivo-audiovisual-lupa-films-en-la-proyeccion-del-documental-clara-en-la-cinemateca-de-bogota\/#breadcrumb\",\"itemListElement\":[{\"@type\":\"ListItem\",\"position\":1,\"name\":\"Home\",\"item\":\"https:\/\/www.crea.gov.co\/crea-roma\/\"},{\"@type\":\"ListItem\",\"position\":2,\"name\":\"El colectivo audiovisual Lupa Films en la proyecci\u00f3n del documental Clara, en la Cinemateca de Bogot\u00e1.\"}]},{\"@type\":\"WebSite\",\"@id\":\"https:\/\/www.crea.gov.co\/crea-roma\/#website\",\"url\":\"https:\/\/www.crea.gov.co\/crea-roma\/\",\"name\":\"Crea Roma\",\"description\":\"En Kennedy, rodeado de conjuntos y calles que guardan historias de familias que han crecido en el barrio, este espacio es un lugar donde la creatividad se entrelaza con la vida cotidiana. Aqu\u00ed, los lenguajes art\u00edsticos fortalecen lazos y dan voz a las experiencias de una comunidad que se reconoce en lo colectivo.\",\"potentialAction\":[{\"@type\":\"SearchAction\",\"target\":{\"@type\":\"EntryPoint\",\"urlTemplate\":\"https:\/\/www.crea.gov.co\/crea-roma\/?s={search_term_string}\"},\"query-input\":{\"@type\":\"PropertyValueSpecification\",\"valueRequired\":true,\"valueName\":\"search_term_string\"}}],\"inLanguage\":\"es-CO\"},{\"@type\":\"Person\",\"@id\":\"https:\/\/www.crea.gov.co\/crea-roma\/#\/schema\/person\/21f4af65becded92a4d94437f5b2a956\",\"name\":\"dianahenao\",\"image\":{\"@type\":\"ImageObject\",\"inLanguage\":\"es-CO\",\"@id\":\"https:\/\/www.crea.gov.co\/crea-roma\/#\/schema\/person\/image\/\",\"url\":\"https:\/\/secure.gravatar.com\/avatar\/21a46432310ad2712e5b660e19cb0b22?s=96&d=mm&r=g\",\"contentUrl\":\"https:\/\/secure.gravatar.com\/avatar\/21a46432310ad2712e5b660e19cb0b22?s=96&d=mm&r=g\",\"caption\":\"dianahenao\"},\"url\":\"https:\/\/www.crea.gov.co\/crea-roma\/author\/dianahenao\/\"}]}<\/script>\n<!-- \/ Yoast SEO plugin. -->","yoast_head_json":{"title":"El colectivo audiovisual Lupa Films en la proyecci\u00f3n del documental Clara, en la Cinemateca de Bogot\u00e1. - Crea Roma","robots":{"index":"index","follow":"follow","max-snippet":"max-snippet:-1","max-image-preview":"max-image-preview:large","max-video-preview":"max-video-preview:-1"},"canonical":"https:\/\/www.crea.gov.co\/crea-roma\/el-colectivo-audiovisual-lupa-films-en-la-proyeccion-del-documental-clara-en-la-cinemateca-de-bogota\/","og_locale":"es_ES","og_type":"article","og_title":"El colectivo audiovisual Lupa Films en la proyecci\u00f3n del documental Clara, en la Cinemateca de Bogot\u00e1. - Crea Roma","og_description":"El pasado s\u00e1bado 23 de julio se llev\u00f3 a cabo a las 9 a.m. en la sala capital de la Cinemateca de Bogot\u00e1 la proyecci\u00f3n del largometraje documental Clara, dirigido por Azeneth Su\u00e1rez Ruiz. Una invitaci\u00f3n especial en el que, a trav\u00e9s de un di\u00e1logo con la directora, el \u00c1rea de audiovisuales Crea y la [&hellip;]","og_url":"https:\/\/www.crea.gov.co\/crea-roma\/el-colectivo-audiovisual-lupa-films-en-la-proyeccion-del-documental-clara-en-la-cinemateca-de-bogota\/","og_site_name":"Crea Roma","article_published_time":"2022-07-31T14:04:24+00:00","article_modified_time":"2022-07-31T14:17:38+00:00","og_image":[{"width":1500,"height":1000,"url":"https:\/\/www.crea.gov.co\/crea-roma\/wp-content\/uploads\/sites\/10\/2022\/07\/WhatsApp-Image-2022-07-31-at-7.47.22-AM.jpeg","type":"image\/jpeg"}],"author":"dianahenao","twitter_card":"summary_large_image","twitter_misc":{"Escrito por":"dianahenao","Tiempo de lectura":"2 minutos"},"schema":{"@context":"https:\/\/schema.org","@graph":[{"@type":"WebPage","@id":"https:\/\/www.crea.gov.co\/crea-roma\/el-colectivo-audiovisual-lupa-films-en-la-proyeccion-del-documental-clara-en-la-cinemateca-de-bogota\/","url":"https:\/\/www.crea.gov.co\/crea-roma\/el-colectivo-audiovisual-lupa-films-en-la-proyeccion-del-documental-clara-en-la-cinemateca-de-bogota\/","name":"El colectivo audiovisual Lupa Films en la proyecci\u00f3n del documental Clara, en la Cinemateca de Bogot\u00e1. - Crea Roma","isPartOf":{"@id":"https:\/\/www.crea.gov.co\/crea-roma\/#website"},"primaryImageOfPage":{"@id":"https:\/\/www.crea.gov.co\/crea-roma\/el-colectivo-audiovisual-lupa-films-en-la-proyeccion-del-documental-clara-en-la-cinemateca-de-bogota\/#primaryimage"},"image":{"@id":"https:\/\/www.crea.gov.co\/crea-roma\/el-colectivo-audiovisual-lupa-films-en-la-proyeccion-del-documental-clara-en-la-cinemateca-de-bogota\/#primaryimage"},"thumbnailUrl":"https:\/\/www.crea.gov.co\/crea-roma\/wp-content\/uploads\/sites\/10\/2022\/07\/WhatsApp-Image-2022-07-31-at-7.47.22-AM.jpeg","datePublished":"2022-07-31T14:04:24+00:00","dateModified":"2022-07-31T14:17:38+00:00","author":{"@id":"https:\/\/www.crea.gov.co\/crea-roma\/#\/schema\/person\/21f4af65becded92a4d94437f5b2a956"},"breadcrumb":{"@id":"https:\/\/www.crea.gov.co\/crea-roma\/el-colectivo-audiovisual-lupa-films-en-la-proyeccion-del-documental-clara-en-la-cinemateca-de-bogota\/#breadcrumb"},"inLanguage":"es-CO","potentialAction":[{"@type":"ReadAction","target":["https:\/\/www.crea.gov.co\/crea-roma\/el-colectivo-audiovisual-lupa-films-en-la-proyeccion-del-documental-clara-en-la-cinemateca-de-bogota\/"]}]},{"@type":"ImageObject","inLanguage":"es-CO","@id":"https:\/\/www.crea.gov.co\/crea-roma\/el-colectivo-audiovisual-lupa-films-en-la-proyeccion-del-documental-clara-en-la-cinemateca-de-bogota\/#primaryimage","url":"https:\/\/www.crea.gov.co\/crea-roma\/wp-content\/uploads\/sites\/10\/2022\/07\/WhatsApp-Image-2022-07-31-at-7.47.22-AM.jpeg","contentUrl":"https:\/\/www.crea.gov.co\/crea-roma\/wp-content\/uploads\/sites\/10\/2022\/07\/WhatsApp-Image-2022-07-31-at-7.47.22-AM.jpeg","width":1500,"height":1000},{"@type":"BreadcrumbList","@id":"https:\/\/www.crea.gov.co\/crea-roma\/el-colectivo-audiovisual-lupa-films-en-la-proyeccion-del-documental-clara-en-la-cinemateca-de-bogota\/#breadcrumb","itemListElement":[{"@type":"ListItem","position":1,"name":"Home","item":"https:\/\/www.crea.gov.co\/crea-roma\/"},{"@type":"ListItem","position":2,"name":"El colectivo audiovisual Lupa Films en la proyecci\u00f3n del documental Clara, en la Cinemateca de Bogot\u00e1."}]},{"@type":"WebSite","@id":"https:\/\/www.crea.gov.co\/crea-roma\/#website","url":"https:\/\/www.crea.gov.co\/crea-roma\/","name":"Crea Roma","description":"En Kennedy, rodeado de conjuntos y calles que guardan historias de familias que han crecido en el barrio, este espacio es un lugar donde la creatividad se entrelaza con la vida cotidiana. Aqu\u00ed, los lenguajes art\u00edsticos fortalecen lazos y dan voz a las experiencias de una comunidad que se reconoce en lo colectivo.","potentialAction":[{"@type":"SearchAction","target":{"@type":"EntryPoint","urlTemplate":"https:\/\/www.crea.gov.co\/crea-roma\/?s={search_term_string}"},"query-input":{"@type":"PropertyValueSpecification","valueRequired":true,"valueName":"search_term_string"}}],"inLanguage":"es-CO"},{"@type":"Person","@id":"https:\/\/www.crea.gov.co\/crea-roma\/#\/schema\/person\/21f4af65becded92a4d94437f5b2a956","name":"dianahenao","image":{"@type":"ImageObject","inLanguage":"es-CO","@id":"https:\/\/www.crea.gov.co\/crea-roma\/#\/schema\/person\/image\/","url":"https:\/\/secure.gravatar.com\/avatar\/21a46432310ad2712e5b660e19cb0b22?s=96&d=mm&r=g","contentUrl":"https:\/\/secure.gravatar.com\/avatar\/21a46432310ad2712e5b660e19cb0b22?s=96&d=mm&r=g","caption":"dianahenao"},"url":"https:\/\/www.crea.gov.co\/crea-roma\/author\/dianahenao\/"}]}},"_links":{"self":[{"href":"https:\/\/www.crea.gov.co\/crea-roma\/wp-json\/wp\/v2\/posts\/473","targetHints":{"allow":["GET"]}}],"collection":[{"href":"https:\/\/www.crea.gov.co\/crea-roma\/wp-json\/wp\/v2\/posts"}],"about":[{"href":"https:\/\/www.crea.gov.co\/crea-roma\/wp-json\/wp\/v2\/types\/post"}],"author":[{"embeddable":true,"href":"https:\/\/www.crea.gov.co\/crea-roma\/wp-json\/wp\/v2\/users\/44"}],"replies":[{"embeddable":true,"href":"https:\/\/www.crea.gov.co\/crea-roma\/wp-json\/wp\/v2\/comments?post=473"}],"version-history":[{"count":14,"href":"https:\/\/www.crea.gov.co\/crea-roma\/wp-json\/wp\/v2\/posts\/473\/revisions"}],"predecessor-version":[{"id":492,"href":"https:\/\/www.crea.gov.co\/crea-roma\/wp-json\/wp\/v2\/posts\/473\/revisions\/492"}],"wp:featuredmedia":[{"embeddable":true,"href":"https:\/\/www.crea.gov.co\/crea-roma\/wp-json\/wp\/v2\/media\/476"}],"wp:attachment":[{"href":"https:\/\/www.crea.gov.co\/crea-roma\/wp-json\/wp\/v2\/media?parent=473"}],"wp:term":[{"taxonomy":"category","embeddable":true,"href":"https:\/\/www.crea.gov.co\/crea-roma\/wp-json\/wp\/v2\/categories?post=473"},{"taxonomy":"post_tag","embeddable":true,"href":"https:\/\/www.crea.gov.co\/crea-roma\/wp-json\/wp\/v2\/tags?post=473"}],"curies":[{"name":"wp","href":"https:\/\/api.w.org\/{rel}","templated":true}]}}