{"id":46,"date":"2021-07-30T21:41:55","date_gmt":"2021-07-30T21:41:55","guid":{"rendered":"https:\/\/www.crea.gov.co\/crea-roma\/?post_type=news&#038;p=46"},"modified":"2021-07-30T21:56:48","modified_gmt":"2021-07-30T21:56:48","slug":"meditacion-sanado-mi-utero","status":"publish","type":"post","link":"https:\/\/www.crea.gov.co\/crea-roma\/meditacion-sanado-mi-utero\/","title":{"rendered":"Meditaci\u00f3n Sanado Mi \u00datero"},"content":{"rendered":"\n<h4 class=\"wp-block-heading\"><em><strong>Grupo Danza Tango Adulto Mayor <\/strong><\/em><\/h4>\n\n\n\n<figure class=\"wp-block-image size-large is-resized is-style-default\"><img loading=\"lazy\" decoding=\"async\" src=\"https:\/\/www.crea.gov.co\/crea-roma\/wp-content\/uploads\/sites\/10\/2021\/07\/WhatsApp-Image-2021-07-30-at-4.03.59-PM-1-1024x576.jpeg\" alt=\"\" class=\"wp-image-47\" width=\"752\" height=\"422\" srcset=\"https:\/\/www.crea.gov.co\/crea-roma\/wp-content\/uploads\/sites\/10\/2021\/07\/WhatsApp-Image-2021-07-30-at-4.03.59-PM-1-1024x576.jpeg 1024w, https:\/\/www.crea.gov.co\/crea-roma\/wp-content\/uploads\/sites\/10\/2021\/07\/WhatsApp-Image-2021-07-30-at-4.03.59-PM-1-300x169.jpeg 300w, https:\/\/www.crea.gov.co\/crea-roma\/wp-content\/uploads\/sites\/10\/2021\/07\/WhatsApp-Image-2021-07-30-at-4.03.59-PM-1-768x432.jpeg 768w, https:\/\/www.crea.gov.co\/crea-roma\/wp-content\/uploads\/sites\/10\/2021\/07\/WhatsApp-Image-2021-07-30-at-4.03.59-PM-1.jpeg 1280w\" sizes=\"auto, (max-width: 752px) 100vw, 752px\" \/><\/figure>\n\n\n\n<div class=\"wp-block-columns is-layout-flex wp-container-core-columns-is-layout-2 wp-block-columns-is-layout-flex\">\n<div class=\"wp-block-column is-layout-flow wp-block-column-is-layout-flow\" style=\"flex-basis:66.66%\">\n<p class=\"has-drop-cap has-normal-font-size\">El \u00fatero es el \u00f3rgano donde se gesta la vida y est\u00e1 relacionado con las emociones y creatividad<br>Pensamientos negativos sobre el \u00fatero, la menstruaci\u00f3n, el parto, la menopausia momento de la vida de una mujer que socialmente est\u00e1n llenos de connotaciones negativas, y en ocasiones alimentamos estas connotaciones con el leguaje, diciendo como me pondr\u00e9 mal con el periodo, ser\u00e1 muy doloroso, estoy enferma, el parto tan doloroso, programado como parir\u00e1s, y olvidamos que es un \u00f3rgano del placer por excelencia, el \u00f3rgano de la creaci\u00f3n y creatividad y el m\u00fasculo m\u00e1s fuerte del cuerpo junto con el coraz\u00f3n, con el lenguaje y pensamiento negativo programamos para que duela desconect\u00e1ndolo del placer<br>Si lo llenamos de amor y agradecimiento, \u00bfqu\u00e9 pasar\u00eda? vamos a hacer esta meditaci\u00f3n llenando nuestro \u00fatero de luz con informaci\u00f3n diferente a dolor, vamos a estimularlo y masajearlo con nuestra respiraci\u00f3n y con pensamientos positivos, que har\u00e1n producir hormonas de placer serotonina y oxitocina, endorfinas.<br>En un espacio lleno de amor conectando con todos los sentidos, en las instalaciones de CREA ROMA para el grupo de mujeres Converge SomosTango, bajo la direcci\u00f3n de la maestra Claudia Liliana Acevedo, con los protocolos de bioseguridad, se realiza una meditaci\u00f3n para 10 mujeres, llenado de luz y sanaci\u00f3n su \u00fatero, donde cada una conecta de manera armoniosa con su yo superior, con todo su poder interior permiti\u00e9ndose vivir un momento de sanaci\u00f3n y perd\u00f3n aumentando su energ\u00eda vital<br>Espacio creado por Irma Yolanda Sop\u00f3 Lara y Diana Alexandra Rojas Maldonado y el espacio Crea Roma<\/p>\n<\/div>\n\n\n\n<div class=\"wp-block-column is-vertically-aligned-bottom is-layout-flow wp-block-column-is-layout-flow\" style=\"flex-basis:33.33%\">\n<div class=\"wp-block-image is-style-rounded\"><figure class=\"aligncenter size-large is-resized\"><img loading=\"lazy\" decoding=\"async\" src=\"https:\/\/www.crea.gov.co\/crea-roma\/wp-content\/uploads\/sites\/10\/2021\/07\/WhatsApp-Image-2021-07-30-at-4.03.56-PM-3-1-768x1024.jpeg\" alt=\"\" class=\"wp-image-53\" width=\"334\" height=\"445\" srcset=\"https:\/\/www.crea.gov.co\/crea-roma\/wp-content\/uploads\/sites\/10\/2021\/07\/WhatsApp-Image-2021-07-30-at-4.03.56-PM-3-1-768x1024.jpeg 768w, https:\/\/www.crea.gov.co\/crea-roma\/wp-content\/uploads\/sites\/10\/2021\/07\/WhatsApp-Image-2021-07-30-at-4.03.56-PM-3-1-225x300.jpeg 225w, https:\/\/www.crea.gov.co\/crea-roma\/wp-content\/uploads\/sites\/10\/2021\/07\/WhatsApp-Image-2021-07-30-at-4.03.56-PM-3-1-1152x1536.jpeg 1152w, https:\/\/www.crea.gov.co\/crea-roma\/wp-content\/uploads\/sites\/10\/2021\/07\/WhatsApp-Image-2021-07-30-at-4.03.56-PM-3-1.jpeg 1200w\" sizes=\"auto, (max-width: 334px) 100vw, 334px\" \/><figcaption><em><strong>Taller de de tango para adulto mayor Crea Roma<\/strong><\/em><br><em><strong> 29 de julio del 2021<\/strong><\/em><\/figcaption><\/figure><\/div>\n\n\n\n<div class=\"wp-block-columns is-layout-flex wp-container-core-columns-is-layout-1 wp-block-columns-is-layout-flex\">\n<div class=\"wp-block-column is-layout-flow wp-block-column-is-layout-flow\" style=\"flex-basis:100%\"><\/div>\n<\/div>\n<\/div>\n<\/div>\n\n\n\n<p><\/p>\n","protected":false},"excerpt":{"rendered":"<p>Grupo Danza Tango Adulto Mayor El \u00fatero es el \u00f3rgano donde se gesta la vida y est\u00e1 relacionado con las emociones y creatividadPensamientos negativos sobre el \u00fatero, la menstruaci\u00f3n, el parto, la menopausia momento de la vida de una mujer que socialmente est\u00e1n llenos de connotaciones negativas, y en ocasiones alimentamos estas connotaciones con el [&hellip;]<\/p>\n","protected":false},"author":44,"featured_media":51,"comment_status":"open","ping_status":"closed","sticky":false,"template":"","format":"standard","meta":{"footnotes":""},"categories":[],"tags":[],"class_list":["post-46","post","type-post","status-publish","format-standard","has-post-thumbnail","hentry"],"yoast_head":"<!-- This site is optimized with the Yoast SEO plugin v24.5 - https:\/\/yoast.com\/wordpress\/plugins\/seo\/ -->\n<title>Meditaci\u00f3n Sanado Mi \u00datero - Crea Roma<\/title>\n<meta name=\"robots\" content=\"index, follow, max-snippet:-1, max-image-preview:large, max-video-preview:-1\" \/>\n<link rel=\"canonical\" href=\"https:\/\/www.crea.gov.co\/crea-roma\/meditacion-sanado-mi-utero\/\" \/>\n<meta property=\"og:locale\" content=\"es_ES\" \/>\n<meta property=\"og:type\" content=\"article\" \/>\n<meta property=\"og:title\" content=\"Meditaci\u00f3n Sanado Mi \u00datero - Crea Roma\" \/>\n<meta property=\"og:description\" content=\"Grupo Danza Tango Adulto Mayor El \u00fatero es el \u00f3rgano donde se gesta la vida y est\u00e1 relacionado con las emociones y creatividadPensamientos negativos sobre el \u00fatero, la menstruaci\u00f3n, el parto, la menopausia momento de la vida de una mujer que socialmente est\u00e1n llenos de connotaciones negativas, y en ocasiones alimentamos estas connotaciones con el [&hellip;]\" \/>\n<meta property=\"og:url\" content=\"https:\/\/www.crea.gov.co\/crea-roma\/meditacion-sanado-mi-utero\/\" \/>\n<meta property=\"og:site_name\" content=\"Crea Roma\" \/>\n<meta property=\"article:published_time\" content=\"2021-07-30T21:41:55+00:00\" \/>\n<meta property=\"article:modified_time\" content=\"2021-07-30T21:56:48+00:00\" \/>\n<meta property=\"og:image\" content=\"https:\/\/www.crea.gov.co\/crea-roma\/wp-content\/uploads\/sites\/10\/2021\/07\/WhatsApp-Image-2021-07-30-at-4.03.57-PM-2.jpeg\" \/>\n\t<meta property=\"og:image:width\" content=\"1280\" \/>\n\t<meta property=\"og:image:height\" content=\"720\" \/>\n\t<meta property=\"og:image:type\" content=\"image\/jpeg\" \/>\n<meta name=\"author\" content=\"dianahenao\" \/>\n<meta name=\"twitter:card\" content=\"summary_large_image\" \/>\n<meta name=\"twitter:label1\" content=\"Escrito por\" \/>\n\t<meta name=\"twitter:data1\" content=\"dianahenao\" \/>\n\t<meta name=\"twitter:label2\" content=\"Tiempo de lectura\" \/>\n\t<meta name=\"twitter:data2\" content=\"1 minuto\" \/>\n<script type=\"application\/ld+json\" class=\"yoast-schema-graph\">{\"@context\":\"https:\/\/schema.org\",\"@graph\":[{\"@type\":\"WebPage\",\"@id\":\"https:\/\/www.crea.gov.co\/crea-roma\/meditacion-sanado-mi-utero\/\",\"url\":\"https:\/\/www.crea.gov.co\/crea-roma\/meditacion-sanado-mi-utero\/\",\"name\":\"Meditaci\u00f3n Sanado Mi \u00datero - Crea Roma\",\"isPartOf\":{\"@id\":\"https:\/\/www.crea.gov.co\/crea-roma\/#website\"},\"primaryImageOfPage\":{\"@id\":\"https:\/\/www.crea.gov.co\/crea-roma\/meditacion-sanado-mi-utero\/#primaryimage\"},\"image\":{\"@id\":\"https:\/\/www.crea.gov.co\/crea-roma\/meditacion-sanado-mi-utero\/#primaryimage\"},\"thumbnailUrl\":\"https:\/\/www.crea.gov.co\/crea-roma\/wp-content\/uploads\/sites\/10\/2021\/07\/WhatsApp-Image-2021-07-30-at-4.03.57-PM-2.jpeg\",\"datePublished\":\"2021-07-30T21:41:55+00:00\",\"dateModified\":\"2021-07-30T21:56:48+00:00\",\"author\":{\"@id\":\"https:\/\/www.crea.gov.co\/crea-roma\/#\/schema\/person\/21f4af65becded92a4d94437f5b2a956\"},\"breadcrumb\":{\"@id\":\"https:\/\/www.crea.gov.co\/crea-roma\/meditacion-sanado-mi-utero\/#breadcrumb\"},\"inLanguage\":\"es-CO\",\"potentialAction\":[{\"@type\":\"ReadAction\",\"target\":[\"https:\/\/www.crea.gov.co\/crea-roma\/meditacion-sanado-mi-utero\/\"]}]},{\"@type\":\"ImageObject\",\"inLanguage\":\"es-CO\",\"@id\":\"https:\/\/www.crea.gov.co\/crea-roma\/meditacion-sanado-mi-utero\/#primaryimage\",\"url\":\"https:\/\/www.crea.gov.co\/crea-roma\/wp-content\/uploads\/sites\/10\/2021\/07\/WhatsApp-Image-2021-07-30-at-4.03.57-PM-2.jpeg\",\"contentUrl\":\"https:\/\/www.crea.gov.co\/crea-roma\/wp-content\/uploads\/sites\/10\/2021\/07\/WhatsApp-Image-2021-07-30-at-4.03.57-PM-2.jpeg\",\"width\":1280,\"height\":720},{\"@type\":\"BreadcrumbList\",\"@id\":\"https:\/\/www.crea.gov.co\/crea-roma\/meditacion-sanado-mi-utero\/#breadcrumb\",\"itemListElement\":[{\"@type\":\"ListItem\",\"position\":1,\"name\":\"Home\",\"item\":\"https:\/\/www.crea.gov.co\/crea-roma\/\"},{\"@type\":\"ListItem\",\"position\":2,\"name\":\"Meditaci\u00f3n Sanado Mi \u00datero\"}]},{\"@type\":\"WebSite\",\"@id\":\"https:\/\/www.crea.gov.co\/crea-roma\/#website\",\"url\":\"https:\/\/www.crea.gov.co\/crea-roma\/\",\"name\":\"Crea Roma\",\"description\":\"En Kennedy, rodeado de conjuntos y calles que guardan historias de familias que han crecido en el barrio, este espacio es un lugar donde la creatividad se entrelaza con la vida cotidiana. Aqu\u00ed, los lenguajes art\u00edsticos fortalecen lazos y dan voz a las experiencias de una comunidad que se reconoce en lo colectivo.\",\"potentialAction\":[{\"@type\":\"SearchAction\",\"target\":{\"@type\":\"EntryPoint\",\"urlTemplate\":\"https:\/\/www.crea.gov.co\/crea-roma\/?s={search_term_string}\"},\"query-input\":{\"@type\":\"PropertyValueSpecification\",\"valueRequired\":true,\"valueName\":\"search_term_string\"}}],\"inLanguage\":\"es-CO\"},{\"@type\":\"Person\",\"@id\":\"https:\/\/www.crea.gov.co\/crea-roma\/#\/schema\/person\/21f4af65becded92a4d94437f5b2a956\",\"name\":\"dianahenao\",\"image\":{\"@type\":\"ImageObject\",\"inLanguage\":\"es-CO\",\"@id\":\"https:\/\/www.crea.gov.co\/crea-roma\/#\/schema\/person\/image\/\",\"url\":\"https:\/\/secure.gravatar.com\/avatar\/21a46432310ad2712e5b660e19cb0b22?s=96&d=mm&r=g\",\"contentUrl\":\"https:\/\/secure.gravatar.com\/avatar\/21a46432310ad2712e5b660e19cb0b22?s=96&d=mm&r=g\",\"caption\":\"dianahenao\"},\"url\":\"https:\/\/www.crea.gov.co\/crea-roma\/author\/dianahenao\/\"}]}<\/script>\n<!-- \/ Yoast SEO plugin. -->","yoast_head_json":{"title":"Meditaci\u00f3n Sanado Mi \u00datero - Crea Roma","robots":{"index":"index","follow":"follow","max-snippet":"max-snippet:-1","max-image-preview":"max-image-preview:large","max-video-preview":"max-video-preview:-1"},"canonical":"https:\/\/www.crea.gov.co\/crea-roma\/meditacion-sanado-mi-utero\/","og_locale":"es_ES","og_type":"article","og_title":"Meditaci\u00f3n Sanado Mi \u00datero - Crea Roma","og_description":"Grupo Danza Tango Adulto Mayor El \u00fatero es el \u00f3rgano donde se gesta la vida y est\u00e1 relacionado con las emociones y creatividadPensamientos negativos sobre el \u00fatero, la menstruaci\u00f3n, el parto, la menopausia momento de la vida de una mujer que socialmente est\u00e1n llenos de connotaciones negativas, y en ocasiones alimentamos estas connotaciones con el [&hellip;]","og_url":"https:\/\/www.crea.gov.co\/crea-roma\/meditacion-sanado-mi-utero\/","og_site_name":"Crea Roma","article_published_time":"2021-07-30T21:41:55+00:00","article_modified_time":"2021-07-30T21:56:48+00:00","og_image":[{"width":1280,"height":720,"url":"https:\/\/www.crea.gov.co\/crea-roma\/wp-content\/uploads\/sites\/10\/2021\/07\/WhatsApp-Image-2021-07-30-at-4.03.57-PM-2.jpeg","type":"image\/jpeg"}],"author":"dianahenao","twitter_card":"summary_large_image","twitter_misc":{"Escrito por":"dianahenao","Tiempo de lectura":"1 minuto"},"schema":{"@context":"https:\/\/schema.org","@graph":[{"@type":"WebPage","@id":"https:\/\/www.crea.gov.co\/crea-roma\/meditacion-sanado-mi-utero\/","url":"https:\/\/www.crea.gov.co\/crea-roma\/meditacion-sanado-mi-utero\/","name":"Meditaci\u00f3n Sanado Mi \u00datero - Crea Roma","isPartOf":{"@id":"https:\/\/www.crea.gov.co\/crea-roma\/#website"},"primaryImageOfPage":{"@id":"https:\/\/www.crea.gov.co\/crea-roma\/meditacion-sanado-mi-utero\/#primaryimage"},"image":{"@id":"https:\/\/www.crea.gov.co\/crea-roma\/meditacion-sanado-mi-utero\/#primaryimage"},"thumbnailUrl":"https:\/\/www.crea.gov.co\/crea-roma\/wp-content\/uploads\/sites\/10\/2021\/07\/WhatsApp-Image-2021-07-30-at-4.03.57-PM-2.jpeg","datePublished":"2021-07-30T21:41:55+00:00","dateModified":"2021-07-30T21:56:48+00:00","author":{"@id":"https:\/\/www.crea.gov.co\/crea-roma\/#\/schema\/person\/21f4af65becded92a4d94437f5b2a956"},"breadcrumb":{"@id":"https:\/\/www.crea.gov.co\/crea-roma\/meditacion-sanado-mi-utero\/#breadcrumb"},"inLanguage":"es-CO","potentialAction":[{"@type":"ReadAction","target":["https:\/\/www.crea.gov.co\/crea-roma\/meditacion-sanado-mi-utero\/"]}]},{"@type":"ImageObject","inLanguage":"es-CO","@id":"https:\/\/www.crea.gov.co\/crea-roma\/meditacion-sanado-mi-utero\/#primaryimage","url":"https:\/\/www.crea.gov.co\/crea-roma\/wp-content\/uploads\/sites\/10\/2021\/07\/WhatsApp-Image-2021-07-30-at-4.03.57-PM-2.jpeg","contentUrl":"https:\/\/www.crea.gov.co\/crea-roma\/wp-content\/uploads\/sites\/10\/2021\/07\/WhatsApp-Image-2021-07-30-at-4.03.57-PM-2.jpeg","width":1280,"height":720},{"@type":"BreadcrumbList","@id":"https:\/\/www.crea.gov.co\/crea-roma\/meditacion-sanado-mi-utero\/#breadcrumb","itemListElement":[{"@type":"ListItem","position":1,"name":"Home","item":"https:\/\/www.crea.gov.co\/crea-roma\/"},{"@type":"ListItem","position":2,"name":"Meditaci\u00f3n Sanado Mi \u00datero"}]},{"@type":"WebSite","@id":"https:\/\/www.crea.gov.co\/crea-roma\/#website","url":"https:\/\/www.crea.gov.co\/crea-roma\/","name":"Crea Roma","description":"En Kennedy, rodeado de conjuntos y calles que guardan historias de familias que han crecido en el barrio, este espacio es un lugar donde la creatividad se entrelaza con la vida cotidiana. Aqu\u00ed, los lenguajes art\u00edsticos fortalecen lazos y dan voz a las experiencias de una comunidad que se reconoce en lo colectivo.","potentialAction":[{"@type":"SearchAction","target":{"@type":"EntryPoint","urlTemplate":"https:\/\/www.crea.gov.co\/crea-roma\/?s={search_term_string}"},"query-input":{"@type":"PropertyValueSpecification","valueRequired":true,"valueName":"search_term_string"}}],"inLanguage":"es-CO"},{"@type":"Person","@id":"https:\/\/www.crea.gov.co\/crea-roma\/#\/schema\/person\/21f4af65becded92a4d94437f5b2a956","name":"dianahenao","image":{"@type":"ImageObject","inLanguage":"es-CO","@id":"https:\/\/www.crea.gov.co\/crea-roma\/#\/schema\/person\/image\/","url":"https:\/\/secure.gravatar.com\/avatar\/21a46432310ad2712e5b660e19cb0b22?s=96&d=mm&r=g","contentUrl":"https:\/\/secure.gravatar.com\/avatar\/21a46432310ad2712e5b660e19cb0b22?s=96&d=mm&r=g","caption":"dianahenao"},"url":"https:\/\/www.crea.gov.co\/crea-roma\/author\/dianahenao\/"}]}},"_links":{"self":[{"href":"https:\/\/www.crea.gov.co\/crea-roma\/wp-json\/wp\/v2\/posts\/46","targetHints":{"allow":["GET"]}}],"collection":[{"href":"https:\/\/www.crea.gov.co\/crea-roma\/wp-json\/wp\/v2\/posts"}],"about":[{"href":"https:\/\/www.crea.gov.co\/crea-roma\/wp-json\/wp\/v2\/types\/post"}],"author":[{"embeddable":true,"href":"https:\/\/www.crea.gov.co\/crea-roma\/wp-json\/wp\/v2\/users\/44"}],"replies":[{"embeddable":true,"href":"https:\/\/www.crea.gov.co\/crea-roma\/wp-json\/wp\/v2\/comments?post=46"}],"version-history":[{"count":0,"href":"https:\/\/www.crea.gov.co\/crea-roma\/wp-json\/wp\/v2\/posts\/46\/revisions"}],"wp:featuredmedia":[{"embeddable":true,"href":"https:\/\/www.crea.gov.co\/crea-roma\/wp-json\/wp\/v2\/media\/51"}],"wp:attachment":[{"href":"https:\/\/www.crea.gov.co\/crea-roma\/wp-json\/wp\/v2\/media?parent=46"}],"wp:term":[{"taxonomy":"category","embeddable":true,"href":"https:\/\/www.crea.gov.co\/crea-roma\/wp-json\/wp\/v2\/categories?post=46"},{"taxonomy":"post_tag","embeddable":true,"href":"https:\/\/www.crea.gov.co\/crea-roma\/wp-json\/wp\/v2\/tags?post=46"}],"curies":[{"name":"wp","href":"https:\/\/api.w.org\/{rel}","templated":true}]}}