{"id":403,"date":"2022-06-09T15:29:45","date_gmt":"2022-06-09T15:29:45","guid":{"rendered":"https:\/\/www.crea.gov.co\/crea-roma\/?post_type=news&#038;p=403"},"modified":"2022-06-09T15:36:21","modified_gmt":"2022-06-09T15:36:21","slug":"vacaciones-crea-roma-2022","status":"publish","type":"post","link":"https:\/\/www.crea.gov.co\/crea-roma\/vacaciones-crea-roma-2022\/","title":{"rendered":"Vacaciones Crea Roma 2022"},"content":{"rendered":"\n<div class=\"wp-block-image is-style-rounded\"><figure class=\"alignleft size-large is-resized\"><img loading=\"lazy\" decoding=\"async\" src=\"https:\/\/www.crea.gov.co\/crea-roma\/wp-content\/uploads\/sites\/10\/2022\/06\/WhatsApp-Image-2022-06-08-at-6.17.26-PM-2-1024x463.jpeg\" alt=\"\" class=\"wp-image-407\" width=\"569\" height=\"257\" srcset=\"https:\/\/www.crea.gov.co\/crea-roma\/wp-content\/uploads\/sites\/10\/2022\/06\/WhatsApp-Image-2022-06-08-at-6.17.26-PM-2-1024x463.jpeg 1024w, https:\/\/www.crea.gov.co\/crea-roma\/wp-content\/uploads\/sites\/10\/2022\/06\/WhatsApp-Image-2022-06-08-at-6.17.26-PM-2-300x136.jpeg 300w, https:\/\/www.crea.gov.co\/crea-roma\/wp-content\/uploads\/sites\/10\/2022\/06\/WhatsApp-Image-2022-06-08-at-6.17.26-PM-2-768x347.jpeg 768w, https:\/\/www.crea.gov.co\/crea-roma\/wp-content\/uploads\/sites\/10\/2022\/06\/WhatsApp-Image-2022-06-08-at-6.17.26-PM-2-1536x694.jpeg 1536w, https:\/\/www.crea.gov.co\/crea-roma\/wp-content\/uploads\/sites\/10\/2022\/06\/WhatsApp-Image-2022-06-08-at-6.17.26-PM-2.jpeg 1600w\" sizes=\"auto, (max-width: 569px) 100vw, 569px\" \/><\/figure><\/div>\n\n\n\n<p>El Programa Crea del Instituto Distrital de las Artes ofertar\u00e1 del 13 de junio al 15 de julio del 2022 talleres de vacaciones para la comunidad, a personas de 6 a\u00f1os de edad en adelante. Estas actividades buscan generar experiencias significativas a trav\u00e9s del desarrollo de la sensibilidad est\u00e9tica, el descubrimiento y la creaci\u00f3n de mundos posibles con el arte. El Crea Roma cuenta con una variada oferta permitiendo que los ni\u00f1os, ni\u00f1as, j\u00f3venes y adultos de la localidad accedan a pr\u00e1cticas art\u00edsticas en Danza, Teatro, M\u00fasica, Artes Pl\u00e1sticas, Audiovisuales, Creaci\u00f3n literaria y Artes Electr\u00f3nicas.<\/p>\n\n\n\n<div class=\"wp-block-image\"><figure class=\"alignleft size-large is-resized\"><img loading=\"lazy\" decoding=\"async\" src=\"https:\/\/www.crea.gov.co\/crea-roma\/wp-content\/uploads\/sites\/10\/2022\/06\/WhatsApp-Image-2022-06-08-at-6.17.26-PM-1-1024x463.jpeg\" alt=\"\" class=\"wp-image-405\" width=\"797\" height=\"359\" srcset=\"https:\/\/www.crea.gov.co\/crea-roma\/wp-content\/uploads\/sites\/10\/2022\/06\/WhatsApp-Image-2022-06-08-at-6.17.26-PM-1-1024x463.jpeg 1024w, https:\/\/www.crea.gov.co\/crea-roma\/wp-content\/uploads\/sites\/10\/2022\/06\/WhatsApp-Image-2022-06-08-at-6.17.26-PM-1-300x136.jpeg 300w, https:\/\/www.crea.gov.co\/crea-roma\/wp-content\/uploads\/sites\/10\/2022\/06\/WhatsApp-Image-2022-06-08-at-6.17.26-PM-1-768x347.jpeg 768w, https:\/\/www.crea.gov.co\/crea-roma\/wp-content\/uploads\/sites\/10\/2022\/06\/WhatsApp-Image-2022-06-08-at-6.17.26-PM-1-1536x694.jpeg 1536w, https:\/\/www.crea.gov.co\/crea-roma\/wp-content\/uploads\/sites\/10\/2022\/06\/WhatsApp-Image-2022-06-08-at-6.17.26-PM-1.jpeg 1600w\" sizes=\"auto, (max-width: 797px) 100vw, 797px\" \/><\/figure><\/div>\n\n\n\n<div class=\"wp-block-image\"><figure class=\"alignright size-large is-resized\"><img loading=\"lazy\" decoding=\"async\" src=\"https:\/\/www.crea.gov.co\/crea-roma\/wp-content\/uploads\/sites\/10\/2022\/06\/WhatsApp-Image-2022-06-08-at-6.17.25-PM-1-1024x463.jpeg\" alt=\"\" class=\"wp-image-406\" width=\"538\" height=\"243\" srcset=\"https:\/\/www.crea.gov.co\/crea-roma\/wp-content\/uploads\/sites\/10\/2022\/06\/WhatsApp-Image-2022-06-08-at-6.17.25-PM-1-1024x463.jpeg 1024w, https:\/\/www.crea.gov.co\/crea-roma\/wp-content\/uploads\/sites\/10\/2022\/06\/WhatsApp-Image-2022-06-08-at-6.17.25-PM-1-300x136.jpeg 300w, https:\/\/www.crea.gov.co\/crea-roma\/wp-content\/uploads\/sites\/10\/2022\/06\/WhatsApp-Image-2022-06-08-at-6.17.25-PM-1-768x347.jpeg 768w, https:\/\/www.crea.gov.co\/crea-roma\/wp-content\/uploads\/sites\/10\/2022\/06\/WhatsApp-Image-2022-06-08-at-6.17.25-PM-1-1536x694.jpeg 1536w, https:\/\/www.crea.gov.co\/crea-roma\/wp-content\/uploads\/sites\/10\/2022\/06\/WhatsApp-Image-2022-06-08-at-6.17.25-PM-1.jpeg 1600w\" sizes=\"auto, (max-width: 538px) 100vw, 538px\" \/><\/figure><\/div>\n\n\n\n<div class=\"wp-block-image\"><figure class=\"alignleft size-large is-resized\"><img loading=\"lazy\" decoding=\"async\" src=\"https:\/\/www.crea.gov.co\/crea-roma\/wp-content\/uploads\/sites\/10\/2022\/06\/fdfd-1024x576.jpg\" alt=\"\" class=\"wp-image-409\" width=\"482\" height=\"270\" srcset=\"https:\/\/www.crea.gov.co\/crea-roma\/wp-content\/uploads\/sites\/10\/2022\/06\/fdfd-1024x576.jpg 1024w, https:\/\/www.crea.gov.co\/crea-roma\/wp-content\/uploads\/sites\/10\/2022\/06\/fdfd-300x169.jpg 300w, https:\/\/www.crea.gov.co\/crea-roma\/wp-content\/uploads\/sites\/10\/2022\/06\/fdfd-768x432.jpg 768w, https:\/\/www.crea.gov.co\/crea-roma\/wp-content\/uploads\/sites\/10\/2022\/06\/fdfd-1536x864.jpg 1536w, https:\/\/www.crea.gov.co\/crea-roma\/wp-content\/uploads\/sites\/10\/2022\/06\/fdfd.jpg 1920w\" sizes=\"auto, (max-width: 482px) 100vw, 482px\" \/><\/figure><\/div>\n\n\n\n<div class=\"wp-block-image\"><figure class=\"alignright size-large is-resized\"><img loading=\"lazy\" decoding=\"async\" src=\"https:\/\/www.crea.gov.co\/crea-roma\/wp-content\/uploads\/sites\/10\/2022\/06\/IMG_7744-1024x683.jpg\" alt=\"\" class=\"wp-image-410\" width=\"582\" height=\"388\" srcset=\"https:\/\/www.crea.gov.co\/crea-roma\/wp-content\/uploads\/sites\/10\/2022\/06\/IMG_7744-1024x683.jpg 1024w, https:\/\/www.crea.gov.co\/crea-roma\/wp-content\/uploads\/sites\/10\/2022\/06\/IMG_7744-300x200.jpg 300w, https:\/\/www.crea.gov.co\/crea-roma\/wp-content\/uploads\/sites\/10\/2022\/06\/IMG_7744-768x512.jpg 768w, https:\/\/www.crea.gov.co\/crea-roma\/wp-content\/uploads\/sites\/10\/2022\/06\/IMG_7744-1536x1024.jpg 1536w, https:\/\/www.crea.gov.co\/crea-roma\/wp-content\/uploads\/sites\/10\/2022\/06\/IMG_7744-2048x1365.jpg 2048w\" sizes=\"auto, (max-width: 582px) 100vw, 582px\" \/><\/figure><\/div>\n\n\n\n<figure class=\"wp-block-image size-large is-resized\"><img loading=\"lazy\" decoding=\"async\" src=\"https:\/\/www.crea.gov.co\/crea-roma\/wp-content\/uploads\/sites\/10\/2022\/06\/IMG_7752-1024x683.jpg\" alt=\"\" class=\"wp-image-411\" width=\"435\" height=\"290\" srcset=\"https:\/\/www.crea.gov.co\/crea-roma\/wp-content\/uploads\/sites\/10\/2022\/06\/IMG_7752-1024x683.jpg 1024w, https:\/\/www.crea.gov.co\/crea-roma\/wp-content\/uploads\/sites\/10\/2022\/06\/IMG_7752-300x200.jpg 300w, https:\/\/www.crea.gov.co\/crea-roma\/wp-content\/uploads\/sites\/10\/2022\/06\/IMG_7752-768x512.jpg 768w, https:\/\/www.crea.gov.co\/crea-roma\/wp-content\/uploads\/sites\/10\/2022\/06\/IMG_7752-1536x1024.jpg 1536w, https:\/\/www.crea.gov.co\/crea-roma\/wp-content\/uploads\/sites\/10\/2022\/06\/IMG_7752-2048x1365.jpg 2048w\" sizes=\"auto, (max-width: 435px) 100vw, 435px\" \/><\/figure>\n","protected":false},"excerpt":{"rendered":"<p>El Programa Crea del Instituto Distrital de las Artes ofertar\u00e1 del 13 de junio al 15 de julio del 2022 talleres de vacaciones para la comunidad, a personas de 6 a\u00f1os de edad en adelante. Estas actividades buscan generar experiencias significativas a trav\u00e9s del desarrollo de la sensibilidad est\u00e9tica, el descubrimiento y la creaci\u00f3n de [&hellip;]<\/p>\n","protected":false},"author":44,"featured_media":404,"comment_status":"open","ping_status":"closed","sticky":false,"template":"","format":"standard","meta":{"footnotes":""},"categories":[],"tags":[],"class_list":["post-403","post","type-post","status-publish","format-standard","has-post-thumbnail","hentry"],"yoast_head":"<!-- This site is optimized with the Yoast SEO plugin v24.5 - https:\/\/yoast.com\/wordpress\/plugins\/seo\/ -->\n<title>Vacaciones Crea Roma 2022 - Crea Roma<\/title>\n<meta name=\"robots\" content=\"index, follow, max-snippet:-1, max-image-preview:large, max-video-preview:-1\" \/>\n<link rel=\"canonical\" href=\"https:\/\/www.crea.gov.co\/crea-roma\/vacaciones-crea-roma-2022\/\" \/>\n<meta property=\"og:locale\" content=\"es_ES\" \/>\n<meta property=\"og:type\" content=\"article\" \/>\n<meta property=\"og:title\" content=\"Vacaciones Crea Roma 2022 - Crea Roma\" \/>\n<meta property=\"og:description\" content=\"El Programa Crea del Instituto Distrital de las Artes ofertar\u00e1 del 13 de junio al 15 de julio del 2022 talleres de vacaciones para la comunidad, a personas de 6 a\u00f1os de edad en adelante. Estas actividades buscan generar experiencias significativas a trav\u00e9s del desarrollo de la sensibilidad est\u00e9tica, el descubrimiento y la creaci\u00f3n de [&hellip;]\" \/>\n<meta property=\"og:url\" content=\"https:\/\/www.crea.gov.co\/crea-roma\/vacaciones-crea-roma-2022\/\" \/>\n<meta property=\"og:site_name\" content=\"Crea Roma\" \/>\n<meta property=\"article:published_time\" content=\"2022-06-09T15:29:45+00:00\" \/>\n<meta property=\"article:modified_time\" content=\"2022-06-09T15:36:21+00:00\" \/>\n<meta property=\"og:image\" content=\"https:\/\/www.crea.gov.co\/crea-roma\/wp-content\/uploads\/sites\/10\/2022\/06\/volante-4.jpg\" \/>\n\t<meta property=\"og:image:width\" content=\"1239\" \/>\n\t<meta property=\"og:image:height\" content=\"1166\" \/>\n\t<meta property=\"og:image:type\" content=\"image\/jpeg\" \/>\n<meta name=\"author\" content=\"dianahenao\" \/>\n<meta name=\"twitter:card\" content=\"summary_large_image\" \/>\n<meta name=\"twitter:label1\" content=\"Escrito por\" \/>\n\t<meta name=\"twitter:data1\" content=\"dianahenao\" \/>\n\t<meta name=\"twitter:label2\" content=\"Tiempo de lectura\" \/>\n\t<meta name=\"twitter:data2\" content=\"1 minuto\" \/>\n<script type=\"application\/ld+json\" class=\"yoast-schema-graph\">{\"@context\":\"https:\/\/schema.org\",\"@graph\":[{\"@type\":\"WebPage\",\"@id\":\"https:\/\/www.crea.gov.co\/crea-roma\/vacaciones-crea-roma-2022\/\",\"url\":\"https:\/\/www.crea.gov.co\/crea-roma\/vacaciones-crea-roma-2022\/\",\"name\":\"Vacaciones Crea Roma 2022 - Crea Roma\",\"isPartOf\":{\"@id\":\"https:\/\/www.crea.gov.co\/crea-roma\/#website\"},\"primaryImageOfPage\":{\"@id\":\"https:\/\/www.crea.gov.co\/crea-roma\/vacaciones-crea-roma-2022\/#primaryimage\"},\"image\":{\"@id\":\"https:\/\/www.crea.gov.co\/crea-roma\/vacaciones-crea-roma-2022\/#primaryimage\"},\"thumbnailUrl\":\"https:\/\/www.crea.gov.co\/crea-roma\/wp-content\/uploads\/sites\/10\/2022\/06\/volante-4.jpg\",\"datePublished\":\"2022-06-09T15:29:45+00:00\",\"dateModified\":\"2022-06-09T15:36:21+00:00\",\"author\":{\"@id\":\"https:\/\/www.crea.gov.co\/crea-roma\/#\/schema\/person\/21f4af65becded92a4d94437f5b2a956\"},\"breadcrumb\":{\"@id\":\"https:\/\/www.crea.gov.co\/crea-roma\/vacaciones-crea-roma-2022\/#breadcrumb\"},\"inLanguage\":\"es-CO\",\"potentialAction\":[{\"@type\":\"ReadAction\",\"target\":[\"https:\/\/www.crea.gov.co\/crea-roma\/vacaciones-crea-roma-2022\/\"]}]},{\"@type\":\"ImageObject\",\"inLanguage\":\"es-CO\",\"@id\":\"https:\/\/www.crea.gov.co\/crea-roma\/vacaciones-crea-roma-2022\/#primaryimage\",\"url\":\"https:\/\/www.crea.gov.co\/crea-roma\/wp-content\/uploads\/sites\/10\/2022\/06\/volante-4.jpg\",\"contentUrl\":\"https:\/\/www.crea.gov.co\/crea-roma\/wp-content\/uploads\/sites\/10\/2022\/06\/volante-4.jpg\",\"width\":1239,\"height\":1166},{\"@type\":\"BreadcrumbList\",\"@id\":\"https:\/\/www.crea.gov.co\/crea-roma\/vacaciones-crea-roma-2022\/#breadcrumb\",\"itemListElement\":[{\"@type\":\"ListItem\",\"position\":1,\"name\":\"Home\",\"item\":\"https:\/\/www.crea.gov.co\/crea-roma\/\"},{\"@type\":\"ListItem\",\"position\":2,\"name\":\"Vacaciones Crea Roma 2022\"}]},{\"@type\":\"WebSite\",\"@id\":\"https:\/\/www.crea.gov.co\/crea-roma\/#website\",\"url\":\"https:\/\/www.crea.gov.co\/crea-roma\/\",\"name\":\"Crea Roma\",\"description\":\"En Kennedy, rodeado de conjuntos y calles que guardan historias de familias que han crecido en el barrio, este espacio es un lugar donde la creatividad se entrelaza con la vida cotidiana. Aqu\u00ed, los lenguajes art\u00edsticos fortalecen lazos y dan voz a las experiencias de una comunidad que se reconoce en lo colectivo.\",\"potentialAction\":[{\"@type\":\"SearchAction\",\"target\":{\"@type\":\"EntryPoint\",\"urlTemplate\":\"https:\/\/www.crea.gov.co\/crea-roma\/?s={search_term_string}\"},\"query-input\":{\"@type\":\"PropertyValueSpecification\",\"valueRequired\":true,\"valueName\":\"search_term_string\"}}],\"inLanguage\":\"es-CO\"},{\"@type\":\"Person\",\"@id\":\"https:\/\/www.crea.gov.co\/crea-roma\/#\/schema\/person\/21f4af65becded92a4d94437f5b2a956\",\"name\":\"dianahenao\",\"image\":{\"@type\":\"ImageObject\",\"inLanguage\":\"es-CO\",\"@id\":\"https:\/\/www.crea.gov.co\/crea-roma\/#\/schema\/person\/image\/\",\"url\":\"https:\/\/secure.gravatar.com\/avatar\/21a46432310ad2712e5b660e19cb0b22?s=96&d=mm&r=g\",\"contentUrl\":\"https:\/\/secure.gravatar.com\/avatar\/21a46432310ad2712e5b660e19cb0b22?s=96&d=mm&r=g\",\"caption\":\"dianahenao\"},\"url\":\"https:\/\/www.crea.gov.co\/crea-roma\/author\/dianahenao\/\"}]}<\/script>\n<!-- \/ Yoast SEO plugin. -->","yoast_head_json":{"title":"Vacaciones Crea Roma 2022 - Crea Roma","robots":{"index":"index","follow":"follow","max-snippet":"max-snippet:-1","max-image-preview":"max-image-preview:large","max-video-preview":"max-video-preview:-1"},"canonical":"https:\/\/www.crea.gov.co\/crea-roma\/vacaciones-crea-roma-2022\/","og_locale":"es_ES","og_type":"article","og_title":"Vacaciones Crea Roma 2022 - Crea Roma","og_description":"El Programa Crea del Instituto Distrital de las Artes ofertar\u00e1 del 13 de junio al 15 de julio del 2022 talleres de vacaciones para la comunidad, a personas de 6 a\u00f1os de edad en adelante. Estas actividades buscan generar experiencias significativas a trav\u00e9s del desarrollo de la sensibilidad est\u00e9tica, el descubrimiento y la creaci\u00f3n de [&hellip;]","og_url":"https:\/\/www.crea.gov.co\/crea-roma\/vacaciones-crea-roma-2022\/","og_site_name":"Crea Roma","article_published_time":"2022-06-09T15:29:45+00:00","article_modified_time":"2022-06-09T15:36:21+00:00","og_image":[{"width":1239,"height":1166,"url":"https:\/\/www.crea.gov.co\/crea-roma\/wp-content\/uploads\/sites\/10\/2022\/06\/volante-4.jpg","type":"image\/jpeg"}],"author":"dianahenao","twitter_card":"summary_large_image","twitter_misc":{"Escrito por":"dianahenao","Tiempo de lectura":"1 minuto"},"schema":{"@context":"https:\/\/schema.org","@graph":[{"@type":"WebPage","@id":"https:\/\/www.crea.gov.co\/crea-roma\/vacaciones-crea-roma-2022\/","url":"https:\/\/www.crea.gov.co\/crea-roma\/vacaciones-crea-roma-2022\/","name":"Vacaciones Crea Roma 2022 - Crea Roma","isPartOf":{"@id":"https:\/\/www.crea.gov.co\/crea-roma\/#website"},"primaryImageOfPage":{"@id":"https:\/\/www.crea.gov.co\/crea-roma\/vacaciones-crea-roma-2022\/#primaryimage"},"image":{"@id":"https:\/\/www.crea.gov.co\/crea-roma\/vacaciones-crea-roma-2022\/#primaryimage"},"thumbnailUrl":"https:\/\/www.crea.gov.co\/crea-roma\/wp-content\/uploads\/sites\/10\/2022\/06\/volante-4.jpg","datePublished":"2022-06-09T15:29:45+00:00","dateModified":"2022-06-09T15:36:21+00:00","author":{"@id":"https:\/\/www.crea.gov.co\/crea-roma\/#\/schema\/person\/21f4af65becded92a4d94437f5b2a956"},"breadcrumb":{"@id":"https:\/\/www.crea.gov.co\/crea-roma\/vacaciones-crea-roma-2022\/#breadcrumb"},"inLanguage":"es-CO","potentialAction":[{"@type":"ReadAction","target":["https:\/\/www.crea.gov.co\/crea-roma\/vacaciones-crea-roma-2022\/"]}]},{"@type":"ImageObject","inLanguage":"es-CO","@id":"https:\/\/www.crea.gov.co\/crea-roma\/vacaciones-crea-roma-2022\/#primaryimage","url":"https:\/\/www.crea.gov.co\/crea-roma\/wp-content\/uploads\/sites\/10\/2022\/06\/volante-4.jpg","contentUrl":"https:\/\/www.crea.gov.co\/crea-roma\/wp-content\/uploads\/sites\/10\/2022\/06\/volante-4.jpg","width":1239,"height":1166},{"@type":"BreadcrumbList","@id":"https:\/\/www.crea.gov.co\/crea-roma\/vacaciones-crea-roma-2022\/#breadcrumb","itemListElement":[{"@type":"ListItem","position":1,"name":"Home","item":"https:\/\/www.crea.gov.co\/crea-roma\/"},{"@type":"ListItem","position":2,"name":"Vacaciones Crea Roma 2022"}]},{"@type":"WebSite","@id":"https:\/\/www.crea.gov.co\/crea-roma\/#website","url":"https:\/\/www.crea.gov.co\/crea-roma\/","name":"Crea Roma","description":"En Kennedy, rodeado de conjuntos y calles que guardan historias de familias que han crecido en el barrio, este espacio es un lugar donde la creatividad se entrelaza con la vida cotidiana. Aqu\u00ed, los lenguajes art\u00edsticos fortalecen lazos y dan voz a las experiencias de una comunidad que se reconoce en lo colectivo.","potentialAction":[{"@type":"SearchAction","target":{"@type":"EntryPoint","urlTemplate":"https:\/\/www.crea.gov.co\/crea-roma\/?s={search_term_string}"},"query-input":{"@type":"PropertyValueSpecification","valueRequired":true,"valueName":"search_term_string"}}],"inLanguage":"es-CO"},{"@type":"Person","@id":"https:\/\/www.crea.gov.co\/crea-roma\/#\/schema\/person\/21f4af65becded92a4d94437f5b2a956","name":"dianahenao","image":{"@type":"ImageObject","inLanguage":"es-CO","@id":"https:\/\/www.crea.gov.co\/crea-roma\/#\/schema\/person\/image\/","url":"https:\/\/secure.gravatar.com\/avatar\/21a46432310ad2712e5b660e19cb0b22?s=96&d=mm&r=g","contentUrl":"https:\/\/secure.gravatar.com\/avatar\/21a46432310ad2712e5b660e19cb0b22?s=96&d=mm&r=g","caption":"dianahenao"},"url":"https:\/\/www.crea.gov.co\/crea-roma\/author\/dianahenao\/"}]}},"_links":{"self":[{"href":"https:\/\/www.crea.gov.co\/crea-roma\/wp-json\/wp\/v2\/posts\/403","targetHints":{"allow":["GET"]}}],"collection":[{"href":"https:\/\/www.crea.gov.co\/crea-roma\/wp-json\/wp\/v2\/posts"}],"about":[{"href":"https:\/\/www.crea.gov.co\/crea-roma\/wp-json\/wp\/v2\/types\/post"}],"author":[{"embeddable":true,"href":"https:\/\/www.crea.gov.co\/crea-roma\/wp-json\/wp\/v2\/users\/44"}],"replies":[{"embeddable":true,"href":"https:\/\/www.crea.gov.co\/crea-roma\/wp-json\/wp\/v2\/comments?post=403"}],"version-history":[{"count":0,"href":"https:\/\/www.crea.gov.co\/crea-roma\/wp-json\/wp\/v2\/posts\/403\/revisions"}],"wp:featuredmedia":[{"embeddable":true,"href":"https:\/\/www.crea.gov.co\/crea-roma\/wp-json\/wp\/v2\/media\/404"}],"wp:attachment":[{"href":"https:\/\/www.crea.gov.co\/crea-roma\/wp-json\/wp\/v2\/media?parent=403"}],"wp:term":[{"taxonomy":"category","embeddable":true,"href":"https:\/\/www.crea.gov.co\/crea-roma\/wp-json\/wp\/v2\/categories?post=403"},{"taxonomy":"post_tag","embeddable":true,"href":"https:\/\/www.crea.gov.co\/crea-roma\/wp-json\/wp\/v2\/tags?post=403"}],"curies":[{"name":"wp","href":"https:\/\/api.w.org\/{rel}","templated":true}]}}