{"id":396,"date":"2022-06-08T13:01:59","date_gmt":"2022-06-08T13:01:59","guid":{"rendered":"https:\/\/www.crea.gov.co\/crea-roma\/?post_type=news&#038;p=396"},"modified":"2022-06-08T13:10:23","modified_gmt":"2022-06-08T13:10:23","slug":"invitacion-publica-para-los-participantes-y-la-invitacion-publica-para-directores-de-taller-de-la-red-de-talleres-locales-de-escritura-2022","status":"publish","type":"post","link":"https:\/\/www.crea.gov.co\/crea-roma\/invitacion-publica-para-los-participantes-y-la-invitacion-publica-para-directores-de-taller-de-la-red-de-talleres-locales-de-escritura-2022\/","title":{"rendered":"Invitaci\u00f3n p\u00fablica para los participantes del taller de la Red de Talleres Locales de Escritura 2022."},"content":{"rendered":"\n<div class=\"wp-block-image\"><figure class=\"alignleft size-large is-resized\"><img loading=\"lazy\" decoding=\"async\" src=\"https:\/\/www.crea.gov.co\/crea-roma\/wp-content\/uploads\/sites\/10\/2022\/06\/image-1024x1024.png\" alt=\"\" class=\"wp-image-397\" width=\"546\" height=\"546\" srcset=\"https:\/\/www.crea.gov.co\/crea-roma\/wp-content\/uploads\/sites\/10\/2022\/06\/image-1024x1024.png 1024w, https:\/\/www.crea.gov.co\/crea-roma\/wp-content\/uploads\/sites\/10\/2022\/06\/image-300x300.png 300w, https:\/\/www.crea.gov.co\/crea-roma\/wp-content\/uploads\/sites\/10\/2022\/06\/image-150x150.png 150w, https:\/\/www.crea.gov.co\/crea-roma\/wp-content\/uploads\/sites\/10\/2022\/06\/image-768x769.png 768w, https:\/\/www.crea.gov.co\/crea-roma\/wp-content\/uploads\/sites\/10\/2022\/06\/image.png 1200w\" sizes=\"auto, (max-width: 546px) 100vw, 546px\" \/><\/figure><\/div>\n\n\n\n<h3 class=\"has-text-align-left wp-block-heading\"><strong>Invitaci\u00f3n p\u00fablica para la inscripci\u00f3n de participantes a la Red de Talleres Locales de Escritura:<\/strong><\/h3>\n\n\n\n<div class=\"wp-block-buttons is-content-justification-right is-layout-flex wp-block-buttons-is-layout-flex\">\n<div class=\"wp-block-button has-custom-width wp-block-button__width-25 is-style-fill\"><a class=\"wp-block-button__link has-black-color has-luminous-vivid-orange-background-color has-text-color has-background\" href=\"https:\/\/www.idartes.gov.co\/es\/noticias\/vuelve-la-red-de-talleres-locales-de-escritura\" style=\"border-radius:47px\" target=\"_blank\" rel=\"noreferrer noopener\">pulse aqui<\/a><\/div>\n<\/div>\n\n\n\n<p><\/p>\n","protected":false},"excerpt":{"rendered":"<p>Invitaci\u00f3n p\u00fablica para la inscripci\u00f3n de participantes a la Red de Talleres Locales de Escritura:<\/p>\n","protected":false},"author":44,"featured_media":397,"comment_status":"open","ping_status":"closed","sticky":false,"template":"","format":"standard","meta":{"footnotes":""},"categories":[],"tags":[],"class_list":["post-396","post","type-post","status-publish","format-standard","has-post-thumbnail","hentry"],"yoast_head":"<!-- This site is optimized with the Yoast SEO plugin v24.5 - https:\/\/yoast.com\/wordpress\/plugins\/seo\/ -->\n<title>Invitaci\u00f3n p\u00fablica para los participantes del taller de la Red de Talleres Locales de Escritura 2022. - Crea Roma<\/title>\n<meta name=\"robots\" content=\"index, follow, max-snippet:-1, max-image-preview:large, max-video-preview:-1\" \/>\n<link rel=\"canonical\" href=\"https:\/\/www.crea.gov.co\/crea-roma\/invitacion-publica-para-los-participantes-y-la-invitacion-publica-para-directores-de-taller-de-la-red-de-talleres-locales-de-escritura-2022\/\" \/>\n<meta property=\"og:locale\" content=\"es_ES\" \/>\n<meta property=\"og:type\" content=\"article\" \/>\n<meta property=\"og:title\" content=\"Invitaci\u00f3n p\u00fablica para los participantes del taller de la Red de Talleres Locales de Escritura 2022. - Crea Roma\" \/>\n<meta property=\"og:description\" content=\"Invitaci\u00f3n p\u00fablica para la inscripci\u00f3n de participantes a la Red de Talleres Locales de Escritura:\" \/>\n<meta property=\"og:url\" content=\"https:\/\/www.crea.gov.co\/crea-roma\/invitacion-publica-para-los-participantes-y-la-invitacion-publica-para-directores-de-taller-de-la-red-de-talleres-locales-de-escritura-2022\/\" \/>\n<meta property=\"og:site_name\" content=\"Crea Roma\" \/>\n<meta property=\"article:published_time\" content=\"2022-06-08T13:01:59+00:00\" \/>\n<meta property=\"article:modified_time\" content=\"2022-06-08T13:10:23+00:00\" \/>\n<meta property=\"og:image\" content=\"https:\/\/www.crea.gov.co\/crea-roma\/wp-content\/uploads\/sites\/10\/2022\/06\/image.png\" \/>\n\t<meta property=\"og:image:width\" content=\"1200\" \/>\n\t<meta property=\"og:image:height\" content=\"1201\" \/>\n\t<meta property=\"og:image:type\" content=\"image\/png\" \/>\n<meta name=\"author\" content=\"dianahenao\" \/>\n<meta name=\"twitter:card\" content=\"summary_large_image\" \/>\n<meta name=\"twitter:label1\" content=\"Escrito por\" \/>\n\t<meta name=\"twitter:data1\" content=\"dianahenao\" \/>\n<script type=\"application\/ld+json\" class=\"yoast-schema-graph\">{\"@context\":\"https:\/\/schema.org\",\"@graph\":[{\"@type\":\"WebPage\",\"@id\":\"https:\/\/www.crea.gov.co\/crea-roma\/invitacion-publica-para-los-participantes-y-la-invitacion-publica-para-directores-de-taller-de-la-red-de-talleres-locales-de-escritura-2022\/\",\"url\":\"https:\/\/www.crea.gov.co\/crea-roma\/invitacion-publica-para-los-participantes-y-la-invitacion-publica-para-directores-de-taller-de-la-red-de-talleres-locales-de-escritura-2022\/\",\"name\":\"Invitaci\u00f3n p\u00fablica para los participantes del taller de la Red de Talleres Locales de Escritura 2022. - Crea Roma\",\"isPartOf\":{\"@id\":\"https:\/\/www.crea.gov.co\/crea-roma\/#website\"},\"primaryImageOfPage\":{\"@id\":\"https:\/\/www.crea.gov.co\/crea-roma\/invitacion-publica-para-los-participantes-y-la-invitacion-publica-para-directores-de-taller-de-la-red-de-talleres-locales-de-escritura-2022\/#primaryimage\"},\"image\":{\"@id\":\"https:\/\/www.crea.gov.co\/crea-roma\/invitacion-publica-para-los-participantes-y-la-invitacion-publica-para-directores-de-taller-de-la-red-de-talleres-locales-de-escritura-2022\/#primaryimage\"},\"thumbnailUrl\":\"https:\/\/www.crea.gov.co\/crea-roma\/wp-content\/uploads\/sites\/10\/2022\/06\/image.png\",\"datePublished\":\"2022-06-08T13:01:59+00:00\",\"dateModified\":\"2022-06-08T13:10:23+00:00\",\"author\":{\"@id\":\"https:\/\/www.crea.gov.co\/crea-roma\/#\/schema\/person\/21f4af65becded92a4d94437f5b2a956\"},\"breadcrumb\":{\"@id\":\"https:\/\/www.crea.gov.co\/crea-roma\/invitacion-publica-para-los-participantes-y-la-invitacion-publica-para-directores-de-taller-de-la-red-de-talleres-locales-de-escritura-2022\/#breadcrumb\"},\"inLanguage\":\"es-CO\",\"potentialAction\":[{\"@type\":\"ReadAction\",\"target\":[\"https:\/\/www.crea.gov.co\/crea-roma\/invitacion-publica-para-los-participantes-y-la-invitacion-publica-para-directores-de-taller-de-la-red-de-talleres-locales-de-escritura-2022\/\"]}]},{\"@type\":\"ImageObject\",\"inLanguage\":\"es-CO\",\"@id\":\"https:\/\/www.crea.gov.co\/crea-roma\/invitacion-publica-para-los-participantes-y-la-invitacion-publica-para-directores-de-taller-de-la-red-de-talleres-locales-de-escritura-2022\/#primaryimage\",\"url\":\"https:\/\/www.crea.gov.co\/crea-roma\/wp-content\/uploads\/sites\/10\/2022\/06\/image.png\",\"contentUrl\":\"https:\/\/www.crea.gov.co\/crea-roma\/wp-content\/uploads\/sites\/10\/2022\/06\/image.png\",\"width\":1200,\"height\":1201},{\"@type\":\"BreadcrumbList\",\"@id\":\"https:\/\/www.crea.gov.co\/crea-roma\/invitacion-publica-para-los-participantes-y-la-invitacion-publica-para-directores-de-taller-de-la-red-de-talleres-locales-de-escritura-2022\/#breadcrumb\",\"itemListElement\":[{\"@type\":\"ListItem\",\"position\":1,\"name\":\"Home\",\"item\":\"https:\/\/www.crea.gov.co\/crea-roma\/\"},{\"@type\":\"ListItem\",\"position\":2,\"name\":\"Invitaci\u00f3n p\u00fablica para los participantes del taller de la Red de Talleres Locales de Escritura 2022.\"}]},{\"@type\":\"WebSite\",\"@id\":\"https:\/\/www.crea.gov.co\/crea-roma\/#website\",\"url\":\"https:\/\/www.crea.gov.co\/crea-roma\/\",\"name\":\"Crea Roma\",\"description\":\"En Kennedy, rodeado de conjuntos y calles que guardan historias de familias que han crecido en el barrio, este espacio es un lugar donde la creatividad se entrelaza con la vida cotidiana. Aqu\u00ed, los lenguajes art\u00edsticos fortalecen lazos y dan voz a las experiencias de una comunidad que se reconoce en lo colectivo.\",\"potentialAction\":[{\"@type\":\"SearchAction\",\"target\":{\"@type\":\"EntryPoint\",\"urlTemplate\":\"https:\/\/www.crea.gov.co\/crea-roma\/?s={search_term_string}\"},\"query-input\":{\"@type\":\"PropertyValueSpecification\",\"valueRequired\":true,\"valueName\":\"search_term_string\"}}],\"inLanguage\":\"es-CO\"},{\"@type\":\"Person\",\"@id\":\"https:\/\/www.crea.gov.co\/crea-roma\/#\/schema\/person\/21f4af65becded92a4d94437f5b2a956\",\"name\":\"dianahenao\",\"image\":{\"@type\":\"ImageObject\",\"inLanguage\":\"es-CO\",\"@id\":\"https:\/\/www.crea.gov.co\/crea-roma\/#\/schema\/person\/image\/\",\"url\":\"https:\/\/secure.gravatar.com\/avatar\/21a46432310ad2712e5b660e19cb0b22?s=96&d=mm&r=g\",\"contentUrl\":\"https:\/\/secure.gravatar.com\/avatar\/21a46432310ad2712e5b660e19cb0b22?s=96&d=mm&r=g\",\"caption\":\"dianahenao\"},\"url\":\"https:\/\/www.crea.gov.co\/crea-roma\/author\/dianahenao\/\"}]}<\/script>\n<!-- \/ Yoast SEO plugin. -->","yoast_head_json":{"title":"Invitaci\u00f3n p\u00fablica para los participantes del taller de la Red de Talleres Locales de Escritura 2022. - Crea Roma","robots":{"index":"index","follow":"follow","max-snippet":"max-snippet:-1","max-image-preview":"max-image-preview:large","max-video-preview":"max-video-preview:-1"},"canonical":"https:\/\/www.crea.gov.co\/crea-roma\/invitacion-publica-para-los-participantes-y-la-invitacion-publica-para-directores-de-taller-de-la-red-de-talleres-locales-de-escritura-2022\/","og_locale":"es_ES","og_type":"article","og_title":"Invitaci\u00f3n p\u00fablica para los participantes del taller de la Red de Talleres Locales de Escritura 2022. - Crea Roma","og_description":"Invitaci\u00f3n p\u00fablica para la inscripci\u00f3n de participantes a la Red de Talleres Locales de Escritura:","og_url":"https:\/\/www.crea.gov.co\/crea-roma\/invitacion-publica-para-los-participantes-y-la-invitacion-publica-para-directores-de-taller-de-la-red-de-talleres-locales-de-escritura-2022\/","og_site_name":"Crea Roma","article_published_time":"2022-06-08T13:01:59+00:00","article_modified_time":"2022-06-08T13:10:23+00:00","og_image":[{"width":1200,"height":1201,"url":"https:\/\/www.crea.gov.co\/crea-roma\/wp-content\/uploads\/sites\/10\/2022\/06\/image.png","type":"image\/png"}],"author":"dianahenao","twitter_card":"summary_large_image","twitter_misc":{"Escrito por":"dianahenao"},"schema":{"@context":"https:\/\/schema.org","@graph":[{"@type":"WebPage","@id":"https:\/\/www.crea.gov.co\/crea-roma\/invitacion-publica-para-los-participantes-y-la-invitacion-publica-para-directores-de-taller-de-la-red-de-talleres-locales-de-escritura-2022\/","url":"https:\/\/www.crea.gov.co\/crea-roma\/invitacion-publica-para-los-participantes-y-la-invitacion-publica-para-directores-de-taller-de-la-red-de-talleres-locales-de-escritura-2022\/","name":"Invitaci\u00f3n p\u00fablica para los participantes del taller de la Red de Talleres Locales de Escritura 2022. - Crea Roma","isPartOf":{"@id":"https:\/\/www.crea.gov.co\/crea-roma\/#website"},"primaryImageOfPage":{"@id":"https:\/\/www.crea.gov.co\/crea-roma\/invitacion-publica-para-los-participantes-y-la-invitacion-publica-para-directores-de-taller-de-la-red-de-talleres-locales-de-escritura-2022\/#primaryimage"},"image":{"@id":"https:\/\/www.crea.gov.co\/crea-roma\/invitacion-publica-para-los-participantes-y-la-invitacion-publica-para-directores-de-taller-de-la-red-de-talleres-locales-de-escritura-2022\/#primaryimage"},"thumbnailUrl":"https:\/\/www.crea.gov.co\/crea-roma\/wp-content\/uploads\/sites\/10\/2022\/06\/image.png","datePublished":"2022-06-08T13:01:59+00:00","dateModified":"2022-06-08T13:10:23+00:00","author":{"@id":"https:\/\/www.crea.gov.co\/crea-roma\/#\/schema\/person\/21f4af65becded92a4d94437f5b2a956"},"breadcrumb":{"@id":"https:\/\/www.crea.gov.co\/crea-roma\/invitacion-publica-para-los-participantes-y-la-invitacion-publica-para-directores-de-taller-de-la-red-de-talleres-locales-de-escritura-2022\/#breadcrumb"},"inLanguage":"es-CO","potentialAction":[{"@type":"ReadAction","target":["https:\/\/www.crea.gov.co\/crea-roma\/invitacion-publica-para-los-participantes-y-la-invitacion-publica-para-directores-de-taller-de-la-red-de-talleres-locales-de-escritura-2022\/"]}]},{"@type":"ImageObject","inLanguage":"es-CO","@id":"https:\/\/www.crea.gov.co\/crea-roma\/invitacion-publica-para-los-participantes-y-la-invitacion-publica-para-directores-de-taller-de-la-red-de-talleres-locales-de-escritura-2022\/#primaryimage","url":"https:\/\/www.crea.gov.co\/crea-roma\/wp-content\/uploads\/sites\/10\/2022\/06\/image.png","contentUrl":"https:\/\/www.crea.gov.co\/crea-roma\/wp-content\/uploads\/sites\/10\/2022\/06\/image.png","width":1200,"height":1201},{"@type":"BreadcrumbList","@id":"https:\/\/www.crea.gov.co\/crea-roma\/invitacion-publica-para-los-participantes-y-la-invitacion-publica-para-directores-de-taller-de-la-red-de-talleres-locales-de-escritura-2022\/#breadcrumb","itemListElement":[{"@type":"ListItem","position":1,"name":"Home","item":"https:\/\/www.crea.gov.co\/crea-roma\/"},{"@type":"ListItem","position":2,"name":"Invitaci\u00f3n p\u00fablica para los participantes del taller de la Red de Talleres Locales de Escritura 2022."}]},{"@type":"WebSite","@id":"https:\/\/www.crea.gov.co\/crea-roma\/#website","url":"https:\/\/www.crea.gov.co\/crea-roma\/","name":"Crea Roma","description":"En Kennedy, rodeado de conjuntos y calles que guardan historias de familias que han crecido en el barrio, este espacio es un lugar donde la creatividad se entrelaza con la vida cotidiana. Aqu\u00ed, los lenguajes art\u00edsticos fortalecen lazos y dan voz a las experiencias de una comunidad que se reconoce en lo colectivo.","potentialAction":[{"@type":"SearchAction","target":{"@type":"EntryPoint","urlTemplate":"https:\/\/www.crea.gov.co\/crea-roma\/?s={search_term_string}"},"query-input":{"@type":"PropertyValueSpecification","valueRequired":true,"valueName":"search_term_string"}}],"inLanguage":"es-CO"},{"@type":"Person","@id":"https:\/\/www.crea.gov.co\/crea-roma\/#\/schema\/person\/21f4af65becded92a4d94437f5b2a956","name":"dianahenao","image":{"@type":"ImageObject","inLanguage":"es-CO","@id":"https:\/\/www.crea.gov.co\/crea-roma\/#\/schema\/person\/image\/","url":"https:\/\/secure.gravatar.com\/avatar\/21a46432310ad2712e5b660e19cb0b22?s=96&d=mm&r=g","contentUrl":"https:\/\/secure.gravatar.com\/avatar\/21a46432310ad2712e5b660e19cb0b22?s=96&d=mm&r=g","caption":"dianahenao"},"url":"https:\/\/www.crea.gov.co\/crea-roma\/author\/dianahenao\/"}]}},"_links":{"self":[{"href":"https:\/\/www.crea.gov.co\/crea-roma\/wp-json\/wp\/v2\/posts\/396","targetHints":{"allow":["GET"]}}],"collection":[{"href":"https:\/\/www.crea.gov.co\/crea-roma\/wp-json\/wp\/v2\/posts"}],"about":[{"href":"https:\/\/www.crea.gov.co\/crea-roma\/wp-json\/wp\/v2\/types\/post"}],"author":[{"embeddable":true,"href":"https:\/\/www.crea.gov.co\/crea-roma\/wp-json\/wp\/v2\/users\/44"}],"replies":[{"embeddable":true,"href":"https:\/\/www.crea.gov.co\/crea-roma\/wp-json\/wp\/v2\/comments?post=396"}],"version-history":[{"count":0,"href":"https:\/\/www.crea.gov.co\/crea-roma\/wp-json\/wp\/v2\/posts\/396\/revisions"}],"wp:featuredmedia":[{"embeddable":true,"href":"https:\/\/www.crea.gov.co\/crea-roma\/wp-json\/wp\/v2\/media\/397"}],"wp:attachment":[{"href":"https:\/\/www.crea.gov.co\/crea-roma\/wp-json\/wp\/v2\/media?parent=396"}],"wp:term":[{"taxonomy":"category","embeddable":true,"href":"https:\/\/www.crea.gov.co\/crea-roma\/wp-json\/wp\/v2\/categories?post=396"},{"taxonomy":"post_tag","embeddable":true,"href":"https:\/\/www.crea.gov.co\/crea-roma\/wp-json\/wp\/v2\/tags?post=396"}],"curies":[{"name":"wp","href":"https:\/\/api.w.org\/{rel}","templated":true}]}}