{"id":338,"date":"2022-04-30T00:56:00","date_gmt":"2022-04-30T00:56:00","guid":{"rendered":"https:\/\/www.crea.gov.co\/crea-roma\/?post_type=news&#038;p=338"},"modified":"2022-05-01T01:24:24","modified_gmt":"2022-05-01T01:24:24","slug":"__trashed","status":"publish","type":"post","link":"https:\/\/www.crea.gov.co\/crea-roma\/__trashed\/","title":{"rendered":"El 29 de abril celebramos con nuestros Ni\u00f1os en el Crea Roma"},"content":{"rendered":"\n<figure class=\"wp-block-image size-large is-resized\"><img loading=\"lazy\" decoding=\"async\" src=\"https:\/\/www.crea.gov.co\/crea-roma\/wp-content\/uploads\/sites\/10\/2022\/05\/WhatsApp-Image-2022-04-29-at-2.44.13-PM-768x1024.jpeg\" alt=\"\" class=\"wp-image-339\" width=\"305\" height=\"406\" srcset=\"https:\/\/www.crea.gov.co\/crea-roma\/wp-content\/uploads\/sites\/10\/2022\/05\/WhatsApp-Image-2022-04-29-at-2.44.13-PM-768x1024.jpeg 768w, https:\/\/www.crea.gov.co\/crea-roma\/wp-content\/uploads\/sites\/10\/2022\/05\/WhatsApp-Image-2022-04-29-at-2.44.13-PM-225x300.jpeg 225w, https:\/\/www.crea.gov.co\/crea-roma\/wp-content\/uploads\/sites\/10\/2022\/05\/WhatsApp-Image-2022-04-29-at-2.44.13-PM.jpeg 960w\" sizes=\"auto, (max-width: 305px) 100vw, 305px\" \/><\/figure>\n\n\n\n<p>Este 29 de abril el Crea Roma se uni\u00f3 a la celebraci\u00f3n con su comunidad, para decirle a los ni\u00f1os lo importante de su rol en el mundo y recordarnos a los adultos que siempre debemos tener vivo nuestro esp\u00edritu infantil<\/p>\n\n\n\n<figure class=\"wp-block-video\"><video controls src=\"https:\/\/www.crea.gov.co\/crea-roma\/wp-content\/uploads\/sites\/10\/2022\/05\/WhatsApp-Video-2022-04-29-at-3.40.01-PM.mp4\"><\/video><\/figure>\n\n\n\n<figure class=\"wp-block-gallery columns-3 is-cropped wp-block-gallery-1 is-layout-flex wp-block-gallery-is-layout-flex\"><ul class=\"blocks-gallery-grid\"><li class=\"blocks-gallery-item\"><figure><img loading=\"lazy\" decoding=\"async\" width=\"768\" height=\"1024\" src=\"https:\/\/www.crea.gov.co\/crea-roma\/wp-content\/uploads\/sites\/10\/2022\/05\/WhatsApp-Image-2022-04-29-at-2.51.32-PM-768x1024.jpeg\" alt=\"\" data-id=\"340\" data-full-url=\"https:\/\/www.crea.gov.co\/crea-roma\/wp-content\/uploads\/sites\/10\/2022\/05\/WhatsApp-Image-2022-04-29-at-2.51.32-PM.jpeg\" data-link=\"https:\/\/www.crea.gov.co\/crea-roma\/?attachment_id=340\" class=\"wp-image-340\" srcset=\"https:\/\/www.crea.gov.co\/crea-roma\/wp-content\/uploads\/sites\/10\/2022\/05\/WhatsApp-Image-2022-04-29-at-2.51.32-PM-768x1024.jpeg 768w, https:\/\/www.crea.gov.co\/crea-roma\/wp-content\/uploads\/sites\/10\/2022\/05\/WhatsApp-Image-2022-04-29-at-2.51.32-PM-225x300.jpeg 225w, https:\/\/www.crea.gov.co\/crea-roma\/wp-content\/uploads\/sites\/10\/2022\/05\/WhatsApp-Image-2022-04-29-at-2.51.32-PM.jpeg 960w\" sizes=\"auto, (max-width: 768px) 100vw, 768px\" \/><\/figure><\/li><li class=\"blocks-gallery-item\"><figure><img loading=\"lazy\" decoding=\"async\" width=\"1024\" height=\"768\" src=\"https:\/\/www.crea.gov.co\/crea-roma\/wp-content\/uploads\/sites\/10\/2022\/05\/WhatsApp-Image-2022-04-29-at-2.51.47-PM-1-1024x768.jpeg\" alt=\"\" data-id=\"341\" data-full-url=\"https:\/\/www.crea.gov.co\/crea-roma\/wp-content\/uploads\/sites\/10\/2022\/05\/WhatsApp-Image-2022-04-29-at-2.51.47-PM-1.jpeg\" data-link=\"https:\/\/www.crea.gov.co\/crea-roma\/?attachment_id=341\" class=\"wp-image-341\" srcset=\"https:\/\/www.crea.gov.co\/crea-roma\/wp-content\/uploads\/sites\/10\/2022\/05\/WhatsApp-Image-2022-04-29-at-2.51.47-PM-1-1024x768.jpeg 1024w, https:\/\/www.crea.gov.co\/crea-roma\/wp-content\/uploads\/sites\/10\/2022\/05\/WhatsApp-Image-2022-04-29-at-2.51.47-PM-1-300x225.jpeg 300w, https:\/\/www.crea.gov.co\/crea-roma\/wp-content\/uploads\/sites\/10\/2022\/05\/WhatsApp-Image-2022-04-29-at-2.51.47-PM-1-768x576.jpeg 768w, https:\/\/www.crea.gov.co\/crea-roma\/wp-content\/uploads\/sites\/10\/2022\/05\/WhatsApp-Image-2022-04-29-at-2.51.47-PM-1.jpeg 1280w\" sizes=\"auto, (max-width: 1024px) 100vw, 1024px\" \/><\/figure><\/li><li class=\"blocks-gallery-item\"><figure><img loading=\"lazy\" decoding=\"async\" width=\"768\" height=\"1024\" src=\"https:\/\/www.crea.gov.co\/crea-roma\/wp-content\/uploads\/sites\/10\/2022\/05\/WhatsApp-Image-2022-04-29-at-2.51.47-PM-768x1024.jpeg\" alt=\"\" data-id=\"342\" data-full-url=\"https:\/\/www.crea.gov.co\/crea-roma\/wp-content\/uploads\/sites\/10\/2022\/05\/WhatsApp-Image-2022-04-29-at-2.51.47-PM.jpeg\" data-link=\"https:\/\/www.crea.gov.co\/crea-roma\/?attachment_id=342\" class=\"wp-image-342\" srcset=\"https:\/\/www.crea.gov.co\/crea-roma\/wp-content\/uploads\/sites\/10\/2022\/05\/WhatsApp-Image-2022-04-29-at-2.51.47-PM-768x1024.jpeg 768w, https:\/\/www.crea.gov.co\/crea-roma\/wp-content\/uploads\/sites\/10\/2022\/05\/WhatsApp-Image-2022-04-29-at-2.51.47-PM-225x300.jpeg 225w, https:\/\/www.crea.gov.co\/crea-roma\/wp-content\/uploads\/sites\/10\/2022\/05\/WhatsApp-Image-2022-04-29-at-2.51.47-PM.jpeg 960w\" sizes=\"auto, (max-width: 768px) 100vw, 768px\" \/><\/figure><\/li><li class=\"blocks-gallery-item\"><figure><img loading=\"lazy\" decoding=\"async\" width=\"768\" height=\"1024\" src=\"https:\/\/www.crea.gov.co\/crea-roma\/wp-content\/uploads\/sites\/10\/2022\/05\/WhatsApp-Image-2022-04-29-at-2.51.48-PM-1-768x1024.jpeg\" alt=\"\" data-id=\"343\" data-full-url=\"https:\/\/www.crea.gov.co\/crea-roma\/wp-content\/uploads\/sites\/10\/2022\/05\/WhatsApp-Image-2022-04-29-at-2.51.48-PM-1.jpeg\" data-link=\"https:\/\/www.crea.gov.co\/crea-roma\/?attachment_id=343\" class=\"wp-image-343\" srcset=\"https:\/\/www.crea.gov.co\/crea-roma\/wp-content\/uploads\/sites\/10\/2022\/05\/WhatsApp-Image-2022-04-29-at-2.51.48-PM-1-768x1024.jpeg 768w, https:\/\/www.crea.gov.co\/crea-roma\/wp-content\/uploads\/sites\/10\/2022\/05\/WhatsApp-Image-2022-04-29-at-2.51.48-PM-1-225x300.jpeg 225w, https:\/\/www.crea.gov.co\/crea-roma\/wp-content\/uploads\/sites\/10\/2022\/05\/WhatsApp-Image-2022-04-29-at-2.51.48-PM-1.jpeg 960w\" sizes=\"auto, (max-width: 768px) 100vw, 768px\" \/><\/figure><\/li><li class=\"blocks-gallery-item\"><figure><img loading=\"lazy\" decoding=\"async\" width=\"1024\" height=\"768\" src=\"https:\/\/www.crea.gov.co\/crea-roma\/wp-content\/uploads\/sites\/10\/2022\/05\/WhatsApp-Image-2022-04-29-at-2.51.48-PM-2-1024x768.jpeg\" alt=\"\" data-id=\"344\" data-full-url=\"https:\/\/www.crea.gov.co\/crea-roma\/wp-content\/uploads\/sites\/10\/2022\/05\/WhatsApp-Image-2022-04-29-at-2.51.48-PM-2.jpeg\" data-link=\"https:\/\/www.crea.gov.co\/crea-roma\/?attachment_id=344\" class=\"wp-image-344\" srcset=\"https:\/\/www.crea.gov.co\/crea-roma\/wp-content\/uploads\/sites\/10\/2022\/05\/WhatsApp-Image-2022-04-29-at-2.51.48-PM-2-1024x768.jpeg 1024w, https:\/\/www.crea.gov.co\/crea-roma\/wp-content\/uploads\/sites\/10\/2022\/05\/WhatsApp-Image-2022-04-29-at-2.51.48-PM-2-300x225.jpeg 300w, https:\/\/www.crea.gov.co\/crea-roma\/wp-content\/uploads\/sites\/10\/2022\/05\/WhatsApp-Image-2022-04-29-at-2.51.48-PM-2-768x576.jpeg 768w, https:\/\/www.crea.gov.co\/crea-roma\/wp-content\/uploads\/sites\/10\/2022\/05\/WhatsApp-Image-2022-04-29-at-2.51.48-PM-2.jpeg 1280w\" sizes=\"auto, (max-width: 1024px) 100vw, 1024px\" \/><\/figure><\/li><li class=\"blocks-gallery-item\"><figure><img loading=\"lazy\" decoding=\"async\" width=\"1024\" height=\"768\" src=\"https:\/\/www.crea.gov.co\/crea-roma\/wp-content\/uploads\/sites\/10\/2022\/05\/WhatsApp-Image-2022-04-29-at-2.51.49-PM-1024x768.jpeg\" alt=\"\" data-id=\"346\" data-full-url=\"https:\/\/www.crea.gov.co\/crea-roma\/wp-content\/uploads\/sites\/10\/2022\/05\/WhatsApp-Image-2022-04-29-at-2.51.49-PM.jpeg\" data-link=\"https:\/\/www.crea.gov.co\/crea-roma\/?attachment_id=346\" class=\"wp-image-346\" srcset=\"https:\/\/www.crea.gov.co\/crea-roma\/wp-content\/uploads\/sites\/10\/2022\/05\/WhatsApp-Image-2022-04-29-at-2.51.49-PM-1024x768.jpeg 1024w, https:\/\/www.crea.gov.co\/crea-roma\/wp-content\/uploads\/sites\/10\/2022\/05\/WhatsApp-Image-2022-04-29-at-2.51.49-PM-300x225.jpeg 300w, https:\/\/www.crea.gov.co\/crea-roma\/wp-content\/uploads\/sites\/10\/2022\/05\/WhatsApp-Image-2022-04-29-at-2.51.49-PM-768x576.jpeg 768w, https:\/\/www.crea.gov.co\/crea-roma\/wp-content\/uploads\/sites\/10\/2022\/05\/WhatsApp-Image-2022-04-29-at-2.51.49-PM.jpeg 1280w\" sizes=\"auto, (max-width: 1024px) 100vw, 1024px\" \/><\/figure><\/li><li class=\"blocks-gallery-item\"><figure><img loading=\"lazy\" decoding=\"async\" width=\"1024\" height=\"576\" src=\"https:\/\/www.crea.gov.co\/crea-roma\/wp-content\/uploads\/sites\/10\/2022\/05\/WhatsApp-Image-2022-04-29-at-2.58.53-PM-1024x576.jpeg\" alt=\"\" data-id=\"347\" data-full-url=\"https:\/\/www.crea.gov.co\/crea-roma\/wp-content\/uploads\/sites\/10\/2022\/05\/WhatsApp-Image-2022-04-29-at-2.58.53-PM.jpeg\" data-link=\"https:\/\/www.crea.gov.co\/crea-roma\/?attachment_id=347\" class=\"wp-image-347\" srcset=\"https:\/\/www.crea.gov.co\/crea-roma\/wp-content\/uploads\/sites\/10\/2022\/05\/WhatsApp-Image-2022-04-29-at-2.58.53-PM-1024x576.jpeg 1024w, https:\/\/www.crea.gov.co\/crea-roma\/wp-content\/uploads\/sites\/10\/2022\/05\/WhatsApp-Image-2022-04-29-at-2.58.53-PM-300x169.jpeg 300w, https:\/\/www.crea.gov.co\/crea-roma\/wp-content\/uploads\/sites\/10\/2022\/05\/WhatsApp-Image-2022-04-29-at-2.58.53-PM-768x432.jpeg 768w, https:\/\/www.crea.gov.co\/crea-roma\/wp-content\/uploads\/sites\/10\/2022\/05\/WhatsApp-Image-2022-04-29-at-2.58.53-PM.jpeg 1280w\" sizes=\"auto, (max-width: 1024px) 100vw, 1024px\" \/><\/figure><\/li><li class=\"blocks-gallery-item\"><figure><img loading=\"lazy\" decoding=\"async\" width=\"768\" height=\"1024\" src=\"https:\/\/www.crea.gov.co\/crea-roma\/wp-content\/uploads\/sites\/10\/2022\/05\/WhatsApp-Image-2022-04-29-at-3.25.09-PM-768x1024.jpeg\" alt=\"\" data-id=\"348\" data-full-url=\"https:\/\/www.crea.gov.co\/crea-roma\/wp-content\/uploads\/sites\/10\/2022\/05\/WhatsApp-Image-2022-04-29-at-3.25.09-PM.jpeg\" data-link=\"https:\/\/www.crea.gov.co\/crea-roma\/?attachment_id=348\" class=\"wp-image-348\" srcset=\"https:\/\/www.crea.gov.co\/crea-roma\/wp-content\/uploads\/sites\/10\/2022\/05\/WhatsApp-Image-2022-04-29-at-3.25.09-PM-768x1024.jpeg 768w, https:\/\/www.crea.gov.co\/crea-roma\/wp-content\/uploads\/sites\/10\/2022\/05\/WhatsApp-Image-2022-04-29-at-3.25.09-PM-225x300.jpeg 225w, https:\/\/www.crea.gov.co\/crea-roma\/wp-content\/uploads\/sites\/10\/2022\/05\/WhatsApp-Image-2022-04-29-at-3.25.09-PM.jpeg 960w\" sizes=\"auto, (max-width: 768px) 100vw, 768px\" \/><\/figure><\/li><li class=\"blocks-gallery-item\"><figure><img loading=\"lazy\" decoding=\"async\" width=\"768\" height=\"1024\" src=\"https:\/\/www.crea.gov.co\/crea-roma\/wp-content\/uploads\/sites\/10\/2022\/05\/WhatsApp-Image-2022-04-29-at-3.26.09-PM-768x1024.jpeg\" alt=\"\" data-id=\"349\" data-full-url=\"https:\/\/www.crea.gov.co\/crea-roma\/wp-content\/uploads\/sites\/10\/2022\/05\/WhatsApp-Image-2022-04-29-at-3.26.09-PM.jpeg\" data-link=\"https:\/\/www.crea.gov.co\/crea-roma\/?attachment_id=349\" class=\"wp-image-349\" srcset=\"https:\/\/www.crea.gov.co\/crea-roma\/wp-content\/uploads\/sites\/10\/2022\/05\/WhatsApp-Image-2022-04-29-at-3.26.09-PM-768x1024.jpeg 768w, https:\/\/www.crea.gov.co\/crea-roma\/wp-content\/uploads\/sites\/10\/2022\/05\/WhatsApp-Image-2022-04-29-at-3.26.09-PM-225x300.jpeg 225w, https:\/\/www.crea.gov.co\/crea-roma\/wp-content\/uploads\/sites\/10\/2022\/05\/WhatsApp-Image-2022-04-29-at-3.26.09-PM.jpeg 960w\" sizes=\"auto, (max-width: 768px) 100vw, 768px\" \/><\/figure><\/li><li class=\"blocks-gallery-item\"><figure><img loading=\"lazy\" decoding=\"async\" width=\"768\" height=\"1024\" src=\"https:\/\/www.crea.gov.co\/crea-roma\/wp-content\/uploads\/sites\/10\/2022\/05\/WhatsApp-Image-2022-04-29-at-3.26.34-PM-1-768x1024.jpeg\" alt=\"\" data-id=\"350\" data-full-url=\"https:\/\/www.crea.gov.co\/crea-roma\/wp-content\/uploads\/sites\/10\/2022\/05\/WhatsApp-Image-2022-04-29-at-3.26.34-PM-1.jpeg\" data-link=\"https:\/\/www.crea.gov.co\/crea-roma\/?attachment_id=350\" class=\"wp-image-350\" srcset=\"https:\/\/www.crea.gov.co\/crea-roma\/wp-content\/uploads\/sites\/10\/2022\/05\/WhatsApp-Image-2022-04-29-at-3.26.34-PM-1-768x1024.jpeg 768w, https:\/\/www.crea.gov.co\/crea-roma\/wp-content\/uploads\/sites\/10\/2022\/05\/WhatsApp-Image-2022-04-29-at-3.26.34-PM-1-225x300.jpeg 225w, https:\/\/www.crea.gov.co\/crea-roma\/wp-content\/uploads\/sites\/10\/2022\/05\/WhatsApp-Image-2022-04-29-at-3.26.34-PM-1.jpeg 960w\" sizes=\"auto, (max-width: 768px) 100vw, 768px\" \/><\/figure><\/li><li class=\"blocks-gallery-item\"><figure><img loading=\"lazy\" decoding=\"async\" width=\"1024\" height=\"768\" src=\"https:\/\/www.crea.gov.co\/crea-roma\/wp-content\/uploads\/sites\/10\/2022\/05\/WhatsApp-Image-2022-04-29-at-3.26.34-PM-2-1024x768.jpeg\" alt=\"\" data-id=\"351\" data-full-url=\"https:\/\/www.crea.gov.co\/crea-roma\/wp-content\/uploads\/sites\/10\/2022\/05\/WhatsApp-Image-2022-04-29-at-3.26.34-PM-2.jpeg\" data-link=\"https:\/\/www.crea.gov.co\/crea-roma\/?attachment_id=351\" class=\"wp-image-351\" srcset=\"https:\/\/www.crea.gov.co\/crea-roma\/wp-content\/uploads\/sites\/10\/2022\/05\/WhatsApp-Image-2022-04-29-at-3.26.34-PM-2-1024x768.jpeg 1024w, https:\/\/www.crea.gov.co\/crea-roma\/wp-content\/uploads\/sites\/10\/2022\/05\/WhatsApp-Image-2022-04-29-at-3.26.34-PM-2-300x225.jpeg 300w, https:\/\/www.crea.gov.co\/crea-roma\/wp-content\/uploads\/sites\/10\/2022\/05\/WhatsApp-Image-2022-04-29-at-3.26.34-PM-2-768x576.jpeg 768w, https:\/\/www.crea.gov.co\/crea-roma\/wp-content\/uploads\/sites\/10\/2022\/05\/WhatsApp-Image-2022-04-29-at-3.26.34-PM-2.jpeg 1280w\" sizes=\"auto, (max-width: 1024px) 100vw, 1024px\" \/><\/figure><\/li><li class=\"blocks-gallery-item\"><figure><img loading=\"lazy\" decoding=\"async\" width=\"768\" height=\"1024\" src=\"https:\/\/www.crea.gov.co\/crea-roma\/wp-content\/uploads\/sites\/10\/2022\/05\/WhatsApp-Image-2022-04-29-at-3.26.34-PM-768x1024.jpeg\" alt=\"\" data-id=\"352\" data-full-url=\"https:\/\/www.crea.gov.co\/crea-roma\/wp-content\/uploads\/sites\/10\/2022\/05\/WhatsApp-Image-2022-04-29-at-3.26.34-PM.jpeg\" data-link=\"https:\/\/www.crea.gov.co\/crea-roma\/?attachment_id=352\" class=\"wp-image-352\" srcset=\"https:\/\/www.crea.gov.co\/crea-roma\/wp-content\/uploads\/sites\/10\/2022\/05\/WhatsApp-Image-2022-04-29-at-3.26.34-PM-768x1024.jpeg 768w, https:\/\/www.crea.gov.co\/crea-roma\/wp-content\/uploads\/sites\/10\/2022\/05\/WhatsApp-Image-2022-04-29-at-3.26.34-PM-225x300.jpeg 225w, https:\/\/www.crea.gov.co\/crea-roma\/wp-content\/uploads\/sites\/10\/2022\/05\/WhatsApp-Image-2022-04-29-at-3.26.34-PM.jpeg 960w\" sizes=\"auto, (max-width: 768px) 100vw, 768px\" \/><\/figure><\/li><li class=\"blocks-gallery-item\"><figure><img loading=\"lazy\" decoding=\"async\" width=\"1024\" height=\"768\" src=\"https:\/\/www.crea.gov.co\/crea-roma\/wp-content\/uploads\/sites\/10\/2022\/05\/WhatsApp-Image-2022-04-29-at-3.26.35-PM-1024x768.jpeg\" alt=\"\" data-id=\"353\" data-full-url=\"https:\/\/www.crea.gov.co\/crea-roma\/wp-content\/uploads\/sites\/10\/2022\/05\/WhatsApp-Image-2022-04-29-at-3.26.35-PM.jpeg\" data-link=\"https:\/\/www.crea.gov.co\/crea-roma\/?attachment_id=353\" class=\"wp-image-353\" srcset=\"https:\/\/www.crea.gov.co\/crea-roma\/wp-content\/uploads\/sites\/10\/2022\/05\/WhatsApp-Image-2022-04-29-at-3.26.35-PM-1024x768.jpeg 1024w, https:\/\/www.crea.gov.co\/crea-roma\/wp-content\/uploads\/sites\/10\/2022\/05\/WhatsApp-Image-2022-04-29-at-3.26.35-PM-300x225.jpeg 300w, https:\/\/www.crea.gov.co\/crea-roma\/wp-content\/uploads\/sites\/10\/2022\/05\/WhatsApp-Image-2022-04-29-at-3.26.35-PM-768x576.jpeg 768w, https:\/\/www.crea.gov.co\/crea-roma\/wp-content\/uploads\/sites\/10\/2022\/05\/WhatsApp-Image-2022-04-29-at-3.26.35-PM.jpeg 1280w\" sizes=\"auto, (max-width: 1024px) 100vw, 1024px\" \/><\/figure><\/li><li class=\"blocks-gallery-item\"><figure><img loading=\"lazy\" decoding=\"async\" width=\"768\" height=\"1024\" src=\"https:\/\/www.crea.gov.co\/crea-roma\/wp-content\/uploads\/sites\/10\/2022\/05\/WhatsApp-Image-2022-04-29-at-3.32.45-PM-768x1024.jpeg\" alt=\"\" data-id=\"354\" data-full-url=\"https:\/\/www.crea.gov.co\/crea-roma\/wp-content\/uploads\/sites\/10\/2022\/05\/WhatsApp-Image-2022-04-29-at-3.32.45-PM.jpeg\" data-link=\"https:\/\/www.crea.gov.co\/crea-roma\/?attachment_id=354\" class=\"wp-image-354\" srcset=\"https:\/\/www.crea.gov.co\/crea-roma\/wp-content\/uploads\/sites\/10\/2022\/05\/WhatsApp-Image-2022-04-29-at-3.32.45-PM-768x1024.jpeg 768w, https:\/\/www.crea.gov.co\/crea-roma\/wp-content\/uploads\/sites\/10\/2022\/05\/WhatsApp-Image-2022-04-29-at-3.32.45-PM-225x300.jpeg 225w, https:\/\/www.crea.gov.co\/crea-roma\/wp-content\/uploads\/sites\/10\/2022\/05\/WhatsApp-Image-2022-04-29-at-3.32.45-PM.jpeg 960w\" sizes=\"auto, (max-width: 768px) 100vw, 768px\" \/><\/figure><\/li><li class=\"blocks-gallery-item\"><figure><img loading=\"lazy\" decoding=\"async\" width=\"768\" height=\"1024\" src=\"https:\/\/www.crea.gov.co\/crea-roma\/wp-content\/uploads\/sites\/10\/2022\/05\/WhatsApp-Image-2022-04-29-at-3.32.53-PM-768x1024.jpeg\" alt=\"\" data-id=\"355\" data-full-url=\"https:\/\/www.crea.gov.co\/crea-roma\/wp-content\/uploads\/sites\/10\/2022\/05\/WhatsApp-Image-2022-04-29-at-3.32.53-PM.jpeg\" data-link=\"https:\/\/www.crea.gov.co\/crea-roma\/?attachment_id=355\" class=\"wp-image-355\" srcset=\"https:\/\/www.crea.gov.co\/crea-roma\/wp-content\/uploads\/sites\/10\/2022\/05\/WhatsApp-Image-2022-04-29-at-3.32.53-PM-768x1024.jpeg 768w, https:\/\/www.crea.gov.co\/crea-roma\/wp-content\/uploads\/sites\/10\/2022\/05\/WhatsApp-Image-2022-04-29-at-3.32.53-PM-225x300.jpeg 225w, https:\/\/www.crea.gov.co\/crea-roma\/wp-content\/uploads\/sites\/10\/2022\/05\/WhatsApp-Image-2022-04-29-at-3.32.53-PM.jpeg 960w\" sizes=\"auto, (max-width: 768px) 100vw, 768px\" \/><\/figure><\/li><\/ul><\/figure>\n","protected":false},"excerpt":{"rendered":"<p>Este 29 de abril el Crea Roma se uni\u00f3 a la celebraci\u00f3n con su comunidad, para decirle a los ni\u00f1os lo importante de su rol en el mundo y recordarnos a los adultos que siempre debemos tener vivo nuestro esp\u00edritu infantil<\/p>\n","protected":false},"author":44,"featured_media":359,"comment_status":"open","ping_status":"closed","sticky":false,"template":"","format":"standard","meta":{"footnotes":""},"categories":[],"tags":[],"class_list":["post-338","post","type-post","status-publish","format-standard","has-post-thumbnail","hentry"],"yoast_head":"<!-- This site is optimized with the Yoast SEO plugin v24.5 - https:\/\/yoast.com\/wordpress\/plugins\/seo\/ -->\n<title>El 29 de abril celebramos con nuestros Ni\u00f1os en el Crea Roma - Crea Roma<\/title>\n<meta name=\"robots\" content=\"index, follow, max-snippet:-1, max-image-preview:large, max-video-preview:-1\" \/>\n<link rel=\"canonical\" href=\"https:\/\/www.crea.gov.co\/crea-roma\/__trashed\/\" \/>\n<meta property=\"og:locale\" content=\"es_ES\" \/>\n<meta property=\"og:type\" content=\"article\" \/>\n<meta property=\"og:title\" content=\"El 29 de abril celebramos con nuestros Ni\u00f1os en el Crea Roma - Crea Roma\" \/>\n<meta property=\"og:description\" content=\"Este 29 de abril el Crea Roma se uni\u00f3 a la celebraci\u00f3n con su comunidad, para decirle a los ni\u00f1os lo importante de su rol en el mundo y recordarnos a los adultos que siempre debemos tener vivo nuestro esp\u00edritu infantil\" \/>\n<meta property=\"og:url\" content=\"https:\/\/www.crea.gov.co\/crea-roma\/__trashed\/\" \/>\n<meta property=\"og:site_name\" content=\"Crea Roma\" \/>\n<meta property=\"article:published_time\" content=\"2022-04-30T00:56:00+00:00\" \/>\n<meta property=\"article:modified_time\" content=\"2022-05-01T01:24:24+00:00\" \/>\n<meta property=\"og:image\" content=\"https:\/\/www.crea.gov.co\/crea-roma\/wp-content\/uploads\/sites\/10\/2022\/04\/DSC_3551-2-scaled.jpg\" \/>\n\t<meta property=\"og:image:width\" content=\"2560\" \/>\n\t<meta property=\"og:image:height\" content=\"1707\" \/>\n\t<meta property=\"og:image:type\" content=\"image\/jpeg\" \/>\n<meta name=\"author\" content=\"dianahenao\" \/>\n<meta name=\"twitter:card\" content=\"summary_large_image\" \/>\n<meta name=\"twitter:label1\" content=\"Escrito por\" \/>\n\t<meta name=\"twitter:data1\" content=\"dianahenao\" \/>\n<script type=\"application\/ld+json\" class=\"yoast-schema-graph\">{\"@context\":\"https:\/\/schema.org\",\"@graph\":[{\"@type\":\"WebPage\",\"@id\":\"https:\/\/www.crea.gov.co\/crea-roma\/__trashed\/\",\"url\":\"https:\/\/www.crea.gov.co\/crea-roma\/__trashed\/\",\"name\":\"El 29 de abril celebramos con nuestros Ni\u00f1os en el Crea Roma - Crea Roma\",\"isPartOf\":{\"@id\":\"https:\/\/www.crea.gov.co\/crea-roma\/#website\"},\"primaryImageOfPage\":{\"@id\":\"https:\/\/www.crea.gov.co\/crea-roma\/__trashed\/#primaryimage\"},\"image\":{\"@id\":\"https:\/\/www.crea.gov.co\/crea-roma\/__trashed\/#primaryimage\"},\"thumbnailUrl\":\"https:\/\/www.crea.gov.co\/crea-roma\/wp-content\/uploads\/sites\/10\/2022\/04\/DSC_3551-2-scaled.jpg\",\"datePublished\":\"2022-04-30T00:56:00+00:00\",\"dateModified\":\"2022-05-01T01:24:24+00:00\",\"author\":{\"@id\":\"https:\/\/www.crea.gov.co\/crea-roma\/#\/schema\/person\/21f4af65becded92a4d94437f5b2a956\"},\"breadcrumb\":{\"@id\":\"https:\/\/www.crea.gov.co\/crea-roma\/__trashed\/#breadcrumb\"},\"inLanguage\":\"es-CO\",\"potentialAction\":[{\"@type\":\"ReadAction\",\"target\":[\"https:\/\/www.crea.gov.co\/crea-roma\/__trashed\/\"]}]},{\"@type\":\"ImageObject\",\"inLanguage\":\"es-CO\",\"@id\":\"https:\/\/www.crea.gov.co\/crea-roma\/__trashed\/#primaryimage\",\"url\":\"https:\/\/www.crea.gov.co\/crea-roma\/wp-content\/uploads\/sites\/10\/2022\/04\/DSC_3551-2-scaled.jpg\",\"contentUrl\":\"https:\/\/www.crea.gov.co\/crea-roma\/wp-content\/uploads\/sites\/10\/2022\/04\/DSC_3551-2-scaled.jpg\",\"width\":2560,\"height\":1707},{\"@type\":\"BreadcrumbList\",\"@id\":\"https:\/\/www.crea.gov.co\/crea-roma\/__trashed\/#breadcrumb\",\"itemListElement\":[{\"@type\":\"ListItem\",\"position\":1,\"name\":\"Home\",\"item\":\"https:\/\/www.crea.gov.co\/crea-roma\/\"},{\"@type\":\"ListItem\",\"position\":2,\"name\":\"El 29 de abril celebramos con nuestros Ni\u00f1os en el Crea Roma\"}]},{\"@type\":\"WebSite\",\"@id\":\"https:\/\/www.crea.gov.co\/crea-roma\/#website\",\"url\":\"https:\/\/www.crea.gov.co\/crea-roma\/\",\"name\":\"Crea Roma\",\"description\":\"En Kennedy, rodeado de conjuntos y calles que guardan historias de familias que han crecido en el barrio, este espacio es un lugar donde la creatividad se entrelaza con la vida cotidiana. Aqu\u00ed, los lenguajes art\u00edsticos fortalecen lazos y dan voz a las experiencias de una comunidad que se reconoce en lo colectivo.\",\"potentialAction\":[{\"@type\":\"SearchAction\",\"target\":{\"@type\":\"EntryPoint\",\"urlTemplate\":\"https:\/\/www.crea.gov.co\/crea-roma\/?s={search_term_string}\"},\"query-input\":{\"@type\":\"PropertyValueSpecification\",\"valueRequired\":true,\"valueName\":\"search_term_string\"}}],\"inLanguage\":\"es-CO\"},{\"@type\":\"Person\",\"@id\":\"https:\/\/www.crea.gov.co\/crea-roma\/#\/schema\/person\/21f4af65becded92a4d94437f5b2a956\",\"name\":\"dianahenao\",\"image\":{\"@type\":\"ImageObject\",\"inLanguage\":\"es-CO\",\"@id\":\"https:\/\/www.crea.gov.co\/crea-roma\/#\/schema\/person\/image\/\",\"url\":\"https:\/\/secure.gravatar.com\/avatar\/21a46432310ad2712e5b660e19cb0b22?s=96&d=mm&r=g\",\"contentUrl\":\"https:\/\/secure.gravatar.com\/avatar\/21a46432310ad2712e5b660e19cb0b22?s=96&d=mm&r=g\",\"caption\":\"dianahenao\"},\"url\":\"https:\/\/www.crea.gov.co\/crea-roma\/author\/dianahenao\/\"}]}<\/script>\n<!-- \/ Yoast SEO plugin. -->","yoast_head_json":{"title":"El 29 de abril celebramos con nuestros Ni\u00f1os en el Crea Roma - Crea Roma","robots":{"index":"index","follow":"follow","max-snippet":"max-snippet:-1","max-image-preview":"max-image-preview:large","max-video-preview":"max-video-preview:-1"},"canonical":"https:\/\/www.crea.gov.co\/crea-roma\/__trashed\/","og_locale":"es_ES","og_type":"article","og_title":"El 29 de abril celebramos con nuestros Ni\u00f1os en el Crea Roma - Crea Roma","og_description":"Este 29 de abril el Crea Roma se uni\u00f3 a la celebraci\u00f3n con su comunidad, para decirle a los ni\u00f1os lo importante de su rol en el mundo y recordarnos a los adultos que siempre debemos tener vivo nuestro esp\u00edritu infantil","og_url":"https:\/\/www.crea.gov.co\/crea-roma\/__trashed\/","og_site_name":"Crea Roma","article_published_time":"2022-04-30T00:56:00+00:00","article_modified_time":"2022-05-01T01:24:24+00:00","og_image":[{"width":2560,"height":1707,"url":"https:\/\/www.crea.gov.co\/crea-roma\/wp-content\/uploads\/sites\/10\/2022\/04\/DSC_3551-2-scaled.jpg","type":"image\/jpeg"}],"author":"dianahenao","twitter_card":"summary_large_image","twitter_misc":{"Escrito por":"dianahenao"},"schema":{"@context":"https:\/\/schema.org","@graph":[{"@type":"WebPage","@id":"https:\/\/www.crea.gov.co\/crea-roma\/__trashed\/","url":"https:\/\/www.crea.gov.co\/crea-roma\/__trashed\/","name":"El 29 de abril celebramos con nuestros Ni\u00f1os en el Crea Roma - Crea Roma","isPartOf":{"@id":"https:\/\/www.crea.gov.co\/crea-roma\/#website"},"primaryImageOfPage":{"@id":"https:\/\/www.crea.gov.co\/crea-roma\/__trashed\/#primaryimage"},"image":{"@id":"https:\/\/www.crea.gov.co\/crea-roma\/__trashed\/#primaryimage"},"thumbnailUrl":"https:\/\/www.crea.gov.co\/crea-roma\/wp-content\/uploads\/sites\/10\/2022\/04\/DSC_3551-2-scaled.jpg","datePublished":"2022-04-30T00:56:00+00:00","dateModified":"2022-05-01T01:24:24+00:00","author":{"@id":"https:\/\/www.crea.gov.co\/crea-roma\/#\/schema\/person\/21f4af65becded92a4d94437f5b2a956"},"breadcrumb":{"@id":"https:\/\/www.crea.gov.co\/crea-roma\/__trashed\/#breadcrumb"},"inLanguage":"es-CO","potentialAction":[{"@type":"ReadAction","target":["https:\/\/www.crea.gov.co\/crea-roma\/__trashed\/"]}]},{"@type":"ImageObject","inLanguage":"es-CO","@id":"https:\/\/www.crea.gov.co\/crea-roma\/__trashed\/#primaryimage","url":"https:\/\/www.crea.gov.co\/crea-roma\/wp-content\/uploads\/sites\/10\/2022\/04\/DSC_3551-2-scaled.jpg","contentUrl":"https:\/\/www.crea.gov.co\/crea-roma\/wp-content\/uploads\/sites\/10\/2022\/04\/DSC_3551-2-scaled.jpg","width":2560,"height":1707},{"@type":"BreadcrumbList","@id":"https:\/\/www.crea.gov.co\/crea-roma\/__trashed\/#breadcrumb","itemListElement":[{"@type":"ListItem","position":1,"name":"Home","item":"https:\/\/www.crea.gov.co\/crea-roma\/"},{"@type":"ListItem","position":2,"name":"El 29 de abril celebramos con nuestros Ni\u00f1os en el Crea Roma"}]},{"@type":"WebSite","@id":"https:\/\/www.crea.gov.co\/crea-roma\/#website","url":"https:\/\/www.crea.gov.co\/crea-roma\/","name":"Crea Roma","description":"En Kennedy, rodeado de conjuntos y calles que guardan historias de familias que han crecido en el barrio, este espacio es un lugar donde la creatividad se entrelaza con la vida cotidiana. Aqu\u00ed, los lenguajes art\u00edsticos fortalecen lazos y dan voz a las experiencias de una comunidad que se reconoce en lo colectivo.","potentialAction":[{"@type":"SearchAction","target":{"@type":"EntryPoint","urlTemplate":"https:\/\/www.crea.gov.co\/crea-roma\/?s={search_term_string}"},"query-input":{"@type":"PropertyValueSpecification","valueRequired":true,"valueName":"search_term_string"}}],"inLanguage":"es-CO"},{"@type":"Person","@id":"https:\/\/www.crea.gov.co\/crea-roma\/#\/schema\/person\/21f4af65becded92a4d94437f5b2a956","name":"dianahenao","image":{"@type":"ImageObject","inLanguage":"es-CO","@id":"https:\/\/www.crea.gov.co\/crea-roma\/#\/schema\/person\/image\/","url":"https:\/\/secure.gravatar.com\/avatar\/21a46432310ad2712e5b660e19cb0b22?s=96&d=mm&r=g","contentUrl":"https:\/\/secure.gravatar.com\/avatar\/21a46432310ad2712e5b660e19cb0b22?s=96&d=mm&r=g","caption":"dianahenao"},"url":"https:\/\/www.crea.gov.co\/crea-roma\/author\/dianahenao\/"}]}},"_links":{"self":[{"href":"https:\/\/www.crea.gov.co\/crea-roma\/wp-json\/wp\/v2\/posts\/338","targetHints":{"allow":["GET"]}}],"collection":[{"href":"https:\/\/www.crea.gov.co\/crea-roma\/wp-json\/wp\/v2\/posts"}],"about":[{"href":"https:\/\/www.crea.gov.co\/crea-roma\/wp-json\/wp\/v2\/types\/post"}],"author":[{"embeddable":true,"href":"https:\/\/www.crea.gov.co\/crea-roma\/wp-json\/wp\/v2\/users\/44"}],"replies":[{"embeddable":true,"href":"https:\/\/www.crea.gov.co\/crea-roma\/wp-json\/wp\/v2\/comments?post=338"}],"version-history":[{"count":0,"href":"https:\/\/www.crea.gov.co\/crea-roma\/wp-json\/wp\/v2\/posts\/338\/revisions"}],"wp:featuredmedia":[{"embeddable":true,"href":"https:\/\/www.crea.gov.co\/crea-roma\/wp-json\/wp\/v2\/media\/359"}],"wp:attachment":[{"href":"https:\/\/www.crea.gov.co\/crea-roma\/wp-json\/wp\/v2\/media?parent=338"}],"wp:term":[{"taxonomy":"category","embeddable":true,"href":"https:\/\/www.crea.gov.co\/crea-roma\/wp-json\/wp\/v2\/categories?post=338"},{"taxonomy":"post_tag","embeddable":true,"href":"https:\/\/www.crea.gov.co\/crea-roma\/wp-json\/wp\/v2\/tags?post=338"}],"curies":[{"name":"wp","href":"https:\/\/api.w.org\/{rel}","templated":true}]}}