{"id":279,"date":"2021-11-12T12:35:05","date_gmt":"2021-11-12T12:35:05","guid":{"rendered":"https:\/\/www.crea.gov.co\/crea-roma\/?post_type=news&#038;p=279"},"modified":"2021-11-17T03:33:37","modified_gmt":"2021-11-17T03:33:37","slug":"villas-del-progreso-en-el-marco-del-circuito-arte-en-la-escuela-2021-artes-electronicas-grupos-901902-jm-y-901-902-ac2-jt-sb-presentacion-teatro-ensueno","status":"publish","type":"post","link":"https:\/\/www.crea.gov.co\/crea-roma\/villas-del-progreso-en-el-marco-del-circuito-arte-en-la-escuela-2021-artes-electronicas-grupos-901902-jm-y-901-902-ac2-jt-sb-presentacion-teatro-ensueno\/","title":{"rendered":"Villas del Progreso en el marco del Circuito Arte en la Escuela 2021 \/ Artes Electr\u00f3nicas \/ Grupos 901,,902 JM y 901, 902, AC2 JT SB &#8211; Presentaci\u00f3n Teatro Ensue\u00f1o"},"content":{"rendered":"\n<h2 class=\"wp-block-heading\">Artista formadora: Juliana Ortigoza \/ Artista Formado: Eddie Garc\u00eda<\/h2>\n\n\n\n<figure class=\"wp-block-image size-large\"><img loading=\"lazy\" decoding=\"async\" width=\"1024\" height=\"576\" src=\"https:\/\/www.crea.gov.co\/crea-roma\/wp-content\/uploads\/sites\/10\/2021\/11\/20211103_142940-1024x576.jpg\" alt=\"\" class=\"wp-image-280\" srcset=\"https:\/\/www.crea.gov.co\/crea-roma\/wp-content\/uploads\/sites\/10\/2021\/11\/20211103_142940-1024x576.jpg 1024w, https:\/\/www.crea.gov.co\/crea-roma\/wp-content\/uploads\/sites\/10\/2021\/11\/20211103_142940-300x169.jpg 300w, https:\/\/www.crea.gov.co\/crea-roma\/wp-content\/uploads\/sites\/10\/2021\/11\/20211103_142940-768x432.jpg 768w, https:\/\/www.crea.gov.co\/crea-roma\/wp-content\/uploads\/sites\/10\/2021\/11\/20211103_142940-1536x864.jpg 1536w, https:\/\/www.crea.gov.co\/crea-roma\/wp-content\/uploads\/sites\/10\/2021\/11\/20211103_142940-2048x1152.jpg 2048w\" sizes=\"auto, (max-width: 1024px) 100vw, 1024px\" \/><\/figure>\n\n\n\n<p>&nbsp;La imagen y el sonido desde las Artes electr\u00f3nicas.<\/p>\n\n\n\n<p class=\"has-drop-cap\">Existe una bella y m\u00e1gica conspiraci\u00f3n entre la m\u00fasica y la imagen, entre los sonidos y las secuencias visuales, destellos de formas, texturas, colores y atm\u00f3sferas logran dibujar en nuestra imaginaci\u00f3n y en nuestro universo sensorial un grupo de j\u00f3venes del colegio villas del progreso, adscritos al crea roma, estudiantes de artes electr\u00f3nicas de la l\u00ednea arte en la escuela, los cuales curiosos por ese extra\u00f1o pero sorprendente escenario de las Artes electr\u00f3nicas, han logrado sincronizar a trav\u00e9s de una m\u00e1gica sinfon\u00eda el poder de las im\u00e1genes digitales con los sonidos electr\u00f3nicos, el noise, el ambient, lo atmosf\u00e9rico que acompa\u00f1a est\u00e9ticamente muy bien las narrativas visuales que programan los estudiantes bajo la gu\u00eda amable, comprometida y talentosa de dos artistas formadores del \u00e1rea de Artes electr\u00f3nicas, Eddie Garc\u00eda y juliana Ortigoza, a su vez algunos de los chicos que participaron de esta creaci\u00f3n colectiva son: Luis Alejandro Jim\u00e9nez, David Celis, Santiago Mart\u00ednez, Juan torres y Sahian Gonzales, estos chicos que han iniciado una aventura creativa, sensible y divertida desde el escenario de las Artes electr\u00f3nicas ya se han presentado en dos eventos del programa crea, en los cuales dialoga el arte con diversos lenguajes, propuestas y ambientes, uno de ellos <em>EL CIRCUITO ARTE EN LA ESCUELA Y EL SALON DE ARTE CREA, <\/em>\u00e9ste \u00faltimo espacio en el cual confluyen las Artes pl\u00e1sticas, el lenguaje audiovisual y las artes electr\u00f3nicas, y de nuevo los chicos representan con mucho talento y alegr\u00eda a su colegio Villas del progreso, a nuestro Crea Roma y a sus maestros formadores que pilotearon fant\u00e1sticamente la nave que emite sonidos interplanetarios y visuales que se dibujaron en el universo creativo de sus mentes.<\/p>\n\n\n\n<figure class=\"wp-block-embed is-type-video is-provider-youtube wp-block-embed-youtube wp-embed-aspect-4-3 wp-has-aspect-ratio\"><div class=\"wp-block-embed__wrapper\">\n<iframe loading=\"lazy\" title=\"Ensable Artes electr\u00f3nicas teatro Ensue\u00f1o\" width=\"500\" height=\"281\" src=\"https:\/\/www.youtube.com\/embed\/Tv7KSw1KURU?feature=oembed\" frameborder=\"0\" allow=\"accelerometer; autoplay; clipboard-write; encrypted-media; gyroscope; picture-in-picture; web-share\" referrerpolicy=\"strict-origin-when-cross-origin\" allowfullscreen><\/iframe>\n<\/div><\/figure>\n\n\n\n<figure class=\"wp-block-embed is-type-video is-provider-youtube wp-block-embed-youtube wp-embed-aspect-4-3 wp-has-aspect-ratio\"><div class=\"wp-block-embed__wrapper\">\n<iframe loading=\"lazy\" title=\"Ensable Artes electr\u00f3nicas teatro Ensue\u00f1o V2\" width=\"500\" height=\"281\" src=\"https:\/\/www.youtube.com\/embed\/JASNXePF4j4?feature=oembed\" frameborder=\"0\" allow=\"accelerometer; autoplay; clipboard-write; encrypted-media; gyroscope; picture-in-picture; web-share\" referrerpolicy=\"strict-origin-when-cross-origin\" allowfullscreen><\/iframe>\n<\/div><\/figure>\n","protected":false},"excerpt":{"rendered":"<p>Artista formadora: Juliana Ortigoza \/ Artista Formado: Eddie Garc\u00eda &nbsp;La imagen y el sonido desde las Artes electr\u00f3nicas. Existe una bella y m\u00e1gica conspiraci\u00f3n entre la m\u00fasica y la imagen, entre los sonidos y las secuencias visuales, destellos de formas, texturas, colores y atm\u00f3sferas logran dibujar en nuestra imaginaci\u00f3n y en nuestro universo sensorial un [&hellip;]<\/p>\n","protected":false},"author":44,"featured_media":281,"comment_status":"open","ping_status":"closed","sticky":false,"template":"","format":"standard","meta":{"footnotes":""},"categories":[2],"tags":[],"class_list":["post-279","post","type-post","status-publish","format-standard","has-post-thumbnail","hentry","category-villas-del-progreso"],"yoast_head":"<!-- This site is optimized with the Yoast SEO plugin v24.5 - https:\/\/yoast.com\/wordpress\/plugins\/seo\/ -->\n<title>Villas del Progreso en el marco del Circuito Arte en la Escuela 2021 \/ Artes Electr\u00f3nicas \/ Grupos 901,,902 JM y 901, 902, AC2 JT SB - Presentaci\u00f3n Teatro Ensue\u00f1o - Crea Roma<\/title>\n<meta name=\"robots\" content=\"index, follow, max-snippet:-1, max-image-preview:large, max-video-preview:-1\" \/>\n<link rel=\"canonical\" href=\"https:\/\/www.crea.gov.co\/crea-roma\/villas-del-progreso-en-el-marco-del-circuito-arte-en-la-escuela-2021-artes-electronicas-grupos-901902-jm-y-901-902-ac2-jt-sb-presentacion-teatro-ensueno\/\" \/>\n<meta property=\"og:locale\" content=\"es_ES\" \/>\n<meta property=\"og:type\" content=\"article\" \/>\n<meta property=\"og:title\" content=\"Villas del Progreso en el marco del Circuito Arte en la Escuela 2021 \/ Artes Electr\u00f3nicas \/ Grupos 901,,902 JM y 901, 902, AC2 JT SB - Presentaci\u00f3n Teatro Ensue\u00f1o - Crea Roma\" \/>\n<meta property=\"og:description\" content=\"Artista formadora: Juliana Ortigoza \/ Artista Formado: Eddie Garc\u00eda &nbsp;La imagen y el sonido desde las Artes electr\u00f3nicas. Existe una bella y m\u00e1gica conspiraci\u00f3n entre la m\u00fasica y la imagen, entre los sonidos y las secuencias visuales, destellos de formas, texturas, colores y atm\u00f3sferas logran dibujar en nuestra imaginaci\u00f3n y en nuestro universo sensorial un [&hellip;]\" \/>\n<meta property=\"og:url\" content=\"https:\/\/www.crea.gov.co\/crea-roma\/villas-del-progreso-en-el-marco-del-circuito-arte-en-la-escuela-2021-artes-electronicas-grupos-901902-jm-y-901-902-ac2-jt-sb-presentacion-teatro-ensueno\/\" \/>\n<meta property=\"og:site_name\" content=\"Crea Roma\" \/>\n<meta property=\"article:published_time\" content=\"2021-11-12T12:35:05+00:00\" \/>\n<meta property=\"article:modified_time\" content=\"2021-11-17T03:33:37+00:00\" \/>\n<meta property=\"og:image\" content=\"https:\/\/www.crea.gov.co\/crea-roma\/wp-content\/uploads\/sites\/10\/2021\/11\/20211103_143100-scaled.jpg\" \/>\n\t<meta property=\"og:image:width\" content=\"2560\" \/>\n\t<meta property=\"og:image:height\" content=\"1440\" \/>\n\t<meta property=\"og:image:type\" content=\"image\/jpeg\" \/>\n<meta name=\"author\" content=\"dianahenao\" \/>\n<meta name=\"twitter:card\" content=\"summary_large_image\" \/>\n<meta name=\"twitter:label1\" content=\"Escrito por\" \/>\n\t<meta name=\"twitter:data1\" content=\"dianahenao\" \/>\n\t<meta name=\"twitter:label2\" content=\"Tiempo de lectura\" \/>\n\t<meta name=\"twitter:data2\" content=\"2 minutos\" \/>\n<script type=\"application\/ld+json\" class=\"yoast-schema-graph\">{\"@context\":\"https:\/\/schema.org\",\"@graph\":[{\"@type\":\"WebPage\",\"@id\":\"https:\/\/www.crea.gov.co\/crea-roma\/villas-del-progreso-en-el-marco-del-circuito-arte-en-la-escuela-2021-artes-electronicas-grupos-901902-jm-y-901-902-ac2-jt-sb-presentacion-teatro-ensueno\/\",\"url\":\"https:\/\/www.crea.gov.co\/crea-roma\/villas-del-progreso-en-el-marco-del-circuito-arte-en-la-escuela-2021-artes-electronicas-grupos-901902-jm-y-901-902-ac2-jt-sb-presentacion-teatro-ensueno\/\",\"name\":\"Villas del Progreso en el marco del Circuito Arte en la Escuela 2021 \/ Artes Electr\u00f3nicas \/ Grupos 901,,902 JM y 901, 902, AC2 JT SB - Presentaci\u00f3n Teatro Ensue\u00f1o - Crea Roma\",\"isPartOf\":{\"@id\":\"https:\/\/www.crea.gov.co\/crea-roma\/#website\"},\"primaryImageOfPage\":{\"@id\":\"https:\/\/www.crea.gov.co\/crea-roma\/villas-del-progreso-en-el-marco-del-circuito-arte-en-la-escuela-2021-artes-electronicas-grupos-901902-jm-y-901-902-ac2-jt-sb-presentacion-teatro-ensueno\/#primaryimage\"},\"image\":{\"@id\":\"https:\/\/www.crea.gov.co\/crea-roma\/villas-del-progreso-en-el-marco-del-circuito-arte-en-la-escuela-2021-artes-electronicas-grupos-901902-jm-y-901-902-ac2-jt-sb-presentacion-teatro-ensueno\/#primaryimage\"},\"thumbnailUrl\":\"https:\/\/www.crea.gov.co\/crea-roma\/wp-content\/uploads\/sites\/10\/2021\/11\/20211103_143100-scaled.jpg\",\"datePublished\":\"2021-11-12T12:35:05+00:00\",\"dateModified\":\"2021-11-17T03:33:37+00:00\",\"author\":{\"@id\":\"https:\/\/www.crea.gov.co\/crea-roma\/#\/schema\/person\/21f4af65becded92a4d94437f5b2a956\"},\"breadcrumb\":{\"@id\":\"https:\/\/www.crea.gov.co\/crea-roma\/villas-del-progreso-en-el-marco-del-circuito-arte-en-la-escuela-2021-artes-electronicas-grupos-901902-jm-y-901-902-ac2-jt-sb-presentacion-teatro-ensueno\/#breadcrumb\"},\"inLanguage\":\"es-CO\",\"potentialAction\":[{\"@type\":\"ReadAction\",\"target\":[\"https:\/\/www.crea.gov.co\/crea-roma\/villas-del-progreso-en-el-marco-del-circuito-arte-en-la-escuela-2021-artes-electronicas-grupos-901902-jm-y-901-902-ac2-jt-sb-presentacion-teatro-ensueno\/\"]}]},{\"@type\":\"ImageObject\",\"inLanguage\":\"es-CO\",\"@id\":\"https:\/\/www.crea.gov.co\/crea-roma\/villas-del-progreso-en-el-marco-del-circuito-arte-en-la-escuela-2021-artes-electronicas-grupos-901902-jm-y-901-902-ac2-jt-sb-presentacion-teatro-ensueno\/#primaryimage\",\"url\":\"https:\/\/www.crea.gov.co\/crea-roma\/wp-content\/uploads\/sites\/10\/2021\/11\/20211103_143100-scaled.jpg\",\"contentUrl\":\"https:\/\/www.crea.gov.co\/crea-roma\/wp-content\/uploads\/sites\/10\/2021\/11\/20211103_143100-scaled.jpg\",\"width\":2560,\"height\":1440},{\"@type\":\"BreadcrumbList\",\"@id\":\"https:\/\/www.crea.gov.co\/crea-roma\/villas-del-progreso-en-el-marco-del-circuito-arte-en-la-escuela-2021-artes-electronicas-grupos-901902-jm-y-901-902-ac2-jt-sb-presentacion-teatro-ensueno\/#breadcrumb\",\"itemListElement\":[{\"@type\":\"ListItem\",\"position\":1,\"name\":\"Home\",\"item\":\"https:\/\/www.crea.gov.co\/crea-roma\/\"},{\"@type\":\"ListItem\",\"position\":2,\"name\":\"Villas del Progreso en el marco del Circuito Arte en la Escuela 2021 \/ Artes Electr\u00f3nicas \/ Grupos 901,,902 JM y 901, 902, AC2 JT SB &#8211; Presentaci\u00f3n Teatro Ensue\u00f1o\"}]},{\"@type\":\"WebSite\",\"@id\":\"https:\/\/www.crea.gov.co\/crea-roma\/#website\",\"url\":\"https:\/\/www.crea.gov.co\/crea-roma\/\",\"name\":\"Crea Roma\",\"description\":\"En Kennedy, rodeado de conjuntos y calles que guardan historias de familias que han crecido en el barrio, este espacio es un lugar donde la creatividad se entrelaza con la vida cotidiana. Aqu\u00ed, los lenguajes art\u00edsticos fortalecen lazos y dan voz a las experiencias de una comunidad que se reconoce en lo colectivo.\",\"potentialAction\":[{\"@type\":\"SearchAction\",\"target\":{\"@type\":\"EntryPoint\",\"urlTemplate\":\"https:\/\/www.crea.gov.co\/crea-roma\/?s={search_term_string}\"},\"query-input\":{\"@type\":\"PropertyValueSpecification\",\"valueRequired\":true,\"valueName\":\"search_term_string\"}}],\"inLanguage\":\"es-CO\"},{\"@type\":\"Person\",\"@id\":\"https:\/\/www.crea.gov.co\/crea-roma\/#\/schema\/person\/21f4af65becded92a4d94437f5b2a956\",\"name\":\"dianahenao\",\"image\":{\"@type\":\"ImageObject\",\"inLanguage\":\"es-CO\",\"@id\":\"https:\/\/www.crea.gov.co\/crea-roma\/#\/schema\/person\/image\/\",\"url\":\"https:\/\/secure.gravatar.com\/avatar\/21a46432310ad2712e5b660e19cb0b22?s=96&d=mm&r=g\",\"contentUrl\":\"https:\/\/secure.gravatar.com\/avatar\/21a46432310ad2712e5b660e19cb0b22?s=96&d=mm&r=g\",\"caption\":\"dianahenao\"},\"url\":\"https:\/\/www.crea.gov.co\/crea-roma\/author\/dianahenao\/\"}]}<\/script>\n<!-- \/ Yoast SEO plugin. -->","yoast_head_json":{"title":"Villas del Progreso en el marco del Circuito Arte en la Escuela 2021 \/ Artes Electr\u00f3nicas \/ Grupos 901,,902 JM y 901, 902, AC2 JT SB - Presentaci\u00f3n Teatro Ensue\u00f1o - Crea Roma","robots":{"index":"index","follow":"follow","max-snippet":"max-snippet:-1","max-image-preview":"max-image-preview:large","max-video-preview":"max-video-preview:-1"},"canonical":"https:\/\/www.crea.gov.co\/crea-roma\/villas-del-progreso-en-el-marco-del-circuito-arte-en-la-escuela-2021-artes-electronicas-grupos-901902-jm-y-901-902-ac2-jt-sb-presentacion-teatro-ensueno\/","og_locale":"es_ES","og_type":"article","og_title":"Villas del Progreso en el marco del Circuito Arte en la Escuela 2021 \/ Artes Electr\u00f3nicas \/ Grupos 901,,902 JM y 901, 902, AC2 JT SB - Presentaci\u00f3n Teatro Ensue\u00f1o - Crea Roma","og_description":"Artista formadora: Juliana Ortigoza \/ Artista Formado: Eddie Garc\u00eda &nbsp;La imagen y el sonido desde las Artes electr\u00f3nicas. Existe una bella y m\u00e1gica conspiraci\u00f3n entre la m\u00fasica y la imagen, entre los sonidos y las secuencias visuales, destellos de formas, texturas, colores y atm\u00f3sferas logran dibujar en nuestra imaginaci\u00f3n y en nuestro universo sensorial un [&hellip;]","og_url":"https:\/\/www.crea.gov.co\/crea-roma\/villas-del-progreso-en-el-marco-del-circuito-arte-en-la-escuela-2021-artes-electronicas-grupos-901902-jm-y-901-902-ac2-jt-sb-presentacion-teatro-ensueno\/","og_site_name":"Crea Roma","article_published_time":"2021-11-12T12:35:05+00:00","article_modified_time":"2021-11-17T03:33:37+00:00","og_image":[{"width":2560,"height":1440,"url":"https:\/\/www.crea.gov.co\/crea-roma\/wp-content\/uploads\/sites\/10\/2021\/11\/20211103_143100-scaled.jpg","type":"image\/jpeg"}],"author":"dianahenao","twitter_card":"summary_large_image","twitter_misc":{"Escrito por":"dianahenao","Tiempo de lectura":"2 minutos"},"schema":{"@context":"https:\/\/schema.org","@graph":[{"@type":"WebPage","@id":"https:\/\/www.crea.gov.co\/crea-roma\/villas-del-progreso-en-el-marco-del-circuito-arte-en-la-escuela-2021-artes-electronicas-grupos-901902-jm-y-901-902-ac2-jt-sb-presentacion-teatro-ensueno\/","url":"https:\/\/www.crea.gov.co\/crea-roma\/villas-del-progreso-en-el-marco-del-circuito-arte-en-la-escuela-2021-artes-electronicas-grupos-901902-jm-y-901-902-ac2-jt-sb-presentacion-teatro-ensueno\/","name":"Villas del Progreso en el marco del Circuito Arte en la Escuela 2021 \/ Artes Electr\u00f3nicas \/ Grupos 901,,902 JM y 901, 902, AC2 JT SB - Presentaci\u00f3n Teatro Ensue\u00f1o - Crea Roma","isPartOf":{"@id":"https:\/\/www.crea.gov.co\/crea-roma\/#website"},"primaryImageOfPage":{"@id":"https:\/\/www.crea.gov.co\/crea-roma\/villas-del-progreso-en-el-marco-del-circuito-arte-en-la-escuela-2021-artes-electronicas-grupos-901902-jm-y-901-902-ac2-jt-sb-presentacion-teatro-ensueno\/#primaryimage"},"image":{"@id":"https:\/\/www.crea.gov.co\/crea-roma\/villas-del-progreso-en-el-marco-del-circuito-arte-en-la-escuela-2021-artes-electronicas-grupos-901902-jm-y-901-902-ac2-jt-sb-presentacion-teatro-ensueno\/#primaryimage"},"thumbnailUrl":"https:\/\/www.crea.gov.co\/crea-roma\/wp-content\/uploads\/sites\/10\/2021\/11\/20211103_143100-scaled.jpg","datePublished":"2021-11-12T12:35:05+00:00","dateModified":"2021-11-17T03:33:37+00:00","author":{"@id":"https:\/\/www.crea.gov.co\/crea-roma\/#\/schema\/person\/21f4af65becded92a4d94437f5b2a956"},"breadcrumb":{"@id":"https:\/\/www.crea.gov.co\/crea-roma\/villas-del-progreso-en-el-marco-del-circuito-arte-en-la-escuela-2021-artes-electronicas-grupos-901902-jm-y-901-902-ac2-jt-sb-presentacion-teatro-ensueno\/#breadcrumb"},"inLanguage":"es-CO","potentialAction":[{"@type":"ReadAction","target":["https:\/\/www.crea.gov.co\/crea-roma\/villas-del-progreso-en-el-marco-del-circuito-arte-en-la-escuela-2021-artes-electronicas-grupos-901902-jm-y-901-902-ac2-jt-sb-presentacion-teatro-ensueno\/"]}]},{"@type":"ImageObject","inLanguage":"es-CO","@id":"https:\/\/www.crea.gov.co\/crea-roma\/villas-del-progreso-en-el-marco-del-circuito-arte-en-la-escuela-2021-artes-electronicas-grupos-901902-jm-y-901-902-ac2-jt-sb-presentacion-teatro-ensueno\/#primaryimage","url":"https:\/\/www.crea.gov.co\/crea-roma\/wp-content\/uploads\/sites\/10\/2021\/11\/20211103_143100-scaled.jpg","contentUrl":"https:\/\/www.crea.gov.co\/crea-roma\/wp-content\/uploads\/sites\/10\/2021\/11\/20211103_143100-scaled.jpg","width":2560,"height":1440},{"@type":"BreadcrumbList","@id":"https:\/\/www.crea.gov.co\/crea-roma\/villas-del-progreso-en-el-marco-del-circuito-arte-en-la-escuela-2021-artes-electronicas-grupos-901902-jm-y-901-902-ac2-jt-sb-presentacion-teatro-ensueno\/#breadcrumb","itemListElement":[{"@type":"ListItem","position":1,"name":"Home","item":"https:\/\/www.crea.gov.co\/crea-roma\/"},{"@type":"ListItem","position":2,"name":"Villas del Progreso en el marco del Circuito Arte en la Escuela 2021 \/ Artes Electr\u00f3nicas \/ Grupos 901,,902 JM y 901, 902, AC2 JT SB &#8211; Presentaci\u00f3n Teatro Ensue\u00f1o"}]},{"@type":"WebSite","@id":"https:\/\/www.crea.gov.co\/crea-roma\/#website","url":"https:\/\/www.crea.gov.co\/crea-roma\/","name":"Crea Roma","description":"En Kennedy, rodeado de conjuntos y calles que guardan historias de familias que han crecido en el barrio, este espacio es un lugar donde la creatividad se entrelaza con la vida cotidiana. Aqu\u00ed, los lenguajes art\u00edsticos fortalecen lazos y dan voz a las experiencias de una comunidad que se reconoce en lo colectivo.","potentialAction":[{"@type":"SearchAction","target":{"@type":"EntryPoint","urlTemplate":"https:\/\/www.crea.gov.co\/crea-roma\/?s={search_term_string}"},"query-input":{"@type":"PropertyValueSpecification","valueRequired":true,"valueName":"search_term_string"}}],"inLanguage":"es-CO"},{"@type":"Person","@id":"https:\/\/www.crea.gov.co\/crea-roma\/#\/schema\/person\/21f4af65becded92a4d94437f5b2a956","name":"dianahenao","image":{"@type":"ImageObject","inLanguage":"es-CO","@id":"https:\/\/www.crea.gov.co\/crea-roma\/#\/schema\/person\/image\/","url":"https:\/\/secure.gravatar.com\/avatar\/21a46432310ad2712e5b660e19cb0b22?s=96&d=mm&r=g","contentUrl":"https:\/\/secure.gravatar.com\/avatar\/21a46432310ad2712e5b660e19cb0b22?s=96&d=mm&r=g","caption":"dianahenao"},"url":"https:\/\/www.crea.gov.co\/crea-roma\/author\/dianahenao\/"}]}},"_links":{"self":[{"href":"https:\/\/www.crea.gov.co\/crea-roma\/wp-json\/wp\/v2\/posts\/279","targetHints":{"allow":["GET"]}}],"collection":[{"href":"https:\/\/www.crea.gov.co\/crea-roma\/wp-json\/wp\/v2\/posts"}],"about":[{"href":"https:\/\/www.crea.gov.co\/crea-roma\/wp-json\/wp\/v2\/types\/post"}],"author":[{"embeddable":true,"href":"https:\/\/www.crea.gov.co\/crea-roma\/wp-json\/wp\/v2\/users\/44"}],"replies":[{"embeddable":true,"href":"https:\/\/www.crea.gov.co\/crea-roma\/wp-json\/wp\/v2\/comments?post=279"}],"version-history":[{"count":0,"href":"https:\/\/www.crea.gov.co\/crea-roma\/wp-json\/wp\/v2\/posts\/279\/revisions"}],"wp:featuredmedia":[{"embeddable":true,"href":"https:\/\/www.crea.gov.co\/crea-roma\/wp-json\/wp\/v2\/media\/281"}],"wp:attachment":[{"href":"https:\/\/www.crea.gov.co\/crea-roma\/wp-json\/wp\/v2\/media?parent=279"}],"wp:term":[{"taxonomy":"category","embeddable":true,"href":"https:\/\/www.crea.gov.co\/crea-roma\/wp-json\/wp\/v2\/categories?post=279"},{"taxonomy":"post_tag","embeddable":true,"href":"https:\/\/www.crea.gov.co\/crea-roma\/wp-json\/wp\/v2\/tags?post=279"}],"curies":[{"name":"wp","href":"https:\/\/api.w.org\/{rel}","templated":true}]}}