{"id":222,"date":"2021-11-10T22:42:38","date_gmt":"2021-11-10T22:42:38","guid":{"rendered":"https:\/\/www.crea.gov.co\/crea-roma\/?post_type=news&#038;p=222"},"modified":"2021-11-17T04:12:33","modified_gmt":"2021-11-17T04:12:33","slug":"villas-del-progreso-en-el-marco-del-circuito-arte-en-la-escuela-2021-teatro-grupo-303-jm-sb","status":"publish","type":"post","link":"https:\/\/www.crea.gov.co\/crea-roma\/villas-del-progreso-en-el-marco-del-circuito-arte-en-la-escuela-2021-teatro-grupo-303-jm-sb\/","title":{"rendered":"Villas del Progreso en el marco del Circuito Arte en la Escuela 2021 \/ Teatro \/ Grupo 303 JM SB"},"content":{"rendered":"\n<h2 class=\"wp-block-heading\">Artista Formadora: Estefania Pacheco<\/h2>\n\n\n\n<figure class=\"wp-block-image size-large\"><img loading=\"lazy\" decoding=\"async\" width=\"1024\" height=\"525\" src=\"https:\/\/www.crea.gov.co\/crea-roma\/wp-content\/uploads\/sites\/10\/2021\/11\/IMG-20211110-WA0014-1024x525.jpg\" alt=\"\" class=\"wp-image-223\" srcset=\"https:\/\/www.crea.gov.co\/crea-roma\/wp-content\/uploads\/sites\/10\/2021\/11\/IMG-20211110-WA0014-1024x525.jpg 1024w, https:\/\/www.crea.gov.co\/crea-roma\/wp-content\/uploads\/sites\/10\/2021\/11\/IMG-20211110-WA0014-300x154.jpg 300w, https:\/\/www.crea.gov.co\/crea-roma\/wp-content\/uploads\/sites\/10\/2021\/11\/IMG-20211110-WA0014-768x394.jpg 768w, https:\/\/www.crea.gov.co\/crea-roma\/wp-content\/uploads\/sites\/10\/2021\/11\/IMG-20211110-WA0014.jpg 1280w\" sizes=\"auto, (max-width: 1024px) 100vw, 1024px\" \/><\/figure>\n\n\n\n<p>En esta obra podr\u00e1n ver la creaci\u00f3n de mundos fant\u00e1sticos, historias, cuentos, experiencias de vida. Se encontrar\u00e1n con t\u00edteres, con teatrinos, fabricados por cada uno de los ni\u00f1os y ni\u00f1as.<\/p>\n\n\n\n<figure class=\"wp-block-embed is-type-video is-provider-youtube wp-block-embed-youtube wp-embed-aspect-16-9 wp-has-aspect-ratio\"><div class=\"wp-block-embed__wrapper\">\n<iframe loading=\"lazy\" title=\"TITERETEANDO 7398\" width=\"500\" height=\"281\" src=\"https:\/\/www.youtube.com\/embed\/iFCNgJXdpD0?feature=oembed\" frameborder=\"0\" allow=\"accelerometer; autoplay; clipboard-write; encrypted-media; gyroscope; picture-in-picture; web-share\" referrerpolicy=\"strict-origin-when-cross-origin\" allowfullscreen><\/iframe>\n<\/div><\/figure>\n","protected":false},"excerpt":{"rendered":"<p>Artista Formadora: Estefania Pacheco En esta obra podr\u00e1n ver la creaci\u00f3n de mundos fant\u00e1sticos, historias, cuentos, experiencias de vida. Se encontrar\u00e1n con t\u00edteres, con teatrinos, fabricados por cada uno de los ni\u00f1os y ni\u00f1as.<\/p>\n","protected":false},"author":44,"featured_media":223,"comment_status":"open","ping_status":"closed","sticky":false,"template":"","format":"standard","meta":{"footnotes":""},"categories":[2],"tags":[],"class_list":["post-222","post","type-post","status-publish","format-standard","has-post-thumbnail","hentry","category-villas-del-progreso"],"yoast_head":"<!-- This site is optimized with the Yoast SEO plugin v24.5 - https:\/\/yoast.com\/wordpress\/plugins\/seo\/ -->\n<title>Villas del Progreso en el marco del Circuito Arte en la Escuela 2021 \/ Teatro \/ Grupo 303 JM SB - Crea Roma<\/title>\n<meta name=\"robots\" content=\"index, follow, max-snippet:-1, max-image-preview:large, max-video-preview:-1\" \/>\n<link rel=\"canonical\" href=\"https:\/\/www.crea.gov.co\/crea-roma\/villas-del-progreso-en-el-marco-del-circuito-arte-en-la-escuela-2021-teatro-grupo-303-jm-sb\/\" \/>\n<meta property=\"og:locale\" content=\"es_ES\" \/>\n<meta property=\"og:type\" content=\"article\" \/>\n<meta property=\"og:title\" content=\"Villas del Progreso en el marco del Circuito Arte en la Escuela 2021 \/ Teatro \/ Grupo 303 JM SB - Crea Roma\" \/>\n<meta property=\"og:description\" content=\"Artista Formadora: Estefania Pacheco En esta obra podr\u00e1n ver la creaci\u00f3n de mundos fant\u00e1sticos, historias, cuentos, experiencias de vida. Se encontrar\u00e1n con t\u00edteres, con teatrinos, fabricados por cada uno de los ni\u00f1os y ni\u00f1as.\" \/>\n<meta property=\"og:url\" content=\"https:\/\/www.crea.gov.co\/crea-roma\/villas-del-progreso-en-el-marco-del-circuito-arte-en-la-escuela-2021-teatro-grupo-303-jm-sb\/\" \/>\n<meta property=\"og:site_name\" content=\"Crea Roma\" \/>\n<meta property=\"article:published_time\" content=\"2021-11-10T22:42:38+00:00\" \/>\n<meta property=\"article:modified_time\" content=\"2021-11-17T04:12:33+00:00\" \/>\n<meta property=\"og:image\" content=\"https:\/\/www.crea.gov.co\/crea-roma\/wp-content\/uploads\/sites\/10\/2021\/11\/IMG-20211110-WA0014.jpg\" \/>\n\t<meta property=\"og:image:width\" content=\"1280\" \/>\n\t<meta property=\"og:image:height\" content=\"656\" \/>\n\t<meta property=\"og:image:type\" content=\"image\/jpeg\" \/>\n<meta name=\"author\" content=\"dianahenao\" \/>\n<meta name=\"twitter:card\" content=\"summary_large_image\" \/>\n<meta name=\"twitter:label1\" content=\"Escrito por\" \/>\n\t<meta name=\"twitter:data1\" content=\"dianahenao\" \/>\n<script type=\"application\/ld+json\" class=\"yoast-schema-graph\">{\"@context\":\"https:\/\/schema.org\",\"@graph\":[{\"@type\":\"WebPage\",\"@id\":\"https:\/\/www.crea.gov.co\/crea-roma\/villas-del-progreso-en-el-marco-del-circuito-arte-en-la-escuela-2021-teatro-grupo-303-jm-sb\/\",\"url\":\"https:\/\/www.crea.gov.co\/crea-roma\/villas-del-progreso-en-el-marco-del-circuito-arte-en-la-escuela-2021-teatro-grupo-303-jm-sb\/\",\"name\":\"Villas del Progreso en el marco del Circuito Arte en la Escuela 2021 \/ Teatro \/ Grupo 303 JM SB - Crea Roma\",\"isPartOf\":{\"@id\":\"https:\/\/www.crea.gov.co\/crea-roma\/#website\"},\"primaryImageOfPage\":{\"@id\":\"https:\/\/www.crea.gov.co\/crea-roma\/villas-del-progreso-en-el-marco-del-circuito-arte-en-la-escuela-2021-teatro-grupo-303-jm-sb\/#primaryimage\"},\"image\":{\"@id\":\"https:\/\/www.crea.gov.co\/crea-roma\/villas-del-progreso-en-el-marco-del-circuito-arte-en-la-escuela-2021-teatro-grupo-303-jm-sb\/#primaryimage\"},\"thumbnailUrl\":\"https:\/\/www.crea.gov.co\/crea-roma\/wp-content\/uploads\/sites\/10\/2021\/11\/IMG-20211110-WA0014.jpg\",\"datePublished\":\"2021-11-10T22:42:38+00:00\",\"dateModified\":\"2021-11-17T04:12:33+00:00\",\"author\":{\"@id\":\"https:\/\/www.crea.gov.co\/crea-roma\/#\/schema\/person\/21f4af65becded92a4d94437f5b2a956\"},\"breadcrumb\":{\"@id\":\"https:\/\/www.crea.gov.co\/crea-roma\/villas-del-progreso-en-el-marco-del-circuito-arte-en-la-escuela-2021-teatro-grupo-303-jm-sb\/#breadcrumb\"},\"inLanguage\":\"es-CO\",\"potentialAction\":[{\"@type\":\"ReadAction\",\"target\":[\"https:\/\/www.crea.gov.co\/crea-roma\/villas-del-progreso-en-el-marco-del-circuito-arte-en-la-escuela-2021-teatro-grupo-303-jm-sb\/\"]}]},{\"@type\":\"ImageObject\",\"inLanguage\":\"es-CO\",\"@id\":\"https:\/\/www.crea.gov.co\/crea-roma\/villas-del-progreso-en-el-marco-del-circuito-arte-en-la-escuela-2021-teatro-grupo-303-jm-sb\/#primaryimage\",\"url\":\"https:\/\/www.crea.gov.co\/crea-roma\/wp-content\/uploads\/sites\/10\/2021\/11\/IMG-20211110-WA0014.jpg\",\"contentUrl\":\"https:\/\/www.crea.gov.co\/crea-roma\/wp-content\/uploads\/sites\/10\/2021\/11\/IMG-20211110-WA0014.jpg\",\"width\":1280,\"height\":656},{\"@type\":\"BreadcrumbList\",\"@id\":\"https:\/\/www.crea.gov.co\/crea-roma\/villas-del-progreso-en-el-marco-del-circuito-arte-en-la-escuela-2021-teatro-grupo-303-jm-sb\/#breadcrumb\",\"itemListElement\":[{\"@type\":\"ListItem\",\"position\":1,\"name\":\"Home\",\"item\":\"https:\/\/www.crea.gov.co\/crea-roma\/\"},{\"@type\":\"ListItem\",\"position\":2,\"name\":\"Villas del Progreso en el marco del Circuito Arte en la Escuela 2021 \/ Teatro \/ Grupo 303 JM SB\"}]},{\"@type\":\"WebSite\",\"@id\":\"https:\/\/www.crea.gov.co\/crea-roma\/#website\",\"url\":\"https:\/\/www.crea.gov.co\/crea-roma\/\",\"name\":\"Crea Roma\",\"description\":\"En Kennedy, rodeado de conjuntos y calles que guardan historias de familias que han crecido en el barrio, este espacio es un lugar donde la creatividad se entrelaza con la vida cotidiana. Aqu\u00ed, los lenguajes art\u00edsticos fortalecen lazos y dan voz a las experiencias de una comunidad que se reconoce en lo colectivo.\",\"potentialAction\":[{\"@type\":\"SearchAction\",\"target\":{\"@type\":\"EntryPoint\",\"urlTemplate\":\"https:\/\/www.crea.gov.co\/crea-roma\/?s={search_term_string}\"},\"query-input\":{\"@type\":\"PropertyValueSpecification\",\"valueRequired\":true,\"valueName\":\"search_term_string\"}}],\"inLanguage\":\"es-CO\"},{\"@type\":\"Person\",\"@id\":\"https:\/\/www.crea.gov.co\/crea-roma\/#\/schema\/person\/21f4af65becded92a4d94437f5b2a956\",\"name\":\"dianahenao\",\"image\":{\"@type\":\"ImageObject\",\"inLanguage\":\"es-CO\",\"@id\":\"https:\/\/www.crea.gov.co\/crea-roma\/#\/schema\/person\/image\/\",\"url\":\"https:\/\/secure.gravatar.com\/avatar\/21a46432310ad2712e5b660e19cb0b22?s=96&d=mm&r=g\",\"contentUrl\":\"https:\/\/secure.gravatar.com\/avatar\/21a46432310ad2712e5b660e19cb0b22?s=96&d=mm&r=g\",\"caption\":\"dianahenao\"},\"url\":\"https:\/\/www.crea.gov.co\/crea-roma\/author\/dianahenao\/\"}]}<\/script>\n<!-- \/ Yoast SEO plugin. -->","yoast_head_json":{"title":"Villas del Progreso en el marco del Circuito Arte en la Escuela 2021 \/ Teatro \/ Grupo 303 JM SB - Crea Roma","robots":{"index":"index","follow":"follow","max-snippet":"max-snippet:-1","max-image-preview":"max-image-preview:large","max-video-preview":"max-video-preview:-1"},"canonical":"https:\/\/www.crea.gov.co\/crea-roma\/villas-del-progreso-en-el-marco-del-circuito-arte-en-la-escuela-2021-teatro-grupo-303-jm-sb\/","og_locale":"es_ES","og_type":"article","og_title":"Villas del Progreso en el marco del Circuito Arte en la Escuela 2021 \/ Teatro \/ Grupo 303 JM SB - Crea Roma","og_description":"Artista Formadora: Estefania Pacheco En esta obra podr\u00e1n ver la creaci\u00f3n de mundos fant\u00e1sticos, historias, cuentos, experiencias de vida. Se encontrar\u00e1n con t\u00edteres, con teatrinos, fabricados por cada uno de los ni\u00f1os y ni\u00f1as.","og_url":"https:\/\/www.crea.gov.co\/crea-roma\/villas-del-progreso-en-el-marco-del-circuito-arte-en-la-escuela-2021-teatro-grupo-303-jm-sb\/","og_site_name":"Crea Roma","article_published_time":"2021-11-10T22:42:38+00:00","article_modified_time":"2021-11-17T04:12:33+00:00","og_image":[{"width":1280,"height":656,"url":"https:\/\/www.crea.gov.co\/crea-roma\/wp-content\/uploads\/sites\/10\/2021\/11\/IMG-20211110-WA0014.jpg","type":"image\/jpeg"}],"author":"dianahenao","twitter_card":"summary_large_image","twitter_misc":{"Escrito por":"dianahenao"},"schema":{"@context":"https:\/\/schema.org","@graph":[{"@type":"WebPage","@id":"https:\/\/www.crea.gov.co\/crea-roma\/villas-del-progreso-en-el-marco-del-circuito-arte-en-la-escuela-2021-teatro-grupo-303-jm-sb\/","url":"https:\/\/www.crea.gov.co\/crea-roma\/villas-del-progreso-en-el-marco-del-circuito-arte-en-la-escuela-2021-teatro-grupo-303-jm-sb\/","name":"Villas del Progreso en el marco del Circuito Arte en la Escuela 2021 \/ Teatro \/ Grupo 303 JM SB - Crea Roma","isPartOf":{"@id":"https:\/\/www.crea.gov.co\/crea-roma\/#website"},"primaryImageOfPage":{"@id":"https:\/\/www.crea.gov.co\/crea-roma\/villas-del-progreso-en-el-marco-del-circuito-arte-en-la-escuela-2021-teatro-grupo-303-jm-sb\/#primaryimage"},"image":{"@id":"https:\/\/www.crea.gov.co\/crea-roma\/villas-del-progreso-en-el-marco-del-circuito-arte-en-la-escuela-2021-teatro-grupo-303-jm-sb\/#primaryimage"},"thumbnailUrl":"https:\/\/www.crea.gov.co\/crea-roma\/wp-content\/uploads\/sites\/10\/2021\/11\/IMG-20211110-WA0014.jpg","datePublished":"2021-11-10T22:42:38+00:00","dateModified":"2021-11-17T04:12:33+00:00","author":{"@id":"https:\/\/www.crea.gov.co\/crea-roma\/#\/schema\/person\/21f4af65becded92a4d94437f5b2a956"},"breadcrumb":{"@id":"https:\/\/www.crea.gov.co\/crea-roma\/villas-del-progreso-en-el-marco-del-circuito-arte-en-la-escuela-2021-teatro-grupo-303-jm-sb\/#breadcrumb"},"inLanguage":"es-CO","potentialAction":[{"@type":"ReadAction","target":["https:\/\/www.crea.gov.co\/crea-roma\/villas-del-progreso-en-el-marco-del-circuito-arte-en-la-escuela-2021-teatro-grupo-303-jm-sb\/"]}]},{"@type":"ImageObject","inLanguage":"es-CO","@id":"https:\/\/www.crea.gov.co\/crea-roma\/villas-del-progreso-en-el-marco-del-circuito-arte-en-la-escuela-2021-teatro-grupo-303-jm-sb\/#primaryimage","url":"https:\/\/www.crea.gov.co\/crea-roma\/wp-content\/uploads\/sites\/10\/2021\/11\/IMG-20211110-WA0014.jpg","contentUrl":"https:\/\/www.crea.gov.co\/crea-roma\/wp-content\/uploads\/sites\/10\/2021\/11\/IMG-20211110-WA0014.jpg","width":1280,"height":656},{"@type":"BreadcrumbList","@id":"https:\/\/www.crea.gov.co\/crea-roma\/villas-del-progreso-en-el-marco-del-circuito-arte-en-la-escuela-2021-teatro-grupo-303-jm-sb\/#breadcrumb","itemListElement":[{"@type":"ListItem","position":1,"name":"Home","item":"https:\/\/www.crea.gov.co\/crea-roma\/"},{"@type":"ListItem","position":2,"name":"Villas del Progreso en el marco del Circuito Arte en la Escuela 2021 \/ Teatro \/ Grupo 303 JM SB"}]},{"@type":"WebSite","@id":"https:\/\/www.crea.gov.co\/crea-roma\/#website","url":"https:\/\/www.crea.gov.co\/crea-roma\/","name":"Crea Roma","description":"En Kennedy, rodeado de conjuntos y calles que guardan historias de familias que han crecido en el barrio, este espacio es un lugar donde la creatividad se entrelaza con la vida cotidiana. Aqu\u00ed, los lenguajes art\u00edsticos fortalecen lazos y dan voz a las experiencias de una comunidad que se reconoce en lo colectivo.","potentialAction":[{"@type":"SearchAction","target":{"@type":"EntryPoint","urlTemplate":"https:\/\/www.crea.gov.co\/crea-roma\/?s={search_term_string}"},"query-input":{"@type":"PropertyValueSpecification","valueRequired":true,"valueName":"search_term_string"}}],"inLanguage":"es-CO"},{"@type":"Person","@id":"https:\/\/www.crea.gov.co\/crea-roma\/#\/schema\/person\/21f4af65becded92a4d94437f5b2a956","name":"dianahenao","image":{"@type":"ImageObject","inLanguage":"es-CO","@id":"https:\/\/www.crea.gov.co\/crea-roma\/#\/schema\/person\/image\/","url":"https:\/\/secure.gravatar.com\/avatar\/21a46432310ad2712e5b660e19cb0b22?s=96&d=mm&r=g","contentUrl":"https:\/\/secure.gravatar.com\/avatar\/21a46432310ad2712e5b660e19cb0b22?s=96&d=mm&r=g","caption":"dianahenao"},"url":"https:\/\/www.crea.gov.co\/crea-roma\/author\/dianahenao\/"}]}},"_links":{"self":[{"href":"https:\/\/www.crea.gov.co\/crea-roma\/wp-json\/wp\/v2\/posts\/222","targetHints":{"allow":["GET"]}}],"collection":[{"href":"https:\/\/www.crea.gov.co\/crea-roma\/wp-json\/wp\/v2\/posts"}],"about":[{"href":"https:\/\/www.crea.gov.co\/crea-roma\/wp-json\/wp\/v2\/types\/post"}],"author":[{"embeddable":true,"href":"https:\/\/www.crea.gov.co\/crea-roma\/wp-json\/wp\/v2\/users\/44"}],"replies":[{"embeddable":true,"href":"https:\/\/www.crea.gov.co\/crea-roma\/wp-json\/wp\/v2\/comments?post=222"}],"version-history":[{"count":0,"href":"https:\/\/www.crea.gov.co\/crea-roma\/wp-json\/wp\/v2\/posts\/222\/revisions"}],"wp:featuredmedia":[{"embeddable":true,"href":"https:\/\/www.crea.gov.co\/crea-roma\/wp-json\/wp\/v2\/media\/223"}],"wp:attachment":[{"href":"https:\/\/www.crea.gov.co\/crea-roma\/wp-json\/wp\/v2\/media?parent=222"}],"wp:term":[{"taxonomy":"category","embeddable":true,"href":"https:\/\/www.crea.gov.co\/crea-roma\/wp-json\/wp\/v2\/categories?post=222"},{"taxonomy":"post_tag","embeddable":true,"href":"https:\/\/www.crea.gov.co\/crea-roma\/wp-json\/wp\/v2\/tags?post=222"}],"curies":[{"name":"wp","href":"https:\/\/api.w.org\/{rel}","templated":true}]}}