{"id":216,"date":"2021-11-10T22:31:23","date_gmt":"2021-11-10T22:31:23","guid":{"rendered":"https:\/\/www.crea.gov.co\/crea-roma\/?post_type=news&#038;p=216"},"modified":"2021-11-17T04:25:08","modified_gmt":"2021-11-17T04:25:08","slug":"villas-del-progreso-en-el-marco-del-circuito-arte-en-la-escuela-2021-teatro-grupo-302-jm-sa","status":"publish","type":"post","link":"https:\/\/www.crea.gov.co\/crea-roma\/villas-del-progreso-en-el-marco-del-circuito-arte-en-la-escuela-2021-teatro-grupo-302-jm-sa\/","title":{"rendered":"Villas del Progreso en el marco del Circuito Arte en la Escuela 2021 \/ Teatro \/ Grupo 302 JM SA"},"content":{"rendered":"\n<h2 class=\"wp-block-heading\">Artista Formadora: Estefania Pacheco<\/h2>\n\n\n\n<figure class=\"wp-block-image size-large\"><img loading=\"lazy\" decoding=\"async\" width=\"1024\" height=\"458\" src=\"https:\/\/www.crea.gov.co\/crea-roma\/wp-content\/uploads\/sites\/10\/2021\/11\/IMG-20211110-WA0011-1024x458.jpg\" alt=\"\" class=\"wp-image-217\" srcset=\"https:\/\/www.crea.gov.co\/crea-roma\/wp-content\/uploads\/sites\/10\/2021\/11\/IMG-20211110-WA0011-1024x458.jpg 1024w, https:\/\/www.crea.gov.co\/crea-roma\/wp-content\/uploads\/sites\/10\/2021\/11\/IMG-20211110-WA0011-300x134.jpg 300w, https:\/\/www.crea.gov.co\/crea-roma\/wp-content\/uploads\/sites\/10\/2021\/11\/IMG-20211110-WA0011-768x344.jpg 768w, https:\/\/www.crea.gov.co\/crea-roma\/wp-content\/uploads\/sites\/10\/2021\/11\/IMG-20211110-WA0011.jpg 1211w\" sizes=\"auto, (max-width: 1024px) 100vw, 1024px\" \/><\/figure>\n\n\n\n<p>LOS TITERES<br>Es el conjunto de varias obras escritas por cada uno de los ni\u00f1os y ni\u00f1as, en donde podemos ver la creaci\u00f3n de sus t\u00edteres, la creaci\u00f3n de teatrinos y espacios esc\u00e9nicos, y la creaci\u00f3n del guion. Son historias algunas experiencias propias y otras de fantas\u00eda.<\/p>\n\n\n\n<figure class=\"wp-block-embed is-type-video is-provider-youtube wp-block-embed-youtube wp-embed-aspect-16-9 wp-has-aspect-ratio\"><div class=\"wp-block-embed__wrapper\">\n<iframe loading=\"lazy\" title=\"LOS TITERES 7391\" width=\"500\" height=\"281\" src=\"https:\/\/www.youtube.com\/embed\/Kt6kt2edW1w?feature=oembed\" frameborder=\"0\" allow=\"accelerometer; autoplay; clipboard-write; encrypted-media; gyroscope; picture-in-picture; web-share\" referrerpolicy=\"strict-origin-when-cross-origin\" allowfullscreen><\/iframe>\n<\/div><\/figure>\n","protected":false},"excerpt":{"rendered":"<p>Artista Formadora: Estefania Pacheco LOS TITERESEs el conjunto de varias obras escritas por cada uno de los ni\u00f1os y ni\u00f1as, en donde podemos ver la creaci\u00f3n de sus t\u00edteres, la creaci\u00f3n de teatrinos y espacios esc\u00e9nicos, y la creaci\u00f3n del guion. Son historias algunas experiencias propias y otras de fantas\u00eda.<\/p>\n","protected":false},"author":44,"featured_media":217,"comment_status":"open","ping_status":"closed","sticky":false,"template":"","format":"standard","meta":{"footnotes":""},"categories":[2],"tags":[],"class_list":["post-216","post","type-post","status-publish","format-standard","has-post-thumbnail","hentry","category-villas-del-progreso"],"yoast_head":"<!-- This site is optimized with the Yoast SEO plugin v24.5 - https:\/\/yoast.com\/wordpress\/plugins\/seo\/ -->\n<title>Villas del Progreso en el marco del Circuito Arte en la Escuela 2021 \/ Teatro \/ Grupo 302 JM SA - Crea Roma<\/title>\n<meta name=\"robots\" content=\"index, follow, max-snippet:-1, max-image-preview:large, max-video-preview:-1\" \/>\n<link rel=\"canonical\" href=\"https:\/\/www.crea.gov.co\/crea-roma\/villas-del-progreso-en-el-marco-del-circuito-arte-en-la-escuela-2021-teatro-grupo-302-jm-sa\/\" \/>\n<meta property=\"og:locale\" content=\"es_ES\" \/>\n<meta property=\"og:type\" content=\"article\" \/>\n<meta property=\"og:title\" content=\"Villas del Progreso en el marco del Circuito Arte en la Escuela 2021 \/ Teatro \/ Grupo 302 JM SA - Crea Roma\" \/>\n<meta property=\"og:description\" content=\"Artista Formadora: Estefania Pacheco LOS TITERESEs el conjunto de varias obras escritas por cada uno de los ni\u00f1os y ni\u00f1as, en donde podemos ver la creaci\u00f3n de sus t\u00edteres, la creaci\u00f3n de teatrinos y espacios esc\u00e9nicos, y la creaci\u00f3n del guion. Son historias algunas experiencias propias y otras de fantas\u00eda.\" \/>\n<meta property=\"og:url\" content=\"https:\/\/www.crea.gov.co\/crea-roma\/villas-del-progreso-en-el-marco-del-circuito-arte-en-la-escuela-2021-teatro-grupo-302-jm-sa\/\" \/>\n<meta property=\"og:site_name\" content=\"Crea Roma\" \/>\n<meta property=\"article:published_time\" content=\"2021-11-10T22:31:23+00:00\" \/>\n<meta property=\"article:modified_time\" content=\"2021-11-17T04:25:08+00:00\" \/>\n<meta property=\"og:image\" content=\"https:\/\/www.crea.gov.co\/crea-roma\/wp-content\/uploads\/sites\/10\/2021\/11\/IMG-20211110-WA0011.jpg\" \/>\n\t<meta property=\"og:image:width\" content=\"1211\" \/>\n\t<meta property=\"og:image:height\" content=\"542\" \/>\n\t<meta property=\"og:image:type\" content=\"image\/jpeg\" \/>\n<meta name=\"author\" content=\"dianahenao\" \/>\n<meta name=\"twitter:card\" content=\"summary_large_image\" \/>\n<meta name=\"twitter:label1\" content=\"Escrito por\" \/>\n\t<meta name=\"twitter:data1\" content=\"dianahenao\" \/>\n<script type=\"application\/ld+json\" class=\"yoast-schema-graph\">{\"@context\":\"https:\/\/schema.org\",\"@graph\":[{\"@type\":\"WebPage\",\"@id\":\"https:\/\/www.crea.gov.co\/crea-roma\/villas-del-progreso-en-el-marco-del-circuito-arte-en-la-escuela-2021-teatro-grupo-302-jm-sa\/\",\"url\":\"https:\/\/www.crea.gov.co\/crea-roma\/villas-del-progreso-en-el-marco-del-circuito-arte-en-la-escuela-2021-teatro-grupo-302-jm-sa\/\",\"name\":\"Villas del Progreso en el marco del Circuito Arte en la Escuela 2021 \/ Teatro \/ Grupo 302 JM SA - Crea Roma\",\"isPartOf\":{\"@id\":\"https:\/\/www.crea.gov.co\/crea-roma\/#website\"},\"primaryImageOfPage\":{\"@id\":\"https:\/\/www.crea.gov.co\/crea-roma\/villas-del-progreso-en-el-marco-del-circuito-arte-en-la-escuela-2021-teatro-grupo-302-jm-sa\/#primaryimage\"},\"image\":{\"@id\":\"https:\/\/www.crea.gov.co\/crea-roma\/villas-del-progreso-en-el-marco-del-circuito-arte-en-la-escuela-2021-teatro-grupo-302-jm-sa\/#primaryimage\"},\"thumbnailUrl\":\"https:\/\/www.crea.gov.co\/crea-roma\/wp-content\/uploads\/sites\/10\/2021\/11\/IMG-20211110-WA0011.jpg\",\"datePublished\":\"2021-11-10T22:31:23+00:00\",\"dateModified\":\"2021-11-17T04:25:08+00:00\",\"author\":{\"@id\":\"https:\/\/www.crea.gov.co\/crea-roma\/#\/schema\/person\/21f4af65becded92a4d94437f5b2a956\"},\"breadcrumb\":{\"@id\":\"https:\/\/www.crea.gov.co\/crea-roma\/villas-del-progreso-en-el-marco-del-circuito-arte-en-la-escuela-2021-teatro-grupo-302-jm-sa\/#breadcrumb\"},\"inLanguage\":\"es-CO\",\"potentialAction\":[{\"@type\":\"ReadAction\",\"target\":[\"https:\/\/www.crea.gov.co\/crea-roma\/villas-del-progreso-en-el-marco-del-circuito-arte-en-la-escuela-2021-teatro-grupo-302-jm-sa\/\"]}]},{\"@type\":\"ImageObject\",\"inLanguage\":\"es-CO\",\"@id\":\"https:\/\/www.crea.gov.co\/crea-roma\/villas-del-progreso-en-el-marco-del-circuito-arte-en-la-escuela-2021-teatro-grupo-302-jm-sa\/#primaryimage\",\"url\":\"https:\/\/www.crea.gov.co\/crea-roma\/wp-content\/uploads\/sites\/10\/2021\/11\/IMG-20211110-WA0011.jpg\",\"contentUrl\":\"https:\/\/www.crea.gov.co\/crea-roma\/wp-content\/uploads\/sites\/10\/2021\/11\/IMG-20211110-WA0011.jpg\",\"width\":1211,\"height\":542},{\"@type\":\"BreadcrumbList\",\"@id\":\"https:\/\/www.crea.gov.co\/crea-roma\/villas-del-progreso-en-el-marco-del-circuito-arte-en-la-escuela-2021-teatro-grupo-302-jm-sa\/#breadcrumb\",\"itemListElement\":[{\"@type\":\"ListItem\",\"position\":1,\"name\":\"Home\",\"item\":\"https:\/\/www.crea.gov.co\/crea-roma\/\"},{\"@type\":\"ListItem\",\"position\":2,\"name\":\"Villas del Progreso en el marco del Circuito Arte en la Escuela 2021 \/ Teatro \/ Grupo 302 JM SA\"}]},{\"@type\":\"WebSite\",\"@id\":\"https:\/\/www.crea.gov.co\/crea-roma\/#website\",\"url\":\"https:\/\/www.crea.gov.co\/crea-roma\/\",\"name\":\"Crea Roma\",\"description\":\"En Kennedy, rodeado de conjuntos y calles que guardan historias de familias que han crecido en el barrio, este espacio es un lugar donde la creatividad se entrelaza con la vida cotidiana. Aqu\u00ed, los lenguajes art\u00edsticos fortalecen lazos y dan voz a las experiencias de una comunidad que se reconoce en lo colectivo.\",\"potentialAction\":[{\"@type\":\"SearchAction\",\"target\":{\"@type\":\"EntryPoint\",\"urlTemplate\":\"https:\/\/www.crea.gov.co\/crea-roma\/?s={search_term_string}\"},\"query-input\":{\"@type\":\"PropertyValueSpecification\",\"valueRequired\":true,\"valueName\":\"search_term_string\"}}],\"inLanguage\":\"es-CO\"},{\"@type\":\"Person\",\"@id\":\"https:\/\/www.crea.gov.co\/crea-roma\/#\/schema\/person\/21f4af65becded92a4d94437f5b2a956\",\"name\":\"dianahenao\",\"image\":{\"@type\":\"ImageObject\",\"inLanguage\":\"es-CO\",\"@id\":\"https:\/\/www.crea.gov.co\/crea-roma\/#\/schema\/person\/image\/\",\"url\":\"https:\/\/secure.gravatar.com\/avatar\/21a46432310ad2712e5b660e19cb0b22?s=96&d=mm&r=g\",\"contentUrl\":\"https:\/\/secure.gravatar.com\/avatar\/21a46432310ad2712e5b660e19cb0b22?s=96&d=mm&r=g\",\"caption\":\"dianahenao\"},\"url\":\"https:\/\/www.crea.gov.co\/crea-roma\/author\/dianahenao\/\"}]}<\/script>\n<!-- \/ Yoast SEO plugin. -->","yoast_head_json":{"title":"Villas del Progreso en el marco del Circuito Arte en la Escuela 2021 \/ Teatro \/ Grupo 302 JM SA - Crea Roma","robots":{"index":"index","follow":"follow","max-snippet":"max-snippet:-1","max-image-preview":"max-image-preview:large","max-video-preview":"max-video-preview:-1"},"canonical":"https:\/\/www.crea.gov.co\/crea-roma\/villas-del-progreso-en-el-marco-del-circuito-arte-en-la-escuela-2021-teatro-grupo-302-jm-sa\/","og_locale":"es_ES","og_type":"article","og_title":"Villas del Progreso en el marco del Circuito Arte en la Escuela 2021 \/ Teatro \/ Grupo 302 JM SA - Crea Roma","og_description":"Artista Formadora: Estefania Pacheco LOS TITERESEs el conjunto de varias obras escritas por cada uno de los ni\u00f1os y ni\u00f1as, en donde podemos ver la creaci\u00f3n de sus t\u00edteres, la creaci\u00f3n de teatrinos y espacios esc\u00e9nicos, y la creaci\u00f3n del guion. Son historias algunas experiencias propias y otras de fantas\u00eda.","og_url":"https:\/\/www.crea.gov.co\/crea-roma\/villas-del-progreso-en-el-marco-del-circuito-arte-en-la-escuela-2021-teatro-grupo-302-jm-sa\/","og_site_name":"Crea Roma","article_published_time":"2021-11-10T22:31:23+00:00","article_modified_time":"2021-11-17T04:25:08+00:00","og_image":[{"width":1211,"height":542,"url":"https:\/\/www.crea.gov.co\/crea-roma\/wp-content\/uploads\/sites\/10\/2021\/11\/IMG-20211110-WA0011.jpg","type":"image\/jpeg"}],"author":"dianahenao","twitter_card":"summary_large_image","twitter_misc":{"Escrito por":"dianahenao"},"schema":{"@context":"https:\/\/schema.org","@graph":[{"@type":"WebPage","@id":"https:\/\/www.crea.gov.co\/crea-roma\/villas-del-progreso-en-el-marco-del-circuito-arte-en-la-escuela-2021-teatro-grupo-302-jm-sa\/","url":"https:\/\/www.crea.gov.co\/crea-roma\/villas-del-progreso-en-el-marco-del-circuito-arte-en-la-escuela-2021-teatro-grupo-302-jm-sa\/","name":"Villas del Progreso en el marco del Circuito Arte en la Escuela 2021 \/ Teatro \/ Grupo 302 JM SA - Crea Roma","isPartOf":{"@id":"https:\/\/www.crea.gov.co\/crea-roma\/#website"},"primaryImageOfPage":{"@id":"https:\/\/www.crea.gov.co\/crea-roma\/villas-del-progreso-en-el-marco-del-circuito-arte-en-la-escuela-2021-teatro-grupo-302-jm-sa\/#primaryimage"},"image":{"@id":"https:\/\/www.crea.gov.co\/crea-roma\/villas-del-progreso-en-el-marco-del-circuito-arte-en-la-escuela-2021-teatro-grupo-302-jm-sa\/#primaryimage"},"thumbnailUrl":"https:\/\/www.crea.gov.co\/crea-roma\/wp-content\/uploads\/sites\/10\/2021\/11\/IMG-20211110-WA0011.jpg","datePublished":"2021-11-10T22:31:23+00:00","dateModified":"2021-11-17T04:25:08+00:00","author":{"@id":"https:\/\/www.crea.gov.co\/crea-roma\/#\/schema\/person\/21f4af65becded92a4d94437f5b2a956"},"breadcrumb":{"@id":"https:\/\/www.crea.gov.co\/crea-roma\/villas-del-progreso-en-el-marco-del-circuito-arte-en-la-escuela-2021-teatro-grupo-302-jm-sa\/#breadcrumb"},"inLanguage":"es-CO","potentialAction":[{"@type":"ReadAction","target":["https:\/\/www.crea.gov.co\/crea-roma\/villas-del-progreso-en-el-marco-del-circuito-arte-en-la-escuela-2021-teatro-grupo-302-jm-sa\/"]}]},{"@type":"ImageObject","inLanguage":"es-CO","@id":"https:\/\/www.crea.gov.co\/crea-roma\/villas-del-progreso-en-el-marco-del-circuito-arte-en-la-escuela-2021-teatro-grupo-302-jm-sa\/#primaryimage","url":"https:\/\/www.crea.gov.co\/crea-roma\/wp-content\/uploads\/sites\/10\/2021\/11\/IMG-20211110-WA0011.jpg","contentUrl":"https:\/\/www.crea.gov.co\/crea-roma\/wp-content\/uploads\/sites\/10\/2021\/11\/IMG-20211110-WA0011.jpg","width":1211,"height":542},{"@type":"BreadcrumbList","@id":"https:\/\/www.crea.gov.co\/crea-roma\/villas-del-progreso-en-el-marco-del-circuito-arte-en-la-escuela-2021-teatro-grupo-302-jm-sa\/#breadcrumb","itemListElement":[{"@type":"ListItem","position":1,"name":"Home","item":"https:\/\/www.crea.gov.co\/crea-roma\/"},{"@type":"ListItem","position":2,"name":"Villas del Progreso en el marco del Circuito Arte en la Escuela 2021 \/ Teatro \/ Grupo 302 JM SA"}]},{"@type":"WebSite","@id":"https:\/\/www.crea.gov.co\/crea-roma\/#website","url":"https:\/\/www.crea.gov.co\/crea-roma\/","name":"Crea Roma","description":"En Kennedy, rodeado de conjuntos y calles que guardan historias de familias que han crecido en el barrio, este espacio es un lugar donde la creatividad se entrelaza con la vida cotidiana. Aqu\u00ed, los lenguajes art\u00edsticos fortalecen lazos y dan voz a las experiencias de una comunidad que se reconoce en lo colectivo.","potentialAction":[{"@type":"SearchAction","target":{"@type":"EntryPoint","urlTemplate":"https:\/\/www.crea.gov.co\/crea-roma\/?s={search_term_string}"},"query-input":{"@type":"PropertyValueSpecification","valueRequired":true,"valueName":"search_term_string"}}],"inLanguage":"es-CO"},{"@type":"Person","@id":"https:\/\/www.crea.gov.co\/crea-roma\/#\/schema\/person\/21f4af65becded92a4d94437f5b2a956","name":"dianahenao","image":{"@type":"ImageObject","inLanguage":"es-CO","@id":"https:\/\/www.crea.gov.co\/crea-roma\/#\/schema\/person\/image\/","url":"https:\/\/secure.gravatar.com\/avatar\/21a46432310ad2712e5b660e19cb0b22?s=96&d=mm&r=g","contentUrl":"https:\/\/secure.gravatar.com\/avatar\/21a46432310ad2712e5b660e19cb0b22?s=96&d=mm&r=g","caption":"dianahenao"},"url":"https:\/\/www.crea.gov.co\/crea-roma\/author\/dianahenao\/"}]}},"_links":{"self":[{"href":"https:\/\/www.crea.gov.co\/crea-roma\/wp-json\/wp\/v2\/posts\/216","targetHints":{"allow":["GET"]}}],"collection":[{"href":"https:\/\/www.crea.gov.co\/crea-roma\/wp-json\/wp\/v2\/posts"}],"about":[{"href":"https:\/\/www.crea.gov.co\/crea-roma\/wp-json\/wp\/v2\/types\/post"}],"author":[{"embeddable":true,"href":"https:\/\/www.crea.gov.co\/crea-roma\/wp-json\/wp\/v2\/users\/44"}],"replies":[{"embeddable":true,"href":"https:\/\/www.crea.gov.co\/crea-roma\/wp-json\/wp\/v2\/comments?post=216"}],"version-history":[{"count":0,"href":"https:\/\/www.crea.gov.co\/crea-roma\/wp-json\/wp\/v2\/posts\/216\/revisions"}],"wp:featuredmedia":[{"embeddable":true,"href":"https:\/\/www.crea.gov.co\/crea-roma\/wp-json\/wp\/v2\/media\/217"}],"wp:attachment":[{"href":"https:\/\/www.crea.gov.co\/crea-roma\/wp-json\/wp\/v2\/media?parent=216"}],"wp:term":[{"taxonomy":"category","embeddable":true,"href":"https:\/\/www.crea.gov.co\/crea-roma\/wp-json\/wp\/v2\/categories?post=216"},{"taxonomy":"post_tag","embeddable":true,"href":"https:\/\/www.crea.gov.co\/crea-roma\/wp-json\/wp\/v2\/tags?post=216"}],"curies":[{"name":"wp","href":"https:\/\/api.w.org\/{rel}","templated":true}]}}