{"id":193,"date":"2021-11-07T16:04:47","date_gmt":"2021-11-07T16:04:47","guid":{"rendered":"https:\/\/www.crea.gov.co\/crea-roma\/?post_type=news&#038;p=193"},"modified":"2021-11-17T05:00:53","modified_gmt":"2021-11-17T05:00:53","slug":"villas-del-progreso-en-el-marco-del-circuito-arte-en-la-escuela-2021-audiovisuales-grupo-401-jm-sb","status":"publish","type":"post","link":"https:\/\/www.crea.gov.co\/crea-roma\/villas-del-progreso-en-el-marco-del-circuito-arte-en-la-escuela-2021-audiovisuales-grupo-401-jm-sb\/","title":{"rendered":"Villas del Progreso en el marco del Circuito Arte en la Escuela 2021 \/ Audiovisuales \/ Grupo 401 JM SB"},"content":{"rendered":"\n<h2 class=\"wp-block-heading\">Artista Formador: Deimer Vergara<\/h2>\n\n\n\n<figure class=\"wp-block-image size-large\"><img loading=\"lazy\" decoding=\"async\" width=\"1024\" height=\"577\" src=\"https:\/\/www.crea.gov.co\/crea-roma\/wp-content\/uploads\/sites\/10\/2021\/11\/IMG-20211107-WA0014-1024x577.jpg\" alt=\"\" class=\"wp-image-194\" srcset=\"https:\/\/www.crea.gov.co\/crea-roma\/wp-content\/uploads\/sites\/10\/2021\/11\/IMG-20211107-WA0014-1024x577.jpg 1024w, https:\/\/www.crea.gov.co\/crea-roma\/wp-content\/uploads\/sites\/10\/2021\/11\/IMG-20211107-WA0014-300x169.jpg 300w, https:\/\/www.crea.gov.co\/crea-roma\/wp-content\/uploads\/sites\/10\/2021\/11\/IMG-20211107-WA0014-768x433.jpg 768w, https:\/\/www.crea.gov.co\/crea-roma\/wp-content\/uploads\/sites\/10\/2021\/11\/IMG-20211107-WA0014.jpg 1050w\" sizes=\"auto, (max-width: 1024px) 100vw, 1024px\" \/><\/figure>\n\n\n\n<p>Por medio de la exploraci\u00f3n de la imagen fija, los estudiantes del grupo 7407 del Colegio Villas del Progreso, exploraron conceptos de composici\u00f3n, luz, y t\u00e9cnicas como el punto de fuga y la regla de los tercios. Estos conocimientos decidieron ponerlos en pr\u00e1cticas a trav\u00e9s de la exploraci\u00f3n de sus espacios y territorios con una exposici\u00f3n titulada la creaci\u00f3n de Dios y a la creaci\u00f3n del hombre, que trabajadas con tem\u00e1ticas que cada uno eligi\u00f3, fueran expuestas por series en un museo digital.<\/p>\n\n\n\n<figure class=\"wp-block-embed is-type-wp-embed is-provider-genially wp-block-embed-genially wp-embed-aspect-16-9 wp-has-aspect-ratio\"><div class=\"wp-block-embed__wrapper\">\n<iframe class=\"wp-embedded-content\" sandbox=\"allow-scripts\" security=\"restricted\" title=\"Copia - MUSEO DIGITAL-AE7407-VILLAS\" frameborder='0' width='1200' height='675' src='https:\/\/view.genially.com\/6175e965e9ef7b0d4f3f309d#?secret=g8vnBQN2bk' data-secret='g8vnBQN2bk' scrolling='yes'><\/iframe>\n<\/div><\/figure>\n","protected":false},"excerpt":{"rendered":"<p>Artista Formador: Deimer Vergara Por medio de la exploraci\u00f3n de la imagen fija, los estudiantes del grupo 7407 del Colegio Villas del Progreso, exploraron conceptos de composici\u00f3n, luz, y t\u00e9cnicas como el punto de fuga y la regla de los tercios. Estos conocimientos decidieron ponerlos en pr\u00e1cticas a trav\u00e9s de la exploraci\u00f3n de sus espacios [&hellip;]<\/p>\n","protected":false},"author":44,"featured_media":194,"comment_status":"open","ping_status":"closed","sticky":false,"template":"","format":"standard","meta":{"footnotes":""},"categories":[2],"tags":[],"class_list":["post-193","post","type-post","status-publish","format-standard","has-post-thumbnail","hentry","category-villas-del-progreso"],"yoast_head":"<!-- This site is optimized with the Yoast SEO plugin v24.5 - https:\/\/yoast.com\/wordpress\/plugins\/seo\/ -->\n<title>Villas del Progreso en el marco del Circuito Arte en la Escuela 2021 \/ Audiovisuales \/ Grupo 401 JM SB - Crea Roma<\/title>\n<meta name=\"robots\" content=\"index, follow, max-snippet:-1, max-image-preview:large, max-video-preview:-1\" \/>\n<link rel=\"canonical\" href=\"https:\/\/www.crea.gov.co\/crea-roma\/villas-del-progreso-en-el-marco-del-circuito-arte-en-la-escuela-2021-audiovisuales-grupo-401-jm-sb\/\" \/>\n<meta property=\"og:locale\" content=\"es_ES\" \/>\n<meta property=\"og:type\" content=\"article\" \/>\n<meta property=\"og:title\" content=\"Villas del Progreso en el marco del Circuito Arte en la Escuela 2021 \/ Audiovisuales \/ Grupo 401 JM SB - Crea Roma\" \/>\n<meta property=\"og:description\" content=\"Artista Formador: Deimer Vergara Por medio de la exploraci\u00f3n de la imagen fija, los estudiantes del grupo 7407 del Colegio Villas del Progreso, exploraron conceptos de composici\u00f3n, luz, y t\u00e9cnicas como el punto de fuga y la regla de los tercios. Estos conocimientos decidieron ponerlos en pr\u00e1cticas a trav\u00e9s de la exploraci\u00f3n de sus espacios [&hellip;]\" \/>\n<meta property=\"og:url\" content=\"https:\/\/www.crea.gov.co\/crea-roma\/villas-del-progreso-en-el-marco-del-circuito-arte-en-la-escuela-2021-audiovisuales-grupo-401-jm-sb\/\" \/>\n<meta property=\"og:site_name\" content=\"Crea Roma\" \/>\n<meta property=\"article:published_time\" content=\"2021-11-07T16:04:47+00:00\" \/>\n<meta property=\"article:modified_time\" content=\"2021-11-17T05:00:53+00:00\" \/>\n<meta property=\"og:image\" content=\"https:\/\/www.crea.gov.co\/crea-roma\/wp-content\/uploads\/sites\/10\/2021\/11\/IMG-20211107-WA0014.jpg\" \/>\n\t<meta property=\"og:image:width\" content=\"1050\" \/>\n\t<meta property=\"og:image:height\" content=\"592\" \/>\n\t<meta property=\"og:image:type\" content=\"image\/jpeg\" \/>\n<meta name=\"author\" content=\"dianahenao\" \/>\n<meta name=\"twitter:card\" content=\"summary_large_image\" \/>\n<meta name=\"twitter:label1\" content=\"Escrito por\" \/>\n\t<meta name=\"twitter:data1\" content=\"dianahenao\" \/>\n\t<meta name=\"twitter:label2\" content=\"Tiempo de lectura\" \/>\n\t<meta name=\"twitter:data2\" content=\"1 minuto\" \/>\n<script type=\"application\/ld+json\" class=\"yoast-schema-graph\">{\"@context\":\"https:\/\/schema.org\",\"@graph\":[{\"@type\":\"WebPage\",\"@id\":\"https:\/\/www.crea.gov.co\/crea-roma\/villas-del-progreso-en-el-marco-del-circuito-arte-en-la-escuela-2021-audiovisuales-grupo-401-jm-sb\/\",\"url\":\"https:\/\/www.crea.gov.co\/crea-roma\/villas-del-progreso-en-el-marco-del-circuito-arte-en-la-escuela-2021-audiovisuales-grupo-401-jm-sb\/\",\"name\":\"Villas del Progreso en el marco del Circuito Arte en la Escuela 2021 \/ Audiovisuales \/ Grupo 401 JM SB - Crea Roma\",\"isPartOf\":{\"@id\":\"https:\/\/www.crea.gov.co\/crea-roma\/#website\"},\"primaryImageOfPage\":{\"@id\":\"https:\/\/www.crea.gov.co\/crea-roma\/villas-del-progreso-en-el-marco-del-circuito-arte-en-la-escuela-2021-audiovisuales-grupo-401-jm-sb\/#primaryimage\"},\"image\":{\"@id\":\"https:\/\/www.crea.gov.co\/crea-roma\/villas-del-progreso-en-el-marco-del-circuito-arte-en-la-escuela-2021-audiovisuales-grupo-401-jm-sb\/#primaryimage\"},\"thumbnailUrl\":\"https:\/\/www.crea.gov.co\/crea-roma\/wp-content\/uploads\/sites\/10\/2021\/11\/IMG-20211107-WA0014.jpg\",\"datePublished\":\"2021-11-07T16:04:47+00:00\",\"dateModified\":\"2021-11-17T05:00:53+00:00\",\"author\":{\"@id\":\"https:\/\/www.crea.gov.co\/crea-roma\/#\/schema\/person\/21f4af65becded92a4d94437f5b2a956\"},\"breadcrumb\":{\"@id\":\"https:\/\/www.crea.gov.co\/crea-roma\/villas-del-progreso-en-el-marco-del-circuito-arte-en-la-escuela-2021-audiovisuales-grupo-401-jm-sb\/#breadcrumb\"},\"inLanguage\":\"es-CO\",\"potentialAction\":[{\"@type\":\"ReadAction\",\"target\":[\"https:\/\/www.crea.gov.co\/crea-roma\/villas-del-progreso-en-el-marco-del-circuito-arte-en-la-escuela-2021-audiovisuales-grupo-401-jm-sb\/\"]}]},{\"@type\":\"ImageObject\",\"inLanguage\":\"es-CO\",\"@id\":\"https:\/\/www.crea.gov.co\/crea-roma\/villas-del-progreso-en-el-marco-del-circuito-arte-en-la-escuela-2021-audiovisuales-grupo-401-jm-sb\/#primaryimage\",\"url\":\"https:\/\/www.crea.gov.co\/crea-roma\/wp-content\/uploads\/sites\/10\/2021\/11\/IMG-20211107-WA0014.jpg\",\"contentUrl\":\"https:\/\/www.crea.gov.co\/crea-roma\/wp-content\/uploads\/sites\/10\/2021\/11\/IMG-20211107-WA0014.jpg\",\"width\":1050,\"height\":592},{\"@type\":\"BreadcrumbList\",\"@id\":\"https:\/\/www.crea.gov.co\/crea-roma\/villas-del-progreso-en-el-marco-del-circuito-arte-en-la-escuela-2021-audiovisuales-grupo-401-jm-sb\/#breadcrumb\",\"itemListElement\":[{\"@type\":\"ListItem\",\"position\":1,\"name\":\"Home\",\"item\":\"https:\/\/www.crea.gov.co\/crea-roma\/\"},{\"@type\":\"ListItem\",\"position\":2,\"name\":\"Villas del Progreso en el marco del Circuito Arte en la Escuela 2021 \/ Audiovisuales \/ Grupo 401 JM SB\"}]},{\"@type\":\"WebSite\",\"@id\":\"https:\/\/www.crea.gov.co\/crea-roma\/#website\",\"url\":\"https:\/\/www.crea.gov.co\/crea-roma\/\",\"name\":\"Crea Roma\",\"description\":\"En Kennedy, rodeado de conjuntos y calles que guardan historias de familias que han crecido en el barrio, este espacio es un lugar donde la creatividad se entrelaza con la vida cotidiana. Aqu\u00ed, los lenguajes art\u00edsticos fortalecen lazos y dan voz a las experiencias de una comunidad que se reconoce en lo colectivo.\",\"potentialAction\":[{\"@type\":\"SearchAction\",\"target\":{\"@type\":\"EntryPoint\",\"urlTemplate\":\"https:\/\/www.crea.gov.co\/crea-roma\/?s={search_term_string}\"},\"query-input\":{\"@type\":\"PropertyValueSpecification\",\"valueRequired\":true,\"valueName\":\"search_term_string\"}}],\"inLanguage\":\"es-CO\"},{\"@type\":\"Person\",\"@id\":\"https:\/\/www.crea.gov.co\/crea-roma\/#\/schema\/person\/21f4af65becded92a4d94437f5b2a956\",\"name\":\"dianahenao\",\"image\":{\"@type\":\"ImageObject\",\"inLanguage\":\"es-CO\",\"@id\":\"https:\/\/www.crea.gov.co\/crea-roma\/#\/schema\/person\/image\/\",\"url\":\"https:\/\/secure.gravatar.com\/avatar\/21a46432310ad2712e5b660e19cb0b22?s=96&d=mm&r=g\",\"contentUrl\":\"https:\/\/secure.gravatar.com\/avatar\/21a46432310ad2712e5b660e19cb0b22?s=96&d=mm&r=g\",\"caption\":\"dianahenao\"},\"url\":\"https:\/\/www.crea.gov.co\/crea-roma\/author\/dianahenao\/\"}]}<\/script>\n<!-- \/ Yoast SEO plugin. -->","yoast_head_json":{"title":"Villas del Progreso en el marco del Circuito Arte en la Escuela 2021 \/ Audiovisuales \/ Grupo 401 JM SB - Crea Roma","robots":{"index":"index","follow":"follow","max-snippet":"max-snippet:-1","max-image-preview":"max-image-preview:large","max-video-preview":"max-video-preview:-1"},"canonical":"https:\/\/www.crea.gov.co\/crea-roma\/villas-del-progreso-en-el-marco-del-circuito-arte-en-la-escuela-2021-audiovisuales-grupo-401-jm-sb\/","og_locale":"es_ES","og_type":"article","og_title":"Villas del Progreso en el marco del Circuito Arte en la Escuela 2021 \/ Audiovisuales \/ Grupo 401 JM SB - Crea Roma","og_description":"Artista Formador: Deimer Vergara Por medio de la exploraci\u00f3n de la imagen fija, los estudiantes del grupo 7407 del Colegio Villas del Progreso, exploraron conceptos de composici\u00f3n, luz, y t\u00e9cnicas como el punto de fuga y la regla de los tercios. Estos conocimientos decidieron ponerlos en pr\u00e1cticas a trav\u00e9s de la exploraci\u00f3n de sus espacios [&hellip;]","og_url":"https:\/\/www.crea.gov.co\/crea-roma\/villas-del-progreso-en-el-marco-del-circuito-arte-en-la-escuela-2021-audiovisuales-grupo-401-jm-sb\/","og_site_name":"Crea Roma","article_published_time":"2021-11-07T16:04:47+00:00","article_modified_time":"2021-11-17T05:00:53+00:00","og_image":[{"width":1050,"height":592,"url":"https:\/\/www.crea.gov.co\/crea-roma\/wp-content\/uploads\/sites\/10\/2021\/11\/IMG-20211107-WA0014.jpg","type":"image\/jpeg"}],"author":"dianahenao","twitter_card":"summary_large_image","twitter_misc":{"Escrito por":"dianahenao","Tiempo de lectura":"1 minuto"},"schema":{"@context":"https:\/\/schema.org","@graph":[{"@type":"WebPage","@id":"https:\/\/www.crea.gov.co\/crea-roma\/villas-del-progreso-en-el-marco-del-circuito-arte-en-la-escuela-2021-audiovisuales-grupo-401-jm-sb\/","url":"https:\/\/www.crea.gov.co\/crea-roma\/villas-del-progreso-en-el-marco-del-circuito-arte-en-la-escuela-2021-audiovisuales-grupo-401-jm-sb\/","name":"Villas del Progreso en el marco del Circuito Arte en la Escuela 2021 \/ Audiovisuales \/ Grupo 401 JM SB - Crea Roma","isPartOf":{"@id":"https:\/\/www.crea.gov.co\/crea-roma\/#website"},"primaryImageOfPage":{"@id":"https:\/\/www.crea.gov.co\/crea-roma\/villas-del-progreso-en-el-marco-del-circuito-arte-en-la-escuela-2021-audiovisuales-grupo-401-jm-sb\/#primaryimage"},"image":{"@id":"https:\/\/www.crea.gov.co\/crea-roma\/villas-del-progreso-en-el-marco-del-circuito-arte-en-la-escuela-2021-audiovisuales-grupo-401-jm-sb\/#primaryimage"},"thumbnailUrl":"https:\/\/www.crea.gov.co\/crea-roma\/wp-content\/uploads\/sites\/10\/2021\/11\/IMG-20211107-WA0014.jpg","datePublished":"2021-11-07T16:04:47+00:00","dateModified":"2021-11-17T05:00:53+00:00","author":{"@id":"https:\/\/www.crea.gov.co\/crea-roma\/#\/schema\/person\/21f4af65becded92a4d94437f5b2a956"},"breadcrumb":{"@id":"https:\/\/www.crea.gov.co\/crea-roma\/villas-del-progreso-en-el-marco-del-circuito-arte-en-la-escuela-2021-audiovisuales-grupo-401-jm-sb\/#breadcrumb"},"inLanguage":"es-CO","potentialAction":[{"@type":"ReadAction","target":["https:\/\/www.crea.gov.co\/crea-roma\/villas-del-progreso-en-el-marco-del-circuito-arte-en-la-escuela-2021-audiovisuales-grupo-401-jm-sb\/"]}]},{"@type":"ImageObject","inLanguage":"es-CO","@id":"https:\/\/www.crea.gov.co\/crea-roma\/villas-del-progreso-en-el-marco-del-circuito-arte-en-la-escuela-2021-audiovisuales-grupo-401-jm-sb\/#primaryimage","url":"https:\/\/www.crea.gov.co\/crea-roma\/wp-content\/uploads\/sites\/10\/2021\/11\/IMG-20211107-WA0014.jpg","contentUrl":"https:\/\/www.crea.gov.co\/crea-roma\/wp-content\/uploads\/sites\/10\/2021\/11\/IMG-20211107-WA0014.jpg","width":1050,"height":592},{"@type":"BreadcrumbList","@id":"https:\/\/www.crea.gov.co\/crea-roma\/villas-del-progreso-en-el-marco-del-circuito-arte-en-la-escuela-2021-audiovisuales-grupo-401-jm-sb\/#breadcrumb","itemListElement":[{"@type":"ListItem","position":1,"name":"Home","item":"https:\/\/www.crea.gov.co\/crea-roma\/"},{"@type":"ListItem","position":2,"name":"Villas del Progreso en el marco del Circuito Arte en la Escuela 2021 \/ Audiovisuales \/ Grupo 401 JM SB"}]},{"@type":"WebSite","@id":"https:\/\/www.crea.gov.co\/crea-roma\/#website","url":"https:\/\/www.crea.gov.co\/crea-roma\/","name":"Crea Roma","description":"En Kennedy, rodeado de conjuntos y calles que guardan historias de familias que han crecido en el barrio, este espacio es un lugar donde la creatividad se entrelaza con la vida cotidiana. Aqu\u00ed, los lenguajes art\u00edsticos fortalecen lazos y dan voz a las experiencias de una comunidad que se reconoce en lo colectivo.","potentialAction":[{"@type":"SearchAction","target":{"@type":"EntryPoint","urlTemplate":"https:\/\/www.crea.gov.co\/crea-roma\/?s={search_term_string}"},"query-input":{"@type":"PropertyValueSpecification","valueRequired":true,"valueName":"search_term_string"}}],"inLanguage":"es-CO"},{"@type":"Person","@id":"https:\/\/www.crea.gov.co\/crea-roma\/#\/schema\/person\/21f4af65becded92a4d94437f5b2a956","name":"dianahenao","image":{"@type":"ImageObject","inLanguage":"es-CO","@id":"https:\/\/www.crea.gov.co\/crea-roma\/#\/schema\/person\/image\/","url":"https:\/\/secure.gravatar.com\/avatar\/21a46432310ad2712e5b660e19cb0b22?s=96&d=mm&r=g","contentUrl":"https:\/\/secure.gravatar.com\/avatar\/21a46432310ad2712e5b660e19cb0b22?s=96&d=mm&r=g","caption":"dianahenao"},"url":"https:\/\/www.crea.gov.co\/crea-roma\/author\/dianahenao\/"}]}},"_links":{"self":[{"href":"https:\/\/www.crea.gov.co\/crea-roma\/wp-json\/wp\/v2\/posts\/193","targetHints":{"allow":["GET"]}}],"collection":[{"href":"https:\/\/www.crea.gov.co\/crea-roma\/wp-json\/wp\/v2\/posts"}],"about":[{"href":"https:\/\/www.crea.gov.co\/crea-roma\/wp-json\/wp\/v2\/types\/post"}],"author":[{"embeddable":true,"href":"https:\/\/www.crea.gov.co\/crea-roma\/wp-json\/wp\/v2\/users\/44"}],"replies":[{"embeddable":true,"href":"https:\/\/www.crea.gov.co\/crea-roma\/wp-json\/wp\/v2\/comments?post=193"}],"version-history":[{"count":0,"href":"https:\/\/www.crea.gov.co\/crea-roma\/wp-json\/wp\/v2\/posts\/193\/revisions"}],"wp:featuredmedia":[{"embeddable":true,"href":"https:\/\/www.crea.gov.co\/crea-roma\/wp-json\/wp\/v2\/media\/194"}],"wp:attachment":[{"href":"https:\/\/www.crea.gov.co\/crea-roma\/wp-json\/wp\/v2\/media?parent=193"}],"wp:term":[{"taxonomy":"category","embeddable":true,"href":"https:\/\/www.crea.gov.co\/crea-roma\/wp-json\/wp\/v2\/categories?post=193"},{"taxonomy":"post_tag","embeddable":true,"href":"https:\/\/www.crea.gov.co\/crea-roma\/wp-json\/wp\/v2\/tags?post=193"}],"curies":[{"name":"wp","href":"https:\/\/api.w.org\/{rel}","templated":true}]}}