{"id":1799,"date":"2026-04-24T15:10:21","date_gmt":"2026-04-24T15:10:21","guid":{"rendered":"https:\/\/www.crea.gov.co\/crea-roma\/?p=1799"},"modified":"2026-04-24T15:12:42","modified_gmt":"2026-04-24T15:12:42","slug":"el-lugar-en-el-que-habito-una-experiencia-para-celebrar-el-dia-de-la-ninez","status":"publish","type":"post","link":"https:\/\/www.crea.gov.co\/crea-roma\/el-lugar-en-el-que-habito-una-experiencia-para-celebrar-el-dia-de-la-ninez\/","title":{"rendered":"El lugar en el que habito: una experiencia para celebrar el D\u00eda de la Ni\u00f1ez"},"content":{"rendered":"<div class=\"wp-block-image\">\n<figure class=\"aligncenter size-large\"><img loading=\"lazy\" decoding=\"async\" width=\"819\" height=\"1024\" src=\"https:\/\/www.crea.gov.co\/crea-roma\/wp-content\/uploads\/sites\/10\/2026\/04\/DIA-DE-LA-NINEZ-ROMA-819x1024.png\" alt=\"\" class=\"wp-image-1800\" srcset=\"https:\/\/www.crea.gov.co\/crea-roma\/wp-content\/uploads\/sites\/10\/2026\/04\/DIA-DE-LA-NINEZ-ROMA-819x1024.png 819w, https:\/\/www.crea.gov.co\/crea-roma\/wp-content\/uploads\/sites\/10\/2026\/04\/DIA-DE-LA-NINEZ-ROMA-240x300.png 240w, https:\/\/www.crea.gov.co\/crea-roma\/wp-content\/uploads\/sites\/10\/2026\/04\/DIA-DE-LA-NINEZ-ROMA-768x960.png 768w, https:\/\/www.crea.gov.co\/crea-roma\/wp-content\/uploads\/sites\/10\/2026\/04\/DIA-DE-LA-NINEZ-ROMA-1229x1536.png 1229w, https:\/\/www.crea.gov.co\/crea-roma\/wp-content\/uploads\/sites\/10\/2026\/04\/DIA-DE-LA-NINEZ-ROMA.png 1440w\" sizes=\"auto, (max-width: 819px) 100vw, 819px\" \/><\/figure><\/div>\n\n\n<p class=\"has-medium-font-size\">En el marco de la celebraci\u00f3n del D\u00eda de la Ni\u00f1ez, el Instituto Distrital de las Artes \u2013 Idartes, a trav\u00e9s de la Gerencia Crea, invita a ni\u00f1as, ni\u00f1os y familias a disfrutar de una jornada especial de actividades art\u00edsticas y culturales en distintos espacios de la ciudad.<\/p>\n\n\n\n<p class=\"has-medium-font-size\">Como parte de esta programaci\u00f3n, el Crea Roma abre sus puertas con <em>El lugar en el que habito<\/em>, una experiencia sensorial que propone un recorrido por la luz, el sonido y el movimiento como formas de explorar, crear y conectarse con el territorio.<\/p>\n\n\n\n<p class=\"has-medium-font-size\">La actividad est\u00e1 dirigida a toda la ciudadan\u00eda, quienes podr\u00e1n vivir una serie de momentos dise\u00f1ados para activar la imaginaci\u00f3n y la sensibilidad. A trav\u00e9s de proyecciones de colores, formas y paisajes sonoros, se invita a habitar el \u201caqu\u00ed y el ahora\u201d, reconociendo el entorno desde una mirada creativa.<\/p>\n\n\n\n<p class=\"has-medium-font-size\">Posteriormente, los participantes intervendr\u00e1n un gran lienzo colectivo en un espacio de juego libre, donde las sombras, las pinturas y los colores ser\u00e1n protagonistas. Este ejercicio simb\u00f3lico busca resaltar la libertad expresiva de la infancia y su capacidad de transformar el presente.<\/p>\n\n\n\n<p class=\"has-medium-font-size\">La jornada culmina con una activaci\u00f3n corporal guiada por el grupo de formaci\u00f3n integral del Crea Roma &#8220;B<em>ailarines de Nueva York<\/em>&#8221; liderado por la artista formadora Gisselle Sua, quienes a trav\u00e9s del movimiento y el ritmo conectar\u00e1n a los participantes con su identidad territorial.<\/p>\n\n\n\n<p class=\"has-medium-font-size\"><em>El lugar en el que habito<\/em> es una invitaci\u00f3n a celebrar la ni\u00f1ez desde el arte, el juego y la creaci\u00f3n colectiva, reconociendo a ni\u00f1as y ni\u00f1os como protagonistas de la vida cultural de la ciudad.<\/p>\n\n\n\n<p class=\"has-medium-font-size\">\ud83d\udccd Lugar: Crea Roma <br>\ud83d\udcc5 Fecha: Domingo 26 de abril<br>\ud83d\udd51 Hora: 9:00 a.m.<br>\ud83c\udf9f\ufe0f Entrada libre, sin inscripci\u00f3n previa<\/p>\n\n\n\n<p class=\"has-text-align-center has-medium-font-size\">\u2728 <strong>Sum\u00e9rgete en un espacio de colores, formas y paisajes sonoros que despiertan los sentidos<br>\ud83c\udfa8 Interv\u00e9n un gran lienzo colectivo con sombras, pinturas y libertad creativa<br>\ud83d\udca5 Rompe, transforma y crea nuevas formas de habitar el presente<br>\ud83d\udc83 D\u00e9jate llevar por el ritmo en una activaci\u00f3n corporal llena de energ\u00eda y alegr\u00eda<\/strong><\/p>\n\n\n\n<p class=\"has-text-align-center has-medium-font-size\"><strong>Una jornada para jugar, crear y reconocernos en el lugar que habitamos.<\/strong><\/p>\n\n\n\n<p><\/p>\n","protected":false},"excerpt":{"rendered":"<p>En el marco de la celebraci\u00f3n del D\u00eda de la Ni\u00f1ez, el Instituto Distrital de las Artes \u2013 Idartes, a trav\u00e9s de la Gerencia Crea, invita a ni\u00f1as, ni\u00f1os y familias a disfrutar de una jornada especial de actividades art\u00edsticas y culturales en distintos espacios de la ciudad. Como parte de esta programaci\u00f3n, el Crea [&hellip;]<\/p>\n","protected":false},"author":89,"featured_media":1800,"comment_status":"open","ping_status":"open","sticky":false,"template":"","format":"standard","meta":{"footnotes":""},"categories":[1],"tags":[],"class_list":["post-1799","post","type-post","status-publish","format-standard","has-post-thumbnail","hentry","category-sin-categoria"],"yoast_head":"<!-- This site is optimized with the Yoast SEO plugin v24.5 - https:\/\/yoast.com\/wordpress\/plugins\/seo\/ -->\n<title>El lugar en el que habito: una experiencia para celebrar el D\u00eda de la Ni\u00f1ez - Crea Roma<\/title>\n<meta name=\"robots\" content=\"index, follow, max-snippet:-1, max-image-preview:large, max-video-preview:-1\" \/>\n<link rel=\"canonical\" href=\"https:\/\/www.crea.gov.co\/crea-roma\/el-lugar-en-el-que-habito-una-experiencia-para-celebrar-el-dia-de-la-ninez\/\" \/>\n<meta property=\"og:locale\" content=\"es_ES\" \/>\n<meta property=\"og:type\" content=\"article\" \/>\n<meta property=\"og:title\" content=\"El lugar en el que habito: una experiencia para celebrar el D\u00eda de la Ni\u00f1ez - Crea Roma\" \/>\n<meta property=\"og:description\" content=\"En el marco de la celebraci\u00f3n del D\u00eda de la Ni\u00f1ez, el Instituto Distrital de las Artes \u2013 Idartes, a trav\u00e9s de la Gerencia Crea, invita a ni\u00f1as, ni\u00f1os y familias a disfrutar de una jornada especial de actividades art\u00edsticas y culturales en distintos espacios de la ciudad. Como parte de esta programaci\u00f3n, el Crea [&hellip;]\" \/>\n<meta property=\"og:url\" content=\"https:\/\/www.crea.gov.co\/crea-roma\/el-lugar-en-el-que-habito-una-experiencia-para-celebrar-el-dia-de-la-ninez\/\" \/>\n<meta property=\"og:site_name\" content=\"Crea Roma\" \/>\n<meta property=\"article:published_time\" content=\"2026-04-24T15:10:21+00:00\" \/>\n<meta property=\"article:modified_time\" content=\"2026-04-24T15:12:42+00:00\" \/>\n<meta property=\"og:image\" content=\"https:\/\/www.crea.gov.co\/crea-roma\/wp-content\/uploads\/sites\/10\/2026\/04\/DIA-DE-LA-NINEZ-ROMA.png\" \/>\n\t<meta property=\"og:image:width\" content=\"1440\" \/>\n\t<meta property=\"og:image:height\" content=\"1800\" \/>\n\t<meta property=\"og:image:type\" content=\"image\/png\" \/>\n<meta name=\"author\" content=\"crearoma\" \/>\n<meta name=\"twitter:card\" content=\"summary_large_image\" \/>\n<meta name=\"twitter:label1\" content=\"Escrito por\" \/>\n\t<meta name=\"twitter:data1\" content=\"crearoma\" \/>\n\t<meta name=\"twitter:label2\" content=\"Tiempo de lectura\" \/>\n\t<meta name=\"twitter:data2\" content=\"2 minutos\" \/>\n<script type=\"application\/ld+json\" class=\"yoast-schema-graph\">{\"@context\":\"https:\/\/schema.org\",\"@graph\":[{\"@type\":\"WebPage\",\"@id\":\"https:\/\/www.crea.gov.co\/crea-roma\/el-lugar-en-el-que-habito-una-experiencia-para-celebrar-el-dia-de-la-ninez\/\",\"url\":\"https:\/\/www.crea.gov.co\/crea-roma\/el-lugar-en-el-que-habito-una-experiencia-para-celebrar-el-dia-de-la-ninez\/\",\"name\":\"El lugar en el que habito: una experiencia para celebrar el D\u00eda de la Ni\u00f1ez - Crea Roma\",\"isPartOf\":{\"@id\":\"https:\/\/www.crea.gov.co\/crea-roma\/#website\"},\"primaryImageOfPage\":{\"@id\":\"https:\/\/www.crea.gov.co\/crea-roma\/el-lugar-en-el-que-habito-una-experiencia-para-celebrar-el-dia-de-la-ninez\/#primaryimage\"},\"image\":{\"@id\":\"https:\/\/www.crea.gov.co\/crea-roma\/el-lugar-en-el-que-habito-una-experiencia-para-celebrar-el-dia-de-la-ninez\/#primaryimage\"},\"thumbnailUrl\":\"https:\/\/www.crea.gov.co\/crea-roma\/wp-content\/uploads\/sites\/10\/2026\/04\/DIA-DE-LA-NINEZ-ROMA.png\",\"datePublished\":\"2026-04-24T15:10:21+00:00\",\"dateModified\":\"2026-04-24T15:12:42+00:00\",\"author\":{\"@id\":\"https:\/\/www.crea.gov.co\/crea-roma\/#\/schema\/person\/98d3131acf7d36de9766d95e8154256d\"},\"breadcrumb\":{\"@id\":\"https:\/\/www.crea.gov.co\/crea-roma\/el-lugar-en-el-que-habito-una-experiencia-para-celebrar-el-dia-de-la-ninez\/#breadcrumb\"},\"inLanguage\":\"es-CO\",\"potentialAction\":[{\"@type\":\"ReadAction\",\"target\":[\"https:\/\/www.crea.gov.co\/crea-roma\/el-lugar-en-el-que-habito-una-experiencia-para-celebrar-el-dia-de-la-ninez\/\"]}]},{\"@type\":\"ImageObject\",\"inLanguage\":\"es-CO\",\"@id\":\"https:\/\/www.crea.gov.co\/crea-roma\/el-lugar-en-el-que-habito-una-experiencia-para-celebrar-el-dia-de-la-ninez\/#primaryimage\",\"url\":\"https:\/\/www.crea.gov.co\/crea-roma\/wp-content\/uploads\/sites\/10\/2026\/04\/DIA-DE-LA-NINEZ-ROMA.png\",\"contentUrl\":\"https:\/\/www.crea.gov.co\/crea-roma\/wp-content\/uploads\/sites\/10\/2026\/04\/DIA-DE-LA-NINEZ-ROMA.png\",\"width\":1440,\"height\":1800},{\"@type\":\"BreadcrumbList\",\"@id\":\"https:\/\/www.crea.gov.co\/crea-roma\/el-lugar-en-el-que-habito-una-experiencia-para-celebrar-el-dia-de-la-ninez\/#breadcrumb\",\"itemListElement\":[{\"@type\":\"ListItem\",\"position\":1,\"name\":\"Home\",\"item\":\"https:\/\/www.crea.gov.co\/crea-roma\/\"},{\"@type\":\"ListItem\",\"position\":2,\"name\":\"El lugar en el que habito: una experiencia para celebrar el D\u00eda de la Ni\u00f1ez\"}]},{\"@type\":\"WebSite\",\"@id\":\"https:\/\/www.crea.gov.co\/crea-roma\/#website\",\"url\":\"https:\/\/www.crea.gov.co\/crea-roma\/\",\"name\":\"Crea Roma\",\"description\":\"En Kennedy, rodeado de conjuntos y calles que guardan historias de familias que han crecido en el barrio, este espacio es un lugar donde la creatividad se entrelaza con la vida cotidiana. Aqu\u00ed, los lenguajes art\u00edsticos fortalecen lazos y dan voz a las experiencias de una comunidad que se reconoce en lo colectivo.\",\"potentialAction\":[{\"@type\":\"SearchAction\",\"target\":{\"@type\":\"EntryPoint\",\"urlTemplate\":\"https:\/\/www.crea.gov.co\/crea-roma\/?s={search_term_string}\"},\"query-input\":{\"@type\":\"PropertyValueSpecification\",\"valueRequired\":true,\"valueName\":\"search_term_string\"}}],\"inLanguage\":\"es-CO\"},{\"@type\":\"Person\",\"@id\":\"https:\/\/www.crea.gov.co\/crea-roma\/#\/schema\/person\/98d3131acf7d36de9766d95e8154256d\",\"name\":\"crearoma\",\"image\":{\"@type\":\"ImageObject\",\"inLanguage\":\"es-CO\",\"@id\":\"https:\/\/www.crea.gov.co\/crea-roma\/#\/schema\/person\/image\/\",\"url\":\"https:\/\/secure.gravatar.com\/avatar\/a932fc1012aeb823a10fc90d54ba8dd3?s=96&d=mm&r=g\",\"contentUrl\":\"https:\/\/secure.gravatar.com\/avatar\/a932fc1012aeb823a10fc90d54ba8dd3?s=96&d=mm&r=g\",\"caption\":\"crearoma\"},\"url\":\"https:\/\/www.crea.gov.co\/crea-roma\/author\/crearoma\/\"}]}<\/script>\n<!-- \/ Yoast SEO plugin. -->","yoast_head_json":{"title":"El lugar en el que habito: una experiencia para celebrar el D\u00eda de la Ni\u00f1ez - Crea Roma","robots":{"index":"index","follow":"follow","max-snippet":"max-snippet:-1","max-image-preview":"max-image-preview:large","max-video-preview":"max-video-preview:-1"},"canonical":"https:\/\/www.crea.gov.co\/crea-roma\/el-lugar-en-el-que-habito-una-experiencia-para-celebrar-el-dia-de-la-ninez\/","og_locale":"es_ES","og_type":"article","og_title":"El lugar en el que habito: una experiencia para celebrar el D\u00eda de la Ni\u00f1ez - Crea Roma","og_description":"En el marco de la celebraci\u00f3n del D\u00eda de la Ni\u00f1ez, el Instituto Distrital de las Artes \u2013 Idartes, a trav\u00e9s de la Gerencia Crea, invita a ni\u00f1as, ni\u00f1os y familias a disfrutar de una jornada especial de actividades art\u00edsticas y culturales en distintos espacios de la ciudad. Como parte de esta programaci\u00f3n, el Crea [&hellip;]","og_url":"https:\/\/www.crea.gov.co\/crea-roma\/el-lugar-en-el-que-habito-una-experiencia-para-celebrar-el-dia-de-la-ninez\/","og_site_name":"Crea Roma","article_published_time":"2026-04-24T15:10:21+00:00","article_modified_time":"2026-04-24T15:12:42+00:00","og_image":[{"width":1440,"height":1800,"url":"https:\/\/www.crea.gov.co\/crea-roma\/wp-content\/uploads\/sites\/10\/2026\/04\/DIA-DE-LA-NINEZ-ROMA.png","type":"image\/png"}],"author":"crearoma","twitter_card":"summary_large_image","twitter_misc":{"Escrito por":"crearoma","Tiempo de lectura":"2 minutos"},"schema":{"@context":"https:\/\/schema.org","@graph":[{"@type":"WebPage","@id":"https:\/\/www.crea.gov.co\/crea-roma\/el-lugar-en-el-que-habito-una-experiencia-para-celebrar-el-dia-de-la-ninez\/","url":"https:\/\/www.crea.gov.co\/crea-roma\/el-lugar-en-el-que-habito-una-experiencia-para-celebrar-el-dia-de-la-ninez\/","name":"El lugar en el que habito: una experiencia para celebrar el D\u00eda de la Ni\u00f1ez - Crea Roma","isPartOf":{"@id":"https:\/\/www.crea.gov.co\/crea-roma\/#website"},"primaryImageOfPage":{"@id":"https:\/\/www.crea.gov.co\/crea-roma\/el-lugar-en-el-que-habito-una-experiencia-para-celebrar-el-dia-de-la-ninez\/#primaryimage"},"image":{"@id":"https:\/\/www.crea.gov.co\/crea-roma\/el-lugar-en-el-que-habito-una-experiencia-para-celebrar-el-dia-de-la-ninez\/#primaryimage"},"thumbnailUrl":"https:\/\/www.crea.gov.co\/crea-roma\/wp-content\/uploads\/sites\/10\/2026\/04\/DIA-DE-LA-NINEZ-ROMA.png","datePublished":"2026-04-24T15:10:21+00:00","dateModified":"2026-04-24T15:12:42+00:00","author":{"@id":"https:\/\/www.crea.gov.co\/crea-roma\/#\/schema\/person\/98d3131acf7d36de9766d95e8154256d"},"breadcrumb":{"@id":"https:\/\/www.crea.gov.co\/crea-roma\/el-lugar-en-el-que-habito-una-experiencia-para-celebrar-el-dia-de-la-ninez\/#breadcrumb"},"inLanguage":"es-CO","potentialAction":[{"@type":"ReadAction","target":["https:\/\/www.crea.gov.co\/crea-roma\/el-lugar-en-el-que-habito-una-experiencia-para-celebrar-el-dia-de-la-ninez\/"]}]},{"@type":"ImageObject","inLanguage":"es-CO","@id":"https:\/\/www.crea.gov.co\/crea-roma\/el-lugar-en-el-que-habito-una-experiencia-para-celebrar-el-dia-de-la-ninez\/#primaryimage","url":"https:\/\/www.crea.gov.co\/crea-roma\/wp-content\/uploads\/sites\/10\/2026\/04\/DIA-DE-LA-NINEZ-ROMA.png","contentUrl":"https:\/\/www.crea.gov.co\/crea-roma\/wp-content\/uploads\/sites\/10\/2026\/04\/DIA-DE-LA-NINEZ-ROMA.png","width":1440,"height":1800},{"@type":"BreadcrumbList","@id":"https:\/\/www.crea.gov.co\/crea-roma\/el-lugar-en-el-que-habito-una-experiencia-para-celebrar-el-dia-de-la-ninez\/#breadcrumb","itemListElement":[{"@type":"ListItem","position":1,"name":"Home","item":"https:\/\/www.crea.gov.co\/crea-roma\/"},{"@type":"ListItem","position":2,"name":"El lugar en el que habito: una experiencia para celebrar el D\u00eda de la Ni\u00f1ez"}]},{"@type":"WebSite","@id":"https:\/\/www.crea.gov.co\/crea-roma\/#website","url":"https:\/\/www.crea.gov.co\/crea-roma\/","name":"Crea Roma","description":"En Kennedy, rodeado de conjuntos y calles que guardan historias de familias que han crecido en el barrio, este espacio es un lugar donde la creatividad se entrelaza con la vida cotidiana. Aqu\u00ed, los lenguajes art\u00edsticos fortalecen lazos y dan voz a las experiencias de una comunidad que se reconoce en lo colectivo.","potentialAction":[{"@type":"SearchAction","target":{"@type":"EntryPoint","urlTemplate":"https:\/\/www.crea.gov.co\/crea-roma\/?s={search_term_string}"},"query-input":{"@type":"PropertyValueSpecification","valueRequired":true,"valueName":"search_term_string"}}],"inLanguage":"es-CO"},{"@type":"Person","@id":"https:\/\/www.crea.gov.co\/crea-roma\/#\/schema\/person\/98d3131acf7d36de9766d95e8154256d","name":"crearoma","image":{"@type":"ImageObject","inLanguage":"es-CO","@id":"https:\/\/www.crea.gov.co\/crea-roma\/#\/schema\/person\/image\/","url":"https:\/\/secure.gravatar.com\/avatar\/a932fc1012aeb823a10fc90d54ba8dd3?s=96&d=mm&r=g","contentUrl":"https:\/\/secure.gravatar.com\/avatar\/a932fc1012aeb823a10fc90d54ba8dd3?s=96&d=mm&r=g","caption":"crearoma"},"url":"https:\/\/www.crea.gov.co\/crea-roma\/author\/crearoma\/"}]}},"_links":{"self":[{"href":"https:\/\/www.crea.gov.co\/crea-roma\/wp-json\/wp\/v2\/posts\/1799","targetHints":{"allow":["GET"]}}],"collection":[{"href":"https:\/\/www.crea.gov.co\/crea-roma\/wp-json\/wp\/v2\/posts"}],"about":[{"href":"https:\/\/www.crea.gov.co\/crea-roma\/wp-json\/wp\/v2\/types\/post"}],"author":[{"embeddable":true,"href":"https:\/\/www.crea.gov.co\/crea-roma\/wp-json\/wp\/v2\/users\/89"}],"replies":[{"embeddable":true,"href":"https:\/\/www.crea.gov.co\/crea-roma\/wp-json\/wp\/v2\/comments?post=1799"}],"version-history":[{"count":5,"href":"https:\/\/www.crea.gov.co\/crea-roma\/wp-json\/wp\/v2\/posts\/1799\/revisions"}],"predecessor-version":[{"id":1806,"href":"https:\/\/www.crea.gov.co\/crea-roma\/wp-json\/wp\/v2\/posts\/1799\/revisions\/1806"}],"wp:featuredmedia":[{"embeddable":true,"href":"https:\/\/www.crea.gov.co\/crea-roma\/wp-json\/wp\/v2\/media\/1800"}],"wp:attachment":[{"href":"https:\/\/www.crea.gov.co\/crea-roma\/wp-json\/wp\/v2\/media?parent=1799"}],"wp:term":[{"taxonomy":"category","embeddable":true,"href":"https:\/\/www.crea.gov.co\/crea-roma\/wp-json\/wp\/v2\/categories?post=1799"},{"taxonomy":"post_tag","embeddable":true,"href":"https:\/\/www.crea.gov.co\/crea-roma\/wp-json\/wp\/v2\/tags?post=1799"}],"curies":[{"name":"wp","href":"https:\/\/api.w.org\/{rel}","templated":true}]}}