{"id":1779,"date":"2026-04-15T22:22:51","date_gmt":"2026-04-15T22:22:51","guid":{"rendered":"https:\/\/www.crea.gov.co\/crea-roma\/?p=1779"},"modified":"2026-04-15T22:36:37","modified_gmt":"2026-04-15T22:36:37","slug":"mi-sinfonia-llega-a-la-filbo","status":"publish","type":"post","link":"https:\/\/www.crea.gov.co\/crea-roma\/mi-sinfonia-llega-a-la-filbo\/","title":{"rendered":"&#8220;Mi sinfon\u00eda&#8221; llega a la FILBO"},"content":{"rendered":"<div class=\"wp-block-image\">\n<figure class=\"aligncenter size-large\"><img loading=\"lazy\" decoding=\"async\" width=\"819\" height=\"1024\" src=\"https:\/\/www.crea.gov.co\/crea-roma\/wp-content\/uploads\/sites\/10\/2026\/04\/WhatsApp-Image-2026-04-14-at-11.59.06-AM-819x1024.jpeg\" alt=\"\" class=\"wp-image-1780\" srcset=\"https:\/\/www.crea.gov.co\/crea-roma\/wp-content\/uploads\/sites\/10\/2026\/04\/WhatsApp-Image-2026-04-14-at-11.59.06-AM-819x1024.jpeg 819w, https:\/\/www.crea.gov.co\/crea-roma\/wp-content\/uploads\/sites\/10\/2026\/04\/WhatsApp-Image-2026-04-14-at-11.59.06-AM-240x300.jpeg 240w, https:\/\/www.crea.gov.co\/crea-roma\/wp-content\/uploads\/sites\/10\/2026\/04\/WhatsApp-Image-2026-04-14-at-11.59.06-AM-768x960.jpeg 768w, https:\/\/www.crea.gov.co\/crea-roma\/wp-content\/uploads\/sites\/10\/2026\/04\/WhatsApp-Image-2026-04-14-at-11.59.06-AM-1229x1536.jpeg 1229w, https:\/\/www.crea.gov.co\/crea-roma\/wp-content\/uploads\/sites\/10\/2026\/04\/WhatsApp-Image-2026-04-14-at-11.59.06-AM.jpeg 1280w\" sizes=\"auto, (max-width: 819px) 100vw, 819px\" \/><\/figure><\/div>\n\n\n<p class=\"has-medium-font-size\">Para la actual Versi\u00f3n de la Feria Internacional del Libro de Bogot\u00e1 (FILBO), Crea Roma har\u00e1 presencia con uno de los colectivos del \u00e1rea de audiovisuales que tiene proceso de formaci\u00f3n en la localidad de Kennedy, haciendo parte de la programaci\u00f3n de la Gerencia Crea en la FILBO, espacio que pone en el centro los procesos de creaci\u00f3n, las voces de sus participantes y las m\u00faltiples formas de narrar lo que ocurre en la formaci\u00f3n art\u00edstica en la ciudad.<\/p>\n\n\n\n<p class=\"has-medium-font-size\">Es as\u00ed que el Colectivo Enredados Films estar\u00e1 este 22 de abril a las 11:30 a.m. en la Sala Mar\u00eda Mercedes Carranza, abriendo la programaci\u00f3n de Crea en la Feria, participar\u00e1 en la proyecci\u00f3n de cortometrajes seleccionados en el Festival de Cortos Crea, este espacio seguido de un videoforo y conversatorio con sus realizadores.<\/p>\n\n\n\n<p class=\"has-medium-font-size\"><em>Mi sinfon\u00eda<\/em>\u00a0(2025) es un cortometraje seleccionado por ser una obra que propone una mirada sensible sobre el espacio urbano y las posibilidades de transformaci\u00f3n desde la creaci\u00f3n. Nos encontraremos con un corto de ficci\u00f3n de 5 minutos desarrollado en el Crea Roma, que presenta la historia de cinco j\u00f3venes, agobiados por los problemas cotidianos y el ruido ensordecedor de la ciudad, sienten que su entorno los oprime y los desconecta de s\u00ed mismos. Un d\u00eda, descubren en la m\u00fasica una manera distinta de habitar el espacio urbano: las calles grises en escenarios llenos de nuevas posibilidades. <em>\u201cMi Sinfon\u00eda\u201d<\/em> retrata c\u00f3mo, a trav\u00e9s de la m\u00fasica, encuentran otra forma de mirar la ciudad y de reconectarse con su propia esencia y con los dem\u00e1s.<\/p>\n\n\n\n<p class=\"has-medium-font-size\">El colectivo Enredados Films, quienes presentan este cortometraje, es un colectivo de la localidad de Kennedy, vinculado al CREA Roma. Est\u00e1 conformado por j\u00f3venes que encuentran en el cine y el audiovisual una herramienta para imaginar, crear y dialogar.<\/p>\n\n\n\n<p class=\"has-medium-font-size\">Con esta participaci\u00f3n en la FILBO, Idartes reafirma su apuesta por una formaci\u00f3n art\u00edstica que no solo produce obras, sino que visibiliza los procesos, fomenta la creaci\u00f3n colectiva y abre espacios para que nuevas voces circulen en la escena cultural de la ciudad.<\/p>\n\n\n<div class=\"wp-block-image\">\n<figure class=\"aligncenter size-large\"><img loading=\"lazy\" decoding=\"async\" width=\"819\" height=\"1024\" src=\"https:\/\/www.crea.gov.co\/crea-roma\/wp-content\/uploads\/sites\/10\/2026\/04\/WhatsApp-Image-2026-04-14-at-12.25.23-PM-819x1024.jpeg\" alt=\"\" class=\"wp-image-1781\" srcset=\"https:\/\/www.crea.gov.co\/crea-roma\/wp-content\/uploads\/sites\/10\/2026\/04\/WhatsApp-Image-2026-04-14-at-12.25.23-PM-819x1024.jpeg 819w, https:\/\/www.crea.gov.co\/crea-roma\/wp-content\/uploads\/sites\/10\/2026\/04\/WhatsApp-Image-2026-04-14-at-12.25.23-PM-240x300.jpeg 240w, https:\/\/www.crea.gov.co\/crea-roma\/wp-content\/uploads\/sites\/10\/2026\/04\/WhatsApp-Image-2026-04-14-at-12.25.23-PM-768x960.jpeg 768w, https:\/\/www.crea.gov.co\/crea-roma\/wp-content\/uploads\/sites\/10\/2026\/04\/WhatsApp-Image-2026-04-14-at-12.25.23-PM-1229x1536.jpeg 1229w, https:\/\/www.crea.gov.co\/crea-roma\/wp-content\/uploads\/sites\/10\/2026\/04\/WhatsApp-Image-2026-04-14-at-12.25.23-PM.jpeg 1280w\" sizes=\"auto, (max-width: 819px) 100vw, 819px\" \/><\/figure><\/div>","protected":false},"excerpt":{"rendered":"<p>Para la actual Versi\u00f3n de la Feria Internacional del Libro de Bogot\u00e1 (FILBO), Crea Roma har\u00e1 presencia con uno de los colectivos del \u00e1rea de audiovisuales que tiene proceso de formaci\u00f3n en la localidad de Kennedy, haciendo parte de la programaci\u00f3n de la Gerencia Crea en la FILBO, espacio que pone en el centro los [&hellip;]<\/p>\n","protected":false},"author":89,"featured_media":1780,"comment_status":"open","ping_status":"open","sticky":false,"template":"","format":"standard","meta":{"footnotes":""},"categories":[1],"tags":[],"class_list":["post-1779","post","type-post","status-publish","format-standard","has-post-thumbnail","hentry","category-sin-categoria"],"yoast_head":"<!-- This site is optimized with the Yoast SEO plugin v24.5 - https:\/\/yoast.com\/wordpress\/plugins\/seo\/ -->\n<title>&quot;Mi sinfon\u00eda&quot; llega a la FILBO - Crea Roma<\/title>\n<meta name=\"robots\" content=\"index, follow, max-snippet:-1, max-image-preview:large, max-video-preview:-1\" \/>\n<link rel=\"canonical\" href=\"https:\/\/www.crea.gov.co\/crea-roma\/mi-sinfonia-llega-a-la-filbo\/\" \/>\n<meta property=\"og:locale\" content=\"es_ES\" \/>\n<meta property=\"og:type\" content=\"article\" \/>\n<meta property=\"og:title\" content=\"&quot;Mi sinfon\u00eda&quot; llega a la FILBO - Crea Roma\" \/>\n<meta property=\"og:description\" content=\"Para la actual Versi\u00f3n de la Feria Internacional del Libro de Bogot\u00e1 (FILBO), Crea Roma har\u00e1 presencia con uno de los colectivos del \u00e1rea de audiovisuales que tiene proceso de formaci\u00f3n en la localidad de Kennedy, haciendo parte de la programaci\u00f3n de la Gerencia Crea en la FILBO, espacio que pone en el centro los [&hellip;]\" \/>\n<meta property=\"og:url\" content=\"https:\/\/www.crea.gov.co\/crea-roma\/mi-sinfonia-llega-a-la-filbo\/\" \/>\n<meta property=\"og:site_name\" content=\"Crea Roma\" \/>\n<meta property=\"article:published_time\" content=\"2026-04-15T22:22:51+00:00\" \/>\n<meta property=\"article:modified_time\" content=\"2026-04-15T22:36:37+00:00\" \/>\n<meta property=\"og:image\" content=\"https:\/\/www.crea.gov.co\/crea-roma\/wp-content\/uploads\/sites\/10\/2026\/04\/WhatsApp-Image-2026-04-14-at-11.59.06-AM.jpeg\" \/>\n\t<meta property=\"og:image:width\" content=\"1280\" \/>\n\t<meta property=\"og:image:height\" content=\"1600\" \/>\n\t<meta property=\"og:image:type\" content=\"image\/jpeg\" \/>\n<meta name=\"author\" content=\"crearoma\" \/>\n<meta name=\"twitter:card\" content=\"summary_large_image\" \/>\n<meta name=\"twitter:label1\" content=\"Escrito por\" \/>\n\t<meta name=\"twitter:data1\" content=\"crearoma\" \/>\n\t<meta name=\"twitter:label2\" content=\"Tiempo de lectura\" \/>\n\t<meta name=\"twitter:data2\" content=\"3 minutos\" \/>\n<script type=\"application\/ld+json\" class=\"yoast-schema-graph\">{\"@context\":\"https:\/\/schema.org\",\"@graph\":[{\"@type\":\"WebPage\",\"@id\":\"https:\/\/www.crea.gov.co\/crea-roma\/mi-sinfonia-llega-a-la-filbo\/\",\"url\":\"https:\/\/www.crea.gov.co\/crea-roma\/mi-sinfonia-llega-a-la-filbo\/\",\"name\":\"\\\"Mi sinfon\u00eda\\\" llega a la FILBO - Crea Roma\",\"isPartOf\":{\"@id\":\"https:\/\/www.crea.gov.co\/crea-roma\/#website\"},\"primaryImageOfPage\":{\"@id\":\"https:\/\/www.crea.gov.co\/crea-roma\/mi-sinfonia-llega-a-la-filbo\/#primaryimage\"},\"image\":{\"@id\":\"https:\/\/www.crea.gov.co\/crea-roma\/mi-sinfonia-llega-a-la-filbo\/#primaryimage\"},\"thumbnailUrl\":\"https:\/\/www.crea.gov.co\/crea-roma\/wp-content\/uploads\/sites\/10\/2026\/04\/WhatsApp-Image-2026-04-14-at-11.59.06-AM.jpeg\",\"datePublished\":\"2026-04-15T22:22:51+00:00\",\"dateModified\":\"2026-04-15T22:36:37+00:00\",\"author\":{\"@id\":\"https:\/\/www.crea.gov.co\/crea-roma\/#\/schema\/person\/98d3131acf7d36de9766d95e8154256d\"},\"breadcrumb\":{\"@id\":\"https:\/\/www.crea.gov.co\/crea-roma\/mi-sinfonia-llega-a-la-filbo\/#breadcrumb\"},\"inLanguage\":\"es-CO\",\"potentialAction\":[{\"@type\":\"ReadAction\",\"target\":[\"https:\/\/www.crea.gov.co\/crea-roma\/mi-sinfonia-llega-a-la-filbo\/\"]}]},{\"@type\":\"ImageObject\",\"inLanguage\":\"es-CO\",\"@id\":\"https:\/\/www.crea.gov.co\/crea-roma\/mi-sinfonia-llega-a-la-filbo\/#primaryimage\",\"url\":\"https:\/\/www.crea.gov.co\/crea-roma\/wp-content\/uploads\/sites\/10\/2026\/04\/WhatsApp-Image-2026-04-14-at-11.59.06-AM.jpeg\",\"contentUrl\":\"https:\/\/www.crea.gov.co\/crea-roma\/wp-content\/uploads\/sites\/10\/2026\/04\/WhatsApp-Image-2026-04-14-at-11.59.06-AM.jpeg\",\"width\":1280,\"height\":1600},{\"@type\":\"BreadcrumbList\",\"@id\":\"https:\/\/www.crea.gov.co\/crea-roma\/mi-sinfonia-llega-a-la-filbo\/#breadcrumb\",\"itemListElement\":[{\"@type\":\"ListItem\",\"position\":1,\"name\":\"Home\",\"item\":\"https:\/\/www.crea.gov.co\/crea-roma\/\"},{\"@type\":\"ListItem\",\"position\":2,\"name\":\"&#8220;Mi sinfon\u00eda&#8221; llega a la FILBO\"}]},{\"@type\":\"WebSite\",\"@id\":\"https:\/\/www.crea.gov.co\/crea-roma\/#website\",\"url\":\"https:\/\/www.crea.gov.co\/crea-roma\/\",\"name\":\"Crea Roma\",\"description\":\"En Kennedy, rodeado de conjuntos y calles que guardan historias de familias que han crecido en el barrio, este espacio es un lugar donde la creatividad se entrelaza con la vida cotidiana. Aqu\u00ed, los lenguajes art\u00edsticos fortalecen lazos y dan voz a las experiencias de una comunidad que se reconoce en lo colectivo.\",\"potentialAction\":[{\"@type\":\"SearchAction\",\"target\":{\"@type\":\"EntryPoint\",\"urlTemplate\":\"https:\/\/www.crea.gov.co\/crea-roma\/?s={search_term_string}\"},\"query-input\":{\"@type\":\"PropertyValueSpecification\",\"valueRequired\":true,\"valueName\":\"search_term_string\"}}],\"inLanguage\":\"es-CO\"},{\"@type\":\"Person\",\"@id\":\"https:\/\/www.crea.gov.co\/crea-roma\/#\/schema\/person\/98d3131acf7d36de9766d95e8154256d\",\"name\":\"crearoma\",\"image\":{\"@type\":\"ImageObject\",\"inLanguage\":\"es-CO\",\"@id\":\"https:\/\/www.crea.gov.co\/crea-roma\/#\/schema\/person\/image\/\",\"url\":\"https:\/\/secure.gravatar.com\/avatar\/a932fc1012aeb823a10fc90d54ba8dd3?s=96&d=mm&r=g\",\"contentUrl\":\"https:\/\/secure.gravatar.com\/avatar\/a932fc1012aeb823a10fc90d54ba8dd3?s=96&d=mm&r=g\",\"caption\":\"crearoma\"},\"url\":\"https:\/\/www.crea.gov.co\/crea-roma\/author\/crearoma\/\"}]}<\/script>\n<!-- \/ Yoast SEO plugin. -->","yoast_head_json":{"title":"\"Mi sinfon\u00eda\" llega a la FILBO - Crea Roma","robots":{"index":"index","follow":"follow","max-snippet":"max-snippet:-1","max-image-preview":"max-image-preview:large","max-video-preview":"max-video-preview:-1"},"canonical":"https:\/\/www.crea.gov.co\/crea-roma\/mi-sinfonia-llega-a-la-filbo\/","og_locale":"es_ES","og_type":"article","og_title":"\"Mi sinfon\u00eda\" llega a la FILBO - Crea Roma","og_description":"Para la actual Versi\u00f3n de la Feria Internacional del Libro de Bogot\u00e1 (FILBO), Crea Roma har\u00e1 presencia con uno de los colectivos del \u00e1rea de audiovisuales que tiene proceso de formaci\u00f3n en la localidad de Kennedy, haciendo parte de la programaci\u00f3n de la Gerencia Crea en la FILBO, espacio que pone en el centro los [&hellip;]","og_url":"https:\/\/www.crea.gov.co\/crea-roma\/mi-sinfonia-llega-a-la-filbo\/","og_site_name":"Crea Roma","article_published_time":"2026-04-15T22:22:51+00:00","article_modified_time":"2026-04-15T22:36:37+00:00","og_image":[{"width":1280,"height":1600,"url":"https:\/\/www.crea.gov.co\/crea-roma\/wp-content\/uploads\/sites\/10\/2026\/04\/WhatsApp-Image-2026-04-14-at-11.59.06-AM.jpeg","type":"image\/jpeg"}],"author":"crearoma","twitter_card":"summary_large_image","twitter_misc":{"Escrito por":"crearoma","Tiempo de lectura":"3 minutos"},"schema":{"@context":"https:\/\/schema.org","@graph":[{"@type":"WebPage","@id":"https:\/\/www.crea.gov.co\/crea-roma\/mi-sinfonia-llega-a-la-filbo\/","url":"https:\/\/www.crea.gov.co\/crea-roma\/mi-sinfonia-llega-a-la-filbo\/","name":"\"Mi sinfon\u00eda\" llega a la FILBO - Crea Roma","isPartOf":{"@id":"https:\/\/www.crea.gov.co\/crea-roma\/#website"},"primaryImageOfPage":{"@id":"https:\/\/www.crea.gov.co\/crea-roma\/mi-sinfonia-llega-a-la-filbo\/#primaryimage"},"image":{"@id":"https:\/\/www.crea.gov.co\/crea-roma\/mi-sinfonia-llega-a-la-filbo\/#primaryimage"},"thumbnailUrl":"https:\/\/www.crea.gov.co\/crea-roma\/wp-content\/uploads\/sites\/10\/2026\/04\/WhatsApp-Image-2026-04-14-at-11.59.06-AM.jpeg","datePublished":"2026-04-15T22:22:51+00:00","dateModified":"2026-04-15T22:36:37+00:00","author":{"@id":"https:\/\/www.crea.gov.co\/crea-roma\/#\/schema\/person\/98d3131acf7d36de9766d95e8154256d"},"breadcrumb":{"@id":"https:\/\/www.crea.gov.co\/crea-roma\/mi-sinfonia-llega-a-la-filbo\/#breadcrumb"},"inLanguage":"es-CO","potentialAction":[{"@type":"ReadAction","target":["https:\/\/www.crea.gov.co\/crea-roma\/mi-sinfonia-llega-a-la-filbo\/"]}]},{"@type":"ImageObject","inLanguage":"es-CO","@id":"https:\/\/www.crea.gov.co\/crea-roma\/mi-sinfonia-llega-a-la-filbo\/#primaryimage","url":"https:\/\/www.crea.gov.co\/crea-roma\/wp-content\/uploads\/sites\/10\/2026\/04\/WhatsApp-Image-2026-04-14-at-11.59.06-AM.jpeg","contentUrl":"https:\/\/www.crea.gov.co\/crea-roma\/wp-content\/uploads\/sites\/10\/2026\/04\/WhatsApp-Image-2026-04-14-at-11.59.06-AM.jpeg","width":1280,"height":1600},{"@type":"BreadcrumbList","@id":"https:\/\/www.crea.gov.co\/crea-roma\/mi-sinfonia-llega-a-la-filbo\/#breadcrumb","itemListElement":[{"@type":"ListItem","position":1,"name":"Home","item":"https:\/\/www.crea.gov.co\/crea-roma\/"},{"@type":"ListItem","position":2,"name":"&#8220;Mi sinfon\u00eda&#8221; llega a la FILBO"}]},{"@type":"WebSite","@id":"https:\/\/www.crea.gov.co\/crea-roma\/#website","url":"https:\/\/www.crea.gov.co\/crea-roma\/","name":"Crea Roma","description":"En Kennedy, rodeado de conjuntos y calles que guardan historias de familias que han crecido en el barrio, este espacio es un lugar donde la creatividad se entrelaza con la vida cotidiana. Aqu\u00ed, los lenguajes art\u00edsticos fortalecen lazos y dan voz a las experiencias de una comunidad que se reconoce en lo colectivo.","potentialAction":[{"@type":"SearchAction","target":{"@type":"EntryPoint","urlTemplate":"https:\/\/www.crea.gov.co\/crea-roma\/?s={search_term_string}"},"query-input":{"@type":"PropertyValueSpecification","valueRequired":true,"valueName":"search_term_string"}}],"inLanguage":"es-CO"},{"@type":"Person","@id":"https:\/\/www.crea.gov.co\/crea-roma\/#\/schema\/person\/98d3131acf7d36de9766d95e8154256d","name":"crearoma","image":{"@type":"ImageObject","inLanguage":"es-CO","@id":"https:\/\/www.crea.gov.co\/crea-roma\/#\/schema\/person\/image\/","url":"https:\/\/secure.gravatar.com\/avatar\/a932fc1012aeb823a10fc90d54ba8dd3?s=96&d=mm&r=g","contentUrl":"https:\/\/secure.gravatar.com\/avatar\/a932fc1012aeb823a10fc90d54ba8dd3?s=96&d=mm&r=g","caption":"crearoma"},"url":"https:\/\/www.crea.gov.co\/crea-roma\/author\/crearoma\/"}]}},"_links":{"self":[{"href":"https:\/\/www.crea.gov.co\/crea-roma\/wp-json\/wp\/v2\/posts\/1779","targetHints":{"allow":["GET"]}}],"collection":[{"href":"https:\/\/www.crea.gov.co\/crea-roma\/wp-json\/wp\/v2\/posts"}],"about":[{"href":"https:\/\/www.crea.gov.co\/crea-roma\/wp-json\/wp\/v2\/types\/post"}],"author":[{"embeddable":true,"href":"https:\/\/www.crea.gov.co\/crea-roma\/wp-json\/wp\/v2\/users\/89"}],"replies":[{"embeddable":true,"href":"https:\/\/www.crea.gov.co\/crea-roma\/wp-json\/wp\/v2\/comments?post=1779"}],"version-history":[{"count":14,"href":"https:\/\/www.crea.gov.co\/crea-roma\/wp-json\/wp\/v2\/posts\/1779\/revisions"}],"predecessor-version":[{"id":1798,"href":"https:\/\/www.crea.gov.co\/crea-roma\/wp-json\/wp\/v2\/posts\/1779\/revisions\/1798"}],"wp:featuredmedia":[{"embeddable":true,"href":"https:\/\/www.crea.gov.co\/crea-roma\/wp-json\/wp\/v2\/media\/1780"}],"wp:attachment":[{"href":"https:\/\/www.crea.gov.co\/crea-roma\/wp-json\/wp\/v2\/media?parent=1779"}],"wp:term":[{"taxonomy":"category","embeddable":true,"href":"https:\/\/www.crea.gov.co\/crea-roma\/wp-json\/wp\/v2\/categories?post=1779"},{"taxonomy":"post_tag","embeddable":true,"href":"https:\/\/www.crea.gov.co\/crea-roma\/wp-json\/wp\/v2\/tags?post=1779"}],"curies":[{"name":"wp","href":"https:\/\/api.w.org\/{rel}","templated":true}]}}