{"id":1763,"date":"2026-04-15T19:44:57","date_gmt":"2026-04-15T19:44:57","guid":{"rendered":"https:\/\/www.crea.gov.co\/crea-roma\/?p=1763"},"modified":"2026-04-15T22:21:00","modified_gmt":"2026-04-15T22:21:00","slug":"tango-querido-hizo-presencia-en-el-cayetano-canizares","status":"publish","type":"post","link":"https:\/\/www.crea.gov.co\/crea-roma\/tango-querido-hizo-presencia-en-el-cayetano-canizares\/","title":{"rendered":"Tango querido hizo presencia en el Cayetano Ca\u00f1izares."},"content":{"rendered":"<div class=\"wp-block-image\">\n<figure class=\"aligncenter size-large\"><img loading=\"lazy\" decoding=\"async\" width=\"1024\" height=\"768\" src=\"https:\/\/www.crea.gov.co\/crea-roma\/wp-content\/uploads\/sites\/10\/2026\/04\/WhatsApp-Image-2026-04-09-at-6.37.40-PM-1024x768.jpeg\" alt=\"\" class=\"wp-image-1764\" srcset=\"https:\/\/www.crea.gov.co\/crea-roma\/wp-content\/uploads\/sites\/10\/2026\/04\/WhatsApp-Image-2026-04-09-at-6.37.40-PM-1024x768.jpeg 1024w, https:\/\/www.crea.gov.co\/crea-roma\/wp-content\/uploads\/sites\/10\/2026\/04\/WhatsApp-Image-2026-04-09-at-6.37.40-PM-300x225.jpeg 300w, https:\/\/www.crea.gov.co\/crea-roma\/wp-content\/uploads\/sites\/10\/2026\/04\/WhatsApp-Image-2026-04-09-at-6.37.40-PM-768x576.jpeg 768w, https:\/\/www.crea.gov.co\/crea-roma\/wp-content\/uploads\/sites\/10\/2026\/04\/WhatsApp-Image-2026-04-09-at-6.37.40-PM-1536x1152.jpeg 1536w, https:\/\/www.crea.gov.co\/crea-roma\/wp-content\/uploads\/sites\/10\/2026\/04\/WhatsApp-Image-2026-04-09-at-6.37.40-PM.jpeg 1600w\" sizes=\"auto, (max-width: 1024px) 100vw, 1024px\" \/><\/figure><\/div>\n\n\n<p class=\"has-medium-font-size\">Para el d\u00eda 09 de abril, el grupo Tango Querido, proceso de danza del Crea Roma que est\u00e1 dirigido a la poblaci\u00f3n de persona mayor de la localidad de Kennedy, recibi\u00f3 invitaci\u00f3n por parte de la Gesti\u00f3n Territorial Centro D\u00eda de la Secretar\u00eda de Integraci\u00f3n Social par ser parte de Megaferia de Ingreso M\u00ednimo Garantizado, que se llev\u00f3 a cabo en el Coliseo del Parque Metropolitano Cayetano Ca\u00f1izares.<\/p>\n\n\n\n<p class=\"has-medium-font-size\">En palabras del Artista Formador Javier Mora, quien lidera este proceso de formaci\u00f3n art\u00edstica &#8220;<em>Para tal fin se da la facilidad de transporte para encontrarnos en el Crea, hacer los preparativos para la muestra y salir en un transporte Gestionado por invitaci\u00f3n, para trasladarnos al Parque Cayetano Ca\u00f1izares y realizar la muestra en el coliseo. Es as\u00ed como llegamos al espacio, nos agrupamos en los camerinos, alistamos el vestuario, y recibimos un delicioso refrigerio para tomar fuerzas y dirigirnos a la pista. La m\u00fasica previamente ensayada con el sonidista encargado, suena de forma magistral, rompiendo con la actividad de mesas de atenci\u00f3n al p\u00fablico para deslumbrar a los presentes con una interpretaci\u00f3n de milonga y tango, con elegantes vestuarios en tonos negro, rojo y blanco. En la segunda entrada, realizamos la propuesta de folklore argentino, con dos chacareras interpretadas en modalidad tradicional y una segunda versi\u00f3n para escenario. Todo transcurre maravillosamente en los tiempos establecidos y el transporte nos deja nuevamente en el Crea para celebrar tan excelente y bella jornada, por la vida, la danza y la formaci\u00f3n Crea.<\/em>&#8220;<\/p>\n\n\n\n<p class=\"has-medium-font-size\">La Megafer\u00eda se genera como un espacio que busca cohesionar a las personas beneficiarias y resaltar la importancia de Ingreso M\u00ednimo Garantizado como estrategia de protecci\u00f3n social y represent\u00f3 un espacio valioso para la visibilizaci\u00f3n de los proceso art\u00edsticos que tiene las personas mayores de la localidad de Kennedy, propiamente del barrio Roma y sus alrededores.<\/p>\n\n\n\n<div class=\"wp-block-group\"><div class=\"wp-block-group__inner-container is-layout-constrained wp-block-group-is-layout-constrained\">\n<figure class=\"wp-block-gallery has-nested-images columns-default is-cropped wp-block-gallery-1 is-layout-flex wp-block-gallery-is-layout-flex\">\n<figure class=\"wp-block-image size-large\"><img loading=\"lazy\" decoding=\"async\" width=\"1024\" height=\"768\" src=\"https:\/\/www.crea.gov.co\/crea-roma\/wp-content\/uploads\/sites\/10\/2026\/04\/WhatsApp-Image-2026-04-09-at-6.37.37-PM-1-1024x768.jpeg\" alt=\"\" class=\"wp-image-1772\" srcset=\"https:\/\/www.crea.gov.co\/crea-roma\/wp-content\/uploads\/sites\/10\/2026\/04\/WhatsApp-Image-2026-04-09-at-6.37.37-PM-1-1024x768.jpeg 1024w, https:\/\/www.crea.gov.co\/crea-roma\/wp-content\/uploads\/sites\/10\/2026\/04\/WhatsApp-Image-2026-04-09-at-6.37.37-PM-1-300x225.jpeg 300w, https:\/\/www.crea.gov.co\/crea-roma\/wp-content\/uploads\/sites\/10\/2026\/04\/WhatsApp-Image-2026-04-09-at-6.37.37-PM-1-768x576.jpeg 768w, https:\/\/www.crea.gov.co\/crea-roma\/wp-content\/uploads\/sites\/10\/2026\/04\/WhatsApp-Image-2026-04-09-at-6.37.37-PM-1-1536x1152.jpeg 1536w, https:\/\/www.crea.gov.co\/crea-roma\/wp-content\/uploads\/sites\/10\/2026\/04\/WhatsApp-Image-2026-04-09-at-6.37.37-PM-1.jpeg 1600w\" sizes=\"auto, (max-width: 1024px) 100vw, 1024px\" \/><\/figure>\n\n\n\n<figure class=\"wp-block-image size-large\"><img loading=\"lazy\" decoding=\"async\" width=\"768\" height=\"1024\" src=\"https:\/\/www.crea.gov.co\/crea-roma\/wp-content\/uploads\/sites\/10\/2026\/04\/WhatsApp-Image-2026-04-09-at-6.37.40-PM-1-768x1024.jpeg\" alt=\"\" class=\"wp-image-1771\" srcset=\"https:\/\/www.crea.gov.co\/crea-roma\/wp-content\/uploads\/sites\/10\/2026\/04\/WhatsApp-Image-2026-04-09-at-6.37.40-PM-1-768x1024.jpeg 768w, https:\/\/www.crea.gov.co\/crea-roma\/wp-content\/uploads\/sites\/10\/2026\/04\/WhatsApp-Image-2026-04-09-at-6.37.40-PM-1-225x300.jpeg 225w, https:\/\/www.crea.gov.co\/crea-roma\/wp-content\/uploads\/sites\/10\/2026\/04\/WhatsApp-Image-2026-04-09-at-6.37.40-PM-1-1152x1536.jpeg 1152w, https:\/\/www.crea.gov.co\/crea-roma\/wp-content\/uploads\/sites\/10\/2026\/04\/WhatsApp-Image-2026-04-09-at-6.37.40-PM-1.jpeg 1200w\" sizes=\"auto, (max-width: 768px) 100vw, 768px\" \/><\/figure>\n\n\n\n<figure class=\"wp-block-image size-large\"><img loading=\"lazy\" decoding=\"async\" width=\"768\" height=\"1024\" src=\"https:\/\/www.crea.gov.co\/crea-roma\/wp-content\/uploads\/sites\/10\/2026\/04\/WhatsApp-Image-2026-04-09-at-6.37.43-PM-768x1024.jpeg\" alt=\"\" class=\"wp-image-1766\" srcset=\"https:\/\/www.crea.gov.co\/crea-roma\/wp-content\/uploads\/sites\/10\/2026\/04\/WhatsApp-Image-2026-04-09-at-6.37.43-PM-768x1024.jpeg 768w, https:\/\/www.crea.gov.co\/crea-roma\/wp-content\/uploads\/sites\/10\/2026\/04\/WhatsApp-Image-2026-04-09-at-6.37.43-PM-225x300.jpeg 225w, https:\/\/www.crea.gov.co\/crea-roma\/wp-content\/uploads\/sites\/10\/2026\/04\/WhatsApp-Image-2026-04-09-at-6.37.43-PM-1152x1536.jpeg 1152w, https:\/\/www.crea.gov.co\/crea-roma\/wp-content\/uploads\/sites\/10\/2026\/04\/WhatsApp-Image-2026-04-09-at-6.37.43-PM.jpeg 1200w\" sizes=\"auto, (max-width: 768px) 100vw, 768px\" \/><\/figure>\n\n\n\n<figure class=\"wp-block-image size-large\"><img loading=\"lazy\" decoding=\"async\" width=\"768\" height=\"1024\" src=\"https:\/\/www.crea.gov.co\/crea-roma\/wp-content\/uploads\/sites\/10\/2026\/04\/WhatsApp-Image-2026-04-09-at-6.37.42-PM-768x1024.jpeg\" alt=\"\" class=\"wp-image-1767\" srcset=\"https:\/\/www.crea.gov.co\/crea-roma\/wp-content\/uploads\/sites\/10\/2026\/04\/WhatsApp-Image-2026-04-09-at-6.37.42-PM-768x1024.jpeg 768w, https:\/\/www.crea.gov.co\/crea-roma\/wp-content\/uploads\/sites\/10\/2026\/04\/WhatsApp-Image-2026-04-09-at-6.37.42-PM-225x300.jpeg 225w, https:\/\/www.crea.gov.co\/crea-roma\/wp-content\/uploads\/sites\/10\/2026\/04\/WhatsApp-Image-2026-04-09-at-6.37.42-PM-1152x1536.jpeg 1152w, https:\/\/www.crea.gov.co\/crea-roma\/wp-content\/uploads\/sites\/10\/2026\/04\/WhatsApp-Image-2026-04-09-at-6.37.42-PM.jpeg 1200w\" sizes=\"auto, (max-width: 768px) 100vw, 768px\" \/><\/figure>\n\n\n\n<figure class=\"wp-block-image size-large\"><img loading=\"lazy\" decoding=\"async\" width=\"1024\" height=\"768\" src=\"https:\/\/www.crea.gov.co\/crea-roma\/wp-content\/uploads\/sites\/10\/2026\/04\/WhatsApp-Image-2026-04-09-at-6.37.36-PM-1024x768.jpeg\" alt=\"\" class=\"wp-image-1768\" srcset=\"https:\/\/www.crea.gov.co\/crea-roma\/wp-content\/uploads\/sites\/10\/2026\/04\/WhatsApp-Image-2026-04-09-at-6.37.36-PM-1024x768.jpeg 1024w, https:\/\/www.crea.gov.co\/crea-roma\/wp-content\/uploads\/sites\/10\/2026\/04\/WhatsApp-Image-2026-04-09-at-6.37.36-PM-300x225.jpeg 300w, https:\/\/www.crea.gov.co\/crea-roma\/wp-content\/uploads\/sites\/10\/2026\/04\/WhatsApp-Image-2026-04-09-at-6.37.36-PM-768x576.jpeg 768w, https:\/\/www.crea.gov.co\/crea-roma\/wp-content\/uploads\/sites\/10\/2026\/04\/WhatsApp-Image-2026-04-09-at-6.37.36-PM-1536x1152.jpeg 1536w, https:\/\/www.crea.gov.co\/crea-roma\/wp-content\/uploads\/sites\/10\/2026\/04\/WhatsApp-Image-2026-04-09-at-6.37.36-PM.jpeg 1600w\" sizes=\"auto, (max-width: 1024px) 100vw, 1024px\" \/><\/figure>\n\n\n\n<figure class=\"wp-block-image size-large\"><img loading=\"lazy\" decoding=\"async\" width=\"768\" height=\"1024\" src=\"https:\/\/www.crea.gov.co\/crea-roma\/wp-content\/uploads\/sites\/10\/2026\/04\/WhatsApp-Image-2026-04-09-at-6.37.42-PM-1-768x1024.jpeg\" alt=\"\" class=\"wp-image-1769\" srcset=\"https:\/\/www.crea.gov.co\/crea-roma\/wp-content\/uploads\/sites\/10\/2026\/04\/WhatsApp-Image-2026-04-09-at-6.37.42-PM-1-768x1024.jpeg 768w, https:\/\/www.crea.gov.co\/crea-roma\/wp-content\/uploads\/sites\/10\/2026\/04\/WhatsApp-Image-2026-04-09-at-6.37.42-PM-1-225x300.jpeg 225w, https:\/\/www.crea.gov.co\/crea-roma\/wp-content\/uploads\/sites\/10\/2026\/04\/WhatsApp-Image-2026-04-09-at-6.37.42-PM-1-1152x1536.jpeg 1152w, https:\/\/www.crea.gov.co\/crea-roma\/wp-content\/uploads\/sites\/10\/2026\/04\/WhatsApp-Image-2026-04-09-at-6.37.42-PM-1.jpeg 1200w\" sizes=\"auto, (max-width: 768px) 100vw, 768px\" \/><\/figure>\n\n\n\n<figure class=\"wp-block-image size-large\"><img loading=\"lazy\" decoding=\"async\" width=\"768\" height=\"1024\" src=\"https:\/\/www.crea.gov.co\/crea-roma\/wp-content\/uploads\/sites\/10\/2026\/04\/WhatsApp-Image-2026-04-09-at-6.37.41-PM-768x1024.jpeg\" alt=\"\" class=\"wp-image-1770\" srcset=\"https:\/\/www.crea.gov.co\/crea-roma\/wp-content\/uploads\/sites\/10\/2026\/04\/WhatsApp-Image-2026-04-09-at-6.37.41-PM-768x1024.jpeg 768w, https:\/\/www.crea.gov.co\/crea-roma\/wp-content\/uploads\/sites\/10\/2026\/04\/WhatsApp-Image-2026-04-09-at-6.37.41-PM-225x300.jpeg 225w, https:\/\/www.crea.gov.co\/crea-roma\/wp-content\/uploads\/sites\/10\/2026\/04\/WhatsApp-Image-2026-04-09-at-6.37.41-PM-1152x1536.jpeg 1152w, https:\/\/www.crea.gov.co\/crea-roma\/wp-content\/uploads\/sites\/10\/2026\/04\/WhatsApp-Image-2026-04-09-at-6.37.41-PM.jpeg 1200w\" sizes=\"auto, (max-width: 768px) 100vw, 768px\" \/><\/figure>\n\n\n\n<figure class=\"wp-block-image size-large\"><img loading=\"lazy\" decoding=\"async\" width=\"1024\" height=\"768\" src=\"https:\/\/www.crea.gov.co\/crea-roma\/wp-content\/uploads\/sites\/10\/2026\/04\/WhatsApp-Image-2026-04-09-at-6.37.36-PM-1-1024x768.jpeg\" alt=\"\" class=\"wp-image-1765\" srcset=\"https:\/\/www.crea.gov.co\/crea-roma\/wp-content\/uploads\/sites\/10\/2026\/04\/WhatsApp-Image-2026-04-09-at-6.37.36-PM-1-1024x768.jpeg 1024w, https:\/\/www.crea.gov.co\/crea-roma\/wp-content\/uploads\/sites\/10\/2026\/04\/WhatsApp-Image-2026-04-09-at-6.37.36-PM-1-300x225.jpeg 300w, https:\/\/www.crea.gov.co\/crea-roma\/wp-content\/uploads\/sites\/10\/2026\/04\/WhatsApp-Image-2026-04-09-at-6.37.36-PM-1-768x576.jpeg 768w, https:\/\/www.crea.gov.co\/crea-roma\/wp-content\/uploads\/sites\/10\/2026\/04\/WhatsApp-Image-2026-04-09-at-6.37.36-PM-1-1536x1152.jpeg 1536w, https:\/\/www.crea.gov.co\/crea-roma\/wp-content\/uploads\/sites\/10\/2026\/04\/WhatsApp-Image-2026-04-09-at-6.37.36-PM-1.jpeg 1600w\" sizes=\"auto, (max-width: 1024px) 100vw, 1024px\" \/><\/figure>\n<\/figure>\n<\/div><\/div>\n","protected":false},"excerpt":{"rendered":"<p>Para el d\u00eda 09 de abril, el grupo Tango Querido, proceso de danza del Crea Roma que est\u00e1 dirigido a la poblaci\u00f3n de persona mayor de la localidad de Kennedy, recibi\u00f3 invitaci\u00f3n por parte de la Gesti\u00f3n Territorial Centro D\u00eda de la Secretar\u00eda de Integraci\u00f3n Social par ser parte de Megaferia de Ingreso M\u00ednimo Garantizado, [&hellip;]<\/p>\n","protected":false},"author":89,"featured_media":1772,"comment_status":"open","ping_status":"open","sticky":false,"template":"","format":"standard","meta":{"footnotes":""},"categories":[1],"tags":[],"class_list":["post-1763","post","type-post","status-publish","format-standard","has-post-thumbnail","hentry","category-sin-categoria"],"yoast_head":"<!-- This site is optimized with the Yoast SEO plugin v24.5 - https:\/\/yoast.com\/wordpress\/plugins\/seo\/ -->\n<title>Tango querido hizo presencia en el Cayetano Ca\u00f1izares. - Crea Roma<\/title>\n<meta name=\"robots\" content=\"index, follow, max-snippet:-1, max-image-preview:large, max-video-preview:-1\" \/>\n<link rel=\"canonical\" href=\"https:\/\/www.crea.gov.co\/crea-roma\/tango-querido-hizo-presencia-en-el-cayetano-canizares\/\" \/>\n<meta property=\"og:locale\" content=\"es_ES\" \/>\n<meta property=\"og:type\" content=\"article\" \/>\n<meta property=\"og:title\" content=\"Tango querido hizo presencia en el Cayetano Ca\u00f1izares. - Crea Roma\" \/>\n<meta property=\"og:description\" content=\"Para el d\u00eda 09 de abril, el grupo Tango Querido, proceso de danza del Crea Roma que est\u00e1 dirigido a la poblaci\u00f3n de persona mayor de la localidad de Kennedy, recibi\u00f3 invitaci\u00f3n por parte de la Gesti\u00f3n Territorial Centro D\u00eda de la Secretar\u00eda de Integraci\u00f3n Social par ser parte de Megaferia de Ingreso M\u00ednimo Garantizado, [&hellip;]\" \/>\n<meta property=\"og:url\" content=\"https:\/\/www.crea.gov.co\/crea-roma\/tango-querido-hizo-presencia-en-el-cayetano-canizares\/\" \/>\n<meta property=\"og:site_name\" content=\"Crea Roma\" \/>\n<meta property=\"article:published_time\" content=\"2026-04-15T19:44:57+00:00\" \/>\n<meta property=\"article:modified_time\" content=\"2026-04-15T22:21:00+00:00\" \/>\n<meta property=\"og:image\" content=\"https:\/\/www.crea.gov.co\/crea-roma\/wp-content\/uploads\/sites\/10\/2026\/04\/WhatsApp-Image-2026-04-09-at-6.37.37-PM-1.jpeg\" \/>\n\t<meta property=\"og:image:width\" content=\"1600\" \/>\n\t<meta property=\"og:image:height\" content=\"1200\" \/>\n\t<meta property=\"og:image:type\" content=\"image\/jpeg\" \/>\n<meta name=\"author\" content=\"crearoma\" \/>\n<meta name=\"twitter:card\" content=\"summary_large_image\" \/>\n<meta name=\"twitter:label1\" content=\"Escrito por\" \/>\n\t<meta name=\"twitter:data1\" content=\"crearoma\" \/>\n\t<meta name=\"twitter:label2\" content=\"Tiempo de lectura\" \/>\n\t<meta name=\"twitter:data2\" content=\"4 minutos\" \/>\n<script type=\"application\/ld+json\" class=\"yoast-schema-graph\">{\"@context\":\"https:\/\/schema.org\",\"@graph\":[{\"@type\":\"WebPage\",\"@id\":\"https:\/\/www.crea.gov.co\/crea-roma\/tango-querido-hizo-presencia-en-el-cayetano-canizares\/\",\"url\":\"https:\/\/www.crea.gov.co\/crea-roma\/tango-querido-hizo-presencia-en-el-cayetano-canizares\/\",\"name\":\"Tango querido hizo presencia en el Cayetano Ca\u00f1izares. - Crea Roma\",\"isPartOf\":{\"@id\":\"https:\/\/www.crea.gov.co\/crea-roma\/#website\"},\"primaryImageOfPage\":{\"@id\":\"https:\/\/www.crea.gov.co\/crea-roma\/tango-querido-hizo-presencia-en-el-cayetano-canizares\/#primaryimage\"},\"image\":{\"@id\":\"https:\/\/www.crea.gov.co\/crea-roma\/tango-querido-hizo-presencia-en-el-cayetano-canizares\/#primaryimage\"},\"thumbnailUrl\":\"https:\/\/www.crea.gov.co\/crea-roma\/wp-content\/uploads\/sites\/10\/2026\/04\/WhatsApp-Image-2026-04-09-at-6.37.37-PM-1.jpeg\",\"datePublished\":\"2026-04-15T19:44:57+00:00\",\"dateModified\":\"2026-04-15T22:21:00+00:00\",\"author\":{\"@id\":\"https:\/\/www.crea.gov.co\/crea-roma\/#\/schema\/person\/98d3131acf7d36de9766d95e8154256d\"},\"breadcrumb\":{\"@id\":\"https:\/\/www.crea.gov.co\/crea-roma\/tango-querido-hizo-presencia-en-el-cayetano-canizares\/#breadcrumb\"},\"inLanguage\":\"es-CO\",\"potentialAction\":[{\"@type\":\"ReadAction\",\"target\":[\"https:\/\/www.crea.gov.co\/crea-roma\/tango-querido-hizo-presencia-en-el-cayetano-canizares\/\"]}]},{\"@type\":\"ImageObject\",\"inLanguage\":\"es-CO\",\"@id\":\"https:\/\/www.crea.gov.co\/crea-roma\/tango-querido-hizo-presencia-en-el-cayetano-canizares\/#primaryimage\",\"url\":\"https:\/\/www.crea.gov.co\/crea-roma\/wp-content\/uploads\/sites\/10\/2026\/04\/WhatsApp-Image-2026-04-09-at-6.37.37-PM-1.jpeg\",\"contentUrl\":\"https:\/\/www.crea.gov.co\/crea-roma\/wp-content\/uploads\/sites\/10\/2026\/04\/WhatsApp-Image-2026-04-09-at-6.37.37-PM-1.jpeg\",\"width\":1600,\"height\":1200},{\"@type\":\"BreadcrumbList\",\"@id\":\"https:\/\/www.crea.gov.co\/crea-roma\/tango-querido-hizo-presencia-en-el-cayetano-canizares\/#breadcrumb\",\"itemListElement\":[{\"@type\":\"ListItem\",\"position\":1,\"name\":\"Home\",\"item\":\"https:\/\/www.crea.gov.co\/crea-roma\/\"},{\"@type\":\"ListItem\",\"position\":2,\"name\":\"Tango querido hizo presencia en el Cayetano Ca\u00f1izares.\"}]},{\"@type\":\"WebSite\",\"@id\":\"https:\/\/www.crea.gov.co\/crea-roma\/#website\",\"url\":\"https:\/\/www.crea.gov.co\/crea-roma\/\",\"name\":\"Crea Roma\",\"description\":\"En Kennedy, rodeado de conjuntos y calles que guardan historias de familias que han crecido en el barrio, este espacio es un lugar donde la creatividad se entrelaza con la vida cotidiana. Aqu\u00ed, los lenguajes art\u00edsticos fortalecen lazos y dan voz a las experiencias de una comunidad que se reconoce en lo colectivo.\",\"potentialAction\":[{\"@type\":\"SearchAction\",\"target\":{\"@type\":\"EntryPoint\",\"urlTemplate\":\"https:\/\/www.crea.gov.co\/crea-roma\/?s={search_term_string}\"},\"query-input\":{\"@type\":\"PropertyValueSpecification\",\"valueRequired\":true,\"valueName\":\"search_term_string\"}}],\"inLanguage\":\"es-CO\"},{\"@type\":\"Person\",\"@id\":\"https:\/\/www.crea.gov.co\/crea-roma\/#\/schema\/person\/98d3131acf7d36de9766d95e8154256d\",\"name\":\"crearoma\",\"image\":{\"@type\":\"ImageObject\",\"inLanguage\":\"es-CO\",\"@id\":\"https:\/\/www.crea.gov.co\/crea-roma\/#\/schema\/person\/image\/\",\"url\":\"https:\/\/secure.gravatar.com\/avatar\/a932fc1012aeb823a10fc90d54ba8dd3?s=96&d=mm&r=g\",\"contentUrl\":\"https:\/\/secure.gravatar.com\/avatar\/a932fc1012aeb823a10fc90d54ba8dd3?s=96&d=mm&r=g\",\"caption\":\"crearoma\"},\"url\":\"https:\/\/www.crea.gov.co\/crea-roma\/author\/crearoma\/\"}]}<\/script>\n<!-- \/ Yoast SEO plugin. -->","yoast_head_json":{"title":"Tango querido hizo presencia en el Cayetano Ca\u00f1izares. - Crea Roma","robots":{"index":"index","follow":"follow","max-snippet":"max-snippet:-1","max-image-preview":"max-image-preview:large","max-video-preview":"max-video-preview:-1"},"canonical":"https:\/\/www.crea.gov.co\/crea-roma\/tango-querido-hizo-presencia-en-el-cayetano-canizares\/","og_locale":"es_ES","og_type":"article","og_title":"Tango querido hizo presencia en el Cayetano Ca\u00f1izares. - Crea Roma","og_description":"Para el d\u00eda 09 de abril, el grupo Tango Querido, proceso de danza del Crea Roma que est\u00e1 dirigido a la poblaci\u00f3n de persona mayor de la localidad de Kennedy, recibi\u00f3 invitaci\u00f3n por parte de la Gesti\u00f3n Territorial Centro D\u00eda de la Secretar\u00eda de Integraci\u00f3n Social par ser parte de Megaferia de Ingreso M\u00ednimo Garantizado, [&hellip;]","og_url":"https:\/\/www.crea.gov.co\/crea-roma\/tango-querido-hizo-presencia-en-el-cayetano-canizares\/","og_site_name":"Crea Roma","article_published_time":"2026-04-15T19:44:57+00:00","article_modified_time":"2026-04-15T22:21:00+00:00","og_image":[{"width":1600,"height":1200,"url":"https:\/\/www.crea.gov.co\/crea-roma\/wp-content\/uploads\/sites\/10\/2026\/04\/WhatsApp-Image-2026-04-09-at-6.37.37-PM-1.jpeg","type":"image\/jpeg"}],"author":"crearoma","twitter_card":"summary_large_image","twitter_misc":{"Escrito por":"crearoma","Tiempo de lectura":"4 minutos"},"schema":{"@context":"https:\/\/schema.org","@graph":[{"@type":"WebPage","@id":"https:\/\/www.crea.gov.co\/crea-roma\/tango-querido-hizo-presencia-en-el-cayetano-canizares\/","url":"https:\/\/www.crea.gov.co\/crea-roma\/tango-querido-hizo-presencia-en-el-cayetano-canizares\/","name":"Tango querido hizo presencia en el Cayetano Ca\u00f1izares. - Crea Roma","isPartOf":{"@id":"https:\/\/www.crea.gov.co\/crea-roma\/#website"},"primaryImageOfPage":{"@id":"https:\/\/www.crea.gov.co\/crea-roma\/tango-querido-hizo-presencia-en-el-cayetano-canizares\/#primaryimage"},"image":{"@id":"https:\/\/www.crea.gov.co\/crea-roma\/tango-querido-hizo-presencia-en-el-cayetano-canizares\/#primaryimage"},"thumbnailUrl":"https:\/\/www.crea.gov.co\/crea-roma\/wp-content\/uploads\/sites\/10\/2026\/04\/WhatsApp-Image-2026-04-09-at-6.37.37-PM-1.jpeg","datePublished":"2026-04-15T19:44:57+00:00","dateModified":"2026-04-15T22:21:00+00:00","author":{"@id":"https:\/\/www.crea.gov.co\/crea-roma\/#\/schema\/person\/98d3131acf7d36de9766d95e8154256d"},"breadcrumb":{"@id":"https:\/\/www.crea.gov.co\/crea-roma\/tango-querido-hizo-presencia-en-el-cayetano-canizares\/#breadcrumb"},"inLanguage":"es-CO","potentialAction":[{"@type":"ReadAction","target":["https:\/\/www.crea.gov.co\/crea-roma\/tango-querido-hizo-presencia-en-el-cayetano-canizares\/"]}]},{"@type":"ImageObject","inLanguage":"es-CO","@id":"https:\/\/www.crea.gov.co\/crea-roma\/tango-querido-hizo-presencia-en-el-cayetano-canizares\/#primaryimage","url":"https:\/\/www.crea.gov.co\/crea-roma\/wp-content\/uploads\/sites\/10\/2026\/04\/WhatsApp-Image-2026-04-09-at-6.37.37-PM-1.jpeg","contentUrl":"https:\/\/www.crea.gov.co\/crea-roma\/wp-content\/uploads\/sites\/10\/2026\/04\/WhatsApp-Image-2026-04-09-at-6.37.37-PM-1.jpeg","width":1600,"height":1200},{"@type":"BreadcrumbList","@id":"https:\/\/www.crea.gov.co\/crea-roma\/tango-querido-hizo-presencia-en-el-cayetano-canizares\/#breadcrumb","itemListElement":[{"@type":"ListItem","position":1,"name":"Home","item":"https:\/\/www.crea.gov.co\/crea-roma\/"},{"@type":"ListItem","position":2,"name":"Tango querido hizo presencia en el Cayetano Ca\u00f1izares."}]},{"@type":"WebSite","@id":"https:\/\/www.crea.gov.co\/crea-roma\/#website","url":"https:\/\/www.crea.gov.co\/crea-roma\/","name":"Crea Roma","description":"En Kennedy, rodeado de conjuntos y calles que guardan historias de familias que han crecido en el barrio, este espacio es un lugar donde la creatividad se entrelaza con la vida cotidiana. Aqu\u00ed, los lenguajes art\u00edsticos fortalecen lazos y dan voz a las experiencias de una comunidad que se reconoce en lo colectivo.","potentialAction":[{"@type":"SearchAction","target":{"@type":"EntryPoint","urlTemplate":"https:\/\/www.crea.gov.co\/crea-roma\/?s={search_term_string}"},"query-input":{"@type":"PropertyValueSpecification","valueRequired":true,"valueName":"search_term_string"}}],"inLanguage":"es-CO"},{"@type":"Person","@id":"https:\/\/www.crea.gov.co\/crea-roma\/#\/schema\/person\/98d3131acf7d36de9766d95e8154256d","name":"crearoma","image":{"@type":"ImageObject","inLanguage":"es-CO","@id":"https:\/\/www.crea.gov.co\/crea-roma\/#\/schema\/person\/image\/","url":"https:\/\/secure.gravatar.com\/avatar\/a932fc1012aeb823a10fc90d54ba8dd3?s=96&d=mm&r=g","contentUrl":"https:\/\/secure.gravatar.com\/avatar\/a932fc1012aeb823a10fc90d54ba8dd3?s=96&d=mm&r=g","caption":"crearoma"},"url":"https:\/\/www.crea.gov.co\/crea-roma\/author\/crearoma\/"}]}},"_links":{"self":[{"href":"https:\/\/www.crea.gov.co\/crea-roma\/wp-json\/wp\/v2\/posts\/1763","targetHints":{"allow":["GET"]}}],"collection":[{"href":"https:\/\/www.crea.gov.co\/crea-roma\/wp-json\/wp\/v2\/posts"}],"about":[{"href":"https:\/\/www.crea.gov.co\/crea-roma\/wp-json\/wp\/v2\/types\/post"}],"author":[{"embeddable":true,"href":"https:\/\/www.crea.gov.co\/crea-roma\/wp-json\/wp\/v2\/users\/89"}],"replies":[{"embeddable":true,"href":"https:\/\/www.crea.gov.co\/crea-roma\/wp-json\/wp\/v2\/comments?post=1763"}],"version-history":[{"count":4,"href":"https:\/\/www.crea.gov.co\/crea-roma\/wp-json\/wp\/v2\/posts\/1763\/revisions"}],"predecessor-version":[{"id":1778,"href":"https:\/\/www.crea.gov.co\/crea-roma\/wp-json\/wp\/v2\/posts\/1763\/revisions\/1778"}],"wp:featuredmedia":[{"embeddable":true,"href":"https:\/\/www.crea.gov.co\/crea-roma\/wp-json\/wp\/v2\/media\/1772"}],"wp:attachment":[{"href":"https:\/\/www.crea.gov.co\/crea-roma\/wp-json\/wp\/v2\/media?parent=1763"}],"wp:term":[{"taxonomy":"category","embeddable":true,"href":"https:\/\/www.crea.gov.co\/crea-roma\/wp-json\/wp\/v2\/categories?post=1763"},{"taxonomy":"post_tag","embeddable":true,"href":"https:\/\/www.crea.gov.co\/crea-roma\/wp-json\/wp\/v2\/tags?post=1763"}],"curies":[{"name":"wp","href":"https:\/\/api.w.org\/{rel}","templated":true}]}}