{"id":1713,"date":"2026-02-16T01:58:42","date_gmt":"2026-02-16T01:58:42","guid":{"rendered":"https:\/\/www.crea.gov.co\/crea-roma\/?p=1713"},"modified":"2026-03-05T23:12:01","modified_gmt":"2026-03-05T23:12:01","slug":"talleres-en-crea-roma-inscripciones-abiertas","status":"publish","type":"post","link":"https:\/\/www.crea.gov.co\/crea-roma\/talleres-en-crea-roma-inscripciones-abiertas\/","title":{"rendered":"\u00a0Talleres en Crea Roma \u00a1Inscripciones abiertas!"},"content":{"rendered":"\n<h3 class=\"wp-block-heading has-text-align-center has-vivid-cyan-blue-color has-text-color has-link-color has-large-font-size wp-elements-ea5eff990601ad69cc4beb856ec818ff\"><em>Ven al Crea y ent\u00e9rate<\/em><\/h3>\n\n\n<div class=\"wp-block-image is-style-default\">\n<figure class=\"aligncenter size-large\"><img loading=\"lazy\" decoding=\"async\" width=\"1024\" height=\"442\" src=\"https:\/\/www.crea.gov.co\/crea-roma\/wp-content\/uploads\/sites\/10\/2026\/02\/superior-1024x442.png\" alt=\"\" class=\"wp-image-1745\" srcset=\"https:\/\/www.crea.gov.co\/crea-roma\/wp-content\/uploads\/sites\/10\/2026\/02\/superior-1024x442.png 1024w, https:\/\/www.crea.gov.co\/crea-roma\/wp-content\/uploads\/sites\/10\/2026\/02\/superior-300x130.png 300w, https:\/\/www.crea.gov.co\/crea-roma\/wp-content\/uploads\/sites\/10\/2026\/02\/superior-768x332.png 768w, https:\/\/www.crea.gov.co\/crea-roma\/wp-content\/uploads\/sites\/10\/2026\/02\/superior-1536x664.png 1536w, https:\/\/www.crea.gov.co\/crea-roma\/wp-content\/uploads\/sites\/10\/2026\/02\/superior-2048x885.png 2048w\" sizes=\"auto, (max-width: 1024px) 100vw, 1024px\" \/><\/figure><\/div>\n\n\n<hr class=\"wp-block-separator has-alpha-channel-opacity\" \/>\n\n\n\n<h4 class=\"wp-block-heading has-large-font-size\" id=\"isPasted\"><em>Si est\u00e1s interesado en los talleres de m\u00fasica, danza, literatura, audiovisuales, artes pl\u00e1sticas y teatro puedes acercarte desde ya al Crea Roma para inscripciones presenciales. Los talleres iniciar\u00e1n en los meses de<strong>&nbsp;febrero y marzo, adem\u00e1s&nbsp;<\/strong>no tienen costo alguno.<\/em><\/h4>\n\n\n\n<hr class=\"wp-block-separator has-alpha-channel-opacity\" \/>\n\n\n\n<p class=\"has-large-font-size\">\u00bf&nbsp;<strong>Qui\u00e9nes pueden participar?&nbsp;<\/strong>&nbsp;\u00a1Todos! No hay l\u00edmite de edad, desde ni\u00f1os mayores de seis a\u00f1os hasta adultos con una pasi\u00f3n latente por las artes.<\/p>\n\n\n\n<p class=\"has-large-font-size\"><strong>\u00bfCu\u00e1les son los horarios?<\/strong>&nbsp;La flexibilidad reina, ya que tenemos una variada oferta de cursos y horarios.<\/p>\n\n\n\n<p class=\"has-large-font-size\"><strong>\u00bfD\u00f3nde y c\u00f3mo inscribirse?<\/strong>&nbsp;Es f\u00e1cil. Puedes visitar el Centro de Formaci\u00f3n Crea Roma.<\/p>\n\n\n\n<div class=\"wp-block-buttons is-content-justification-center is-layout-flex wp-container-core-buttons-is-layout-1 wp-block-buttons-is-layout-flex\">\n<div class=\"wp-block-button has-custom-width wp-block-button__width-75 has-custom-font-size is-style-outline has-large-font-size is-style-outline--1\"><a class=\"wp-block-button__link wp-element-button\" href=\"https:\/\/sif.idartes.gov.co\/sif\/framework\/crea\/territorial\/oferta\/oferta-disponible\" target=\"_blank\" rel=\"noreferrer noopener nofollow\"><strong>Consulta nuestra oferta<\/strong><\/a><\/div>\n<\/div>\n\n\n\n<hr class=\"wp-block-separator has-alpha-channel-opacity is-style-dots\" \/>\n\n\n\n<div class=\"wp-block-columns is-layout-flex wp-container-core-columns-is-layout-1 wp-block-columns-is-layout-flex\">\n<div class=\"wp-block-column is-layout-flow wp-block-column-is-layout-flow\">\n<figure class=\"wp-block-image size-large\"><img loading=\"lazy\" decoding=\"async\" width=\"576\" height=\"1024\" src=\"https:\/\/www.crea.gov.co\/crea-roma\/wp-content\/uploads\/sites\/10\/2026\/02\/Diapositiva1-2-576x1024.png\" alt=\"\" class=\"wp-image-1750\" srcset=\"https:\/\/www.crea.gov.co\/crea-roma\/wp-content\/uploads\/sites\/10\/2026\/02\/Diapositiva1-2-576x1024.png 576w, https:\/\/www.crea.gov.co\/crea-roma\/wp-content\/uploads\/sites\/10\/2026\/02\/Diapositiva1-2-169x300.png 169w, https:\/\/www.crea.gov.co\/crea-roma\/wp-content\/uploads\/sites\/10\/2026\/02\/Diapositiva1-2-768x1365.png 768w, https:\/\/www.crea.gov.co\/crea-roma\/wp-content\/uploads\/sites\/10\/2026\/02\/Diapositiva1-2-864x1536.png 864w, https:\/\/www.crea.gov.co\/crea-roma\/wp-content\/uploads\/sites\/10\/2026\/02\/Diapositiva1-2.png 1080w\" sizes=\"auto, (max-width: 576px) 100vw, 576px\" \/><\/figure>\n<\/div>\n\n\n\n<div class=\"wp-block-column is-layout-flow wp-block-column-is-layout-flow\">\n<figure class=\"wp-block-image size-large\"><img loading=\"lazy\" decoding=\"async\" width=\"576\" height=\"1024\" src=\"https:\/\/www.crea.gov.co\/crea-roma\/wp-content\/uploads\/sites\/10\/2026\/02\/Diapositiva2-2-576x1024.png\" alt=\"\" class=\"wp-image-1751\" srcset=\"https:\/\/www.crea.gov.co\/crea-roma\/wp-content\/uploads\/sites\/10\/2026\/02\/Diapositiva2-2-576x1024.png 576w, https:\/\/www.crea.gov.co\/crea-roma\/wp-content\/uploads\/sites\/10\/2026\/02\/Diapositiva2-2-169x300.png 169w, https:\/\/www.crea.gov.co\/crea-roma\/wp-content\/uploads\/sites\/10\/2026\/02\/Diapositiva2-2-768x1365.png 768w, https:\/\/www.crea.gov.co\/crea-roma\/wp-content\/uploads\/sites\/10\/2026\/02\/Diapositiva2-2-864x1536.png 864w, https:\/\/www.crea.gov.co\/crea-roma\/wp-content\/uploads\/sites\/10\/2026\/02\/Diapositiva2-2.png 1080w\" sizes=\"auto, (max-width: 576px) 100vw, 576px\" \/><\/figure>\n<\/div>\n<\/div>\n\n\n\n<div class=\"wp-block-columns is-layout-flex wp-container-core-columns-is-layout-3 wp-block-columns-is-layout-flex\">\n<div class=\"wp-block-column is-layout-flow wp-block-column-is-layout-flow\">\n<div class=\"wp-block-columns is-layout-flex wp-container-core-columns-is-layout-2 wp-block-columns-is-layout-flex\">\n<div class=\"wp-block-column is-layout-flow wp-block-column-is-layout-flow\">\n<figure class=\"wp-block-image size-large\"><img loading=\"lazy\" decoding=\"async\" width=\"576\" height=\"1024\" src=\"https:\/\/www.crea.gov.co\/crea-roma\/wp-content\/uploads\/sites\/10\/2026\/02\/Diapositiva4-1-576x1024.png\" alt=\"\" class=\"wp-image-1752\" srcset=\"https:\/\/www.crea.gov.co\/crea-roma\/wp-content\/uploads\/sites\/10\/2026\/02\/Diapositiva4-1-576x1024.png 576w, https:\/\/www.crea.gov.co\/crea-roma\/wp-content\/uploads\/sites\/10\/2026\/02\/Diapositiva4-1-169x300.png 169w, https:\/\/www.crea.gov.co\/crea-roma\/wp-content\/uploads\/sites\/10\/2026\/02\/Diapositiva4-1-768x1365.png 768w, https:\/\/www.crea.gov.co\/crea-roma\/wp-content\/uploads\/sites\/10\/2026\/02\/Diapositiva4-1-864x1536.png 864w, https:\/\/www.crea.gov.co\/crea-roma\/wp-content\/uploads\/sites\/10\/2026\/02\/Diapositiva4-1.png 1080w\" sizes=\"auto, (max-width: 576px) 100vw, 576px\" \/><\/figure>\n<\/div>\n<\/div>\n<\/div>\n\n\n\n<div class=\"wp-block-column is-layout-flow wp-block-column-is-layout-flow\">\n<figure class=\"wp-block-image size-large\"><img loading=\"lazy\" decoding=\"async\" width=\"576\" height=\"1024\" src=\"https:\/\/www.crea.gov.co\/crea-roma\/wp-content\/uploads\/sites\/10\/2026\/02\/Diapositiva3-1-576x1024.png\" alt=\"\" class=\"wp-image-1753\" srcset=\"https:\/\/www.crea.gov.co\/crea-roma\/wp-content\/uploads\/sites\/10\/2026\/02\/Diapositiva3-1-576x1024.png 576w, https:\/\/www.crea.gov.co\/crea-roma\/wp-content\/uploads\/sites\/10\/2026\/02\/Diapositiva3-1-169x300.png 169w, https:\/\/www.crea.gov.co\/crea-roma\/wp-content\/uploads\/sites\/10\/2026\/02\/Diapositiva3-1-768x1365.png 768w, https:\/\/www.crea.gov.co\/crea-roma\/wp-content\/uploads\/sites\/10\/2026\/02\/Diapositiva3-1-864x1536.png 864w, https:\/\/www.crea.gov.co\/crea-roma\/wp-content\/uploads\/sites\/10\/2026\/02\/Diapositiva3-1.png 1080w\" sizes=\"auto, (max-width: 576px) 100vw, 576px\" \/><\/figure>\n<\/div>\n<\/div>\n\n\n\n<figure class=\"wp-block-image size-large\"><img loading=\"lazy\" decoding=\"async\" width=\"1024\" height=\"784\" src=\"https:\/\/www.crea.gov.co\/crea-roma\/wp-content\/uploads\/sites\/10\/2026\/02\/convocatoria_Mesa-de-trabajo-1-1-1536x1187-1-1024x784.png\" alt=\"\" class=\"wp-image-1707\" srcset=\"https:\/\/www.crea.gov.co\/crea-roma\/wp-content\/uploads\/sites\/10\/2026\/02\/convocatoria_Mesa-de-trabajo-1-1-1536x1187-1-1024x784.png 1024w, https:\/\/www.crea.gov.co\/crea-roma\/wp-content\/uploads\/sites\/10\/2026\/02\/convocatoria_Mesa-de-trabajo-1-1-1536x1187-1-300x230.png 300w, https:\/\/www.crea.gov.co\/crea-roma\/wp-content\/uploads\/sites\/10\/2026\/02\/convocatoria_Mesa-de-trabajo-1-1-1536x1187-1-768x588.png 768w, https:\/\/www.crea.gov.co\/crea-roma\/wp-content\/uploads\/sites\/10\/2026\/02\/convocatoria_Mesa-de-trabajo-1-1-1536x1187-1-1536x1176.png 1536w, https:\/\/www.crea.gov.co\/crea-roma\/wp-content\/uploads\/sites\/10\/2026\/02\/convocatoria_Mesa-de-trabajo-1-1-1536x1187-1.png 1551w\" sizes=\"auto, (max-width: 1024px) 100vw, 1024px\" \/><\/figure>\n\n\n\n<p class=\"has-large-font-size\">Para agilizar las inscripciones, te invitamos a descargar el formato de uso de imagen, l\u00e9elo y tr\u00e1elo diligenciado y firmado.<\/p>\n\n\n\n<div class=\"wp-block-buttons is-content-justification-center is-layout-flex wp-container-core-buttons-is-layout-2 wp-block-buttons-is-layout-flex\">\n<div class=\"wp-block-button has-custom-width wp-block-button__width-75 has-custom-font-size is-style-outline has-large-font-size is-style-outline--2\"><a class=\"wp-block-button__link wp-element-button\" href=\"https:\/\/drive.google.com\/file\/d\/1_PORRPe2PUg29FVsbCCtaqI8dyQ1Me3m\/view?usp=sharing\" target=\"_blank\" rel=\" noreferrer noopener nofollow\"><strong>descarga aqu\u00ed<\/strong><\/a><\/div>\n<\/div>\n\n\n\n<hr class=\"wp-block-separator has-alpha-channel-opacity\" \/>\n\n\n\n<div class=\"wp-block-group\"><div class=\"wp-block-group__inner-container is-layout-constrained wp-block-group-is-layout-constrained\">\n<h2 class=\"wp-block-heading has-large-font-size\"><strong>Te esperamos en Crea Roma- Kennedy<\/strong><\/h2>\n\n\n\n<p class=\"has-large-font-size\">Direcci\u00f3n: Avenida 1 de mayo N\u00ba 79G &#8211; 09<\/p>\n\n\n\n<p class=\"has-large-font-size\">Tel\u00e9fonos: 3795750 Ext. 5263 &#8211; 5279<br><\/p>\n\n\n\n<div class=\"wp-block-columns is-layout-flex wp-container-core-columns-is-layout-4 wp-block-columns-is-layout-flex\">\n<div class=\"wp-block-column is-layout-flow wp-block-column-is-layout-flow\">\n<figure class=\"wp-block-image size-full is-resized\"><a href=\"https:\/\/maps.app.goo.gl\/wYRKQhTg6nT4DHZ58\" target=\"_blank\" rel=\" noreferrer noopener\"><img loading=\"lazy\" decoding=\"async\" width=\"640\" height=\"640\" src=\"https:\/\/www.crea.gov.co\/crea-roma\/wp-content\/uploads\/sites\/10\/2026\/02\/mapa.gif\" alt=\"\" class=\"wp-image-1722\" style=\"width:321px;height:auto\" \/><\/a><\/figure>\n<\/div>\n\n\n\n<div class=\"wp-block-column is-layout-flow wp-block-column-is-layout-flow\">\n<hr class=\"wp-block-separator has-alpha-channel-opacity\" \/>\n\n\n<\/div>\n<\/div>\n<\/div><\/div>\n\n\n<div class=\"wp-block-image\">\n<figure class=\"aligncenter size-large\"><img loading=\"lazy\" decoding=\"async\" width=\"819\" height=\"1024\" src=\"https:\/\/www.crea.gov.co\/crea-roma\/wp-content\/uploads\/sites\/10\/2026\/02\/Pieza-Talleres-CREA-RetroFutur-819x1024.png\" alt=\"\" class=\"wp-image-1741\" srcset=\"https:\/\/www.crea.gov.co\/crea-roma\/wp-content\/uploads\/sites\/10\/2026\/02\/Pieza-Talleres-CREA-RetroFutur-819x1024.png 819w, https:\/\/www.crea.gov.co\/crea-roma\/wp-content\/uploads\/sites\/10\/2026\/02\/Pieza-Talleres-CREA-RetroFutur-240x300.png 240w, https:\/\/www.crea.gov.co\/crea-roma\/wp-content\/uploads\/sites\/10\/2026\/02\/Pieza-Talleres-CREA-RetroFutur-768x960.png 768w, https:\/\/www.crea.gov.co\/crea-roma\/wp-content\/uploads\/sites\/10\/2026\/02\/Pieza-Talleres-CREA-RetroFutur-1229x1536.png 1229w, https:\/\/www.crea.gov.co\/crea-roma\/wp-content\/uploads\/sites\/10\/2026\/02\/Pieza-Talleres-CREA-RetroFutur-1638x2048.png 1638w\" sizes=\"auto, (max-width: 819px) 100vw, 819px\" \/><\/figure><\/div>","protected":false},"excerpt":{"rendered":"<p>Ven al Crea y ent\u00e9rate Si est\u00e1s interesado en los talleres de m\u00fasica, danza, literatura, audiovisuales, artes pl\u00e1sticas y teatro puedes acercarte desde ya al Crea Roma para inscripciones presenciales. Los talleres iniciar\u00e1n en los meses de&nbsp;febrero y marzo, adem\u00e1s&nbsp;no tienen costo alguno. \u00bf&nbsp;Qui\u00e9nes pueden participar?&nbsp;&nbsp;\u00a1Todos! No hay l\u00edmite de edad, desde ni\u00f1os mayores de [&hellip;]<\/p>\n","protected":false},"author":89,"featured_media":1747,"comment_status":"open","ping_status":"open","sticky":false,"template":"","format":"standard","meta":{"footnotes":""},"categories":[1],"tags":[],"class_list":["post-1713","post","type-post","status-publish","format-standard","has-post-thumbnail","hentry","category-sin-categoria"],"yoast_head":"<!-- This site is optimized with the Yoast SEO plugin v24.5 - https:\/\/yoast.com\/wordpress\/plugins\/seo\/ -->\n<title>\u00a0Talleres en Crea Roma \u00a1Inscripciones abiertas! - Crea Roma<\/title>\n<meta name=\"robots\" content=\"index, follow, max-snippet:-1, max-image-preview:large, max-video-preview:-1\" \/>\n<link rel=\"canonical\" href=\"https:\/\/www.crea.gov.co\/crea-roma\/talleres-en-crea-roma-inscripciones-abiertas\/\" \/>\n<meta property=\"og:locale\" content=\"es_ES\" \/>\n<meta property=\"og:type\" content=\"article\" \/>\n<meta property=\"og:title\" content=\"\u00a0Talleres en Crea Roma \u00a1Inscripciones abiertas! - Crea Roma\" \/>\n<meta property=\"og:description\" content=\"Ven al Crea y ent\u00e9rate Si est\u00e1s interesado en los talleres de m\u00fasica, danza, literatura, audiovisuales, artes pl\u00e1sticas y teatro puedes acercarte desde ya al Crea Roma para inscripciones presenciales. Los talleres iniciar\u00e1n en los meses de&nbsp;febrero y marzo, adem\u00e1s&nbsp;no tienen costo alguno. \u00bf&nbsp;Qui\u00e9nes pueden participar?&nbsp;&nbsp;\u00a1Todos! No hay l\u00edmite de edad, desde ni\u00f1os mayores de [&hellip;]\" \/>\n<meta property=\"og:url\" content=\"https:\/\/www.crea.gov.co\/crea-roma\/talleres-en-crea-roma-inscripciones-abiertas\/\" \/>\n<meta property=\"og:site_name\" content=\"Crea Roma\" \/>\n<meta property=\"article:published_time\" content=\"2026-02-16T01:58:42+00:00\" \/>\n<meta property=\"article:modified_time\" content=\"2026-03-05T23:12:01+00:00\" \/>\n<meta property=\"og:image\" content=\"https:\/\/www.crea.gov.co\/crea-roma\/wp-content\/uploads\/sites\/10\/2026\/02\/inferior-1024x511.png\" \/>\n\t<meta property=\"og:image:width\" content=\"1024\" \/>\n\t<meta property=\"og:image:height\" content=\"511\" \/>\n\t<meta property=\"og:image:type\" content=\"image\/png\" \/>\n<meta name=\"author\" content=\"crearoma\" \/>\n<meta name=\"twitter:card\" content=\"summary_large_image\" \/>\n<meta name=\"twitter:label1\" content=\"Escrito por\" \/>\n\t<meta name=\"twitter:data1\" content=\"crearoma\" \/>\n\t<meta name=\"twitter:label2\" content=\"Tiempo de lectura\" \/>\n\t<meta name=\"twitter:data2\" content=\"3 minutos\" \/>\n<script type=\"application\/ld+json\" class=\"yoast-schema-graph\">{\"@context\":\"https:\/\/schema.org\",\"@graph\":[{\"@type\":\"WebPage\",\"@id\":\"https:\/\/www.crea.gov.co\/crea-roma\/talleres-en-crea-roma-inscripciones-abiertas\/\",\"url\":\"https:\/\/www.crea.gov.co\/crea-roma\/talleres-en-crea-roma-inscripciones-abiertas\/\",\"name\":\"\u00a0Talleres en Crea Roma \u00a1Inscripciones abiertas! - Crea Roma\",\"isPartOf\":{\"@id\":\"https:\/\/www.crea.gov.co\/crea-roma\/#website\"},\"primaryImageOfPage\":{\"@id\":\"https:\/\/www.crea.gov.co\/crea-roma\/talleres-en-crea-roma-inscripciones-abiertas\/#primaryimage\"},\"image\":{\"@id\":\"https:\/\/www.crea.gov.co\/crea-roma\/talleres-en-crea-roma-inscripciones-abiertas\/#primaryimage\"},\"thumbnailUrl\":\"https:\/\/www.crea.gov.co\/crea-roma\/wp-content\/uploads\/sites\/10\/2026\/02\/inferior.png\",\"datePublished\":\"2026-02-16T01:58:42+00:00\",\"dateModified\":\"2026-03-05T23:12:01+00:00\",\"author\":{\"@id\":\"https:\/\/www.crea.gov.co\/crea-roma\/#\/schema\/person\/98d3131acf7d36de9766d95e8154256d\"},\"breadcrumb\":{\"@id\":\"https:\/\/www.crea.gov.co\/crea-roma\/talleres-en-crea-roma-inscripciones-abiertas\/#breadcrumb\"},\"inLanguage\":\"es-CO\",\"potentialAction\":[{\"@type\":\"ReadAction\",\"target\":[\"https:\/\/www.crea.gov.co\/crea-roma\/talleres-en-crea-roma-inscripciones-abiertas\/\"]}]},{\"@type\":\"ImageObject\",\"inLanguage\":\"es-CO\",\"@id\":\"https:\/\/www.crea.gov.co\/crea-roma\/talleres-en-crea-roma-inscripciones-abiertas\/#primaryimage\",\"url\":\"https:\/\/www.crea.gov.co\/crea-roma\/wp-content\/uploads\/sites\/10\/2026\/02\/inferior.png\",\"contentUrl\":\"https:\/\/www.crea.gov.co\/crea-roma\/wp-content\/uploads\/sites\/10\/2026\/02\/inferior.png\",\"width\":2250,\"height\":1122},{\"@type\":\"BreadcrumbList\",\"@id\":\"https:\/\/www.crea.gov.co\/crea-roma\/talleres-en-crea-roma-inscripciones-abiertas\/#breadcrumb\",\"itemListElement\":[{\"@type\":\"ListItem\",\"position\":1,\"name\":\"Home\",\"item\":\"https:\/\/www.crea.gov.co\/crea-roma\/\"},{\"@type\":\"ListItem\",\"position\":2,\"name\":\"\u00a0Talleres en Crea Roma \u00a1Inscripciones abiertas!\"}]},{\"@type\":\"WebSite\",\"@id\":\"https:\/\/www.crea.gov.co\/crea-roma\/#website\",\"url\":\"https:\/\/www.crea.gov.co\/crea-roma\/\",\"name\":\"Crea Roma\",\"description\":\"En Kennedy, rodeado de conjuntos y calles que guardan historias de familias que han crecido en el barrio, este espacio es un lugar donde la creatividad se entrelaza con la vida cotidiana. Aqu\u00ed, los lenguajes art\u00edsticos fortalecen lazos y dan voz a las experiencias de una comunidad que se reconoce en lo colectivo.\",\"potentialAction\":[{\"@type\":\"SearchAction\",\"target\":{\"@type\":\"EntryPoint\",\"urlTemplate\":\"https:\/\/www.crea.gov.co\/crea-roma\/?s={search_term_string}\"},\"query-input\":{\"@type\":\"PropertyValueSpecification\",\"valueRequired\":true,\"valueName\":\"search_term_string\"}}],\"inLanguage\":\"es-CO\"},{\"@type\":\"Person\",\"@id\":\"https:\/\/www.crea.gov.co\/crea-roma\/#\/schema\/person\/98d3131acf7d36de9766d95e8154256d\",\"name\":\"crearoma\",\"image\":{\"@type\":\"ImageObject\",\"inLanguage\":\"es-CO\",\"@id\":\"https:\/\/www.crea.gov.co\/crea-roma\/#\/schema\/person\/image\/\",\"url\":\"https:\/\/secure.gravatar.com\/avatar\/a932fc1012aeb823a10fc90d54ba8dd3?s=96&d=mm&r=g\",\"contentUrl\":\"https:\/\/secure.gravatar.com\/avatar\/a932fc1012aeb823a10fc90d54ba8dd3?s=96&d=mm&r=g\",\"caption\":\"crearoma\"},\"url\":\"https:\/\/www.crea.gov.co\/crea-roma\/author\/crearoma\/\"}]}<\/script>\n<!-- \/ Yoast SEO plugin. -->","yoast_head_json":{"title":"\u00a0Talleres en Crea Roma \u00a1Inscripciones abiertas! - Crea Roma","robots":{"index":"index","follow":"follow","max-snippet":"max-snippet:-1","max-image-preview":"max-image-preview:large","max-video-preview":"max-video-preview:-1"},"canonical":"https:\/\/www.crea.gov.co\/crea-roma\/talleres-en-crea-roma-inscripciones-abiertas\/","og_locale":"es_ES","og_type":"article","og_title":"\u00a0Talleres en Crea Roma \u00a1Inscripciones abiertas! - Crea Roma","og_description":"Ven al Crea y ent\u00e9rate Si est\u00e1s interesado en los talleres de m\u00fasica, danza, literatura, audiovisuales, artes pl\u00e1sticas y teatro puedes acercarte desde ya al Crea Roma para inscripciones presenciales. Los talleres iniciar\u00e1n en los meses de&nbsp;febrero y marzo, adem\u00e1s&nbsp;no tienen costo alguno. \u00bf&nbsp;Qui\u00e9nes pueden participar?&nbsp;&nbsp;\u00a1Todos! No hay l\u00edmite de edad, desde ni\u00f1os mayores de [&hellip;]","og_url":"https:\/\/www.crea.gov.co\/crea-roma\/talleres-en-crea-roma-inscripciones-abiertas\/","og_site_name":"Crea Roma","article_published_time":"2026-02-16T01:58:42+00:00","article_modified_time":"2026-03-05T23:12:01+00:00","og_image":[{"width":1024,"height":511,"url":"https:\/\/www.crea.gov.co\/crea-roma\/wp-content\/uploads\/sites\/10\/2026\/02\/inferior-1024x511.png","type":"image\/png"}],"author":"crearoma","twitter_card":"summary_large_image","twitter_misc":{"Escrito por":"crearoma","Tiempo de lectura":"3 minutos"},"schema":{"@context":"https:\/\/schema.org","@graph":[{"@type":"WebPage","@id":"https:\/\/www.crea.gov.co\/crea-roma\/talleres-en-crea-roma-inscripciones-abiertas\/","url":"https:\/\/www.crea.gov.co\/crea-roma\/talleres-en-crea-roma-inscripciones-abiertas\/","name":"\u00a0Talleres en Crea Roma \u00a1Inscripciones abiertas! - Crea Roma","isPartOf":{"@id":"https:\/\/www.crea.gov.co\/crea-roma\/#website"},"primaryImageOfPage":{"@id":"https:\/\/www.crea.gov.co\/crea-roma\/talleres-en-crea-roma-inscripciones-abiertas\/#primaryimage"},"image":{"@id":"https:\/\/www.crea.gov.co\/crea-roma\/talleres-en-crea-roma-inscripciones-abiertas\/#primaryimage"},"thumbnailUrl":"https:\/\/www.crea.gov.co\/crea-roma\/wp-content\/uploads\/sites\/10\/2026\/02\/inferior.png","datePublished":"2026-02-16T01:58:42+00:00","dateModified":"2026-03-05T23:12:01+00:00","author":{"@id":"https:\/\/www.crea.gov.co\/crea-roma\/#\/schema\/person\/98d3131acf7d36de9766d95e8154256d"},"breadcrumb":{"@id":"https:\/\/www.crea.gov.co\/crea-roma\/talleres-en-crea-roma-inscripciones-abiertas\/#breadcrumb"},"inLanguage":"es-CO","potentialAction":[{"@type":"ReadAction","target":["https:\/\/www.crea.gov.co\/crea-roma\/talleres-en-crea-roma-inscripciones-abiertas\/"]}]},{"@type":"ImageObject","inLanguage":"es-CO","@id":"https:\/\/www.crea.gov.co\/crea-roma\/talleres-en-crea-roma-inscripciones-abiertas\/#primaryimage","url":"https:\/\/www.crea.gov.co\/crea-roma\/wp-content\/uploads\/sites\/10\/2026\/02\/inferior.png","contentUrl":"https:\/\/www.crea.gov.co\/crea-roma\/wp-content\/uploads\/sites\/10\/2026\/02\/inferior.png","width":2250,"height":1122},{"@type":"BreadcrumbList","@id":"https:\/\/www.crea.gov.co\/crea-roma\/talleres-en-crea-roma-inscripciones-abiertas\/#breadcrumb","itemListElement":[{"@type":"ListItem","position":1,"name":"Home","item":"https:\/\/www.crea.gov.co\/crea-roma\/"},{"@type":"ListItem","position":2,"name":"\u00a0Talleres en Crea Roma \u00a1Inscripciones abiertas!"}]},{"@type":"WebSite","@id":"https:\/\/www.crea.gov.co\/crea-roma\/#website","url":"https:\/\/www.crea.gov.co\/crea-roma\/","name":"Crea Roma","description":"En Kennedy, rodeado de conjuntos y calles que guardan historias de familias que han crecido en el barrio, este espacio es un lugar donde la creatividad se entrelaza con la vida cotidiana. Aqu\u00ed, los lenguajes art\u00edsticos fortalecen lazos y dan voz a las experiencias de una comunidad que se reconoce en lo colectivo.","potentialAction":[{"@type":"SearchAction","target":{"@type":"EntryPoint","urlTemplate":"https:\/\/www.crea.gov.co\/crea-roma\/?s={search_term_string}"},"query-input":{"@type":"PropertyValueSpecification","valueRequired":true,"valueName":"search_term_string"}}],"inLanguage":"es-CO"},{"@type":"Person","@id":"https:\/\/www.crea.gov.co\/crea-roma\/#\/schema\/person\/98d3131acf7d36de9766d95e8154256d","name":"crearoma","image":{"@type":"ImageObject","inLanguage":"es-CO","@id":"https:\/\/www.crea.gov.co\/crea-roma\/#\/schema\/person\/image\/","url":"https:\/\/secure.gravatar.com\/avatar\/a932fc1012aeb823a10fc90d54ba8dd3?s=96&d=mm&r=g","contentUrl":"https:\/\/secure.gravatar.com\/avatar\/a932fc1012aeb823a10fc90d54ba8dd3?s=96&d=mm&r=g","caption":"crearoma"},"url":"https:\/\/www.crea.gov.co\/crea-roma\/author\/crearoma\/"}]}},"_links":{"self":[{"href":"https:\/\/www.crea.gov.co\/crea-roma\/wp-json\/wp\/v2\/posts\/1713","targetHints":{"allow":["GET"]}}],"collection":[{"href":"https:\/\/www.crea.gov.co\/crea-roma\/wp-json\/wp\/v2\/posts"}],"about":[{"href":"https:\/\/www.crea.gov.co\/crea-roma\/wp-json\/wp\/v2\/types\/post"}],"author":[{"embeddable":true,"href":"https:\/\/www.crea.gov.co\/crea-roma\/wp-json\/wp\/v2\/users\/89"}],"replies":[{"embeddable":true,"href":"https:\/\/www.crea.gov.co\/crea-roma\/wp-json\/wp\/v2\/comments?post=1713"}],"version-history":[{"count":14,"href":"https:\/\/www.crea.gov.co\/crea-roma\/wp-json\/wp\/v2\/posts\/1713\/revisions"}],"predecessor-version":[{"id":1754,"href":"https:\/\/www.crea.gov.co\/crea-roma\/wp-json\/wp\/v2\/posts\/1713\/revisions\/1754"}],"wp:featuredmedia":[{"embeddable":true,"href":"https:\/\/www.crea.gov.co\/crea-roma\/wp-json\/wp\/v2\/media\/1747"}],"wp:attachment":[{"href":"https:\/\/www.crea.gov.co\/crea-roma\/wp-json\/wp\/v2\/media?parent=1713"}],"wp:term":[{"taxonomy":"category","embeddable":true,"href":"https:\/\/www.crea.gov.co\/crea-roma\/wp-json\/wp\/v2\/categories?post=1713"},{"taxonomy":"post_tag","embeddable":true,"href":"https:\/\/www.crea.gov.co\/crea-roma\/wp-json\/wp\/v2\/tags?post=1713"}],"curies":[{"name":"wp","href":"https:\/\/api.w.org\/{rel}","templated":true}]}}