{"id":1709,"date":"2026-02-11T19:35:54","date_gmt":"2026-02-11T19:35:54","guid":{"rendered":"https:\/\/www.crea.gov.co\/crea-roma\/?p=1709"},"modified":"2026-02-11T19:35:55","modified_gmt":"2026-02-11T19:35:55","slug":"centro-dia-al-barrio-llega-a-la-localidad-de-kennedy","status":"publish","type":"post","link":"https:\/\/www.crea.gov.co\/crea-roma\/centro-dia-al-barrio-llega-a-la-localidad-de-kennedy\/","title":{"rendered":"Centro D\u00eda al Barrio llega a la localidad de Kennedy"},"content":{"rendered":"\n<figure class=\"wp-block-image size-large\"><img loading=\"lazy\" decoding=\"async\" width=\"819\" height=\"1024\" src=\"https:\/\/www.crea.gov.co\/crea-roma\/wp-content\/uploads\/sites\/10\/2026\/02\/WhatsApp-Image-2026-02-05-at-2.33.39-PM-819x1024.jpeg\" alt=\"\" class=\"wp-image-1710\" srcset=\"https:\/\/www.crea.gov.co\/crea-roma\/wp-content\/uploads\/sites\/10\/2026\/02\/WhatsApp-Image-2026-02-05-at-2.33.39-PM-819x1024.jpeg 819w, https:\/\/www.crea.gov.co\/crea-roma\/wp-content\/uploads\/sites\/10\/2026\/02\/WhatsApp-Image-2026-02-05-at-2.33.39-PM-240x300.jpeg 240w, https:\/\/www.crea.gov.co\/crea-roma\/wp-content\/uploads\/sites\/10\/2026\/02\/WhatsApp-Image-2026-02-05-at-2.33.39-PM-768x960.jpeg 768w, https:\/\/www.crea.gov.co\/crea-roma\/wp-content\/uploads\/sites\/10\/2026\/02\/WhatsApp-Image-2026-02-05-at-2.33.39-PM.jpeg 1080w\" sizes=\"auto, (max-width: 819px) 100vw, 819px\" \/><\/figure>\n\n\n\n<p>La Modalidad Centro D\u00eda al Barrio de la Secretar\u00eda Distrital de Integraci\u00f3n Social, en convenio con el Instituto Distrital de las Artes \u2013 IDARTES, invita cordialmente a la comunidad a participar en el proceso de formaci\u00f3n:\u00a0<img loading=\"lazy\" decoding=\"async\" height=\"16\" width=\"16\" src=\"https:\/\/static.xx.fbcdn.net\/images\/emoji.php\/v9\/t2\/1\/16\/1f483_1f3fb.png\" alt=\"\ud83d\udc83\ud83c\udffb\"> TALLERES DE DANZA <img loading=\"lazy\" decoding=\"async\" height=\"16\" width=\"16\" src=\"https:\/\/static.xx.fbcdn.net\/images\/emoji.php\/v9\/t2\/1\/16\/1f483_1f3fb.png\" alt=\"\ud83d\udc83\ud83c\udffb\">\u00a0dirigido a personas mayores (60 cumplidos o m\u00e1s) interesadas en fortalecer su bienestar a trav\u00e9s del arte.<\/p>\n\n\n\n<p>Inscripciones abiertas todos los jueves en el Sal\u00f3n Comunal Altamar<\/p>\n\n\n\n<p><img loading=\"lazy\" decoding=\"async\" height=\"16\" width=\"16\" src=\"https:\/\/static.xx.fbcdn.net\/images\/emoji.php\/v9\/t7e\/1\/16\/1f4c5.png\" alt=\"\ud83d\udcc5\">\u00a0Fecha: Todos los jueves de febrero, marzo y abril<\/p>\n\n\n\n<p><img loading=\"lazy\" decoding=\"async\" height=\"16\" width=\"16\" src=\"https:\/\/static.xx.fbcdn.net\/images\/emoji.php\/v9\/t2f\/1\/16\/1f557.png\" alt=\"\ud83d\udd57\">\u00a0Hora: 2:00 pm &#8211; 4:00 m<\/p>\n\n\n\n<p><img loading=\"lazy\" decoding=\"async\" height=\"16\" width=\"16\" alt=\"\ud83d\udccd\" src=\"https:\/\/static.xx.fbcdn.net\/images\/emoji.php\/v9\/t2d\/1\/16\/1f4cd.png\">&nbsp;Lugar:<\/p>\n\n\n\n<ul class=\"wp-block-list\">\n<li>Sal\u00f3n Comunal Altamar Calle 42F #88C-07 <\/li>\n<\/ul>\n\n\n\n<hr class=\"wp-block-separator has-alpha-channel-opacity\" \/>\n\n\n\n<p>Requisitos para la inscripci\u00f3n:<\/p>\n\n\n\n<p>1. Fotocopia de la c\u00e9dula de ciudadan\u00eda<\/p>\n\n\n\n<p>2. Fotocopia del recibo de agua<\/p>\n\n\n\n<p>3. Puntaje del SISB\u00c9N<\/p>\n\n\n\n<p>4. Certificado de la EPS o ADRES.<\/p>\n\n\n\n<p><strong>\u00a1Los esperamos para compartir un espacio de aprendizaje, expresi\u00f3n art\u00edstica y encuentro comunitario!\u00a0<img loading=\"lazy\" decoding=\"async\" height=\"16\" width=\"16\" src=\"https:\/\/static.xx.fbcdn.net\/images\/emoji.php\/v9\/t1f\/1\/16\/1f3b6.png\" alt=\"\ud83c\udfb6\"><\/strong><\/p>\n\n\n\n<p><\/p>\n","protected":false},"excerpt":{"rendered":"<p>La Modalidad Centro D\u00eda al Barrio de la Secretar\u00eda Distrital de Integraci\u00f3n Social, en convenio con el Instituto Distrital de las Artes \u2013 IDARTES, invita cordialmente a la comunidad a participar en el proceso de formaci\u00f3n:\u00a0 TALLERES DE DANZA \u00a0dirigido a personas mayores (60 cumplidos o m\u00e1s) interesadas en fortalecer su bienestar a trav\u00e9s del [&hellip;]<\/p>\n","protected":false},"author":89,"featured_media":1710,"comment_status":"open","ping_status":"open","sticky":false,"template":"","format":"standard","meta":{"footnotes":""},"categories":[1],"tags":[],"class_list":["post-1709","post","type-post","status-publish","format-standard","has-post-thumbnail","hentry","category-sin-categoria"],"yoast_head":"<!-- This site is optimized with the Yoast SEO plugin v24.5 - https:\/\/yoast.com\/wordpress\/plugins\/seo\/ -->\n<title>Centro D\u00eda al Barrio llega a la localidad de Kennedy - Crea Roma<\/title>\n<meta name=\"robots\" content=\"index, follow, max-snippet:-1, max-image-preview:large, max-video-preview:-1\" \/>\n<link rel=\"canonical\" href=\"https:\/\/www.crea.gov.co\/crea-roma\/centro-dia-al-barrio-llega-a-la-localidad-de-kennedy\/\" \/>\n<meta property=\"og:locale\" content=\"es_ES\" \/>\n<meta property=\"og:type\" content=\"article\" \/>\n<meta property=\"og:title\" content=\"Centro D\u00eda al Barrio llega a la localidad de Kennedy - Crea Roma\" \/>\n<meta property=\"og:description\" content=\"La Modalidad Centro D\u00eda al Barrio de la Secretar\u00eda Distrital de Integraci\u00f3n Social, en convenio con el Instituto Distrital de las Artes \u2013 IDARTES, invita cordialmente a la comunidad a participar en el proceso de formaci\u00f3n:\u00a0 TALLERES DE DANZA \u00a0dirigido a personas mayores (60 cumplidos o m\u00e1s) interesadas en fortalecer su bienestar a trav\u00e9s del [&hellip;]\" \/>\n<meta property=\"og:url\" content=\"https:\/\/www.crea.gov.co\/crea-roma\/centro-dia-al-barrio-llega-a-la-localidad-de-kennedy\/\" \/>\n<meta property=\"og:site_name\" content=\"Crea Roma\" \/>\n<meta property=\"article:published_time\" content=\"2026-02-11T19:35:54+00:00\" \/>\n<meta property=\"article:modified_time\" content=\"2026-02-11T19:35:55+00:00\" \/>\n<meta property=\"og:image\" content=\"https:\/\/www.crea.gov.co\/crea-roma\/wp-content\/uploads\/sites\/10\/2026\/02\/WhatsApp-Image-2026-02-05-at-2.33.39-PM.jpeg\" \/>\n\t<meta property=\"og:image:width\" content=\"1080\" \/>\n\t<meta property=\"og:image:height\" content=\"1350\" \/>\n\t<meta property=\"og:image:type\" content=\"image\/jpeg\" \/>\n<meta name=\"author\" content=\"crearoma\" \/>\n<meta name=\"twitter:card\" content=\"summary_large_image\" \/>\n<meta name=\"twitter:label1\" content=\"Escrito por\" \/>\n\t<meta name=\"twitter:data1\" content=\"crearoma\" \/>\n\t<meta name=\"twitter:label2\" content=\"Tiempo de lectura\" \/>\n\t<meta name=\"twitter:data2\" content=\"3 minutos\" \/>\n<script type=\"application\/ld+json\" class=\"yoast-schema-graph\">{\"@context\":\"https:\/\/schema.org\",\"@graph\":[{\"@type\":\"WebPage\",\"@id\":\"https:\/\/www.crea.gov.co\/crea-roma\/centro-dia-al-barrio-llega-a-la-localidad-de-kennedy\/\",\"url\":\"https:\/\/www.crea.gov.co\/crea-roma\/centro-dia-al-barrio-llega-a-la-localidad-de-kennedy\/\",\"name\":\"Centro D\u00eda al Barrio llega a la localidad de Kennedy - Crea Roma\",\"isPartOf\":{\"@id\":\"https:\/\/www.crea.gov.co\/crea-roma\/#website\"},\"primaryImageOfPage\":{\"@id\":\"https:\/\/www.crea.gov.co\/crea-roma\/centro-dia-al-barrio-llega-a-la-localidad-de-kennedy\/#primaryimage\"},\"image\":{\"@id\":\"https:\/\/www.crea.gov.co\/crea-roma\/centro-dia-al-barrio-llega-a-la-localidad-de-kennedy\/#primaryimage\"},\"thumbnailUrl\":\"https:\/\/www.crea.gov.co\/crea-roma\/wp-content\/uploads\/sites\/10\/2026\/02\/WhatsApp-Image-2026-02-05-at-2.33.39-PM.jpeg\",\"datePublished\":\"2026-02-11T19:35:54+00:00\",\"dateModified\":\"2026-02-11T19:35:55+00:00\",\"author\":{\"@id\":\"https:\/\/www.crea.gov.co\/crea-roma\/#\/schema\/person\/98d3131acf7d36de9766d95e8154256d\"},\"breadcrumb\":{\"@id\":\"https:\/\/www.crea.gov.co\/crea-roma\/centro-dia-al-barrio-llega-a-la-localidad-de-kennedy\/#breadcrumb\"},\"inLanguage\":\"es-CO\",\"potentialAction\":[{\"@type\":\"ReadAction\",\"target\":[\"https:\/\/www.crea.gov.co\/crea-roma\/centro-dia-al-barrio-llega-a-la-localidad-de-kennedy\/\"]}]},{\"@type\":\"ImageObject\",\"inLanguage\":\"es-CO\",\"@id\":\"https:\/\/www.crea.gov.co\/crea-roma\/centro-dia-al-barrio-llega-a-la-localidad-de-kennedy\/#primaryimage\",\"url\":\"https:\/\/www.crea.gov.co\/crea-roma\/wp-content\/uploads\/sites\/10\/2026\/02\/WhatsApp-Image-2026-02-05-at-2.33.39-PM.jpeg\",\"contentUrl\":\"https:\/\/www.crea.gov.co\/crea-roma\/wp-content\/uploads\/sites\/10\/2026\/02\/WhatsApp-Image-2026-02-05-at-2.33.39-PM.jpeg\",\"width\":1080,\"height\":1350},{\"@type\":\"BreadcrumbList\",\"@id\":\"https:\/\/www.crea.gov.co\/crea-roma\/centro-dia-al-barrio-llega-a-la-localidad-de-kennedy\/#breadcrumb\",\"itemListElement\":[{\"@type\":\"ListItem\",\"position\":1,\"name\":\"Home\",\"item\":\"https:\/\/www.crea.gov.co\/crea-roma\/\"},{\"@type\":\"ListItem\",\"position\":2,\"name\":\"Centro D\u00eda al Barrio llega a la localidad de Kennedy\"}]},{\"@type\":\"WebSite\",\"@id\":\"https:\/\/www.crea.gov.co\/crea-roma\/#website\",\"url\":\"https:\/\/www.crea.gov.co\/crea-roma\/\",\"name\":\"Crea Roma\",\"description\":\"En Kennedy, rodeado de conjuntos y calles que guardan historias de familias que han crecido en el barrio, este espacio es un lugar donde la creatividad se entrelaza con la vida cotidiana. Aqu\u00ed, los lenguajes art\u00edsticos fortalecen lazos y dan voz a las experiencias de una comunidad que se reconoce en lo colectivo.\",\"potentialAction\":[{\"@type\":\"SearchAction\",\"target\":{\"@type\":\"EntryPoint\",\"urlTemplate\":\"https:\/\/www.crea.gov.co\/crea-roma\/?s={search_term_string}\"},\"query-input\":{\"@type\":\"PropertyValueSpecification\",\"valueRequired\":true,\"valueName\":\"search_term_string\"}}],\"inLanguage\":\"es-CO\"},{\"@type\":\"Person\",\"@id\":\"https:\/\/www.crea.gov.co\/crea-roma\/#\/schema\/person\/98d3131acf7d36de9766d95e8154256d\",\"name\":\"crearoma\",\"image\":{\"@type\":\"ImageObject\",\"inLanguage\":\"es-CO\",\"@id\":\"https:\/\/www.crea.gov.co\/crea-roma\/#\/schema\/person\/image\/\",\"url\":\"https:\/\/secure.gravatar.com\/avatar\/a932fc1012aeb823a10fc90d54ba8dd3?s=96&d=mm&r=g\",\"contentUrl\":\"https:\/\/secure.gravatar.com\/avatar\/a932fc1012aeb823a10fc90d54ba8dd3?s=96&d=mm&r=g\",\"caption\":\"crearoma\"},\"url\":\"https:\/\/www.crea.gov.co\/crea-roma\/author\/crearoma\/\"}]}<\/script>\n<!-- \/ Yoast SEO plugin. -->","yoast_head_json":{"title":"Centro D\u00eda al Barrio llega a la localidad de Kennedy - Crea Roma","robots":{"index":"index","follow":"follow","max-snippet":"max-snippet:-1","max-image-preview":"max-image-preview:large","max-video-preview":"max-video-preview:-1"},"canonical":"https:\/\/www.crea.gov.co\/crea-roma\/centro-dia-al-barrio-llega-a-la-localidad-de-kennedy\/","og_locale":"es_ES","og_type":"article","og_title":"Centro D\u00eda al Barrio llega a la localidad de Kennedy - Crea Roma","og_description":"La Modalidad Centro D\u00eda al Barrio de la Secretar\u00eda Distrital de Integraci\u00f3n Social, en convenio con el Instituto Distrital de las Artes \u2013 IDARTES, invita cordialmente a la comunidad a participar en el proceso de formaci\u00f3n:\u00a0 TALLERES DE DANZA \u00a0dirigido a personas mayores (60 cumplidos o m\u00e1s) interesadas en fortalecer su bienestar a trav\u00e9s del [&hellip;]","og_url":"https:\/\/www.crea.gov.co\/crea-roma\/centro-dia-al-barrio-llega-a-la-localidad-de-kennedy\/","og_site_name":"Crea Roma","article_published_time":"2026-02-11T19:35:54+00:00","article_modified_time":"2026-02-11T19:35:55+00:00","og_image":[{"width":1080,"height":1350,"url":"https:\/\/www.crea.gov.co\/crea-roma\/wp-content\/uploads\/sites\/10\/2026\/02\/WhatsApp-Image-2026-02-05-at-2.33.39-PM.jpeg","type":"image\/jpeg"}],"author":"crearoma","twitter_card":"summary_large_image","twitter_misc":{"Escrito por":"crearoma","Tiempo de lectura":"3 minutos"},"schema":{"@context":"https:\/\/schema.org","@graph":[{"@type":"WebPage","@id":"https:\/\/www.crea.gov.co\/crea-roma\/centro-dia-al-barrio-llega-a-la-localidad-de-kennedy\/","url":"https:\/\/www.crea.gov.co\/crea-roma\/centro-dia-al-barrio-llega-a-la-localidad-de-kennedy\/","name":"Centro D\u00eda al Barrio llega a la localidad de Kennedy - Crea Roma","isPartOf":{"@id":"https:\/\/www.crea.gov.co\/crea-roma\/#website"},"primaryImageOfPage":{"@id":"https:\/\/www.crea.gov.co\/crea-roma\/centro-dia-al-barrio-llega-a-la-localidad-de-kennedy\/#primaryimage"},"image":{"@id":"https:\/\/www.crea.gov.co\/crea-roma\/centro-dia-al-barrio-llega-a-la-localidad-de-kennedy\/#primaryimage"},"thumbnailUrl":"https:\/\/www.crea.gov.co\/crea-roma\/wp-content\/uploads\/sites\/10\/2026\/02\/WhatsApp-Image-2026-02-05-at-2.33.39-PM.jpeg","datePublished":"2026-02-11T19:35:54+00:00","dateModified":"2026-02-11T19:35:55+00:00","author":{"@id":"https:\/\/www.crea.gov.co\/crea-roma\/#\/schema\/person\/98d3131acf7d36de9766d95e8154256d"},"breadcrumb":{"@id":"https:\/\/www.crea.gov.co\/crea-roma\/centro-dia-al-barrio-llega-a-la-localidad-de-kennedy\/#breadcrumb"},"inLanguage":"es-CO","potentialAction":[{"@type":"ReadAction","target":["https:\/\/www.crea.gov.co\/crea-roma\/centro-dia-al-barrio-llega-a-la-localidad-de-kennedy\/"]}]},{"@type":"ImageObject","inLanguage":"es-CO","@id":"https:\/\/www.crea.gov.co\/crea-roma\/centro-dia-al-barrio-llega-a-la-localidad-de-kennedy\/#primaryimage","url":"https:\/\/www.crea.gov.co\/crea-roma\/wp-content\/uploads\/sites\/10\/2026\/02\/WhatsApp-Image-2026-02-05-at-2.33.39-PM.jpeg","contentUrl":"https:\/\/www.crea.gov.co\/crea-roma\/wp-content\/uploads\/sites\/10\/2026\/02\/WhatsApp-Image-2026-02-05-at-2.33.39-PM.jpeg","width":1080,"height":1350},{"@type":"BreadcrumbList","@id":"https:\/\/www.crea.gov.co\/crea-roma\/centro-dia-al-barrio-llega-a-la-localidad-de-kennedy\/#breadcrumb","itemListElement":[{"@type":"ListItem","position":1,"name":"Home","item":"https:\/\/www.crea.gov.co\/crea-roma\/"},{"@type":"ListItem","position":2,"name":"Centro D\u00eda al Barrio llega a la localidad de Kennedy"}]},{"@type":"WebSite","@id":"https:\/\/www.crea.gov.co\/crea-roma\/#website","url":"https:\/\/www.crea.gov.co\/crea-roma\/","name":"Crea Roma","description":"En Kennedy, rodeado de conjuntos y calles que guardan historias de familias que han crecido en el barrio, este espacio es un lugar donde la creatividad se entrelaza con la vida cotidiana. Aqu\u00ed, los lenguajes art\u00edsticos fortalecen lazos y dan voz a las experiencias de una comunidad que se reconoce en lo colectivo.","potentialAction":[{"@type":"SearchAction","target":{"@type":"EntryPoint","urlTemplate":"https:\/\/www.crea.gov.co\/crea-roma\/?s={search_term_string}"},"query-input":{"@type":"PropertyValueSpecification","valueRequired":true,"valueName":"search_term_string"}}],"inLanguage":"es-CO"},{"@type":"Person","@id":"https:\/\/www.crea.gov.co\/crea-roma\/#\/schema\/person\/98d3131acf7d36de9766d95e8154256d","name":"crearoma","image":{"@type":"ImageObject","inLanguage":"es-CO","@id":"https:\/\/www.crea.gov.co\/crea-roma\/#\/schema\/person\/image\/","url":"https:\/\/secure.gravatar.com\/avatar\/a932fc1012aeb823a10fc90d54ba8dd3?s=96&d=mm&r=g","contentUrl":"https:\/\/secure.gravatar.com\/avatar\/a932fc1012aeb823a10fc90d54ba8dd3?s=96&d=mm&r=g","caption":"crearoma"},"url":"https:\/\/www.crea.gov.co\/crea-roma\/author\/crearoma\/"}]}},"_links":{"self":[{"href":"https:\/\/www.crea.gov.co\/crea-roma\/wp-json\/wp\/v2\/posts\/1709","targetHints":{"allow":["GET"]}}],"collection":[{"href":"https:\/\/www.crea.gov.co\/crea-roma\/wp-json\/wp\/v2\/posts"}],"about":[{"href":"https:\/\/www.crea.gov.co\/crea-roma\/wp-json\/wp\/v2\/types\/post"}],"author":[{"embeddable":true,"href":"https:\/\/www.crea.gov.co\/crea-roma\/wp-json\/wp\/v2\/users\/89"}],"replies":[{"embeddable":true,"href":"https:\/\/www.crea.gov.co\/crea-roma\/wp-json\/wp\/v2\/comments?post=1709"}],"version-history":[{"count":1,"href":"https:\/\/www.crea.gov.co\/crea-roma\/wp-json\/wp\/v2\/posts\/1709\/revisions"}],"predecessor-version":[{"id":1711,"href":"https:\/\/www.crea.gov.co\/crea-roma\/wp-json\/wp\/v2\/posts\/1709\/revisions\/1711"}],"wp:featuredmedia":[{"embeddable":true,"href":"https:\/\/www.crea.gov.co\/crea-roma\/wp-json\/wp\/v2\/media\/1710"}],"wp:attachment":[{"href":"https:\/\/www.crea.gov.co\/crea-roma\/wp-json\/wp\/v2\/media?parent=1709"}],"wp:term":[{"taxonomy":"category","embeddable":true,"href":"https:\/\/www.crea.gov.co\/crea-roma\/wp-json\/wp\/v2\/categories?post=1709"},{"taxonomy":"post_tag","embeddable":true,"href":"https:\/\/www.crea.gov.co\/crea-roma\/wp-json\/wp\/v2\/tags?post=1709"}],"curies":[{"name":"wp","href":"https:\/\/api.w.org\/{rel}","templated":true}]}}