{"id":1703,"date":"2026-02-11T19:18:03","date_gmt":"2026-02-11T19:18:03","guid":{"rendered":"https:\/\/www.crea.gov.co\/crea-roma\/?p=1703"},"modified":"2026-02-26T22:23:38","modified_gmt":"2026-02-26T22:23:38","slug":"crea-roma-2026","status":"publish","type":"post","link":"https:\/\/www.crea.gov.co\/crea-roma\/crea-roma-2026\/","title":{"rendered":"\u00a1CREA ROMA 2026!"},"content":{"rendered":"\n<p><em>&#8220;Queremos que cada participante encuentre en CREA su segundo segundo hogar, un<br>espacio inclusivo donde la creatividad no tenga l\u00edmites ni etiquetas&#8221;<\/em><\/p>\n\n\n\n<figure class=\"wp-block-image size-large is-style-default\"><img loading=\"lazy\" decoding=\"async\" width=\"820\" height=\"1024\" src=\"https:\/\/www.crea.gov.co\/crea-roma\/wp-content\/uploads\/sites\/10\/2026\/02\/7.-Fotografia_-@adrenalina________-_-Lina-Pachon-1-820x1024.jpg\" alt=\"\" class=\"wp-image-1706\" style=\"aspect-ratio:1;object-fit:cover\" srcset=\"https:\/\/www.crea.gov.co\/crea-roma\/wp-content\/uploads\/sites\/10\/2026\/02\/7.-Fotografia_-@adrenalina________-_-Lina-Pachon-1-820x1024.jpg 820w, https:\/\/www.crea.gov.co\/crea-roma\/wp-content\/uploads\/sites\/10\/2026\/02\/7.-Fotografia_-@adrenalina________-_-Lina-Pachon-1-240x300.jpg 240w, https:\/\/www.crea.gov.co\/crea-roma\/wp-content\/uploads\/sites\/10\/2026\/02\/7.-Fotografia_-@adrenalina________-_-Lina-Pachon-1-768x959.jpg 768w, https:\/\/www.crea.gov.co\/crea-roma\/wp-content\/uploads\/sites\/10\/2026\/02\/7.-Fotografia_-@adrenalina________-_-Lina-Pachon-1-1230x1536.jpg 1230w, https:\/\/www.crea.gov.co\/crea-roma\/wp-content\/uploads\/sites\/10\/2026\/02\/7.-Fotografia_-@adrenalina________-_-Lina-Pachon-1-1640x2048.jpg 1640w\" sizes=\"auto, (max-width: 820px) 100vw, 820px\" \/><\/figure>\n\n\n\n<p class=\"has-medium-font-size\">\u00a1Kennedy vibra con creatividad! El&nbsp;CREA Roma, en el coraz\u00f3n de la localidad, extiende<br>una c\u00e1lida invitaci\u00f3n a bogotanos \u2013especialmente kennedianos\u2013 para transformar su<br>tiempo libre en experiencias art\u00edsticas \u00fanicas. Con el objetivo de descentralizar la<br>cultura y ofrecer formaci\u00f3n de alta calidad, la Gerencia CREA del Instituto Distrital de<br>las Artes anuncia los talleres gratuitos&nbsp;en&nbsp;Danza, M\u00fasica, Teatro, Literatura, Artes<br>Pl\u00e1sticas y Audiovisuales para el 2026.<\/p>\n\n\n\n<p class=\"has-medium-font-size\"><strong>\u00bfQui\u00e9nes pueden participar?<\/strong><br>\u2022 P\u00fablico: Ni\u00f1os y ni\u00f1as desde los 6 a\u00f1os, j\u00f3venes, adultos y personas mayores.<br>\u2022 Beneficios: 100% gratuitos, con materiales b\u00e1sicos incluidos para enfocarte solo en tu talento.<br>No importa si es tu primera vez con el arte o si ya tienes experiencia, estos talleres<\/p>\n\n\n\n<p class=\"has-medium-font-size\"><br>est\u00e1n dise\u00f1ados para todos, fomentando el descubrimiento y el crecimiento creativo.<\/p>\n\n\n\n<p class=\"has-medium-font-size\"><strong>\u00bfC\u00f3mo participar?<\/strong><\/p>\n\n\n\n<p class=\"has-medium-font-size\">Para asegurar tu cupo en el&nbsp;CREA Roma&nbsp;(Calle 55 sur # 79G &#8211; 09) o en cualquier otro<br>centro de la ciudad, los interesados deben acercarse con los siguientes documentos:<\/p>\n\n\n\n<ol class=\"wp-block-list\">\n<li class=\"has-medium-font-size\">Fotocopia del documento de identidad.<\/li>\n\n\n\n<li class=\"has-medium-font-size\">Fotocopia de un recibo de servicio p\u00fablico&nbsp;(luz, agua o gas).<\/li>\n\n\n\n<li class=\"has-medium-font-size\">Certificado de afiliaci\u00f3n a salud&nbsp;(EPS o SISBEN).<\/li>\n<\/ol>\n\n\n\n<figure class=\"wp-block-image size-large\"><img loading=\"lazy\" decoding=\"async\" width=\"1024\" height=\"784\" src=\"https:\/\/www.crea.gov.co\/crea-roma\/wp-content\/uploads\/sites\/10\/2026\/02\/convocatoria_Mesa-de-trabajo-1-1-1536x1187-1-1024x784.png\" alt=\"\" class=\"wp-image-1707\" srcset=\"https:\/\/www.crea.gov.co\/crea-roma\/wp-content\/uploads\/sites\/10\/2026\/02\/convocatoria_Mesa-de-trabajo-1-1-1536x1187-1-1024x784.png 1024w, https:\/\/www.crea.gov.co\/crea-roma\/wp-content\/uploads\/sites\/10\/2026\/02\/convocatoria_Mesa-de-trabajo-1-1-1536x1187-1-300x230.png 300w, https:\/\/www.crea.gov.co\/crea-roma\/wp-content\/uploads\/sites\/10\/2026\/02\/convocatoria_Mesa-de-trabajo-1-1-1536x1187-1-768x588.png 768w, https:\/\/www.crea.gov.co\/crea-roma\/wp-content\/uploads\/sites\/10\/2026\/02\/convocatoria_Mesa-de-trabajo-1-1-1536x1187-1-1536x1176.png 1536w, https:\/\/www.crea.gov.co\/crea-roma\/wp-content\/uploads\/sites\/10\/2026\/02\/convocatoria_Mesa-de-trabajo-1-1-1536x1187-1.png 1551w\" sizes=\"auto, (max-width: 1024px) 100vw, 1024px\" \/><\/figure>\n\n\n\n<figure class=\"wp-block-image size-large\"><img loading=\"lazy\" decoding=\"async\" width=\"681\" height=\"1024\" src=\"https:\/\/www.crea.gov.co\/crea-roma\/wp-content\/uploads\/sites\/10\/2026\/02\/Crea_afiche-tabloide_compartir-681x1024.jpg\" alt=\"\" class=\"wp-image-1712\" srcset=\"https:\/\/www.crea.gov.co\/crea-roma\/wp-content\/uploads\/sites\/10\/2026\/02\/Crea_afiche-tabloide_compartir-681x1024.jpg 681w, https:\/\/www.crea.gov.co\/crea-roma\/wp-content\/uploads\/sites\/10\/2026\/02\/Crea_afiche-tabloide_compartir-200x300.jpg 200w, https:\/\/www.crea.gov.co\/crea-roma\/wp-content\/uploads\/sites\/10\/2026\/02\/Crea_afiche-tabloide_compartir-768x1155.jpg 768w, https:\/\/www.crea.gov.co\/crea-roma\/wp-content\/uploads\/sites\/10\/2026\/02\/Crea_afiche-tabloide_compartir-1022x1536.jpg 1022w, https:\/\/www.crea.gov.co\/crea-roma\/wp-content\/uploads\/sites\/10\/2026\/02\/Crea_afiche-tabloide_compartir-1362x2048.jpg 1362w, https:\/\/www.crea.gov.co\/crea-roma\/wp-content\/uploads\/sites\/10\/2026\/02\/Crea_afiche-tabloide_compartir-scaled.jpg 1703w\" sizes=\"auto, (max-width: 681px) 100vw, 681px\" \/><\/figure>\n","protected":false},"excerpt":{"rendered":"<p>&#8220;Queremos que cada participante encuentre en CREA su segundo segundo hogar, unespacio inclusivo donde la creatividad no tenga l\u00edmites ni etiquetas&#8221; \u00a1Kennedy vibra con creatividad! El&nbsp;CREA Roma, en el coraz\u00f3n de la localidad, extiendeuna c\u00e1lida invitaci\u00f3n a bogotanos \u2013especialmente kennedianos\u2013 para transformar sutiempo libre en experiencias art\u00edsticas \u00fanicas. Con el objetivo de descentralizar lacultura y [&hellip;]<\/p>\n","protected":false},"author":89,"featured_media":1706,"comment_status":"open","ping_status":"open","sticky":false,"template":"","format":"standard","meta":{"footnotes":""},"categories":[1],"tags":[],"class_list":["post-1703","post","type-post","status-publish","format-standard","has-post-thumbnail","hentry","category-sin-categoria"],"yoast_head":"<!-- This site is optimized with the Yoast SEO plugin v24.5 - https:\/\/yoast.com\/wordpress\/plugins\/seo\/ -->\n<title>\u00a1CREA ROMA 2026! - Crea Roma<\/title>\n<meta name=\"robots\" content=\"index, follow, max-snippet:-1, max-image-preview:large, max-video-preview:-1\" \/>\n<link rel=\"canonical\" href=\"https:\/\/www.crea.gov.co\/crea-roma\/crea-roma-2026\/\" \/>\n<meta property=\"og:locale\" content=\"es_ES\" \/>\n<meta property=\"og:type\" content=\"article\" \/>\n<meta property=\"og:title\" content=\"\u00a1CREA ROMA 2026! - Crea Roma\" \/>\n<meta property=\"og:description\" content=\"&#8220;Queremos que cada participante encuentre en CREA su segundo segundo hogar, unespacio inclusivo donde la creatividad no tenga l\u00edmites ni etiquetas&#8221; \u00a1Kennedy vibra con creatividad! El&nbsp;CREA Roma, en el coraz\u00f3n de la localidad, extiendeuna c\u00e1lida invitaci\u00f3n a bogotanos \u2013especialmente kennedianos\u2013 para transformar sutiempo libre en experiencias art\u00edsticas \u00fanicas. Con el objetivo de descentralizar lacultura y [&hellip;]\" \/>\n<meta property=\"og:url\" content=\"https:\/\/www.crea.gov.co\/crea-roma\/crea-roma-2026\/\" \/>\n<meta property=\"og:site_name\" content=\"Crea Roma\" \/>\n<meta property=\"article:published_time\" content=\"2026-02-11T19:18:03+00:00\" \/>\n<meta property=\"article:modified_time\" content=\"2026-02-26T22:23:38+00:00\" \/>\n<meta property=\"og:image\" content=\"https:\/\/www.crea.gov.co\/crea-roma\/wp-content\/uploads\/sites\/10\/2026\/02\/7.-Fotografia_-@adrenalina________-_-Lina-Pachon-1-scaled.jpg\" \/>\n\t<meta property=\"og:image:width\" content=\"2050\" \/>\n\t<meta property=\"og:image:height\" content=\"2560\" \/>\n\t<meta property=\"og:image:type\" content=\"image\/jpeg\" \/>\n<meta name=\"author\" content=\"crearoma\" \/>\n<meta name=\"twitter:card\" content=\"summary_large_image\" \/>\n<meta name=\"twitter:label1\" content=\"Escrito por\" \/>\n\t<meta name=\"twitter:data1\" content=\"crearoma\" \/>\n\t<meta name=\"twitter:label2\" content=\"Tiempo de lectura\" \/>\n\t<meta name=\"twitter:data2\" content=\"2 minutos\" \/>\n<script type=\"application\/ld+json\" class=\"yoast-schema-graph\">{\"@context\":\"https:\/\/schema.org\",\"@graph\":[{\"@type\":\"WebPage\",\"@id\":\"https:\/\/www.crea.gov.co\/crea-roma\/crea-roma-2026\/\",\"url\":\"https:\/\/www.crea.gov.co\/crea-roma\/crea-roma-2026\/\",\"name\":\"\u00a1CREA ROMA 2026! - Crea Roma\",\"isPartOf\":{\"@id\":\"https:\/\/www.crea.gov.co\/crea-roma\/#website\"},\"primaryImageOfPage\":{\"@id\":\"https:\/\/www.crea.gov.co\/crea-roma\/crea-roma-2026\/#primaryimage\"},\"image\":{\"@id\":\"https:\/\/www.crea.gov.co\/crea-roma\/crea-roma-2026\/#primaryimage\"},\"thumbnailUrl\":\"https:\/\/www.crea.gov.co\/crea-roma\/wp-content\/uploads\/sites\/10\/2026\/02\/7.-Fotografia_-@adrenalina________-_-Lina-Pachon-1-scaled.jpg\",\"datePublished\":\"2026-02-11T19:18:03+00:00\",\"dateModified\":\"2026-02-26T22:23:38+00:00\",\"author\":{\"@id\":\"https:\/\/www.crea.gov.co\/crea-roma\/#\/schema\/person\/98d3131acf7d36de9766d95e8154256d\"},\"breadcrumb\":{\"@id\":\"https:\/\/www.crea.gov.co\/crea-roma\/crea-roma-2026\/#breadcrumb\"},\"inLanguage\":\"es-CO\",\"potentialAction\":[{\"@type\":\"ReadAction\",\"target\":[\"https:\/\/www.crea.gov.co\/crea-roma\/crea-roma-2026\/\"]}]},{\"@type\":\"ImageObject\",\"inLanguage\":\"es-CO\",\"@id\":\"https:\/\/www.crea.gov.co\/crea-roma\/crea-roma-2026\/#primaryimage\",\"url\":\"https:\/\/www.crea.gov.co\/crea-roma\/wp-content\/uploads\/sites\/10\/2026\/02\/7.-Fotografia_-@adrenalina________-_-Lina-Pachon-1-scaled.jpg\",\"contentUrl\":\"https:\/\/www.crea.gov.co\/crea-roma\/wp-content\/uploads\/sites\/10\/2026\/02\/7.-Fotografia_-@adrenalina________-_-Lina-Pachon-1-scaled.jpg\",\"width\":2050,\"height\":2560},{\"@type\":\"BreadcrumbList\",\"@id\":\"https:\/\/www.crea.gov.co\/crea-roma\/crea-roma-2026\/#breadcrumb\",\"itemListElement\":[{\"@type\":\"ListItem\",\"position\":1,\"name\":\"Home\",\"item\":\"https:\/\/www.crea.gov.co\/crea-roma\/\"},{\"@type\":\"ListItem\",\"position\":2,\"name\":\"\u00a1CREA ROMA 2026!\"}]},{\"@type\":\"WebSite\",\"@id\":\"https:\/\/www.crea.gov.co\/crea-roma\/#website\",\"url\":\"https:\/\/www.crea.gov.co\/crea-roma\/\",\"name\":\"Crea Roma\",\"description\":\"En Kennedy, rodeado de conjuntos y calles que guardan historias de familias que han crecido en el barrio, este espacio es un lugar donde la creatividad se entrelaza con la vida cotidiana. Aqu\u00ed, los lenguajes art\u00edsticos fortalecen lazos y dan voz a las experiencias de una comunidad que se reconoce en lo colectivo.\",\"potentialAction\":[{\"@type\":\"SearchAction\",\"target\":{\"@type\":\"EntryPoint\",\"urlTemplate\":\"https:\/\/www.crea.gov.co\/crea-roma\/?s={search_term_string}\"},\"query-input\":{\"@type\":\"PropertyValueSpecification\",\"valueRequired\":true,\"valueName\":\"search_term_string\"}}],\"inLanguage\":\"es-CO\"},{\"@type\":\"Person\",\"@id\":\"https:\/\/www.crea.gov.co\/crea-roma\/#\/schema\/person\/98d3131acf7d36de9766d95e8154256d\",\"name\":\"crearoma\",\"image\":{\"@type\":\"ImageObject\",\"inLanguage\":\"es-CO\",\"@id\":\"https:\/\/www.crea.gov.co\/crea-roma\/#\/schema\/person\/image\/\",\"url\":\"https:\/\/secure.gravatar.com\/avatar\/a932fc1012aeb823a10fc90d54ba8dd3?s=96&d=mm&r=g\",\"contentUrl\":\"https:\/\/secure.gravatar.com\/avatar\/a932fc1012aeb823a10fc90d54ba8dd3?s=96&d=mm&r=g\",\"caption\":\"crearoma\"},\"url\":\"https:\/\/www.crea.gov.co\/crea-roma\/author\/crearoma\/\"}]}<\/script>\n<!-- \/ Yoast SEO plugin. -->","yoast_head_json":{"title":"\u00a1CREA ROMA 2026! - Crea Roma","robots":{"index":"index","follow":"follow","max-snippet":"max-snippet:-1","max-image-preview":"max-image-preview:large","max-video-preview":"max-video-preview:-1"},"canonical":"https:\/\/www.crea.gov.co\/crea-roma\/crea-roma-2026\/","og_locale":"es_ES","og_type":"article","og_title":"\u00a1CREA ROMA 2026! - Crea Roma","og_description":"&#8220;Queremos que cada participante encuentre en CREA su segundo segundo hogar, unespacio inclusivo donde la creatividad no tenga l\u00edmites ni etiquetas&#8221; \u00a1Kennedy vibra con creatividad! El&nbsp;CREA Roma, en el coraz\u00f3n de la localidad, extiendeuna c\u00e1lida invitaci\u00f3n a bogotanos \u2013especialmente kennedianos\u2013 para transformar sutiempo libre en experiencias art\u00edsticas \u00fanicas. Con el objetivo de descentralizar lacultura y [&hellip;]","og_url":"https:\/\/www.crea.gov.co\/crea-roma\/crea-roma-2026\/","og_site_name":"Crea Roma","article_published_time":"2026-02-11T19:18:03+00:00","article_modified_time":"2026-02-26T22:23:38+00:00","og_image":[{"width":2050,"height":2560,"url":"https:\/\/www.crea.gov.co\/crea-roma\/wp-content\/uploads\/sites\/10\/2026\/02\/7.-Fotografia_-@adrenalina________-_-Lina-Pachon-1-scaled.jpg","type":"image\/jpeg"}],"author":"crearoma","twitter_card":"summary_large_image","twitter_misc":{"Escrito por":"crearoma","Tiempo de lectura":"2 minutos"},"schema":{"@context":"https:\/\/schema.org","@graph":[{"@type":"WebPage","@id":"https:\/\/www.crea.gov.co\/crea-roma\/crea-roma-2026\/","url":"https:\/\/www.crea.gov.co\/crea-roma\/crea-roma-2026\/","name":"\u00a1CREA ROMA 2026! - Crea Roma","isPartOf":{"@id":"https:\/\/www.crea.gov.co\/crea-roma\/#website"},"primaryImageOfPage":{"@id":"https:\/\/www.crea.gov.co\/crea-roma\/crea-roma-2026\/#primaryimage"},"image":{"@id":"https:\/\/www.crea.gov.co\/crea-roma\/crea-roma-2026\/#primaryimage"},"thumbnailUrl":"https:\/\/www.crea.gov.co\/crea-roma\/wp-content\/uploads\/sites\/10\/2026\/02\/7.-Fotografia_-@adrenalina________-_-Lina-Pachon-1-scaled.jpg","datePublished":"2026-02-11T19:18:03+00:00","dateModified":"2026-02-26T22:23:38+00:00","author":{"@id":"https:\/\/www.crea.gov.co\/crea-roma\/#\/schema\/person\/98d3131acf7d36de9766d95e8154256d"},"breadcrumb":{"@id":"https:\/\/www.crea.gov.co\/crea-roma\/crea-roma-2026\/#breadcrumb"},"inLanguage":"es-CO","potentialAction":[{"@type":"ReadAction","target":["https:\/\/www.crea.gov.co\/crea-roma\/crea-roma-2026\/"]}]},{"@type":"ImageObject","inLanguage":"es-CO","@id":"https:\/\/www.crea.gov.co\/crea-roma\/crea-roma-2026\/#primaryimage","url":"https:\/\/www.crea.gov.co\/crea-roma\/wp-content\/uploads\/sites\/10\/2026\/02\/7.-Fotografia_-@adrenalina________-_-Lina-Pachon-1-scaled.jpg","contentUrl":"https:\/\/www.crea.gov.co\/crea-roma\/wp-content\/uploads\/sites\/10\/2026\/02\/7.-Fotografia_-@adrenalina________-_-Lina-Pachon-1-scaled.jpg","width":2050,"height":2560},{"@type":"BreadcrumbList","@id":"https:\/\/www.crea.gov.co\/crea-roma\/crea-roma-2026\/#breadcrumb","itemListElement":[{"@type":"ListItem","position":1,"name":"Home","item":"https:\/\/www.crea.gov.co\/crea-roma\/"},{"@type":"ListItem","position":2,"name":"\u00a1CREA ROMA 2026!"}]},{"@type":"WebSite","@id":"https:\/\/www.crea.gov.co\/crea-roma\/#website","url":"https:\/\/www.crea.gov.co\/crea-roma\/","name":"Crea Roma","description":"En Kennedy, rodeado de conjuntos y calles que guardan historias de familias que han crecido en el barrio, este espacio es un lugar donde la creatividad se entrelaza con la vida cotidiana. Aqu\u00ed, los lenguajes art\u00edsticos fortalecen lazos y dan voz a las experiencias de una comunidad que se reconoce en lo colectivo.","potentialAction":[{"@type":"SearchAction","target":{"@type":"EntryPoint","urlTemplate":"https:\/\/www.crea.gov.co\/crea-roma\/?s={search_term_string}"},"query-input":{"@type":"PropertyValueSpecification","valueRequired":true,"valueName":"search_term_string"}}],"inLanguage":"es-CO"},{"@type":"Person","@id":"https:\/\/www.crea.gov.co\/crea-roma\/#\/schema\/person\/98d3131acf7d36de9766d95e8154256d","name":"crearoma","image":{"@type":"ImageObject","inLanguage":"es-CO","@id":"https:\/\/www.crea.gov.co\/crea-roma\/#\/schema\/person\/image\/","url":"https:\/\/secure.gravatar.com\/avatar\/a932fc1012aeb823a10fc90d54ba8dd3?s=96&d=mm&r=g","contentUrl":"https:\/\/secure.gravatar.com\/avatar\/a932fc1012aeb823a10fc90d54ba8dd3?s=96&d=mm&r=g","caption":"crearoma"},"url":"https:\/\/www.crea.gov.co\/crea-roma\/author\/crearoma\/"}]}},"_links":{"self":[{"href":"https:\/\/www.crea.gov.co\/crea-roma\/wp-json\/wp\/v2\/posts\/1703","targetHints":{"allow":["GET"]}}],"collection":[{"href":"https:\/\/www.crea.gov.co\/crea-roma\/wp-json\/wp\/v2\/posts"}],"about":[{"href":"https:\/\/www.crea.gov.co\/crea-roma\/wp-json\/wp\/v2\/types\/post"}],"author":[{"embeddable":true,"href":"https:\/\/www.crea.gov.co\/crea-roma\/wp-json\/wp\/v2\/users\/89"}],"replies":[{"embeddable":true,"href":"https:\/\/www.crea.gov.co\/crea-roma\/wp-json\/wp\/v2\/comments?post=1703"}],"version-history":[{"count":2,"href":"https:\/\/www.crea.gov.co\/crea-roma\/wp-json\/wp\/v2\/posts\/1703\/revisions"}],"predecessor-version":[{"id":1749,"href":"https:\/\/www.crea.gov.co\/crea-roma\/wp-json\/wp\/v2\/posts\/1703\/revisions\/1749"}],"wp:featuredmedia":[{"embeddable":true,"href":"https:\/\/www.crea.gov.co\/crea-roma\/wp-json\/wp\/v2\/media\/1706"}],"wp:attachment":[{"href":"https:\/\/www.crea.gov.co\/crea-roma\/wp-json\/wp\/v2\/media?parent=1703"}],"wp:term":[{"taxonomy":"category","embeddable":true,"href":"https:\/\/www.crea.gov.co\/crea-roma\/wp-json\/wp\/v2\/categories?post=1703"},{"taxonomy":"post_tag","embeddable":true,"href":"https:\/\/www.crea.gov.co\/crea-roma\/wp-json\/wp\/v2\/tags?post=1703"}],"curies":[{"name":"wp","href":"https:\/\/api.w.org\/{rel}","templated":true}]}}