{"id":1691,"date":"2025-12-16T16:51:33","date_gmt":"2025-12-16T16:51:33","guid":{"rendered":"https:\/\/www.crea.gov.co\/crea-roma\/?p=1691"},"modified":"2025-12-16T16:51:33","modified_gmt":"2025-12-16T16:51:33","slug":"%f0%9f%8e%b6-la-musica-tejio-memorias-y-encuentros-junto-a-los-duros-del-ritmo-%f0%9f%8e%b9%f0%9f%a5%81","status":"publish","type":"post","link":"https:\/\/www.crea.gov.co\/crea-roma\/%f0%9f%8e%b6-la-musica-tejio-memorias-y-encuentros-junto-a-los-duros-del-ritmo-%f0%9f%8e%b9%f0%9f%a5%81\/","title":{"rendered":"\ud83c\udfb6 La m\u00fasica teji\u00f3 memorias y encuentros junto a Los Duros del Ritmo \ud83c\udfb9\ud83e\udd41"},"content":{"rendered":"<figure class=\"wp-block-post-featured-image\"><img loading=\"lazy\" decoding=\"async\" width=\"1152\" height=\"864\" src=\"https:\/\/www.crea.gov.co\/crea-roma\/wp-content\/uploads\/sites\/10\/2025\/12\/WhatsApp-Image-2025-12-16-at-11.42.24-AM.jpeg\" class=\"attachment-post-thumbnail size-post-thumbnail wp-post-image\" alt=\"\" style=\"object-fit:cover;\" srcset=\"https:\/\/www.crea.gov.co\/crea-roma\/wp-content\/uploads\/sites\/10\/2025\/12\/WhatsApp-Image-2025-12-16-at-11.42.24-AM.jpeg 1152w, https:\/\/www.crea.gov.co\/crea-roma\/wp-content\/uploads\/sites\/10\/2025\/12\/WhatsApp-Image-2025-12-16-at-11.42.24-AM-300x225.jpeg 300w, https:\/\/www.crea.gov.co\/crea-roma\/wp-content\/uploads\/sites\/10\/2025\/12\/WhatsApp-Image-2025-12-16-at-11.42.24-AM-1024x768.jpeg 1024w, https:\/\/www.crea.gov.co\/crea-roma\/wp-content\/uploads\/sites\/10\/2025\/12\/WhatsApp-Image-2025-12-16-at-11.42.24-AM-768x576.jpeg 768w\" sizes=\"auto, (max-width: 1152px) 100vw, 1152px\" \/><\/figure>\n\n\n<p>El <strong>pasado mi\u00e9rcoles 19 de noviembre<\/strong>, el colectivo musical <strong>Los Duros del Ritmo<\/strong> protagoniz\u00f3 un emotivo encuentro musical \ud83c\udfbc\u2728, marcado por la interpretaci\u00f3n de un repertorio de piezas tradicionales y populares que evocaron memorias, emociones y ra\u00edces culturales \ud83c\udf3f. El ensamble estuvo conformado por <strong>teclados, guitarras, percusi\u00f3n y voces<\/strong> \ud83c\udfb9\ud83c\udfb8\ud83e\udd41\ud83c\udfa4, creando un ambiente c\u00e1lido y cercano para los asistentes.<\/p>\n\n\n\n<p>\ud83c\udfb5\ud83d\udcdc <strong>Repertorio interpretado:<\/strong><strong><br><\/strong> \u2022 <em>Cumbia El Pescador<\/em> \ud83d\udc1f\ud83d\udc83<br>\u2022 <em>Guabina Cuchipe<\/em> \ud83c\udf04\ud83c\udfb6<br>\u2022 <em>Cumbia Cienaguera<\/em> \ud83c\udf0a\ud83e\udd41<br>\u2022 <em>Tema andino Ojos Azules<\/em> \ud83d\udc40\u26f0\ufe0f<br>\u2022 <em>Los sonidos del silencio<\/em> \ud83c\udf0c\ud83c\udfbc<br>\u2022 <em>Baila Negra<\/em> \ud83d\udd25\ud83d\udc83<br>\u2022 <em>Rumba La Pi\u00f1a Madura<\/em> \ud83c\udf4d\ud83c\udfb5<\/p>\n\n\n\n<figure class=\"wp-block-video\"><video controls src=\"https:\/\/www.crea.gov.co\/crea-roma\/wp-content\/uploads\/sites\/10\/2025\/12\/Los-duros-del-ritmo.mp4\"><\/video><\/figure>\n\n\n\n<p>Durante la jornada, el grupo invit\u00f3 a los asistentes a vincularse activamente a trav\u00e9s de la <strong>danza<\/strong> \ud83d\udc83\ud83d\udd7a, anim\u00e1ndolos a moverse al ritmo de la cumbia y a participar del cierre art\u00edstico, donde la m\u00fasica se convirti\u00f3 en un lenguaje com\u00fan de celebraci\u00f3n y encuentro \ud83e\udd1d\ud83c\udfb6.<\/p>\n\n\n\n<p>Posteriormente, se abri\u00f3 un <strong>espacio de di\u00e1logo y reflexi\u00f3n<\/strong> \ud83d\udcac\ud83e\udd0d, en el que los y las participantes compartieron sus experiencias frente al proceso de formaci\u00f3n y creaci\u00f3n art\u00edstica, relatando los retos, hallazgos y transformaciones vividas a lo largo del a\u00f1o \ud83c\udf31\ud83c\udfb5. Una de las participantes expres\u00f3 palabras de agradecimiento al <strong>equipo Crea Roma<\/strong> y al <strong>artista formador<\/strong>, destacando su amplia trayectoria, sus reconocimientos nacionales e internacionales \ud83c\udf0e\ud83c\udfc6, as\u00ed como su paciencia, entrega y dedicaci\u00f3n en el proceso pedag\u00f3gico.<\/p>\n\n\n\n<p>Para el cierre del encuentro \ud83c\udf05\u2728, el artista formador anunci\u00f3 que en el a\u00f1o <strong>2026 no continuar\u00e1 en la Gerencia Crea<\/strong>. Sin embargo, extendi\u00f3 un <strong>abrazo fraterno<\/strong> \ud83e\udd0d\ud83e\udd17 a cada integrante del grupo e invit\u00f3 a continuar el camino de formaci\u00f3n y creaci\u00f3n art\u00edstica, recordando que <em>\u201cla vida es un ir y venir constante\u201d<\/em> \ud83c\udf0a\ud83c\udfb6.<\/p>\n\n\n\n<figure class=\"wp-block-image size-large\"><img loading=\"lazy\" decoding=\"async\" width=\"1024\" height=\"768\" src=\"https:\/\/www.crea.gov.co\/crea-roma\/wp-content\/uploads\/sites\/10\/2025\/12\/WhatsApp-Image-2025-12-16-at-11.49.36-AM-1024x768.jpeg\" alt=\"\" class=\"wp-image-1694\" srcset=\"https:\/\/www.crea.gov.co\/crea-roma\/wp-content\/uploads\/sites\/10\/2025\/12\/WhatsApp-Image-2025-12-16-at-11.49.36-AM-1024x768.jpeg 1024w, https:\/\/www.crea.gov.co\/crea-roma\/wp-content\/uploads\/sites\/10\/2025\/12\/WhatsApp-Image-2025-12-16-at-11.49.36-AM-300x225.jpeg 300w, https:\/\/www.crea.gov.co\/crea-roma\/wp-content\/uploads\/sites\/10\/2025\/12\/WhatsApp-Image-2025-12-16-at-11.49.36-AM-768x576.jpeg 768w, https:\/\/www.crea.gov.co\/crea-roma\/wp-content\/uploads\/sites\/10\/2025\/12\/WhatsApp-Image-2025-12-16-at-11.49.36-AM.jpeg 1152w\" sizes=\"auto, (max-width: 1024px) 100vw, 1024px\" \/><\/figure>\n\n\n\n<p>La muestra final evidenci\u00f3 c\u00f3mo la <strong>creaci\u00f3n art\u00edstica y la formaci\u00f3n<\/strong> se consolidaron como espacios de encuentro, aprendizaje y expresi\u00f3n para las <strong>personas mayores<\/strong> \ud83d\udc75\ud83e\uddd3\ud83c\udfbc. A trav\u00e9s de la m\u00fasica, la danza y el di\u00e1logo, se fortalecieron los v\u00ednculos comunitarios \ud83e\udd1d, se reconocieron los logros individuales y colectivos \ud83c\udf1f, y se reafirm\u00f3 que el <strong>arte es un poderoso veh\u00edculo de transformaci\u00f3n personal y social<\/strong> \ud83c\udfa8\u2728.<\/p>\n","protected":false},"excerpt":{"rendered":"<p>El pasado mi\u00e9rcoles 19 de noviembre, el colectivo musical Los Duros del Ritmo protagoniz\u00f3 un emotivo encuentro musical \ud83c\udfbc\u2728, marcado por la interpretaci\u00f3n de un repertorio de piezas tradicionales y populares que evocaron memorias, emociones y ra\u00edces culturales \ud83c\udf3f. El ensamble estuvo conformado por teclados, guitarras, percusi\u00f3n y voces \ud83c\udfb9\ud83c\udfb8\ud83e\udd41\ud83c\udfa4, creando un ambiente c\u00e1lido y [&hellip;]<\/p>\n","protected":false},"author":89,"featured_media":1692,"comment_status":"open","ping_status":"open","sticky":false,"template":"","format":"standard","meta":{"footnotes":""},"categories":[1],"tags":[],"class_list":["post-1691","post","type-post","status-publish","format-standard","has-post-thumbnail","hentry","category-sin-categoria"],"yoast_head":"<!-- This site is optimized with the Yoast SEO plugin v24.5 - https:\/\/yoast.com\/wordpress\/plugins\/seo\/ -->\n<title>\ud83c\udfb6 La m\u00fasica teji\u00f3 memorias y encuentros junto a Los Duros del Ritmo \ud83c\udfb9\ud83e\udd41 - Crea Roma<\/title>\n<meta name=\"robots\" content=\"index, follow, max-snippet:-1, max-image-preview:large, max-video-preview:-1\" \/>\n<link rel=\"canonical\" href=\"https:\/\/www.crea.gov.co\/crea-roma\/\ud83c\udfb6-la-musica-tejio-memorias-y-encuentros-junto-a-los-duros-del-ritmo-\ud83c\udfb9\ud83e\udd41\/\" \/>\n<meta property=\"og:locale\" content=\"es_ES\" \/>\n<meta property=\"og:type\" content=\"article\" \/>\n<meta property=\"og:title\" content=\"\ud83c\udfb6 La m\u00fasica teji\u00f3 memorias y encuentros junto a Los Duros del Ritmo \ud83c\udfb9\ud83e\udd41 - Crea Roma\" \/>\n<meta property=\"og:description\" content=\"El pasado mi\u00e9rcoles 19 de noviembre, el colectivo musical Los Duros del Ritmo protagoniz\u00f3 un emotivo encuentro musical \ud83c\udfbc\u2728, marcado por la interpretaci\u00f3n de un repertorio de piezas tradicionales y populares que evocaron memorias, emociones y ra\u00edces culturales \ud83c\udf3f. El ensamble estuvo conformado por teclados, guitarras, percusi\u00f3n y voces \ud83c\udfb9\ud83c\udfb8\ud83e\udd41\ud83c\udfa4, creando un ambiente c\u00e1lido y [&hellip;]\" \/>\n<meta property=\"og:url\" content=\"https:\/\/www.crea.gov.co\/crea-roma\/\ud83c\udfb6-la-musica-tejio-memorias-y-encuentros-junto-a-los-duros-del-ritmo-\ud83c\udfb9\ud83e\udd41\/\" \/>\n<meta property=\"og:site_name\" content=\"Crea Roma\" \/>\n<meta property=\"article:published_time\" content=\"2025-12-16T16:51:33+00:00\" \/>\n<meta property=\"og:image\" content=\"https:\/\/www.crea.gov.co\/crea-roma\/wp-content\/uploads\/sites\/10\/2025\/12\/WhatsApp-Image-2025-12-16-at-11.42.24-AM.jpeg\" \/>\n\t<meta property=\"og:image:width\" content=\"1152\" \/>\n\t<meta property=\"og:image:height\" content=\"864\" \/>\n\t<meta property=\"og:image:type\" content=\"image\/jpeg\" \/>\n<meta name=\"author\" content=\"crearoma\" \/>\n<meta name=\"twitter:card\" content=\"summary_large_image\" \/>\n<meta name=\"twitter:label1\" content=\"Escrito por\" \/>\n\t<meta name=\"twitter:data1\" content=\"crearoma\" \/>\n\t<meta name=\"twitter:label2\" content=\"Tiempo de lectura\" \/>\n\t<meta name=\"twitter:data2\" content=\"2 minutos\" \/>\n<script type=\"application\/ld+json\" class=\"yoast-schema-graph\">{\"@context\":\"https:\/\/schema.org\",\"@graph\":[{\"@type\":\"WebPage\",\"@id\":\"https:\/\/www.crea.gov.co\/crea-roma\/%f0%9f%8e%b6-la-musica-tejio-memorias-y-encuentros-junto-a-los-duros-del-ritmo-%f0%9f%8e%b9%f0%9f%a5%81\/\",\"url\":\"https:\/\/www.crea.gov.co\/crea-roma\/%f0%9f%8e%b6-la-musica-tejio-memorias-y-encuentros-junto-a-los-duros-del-ritmo-%f0%9f%8e%b9%f0%9f%a5%81\/\",\"name\":\"\ud83c\udfb6 La m\u00fasica teji\u00f3 memorias y encuentros junto a Los Duros del Ritmo \ud83c\udfb9\ud83e\udd41 - Crea Roma\",\"isPartOf\":{\"@id\":\"https:\/\/www.crea.gov.co\/crea-roma\/#website\"},\"primaryImageOfPage\":{\"@id\":\"https:\/\/www.crea.gov.co\/crea-roma\/%f0%9f%8e%b6-la-musica-tejio-memorias-y-encuentros-junto-a-los-duros-del-ritmo-%f0%9f%8e%b9%f0%9f%a5%81\/#primaryimage\"},\"image\":{\"@id\":\"https:\/\/www.crea.gov.co\/crea-roma\/%f0%9f%8e%b6-la-musica-tejio-memorias-y-encuentros-junto-a-los-duros-del-ritmo-%f0%9f%8e%b9%f0%9f%a5%81\/#primaryimage\"},\"thumbnailUrl\":\"https:\/\/www.crea.gov.co\/crea-roma\/wp-content\/uploads\/sites\/10\/2025\/12\/WhatsApp-Image-2025-12-16-at-11.42.24-AM.jpeg\",\"datePublished\":\"2025-12-16T16:51:33+00:00\",\"author\":{\"@id\":\"https:\/\/www.crea.gov.co\/crea-roma\/#\/schema\/person\/98d3131acf7d36de9766d95e8154256d\"},\"breadcrumb\":{\"@id\":\"https:\/\/www.crea.gov.co\/crea-roma\/%f0%9f%8e%b6-la-musica-tejio-memorias-y-encuentros-junto-a-los-duros-del-ritmo-%f0%9f%8e%b9%f0%9f%a5%81\/#breadcrumb\"},\"inLanguage\":\"es-CO\",\"potentialAction\":[{\"@type\":\"ReadAction\",\"target\":[\"https:\/\/www.crea.gov.co\/crea-roma\/%f0%9f%8e%b6-la-musica-tejio-memorias-y-encuentros-junto-a-los-duros-del-ritmo-%f0%9f%8e%b9%f0%9f%a5%81\/\"]}]},{\"@type\":\"ImageObject\",\"inLanguage\":\"es-CO\",\"@id\":\"https:\/\/www.crea.gov.co\/crea-roma\/%f0%9f%8e%b6-la-musica-tejio-memorias-y-encuentros-junto-a-los-duros-del-ritmo-%f0%9f%8e%b9%f0%9f%a5%81\/#primaryimage\",\"url\":\"https:\/\/www.crea.gov.co\/crea-roma\/wp-content\/uploads\/sites\/10\/2025\/12\/WhatsApp-Image-2025-12-16-at-11.42.24-AM.jpeg\",\"contentUrl\":\"https:\/\/www.crea.gov.co\/crea-roma\/wp-content\/uploads\/sites\/10\/2025\/12\/WhatsApp-Image-2025-12-16-at-11.42.24-AM.jpeg\",\"width\":1152,\"height\":864},{\"@type\":\"BreadcrumbList\",\"@id\":\"https:\/\/www.crea.gov.co\/crea-roma\/%f0%9f%8e%b6-la-musica-tejio-memorias-y-encuentros-junto-a-los-duros-del-ritmo-%f0%9f%8e%b9%f0%9f%a5%81\/#breadcrumb\",\"itemListElement\":[{\"@type\":\"ListItem\",\"position\":1,\"name\":\"Home\",\"item\":\"https:\/\/www.crea.gov.co\/crea-roma\/\"},{\"@type\":\"ListItem\",\"position\":2,\"name\":\"\ud83c\udfb6 La m\u00fasica teji\u00f3 memorias y encuentros junto a Los Duros del Ritmo \ud83c\udfb9\ud83e\udd41\"}]},{\"@type\":\"WebSite\",\"@id\":\"https:\/\/www.crea.gov.co\/crea-roma\/#website\",\"url\":\"https:\/\/www.crea.gov.co\/crea-roma\/\",\"name\":\"Crea Roma\",\"description\":\"En Kennedy, rodeado de conjuntos y calles que guardan historias de familias que han crecido en el barrio, este espacio es un lugar donde la creatividad se entrelaza con la vida cotidiana. Aqu\u00ed, los lenguajes art\u00edsticos fortalecen lazos y dan voz a las experiencias de una comunidad que se reconoce en lo colectivo.\",\"potentialAction\":[{\"@type\":\"SearchAction\",\"target\":{\"@type\":\"EntryPoint\",\"urlTemplate\":\"https:\/\/www.crea.gov.co\/crea-roma\/?s={search_term_string}\"},\"query-input\":{\"@type\":\"PropertyValueSpecification\",\"valueRequired\":true,\"valueName\":\"search_term_string\"}}],\"inLanguage\":\"es-CO\"},{\"@type\":\"Person\",\"@id\":\"https:\/\/www.crea.gov.co\/crea-roma\/#\/schema\/person\/98d3131acf7d36de9766d95e8154256d\",\"name\":\"crearoma\",\"image\":{\"@type\":\"ImageObject\",\"inLanguage\":\"es-CO\",\"@id\":\"https:\/\/www.crea.gov.co\/crea-roma\/#\/schema\/person\/image\/\",\"url\":\"https:\/\/secure.gravatar.com\/avatar\/a932fc1012aeb823a10fc90d54ba8dd3?s=96&d=mm&r=g\",\"contentUrl\":\"https:\/\/secure.gravatar.com\/avatar\/a932fc1012aeb823a10fc90d54ba8dd3?s=96&d=mm&r=g\",\"caption\":\"crearoma\"},\"url\":\"https:\/\/www.crea.gov.co\/crea-roma\/author\/crearoma\/\"}]}<\/script>\n<!-- \/ Yoast SEO plugin. -->","yoast_head_json":{"title":"\ud83c\udfb6 La m\u00fasica teji\u00f3 memorias y encuentros junto a Los Duros del Ritmo \ud83c\udfb9\ud83e\udd41 - Crea Roma","robots":{"index":"index","follow":"follow","max-snippet":"max-snippet:-1","max-image-preview":"max-image-preview:large","max-video-preview":"max-video-preview:-1"},"canonical":"https:\/\/www.crea.gov.co\/crea-roma\/\ud83c\udfb6-la-musica-tejio-memorias-y-encuentros-junto-a-los-duros-del-ritmo-\ud83c\udfb9\ud83e\udd41\/","og_locale":"es_ES","og_type":"article","og_title":"\ud83c\udfb6 La m\u00fasica teji\u00f3 memorias y encuentros junto a Los Duros del Ritmo \ud83c\udfb9\ud83e\udd41 - Crea Roma","og_description":"El pasado mi\u00e9rcoles 19 de noviembre, el colectivo musical Los Duros del Ritmo protagoniz\u00f3 un emotivo encuentro musical \ud83c\udfbc\u2728, marcado por la interpretaci\u00f3n de un repertorio de piezas tradicionales y populares que evocaron memorias, emociones y ra\u00edces culturales \ud83c\udf3f. El ensamble estuvo conformado por teclados, guitarras, percusi\u00f3n y voces \ud83c\udfb9\ud83c\udfb8\ud83e\udd41\ud83c\udfa4, creando un ambiente c\u00e1lido y [&hellip;]","og_url":"https:\/\/www.crea.gov.co\/crea-roma\/\ud83c\udfb6-la-musica-tejio-memorias-y-encuentros-junto-a-los-duros-del-ritmo-\ud83c\udfb9\ud83e\udd41\/","og_site_name":"Crea Roma","article_published_time":"2025-12-16T16:51:33+00:00","og_image":[{"width":1152,"height":864,"url":"https:\/\/www.crea.gov.co\/crea-roma\/wp-content\/uploads\/sites\/10\/2025\/12\/WhatsApp-Image-2025-12-16-at-11.42.24-AM.jpeg","type":"image\/jpeg"}],"author":"crearoma","twitter_card":"summary_large_image","twitter_misc":{"Escrito por":"crearoma","Tiempo de lectura":"2 minutos"},"schema":{"@context":"https:\/\/schema.org","@graph":[{"@type":"WebPage","@id":"https:\/\/www.crea.gov.co\/crea-roma\/%f0%9f%8e%b6-la-musica-tejio-memorias-y-encuentros-junto-a-los-duros-del-ritmo-%f0%9f%8e%b9%f0%9f%a5%81\/","url":"https:\/\/www.crea.gov.co\/crea-roma\/%f0%9f%8e%b6-la-musica-tejio-memorias-y-encuentros-junto-a-los-duros-del-ritmo-%f0%9f%8e%b9%f0%9f%a5%81\/","name":"\ud83c\udfb6 La m\u00fasica teji\u00f3 memorias y encuentros junto a Los Duros del Ritmo \ud83c\udfb9\ud83e\udd41 - Crea Roma","isPartOf":{"@id":"https:\/\/www.crea.gov.co\/crea-roma\/#website"},"primaryImageOfPage":{"@id":"https:\/\/www.crea.gov.co\/crea-roma\/%f0%9f%8e%b6-la-musica-tejio-memorias-y-encuentros-junto-a-los-duros-del-ritmo-%f0%9f%8e%b9%f0%9f%a5%81\/#primaryimage"},"image":{"@id":"https:\/\/www.crea.gov.co\/crea-roma\/%f0%9f%8e%b6-la-musica-tejio-memorias-y-encuentros-junto-a-los-duros-del-ritmo-%f0%9f%8e%b9%f0%9f%a5%81\/#primaryimage"},"thumbnailUrl":"https:\/\/www.crea.gov.co\/crea-roma\/wp-content\/uploads\/sites\/10\/2025\/12\/WhatsApp-Image-2025-12-16-at-11.42.24-AM.jpeg","datePublished":"2025-12-16T16:51:33+00:00","author":{"@id":"https:\/\/www.crea.gov.co\/crea-roma\/#\/schema\/person\/98d3131acf7d36de9766d95e8154256d"},"breadcrumb":{"@id":"https:\/\/www.crea.gov.co\/crea-roma\/%f0%9f%8e%b6-la-musica-tejio-memorias-y-encuentros-junto-a-los-duros-del-ritmo-%f0%9f%8e%b9%f0%9f%a5%81\/#breadcrumb"},"inLanguage":"es-CO","potentialAction":[{"@type":"ReadAction","target":["https:\/\/www.crea.gov.co\/crea-roma\/%f0%9f%8e%b6-la-musica-tejio-memorias-y-encuentros-junto-a-los-duros-del-ritmo-%f0%9f%8e%b9%f0%9f%a5%81\/"]}]},{"@type":"ImageObject","inLanguage":"es-CO","@id":"https:\/\/www.crea.gov.co\/crea-roma\/%f0%9f%8e%b6-la-musica-tejio-memorias-y-encuentros-junto-a-los-duros-del-ritmo-%f0%9f%8e%b9%f0%9f%a5%81\/#primaryimage","url":"https:\/\/www.crea.gov.co\/crea-roma\/wp-content\/uploads\/sites\/10\/2025\/12\/WhatsApp-Image-2025-12-16-at-11.42.24-AM.jpeg","contentUrl":"https:\/\/www.crea.gov.co\/crea-roma\/wp-content\/uploads\/sites\/10\/2025\/12\/WhatsApp-Image-2025-12-16-at-11.42.24-AM.jpeg","width":1152,"height":864},{"@type":"BreadcrumbList","@id":"https:\/\/www.crea.gov.co\/crea-roma\/%f0%9f%8e%b6-la-musica-tejio-memorias-y-encuentros-junto-a-los-duros-del-ritmo-%f0%9f%8e%b9%f0%9f%a5%81\/#breadcrumb","itemListElement":[{"@type":"ListItem","position":1,"name":"Home","item":"https:\/\/www.crea.gov.co\/crea-roma\/"},{"@type":"ListItem","position":2,"name":"\ud83c\udfb6 La m\u00fasica teji\u00f3 memorias y encuentros junto a Los Duros del Ritmo \ud83c\udfb9\ud83e\udd41"}]},{"@type":"WebSite","@id":"https:\/\/www.crea.gov.co\/crea-roma\/#website","url":"https:\/\/www.crea.gov.co\/crea-roma\/","name":"Crea Roma","description":"En Kennedy, rodeado de conjuntos y calles que guardan historias de familias que han crecido en el barrio, este espacio es un lugar donde la creatividad se entrelaza con la vida cotidiana. Aqu\u00ed, los lenguajes art\u00edsticos fortalecen lazos y dan voz a las experiencias de una comunidad que se reconoce en lo colectivo.","potentialAction":[{"@type":"SearchAction","target":{"@type":"EntryPoint","urlTemplate":"https:\/\/www.crea.gov.co\/crea-roma\/?s={search_term_string}"},"query-input":{"@type":"PropertyValueSpecification","valueRequired":true,"valueName":"search_term_string"}}],"inLanguage":"es-CO"},{"@type":"Person","@id":"https:\/\/www.crea.gov.co\/crea-roma\/#\/schema\/person\/98d3131acf7d36de9766d95e8154256d","name":"crearoma","image":{"@type":"ImageObject","inLanguage":"es-CO","@id":"https:\/\/www.crea.gov.co\/crea-roma\/#\/schema\/person\/image\/","url":"https:\/\/secure.gravatar.com\/avatar\/a932fc1012aeb823a10fc90d54ba8dd3?s=96&d=mm&r=g","contentUrl":"https:\/\/secure.gravatar.com\/avatar\/a932fc1012aeb823a10fc90d54ba8dd3?s=96&d=mm&r=g","caption":"crearoma"},"url":"https:\/\/www.crea.gov.co\/crea-roma\/author\/crearoma\/"}]}},"_links":{"self":[{"href":"https:\/\/www.crea.gov.co\/crea-roma\/wp-json\/wp\/v2\/posts\/1691","targetHints":{"allow":["GET"]}}],"collection":[{"href":"https:\/\/www.crea.gov.co\/crea-roma\/wp-json\/wp\/v2\/posts"}],"about":[{"href":"https:\/\/www.crea.gov.co\/crea-roma\/wp-json\/wp\/v2\/types\/post"}],"author":[{"embeddable":true,"href":"https:\/\/www.crea.gov.co\/crea-roma\/wp-json\/wp\/v2\/users\/89"}],"replies":[{"embeddable":true,"href":"https:\/\/www.crea.gov.co\/crea-roma\/wp-json\/wp\/v2\/comments?post=1691"}],"version-history":[{"count":1,"href":"https:\/\/www.crea.gov.co\/crea-roma\/wp-json\/wp\/v2\/posts\/1691\/revisions"}],"predecessor-version":[{"id":1695,"href":"https:\/\/www.crea.gov.co\/crea-roma\/wp-json\/wp\/v2\/posts\/1691\/revisions\/1695"}],"wp:featuredmedia":[{"embeddable":true,"href":"https:\/\/www.crea.gov.co\/crea-roma\/wp-json\/wp\/v2\/media\/1692"}],"wp:attachment":[{"href":"https:\/\/www.crea.gov.co\/crea-roma\/wp-json\/wp\/v2\/media?parent=1691"}],"wp:term":[{"taxonomy":"category","embeddable":true,"href":"https:\/\/www.crea.gov.co\/crea-roma\/wp-json\/wp\/v2\/categories?post=1691"},{"taxonomy":"post_tag","embeddable":true,"href":"https:\/\/www.crea.gov.co\/crea-roma\/wp-json\/wp\/v2\/tags?post=1691"}],"curies":[{"name":"wp","href":"https:\/\/api.w.org\/{rel}","templated":true}]}}