{"id":1683,"date":"2025-12-16T16:40:14","date_gmt":"2025-12-16T16:40:14","guid":{"rendered":"https:\/\/www.crea.gov.co\/crea-roma\/?p=1683"},"modified":"2025-12-16T16:40:15","modified_gmt":"2025-12-16T16:40:15","slug":"%f0%9f%8e%a8%f0%9f%8e%ad-el-arte-fue-protagonista-en-la-muestra-final-del-crea-roma-%f0%9f%92%83%f0%9f%8e%ac","status":"publish","type":"post","link":"https:\/\/www.crea.gov.co\/crea-roma\/%f0%9f%8e%a8%f0%9f%8e%ad-el-arte-fue-protagonista-en-la-muestra-final-del-crea-roma-%f0%9f%92%83%f0%9f%8e%ac\/","title":{"rendered":"\ud83c\udfa8\ud83c\udfad El arte fue protagonista en la muestra final del Crea Roma \ud83d\udc83\ud83c\udfac"},"content":{"rendered":"<figure class=\"wp-block-post-featured-image\"><img loading=\"lazy\" decoding=\"async\" width=\"1599\" height=\"899\" src=\"https:\/\/www.crea.gov.co\/crea-roma\/wp-content\/uploads\/sites\/10\/2025\/12\/WhatsApp-Image-2025-11-26-at-10.34.42-AM-1.jpeg\" class=\"attachment-post-thumbnail size-post-thumbnail wp-post-image\" alt=\"\" style=\"object-fit:cover;\" srcset=\"https:\/\/www.crea.gov.co\/crea-roma\/wp-content\/uploads\/sites\/10\/2025\/12\/WhatsApp-Image-2025-11-26-at-10.34.42-AM-1.jpeg 1599w, https:\/\/www.crea.gov.co\/crea-roma\/wp-content\/uploads\/sites\/10\/2025\/12\/WhatsApp-Image-2025-11-26-at-10.34.42-AM-1-300x169.jpeg 300w, https:\/\/www.crea.gov.co\/crea-roma\/wp-content\/uploads\/sites\/10\/2025\/12\/WhatsApp-Image-2025-11-26-at-10.34.42-AM-1-1024x576.jpeg 1024w, https:\/\/www.crea.gov.co\/crea-roma\/wp-content\/uploads\/sites\/10\/2025\/12\/WhatsApp-Image-2025-11-26-at-10.34.42-AM-1-768x432.jpeg 768w, https:\/\/www.crea.gov.co\/crea-roma\/wp-content\/uploads\/sites\/10\/2025\/12\/WhatsApp-Image-2025-11-26-at-10.34.42-AM-1-1536x864.jpeg 1536w\" sizes=\"auto, (max-width: 1599px) 100vw, 1599px\" \/><\/figure>\n\n\n<p>El <strong>viernes 14 de noviembre<\/strong> se realiz\u00f3 la <strong>muestra final de los procesos de formaci\u00f3n y creaci\u00f3n art\u00edstica desarrollados durante el a\u00f1o 2025<\/strong>, protagonizada por los grupos de <strong>danza, teatro y audiovisuales<\/strong> de la l\u00ednea <strong>Impulso Colectivo<\/strong> \ud83c\udf08\ud83e\udd1d. Ni\u00f1os, ni\u00f1as, adolescentes, j\u00f3venes y adultos del <strong>Crea Roma<\/strong> compartieron sus creaciones como resultado de un a\u00f1o de exploraci\u00f3n, aprendizaje y encuentro a trav\u00e9s del arte.<\/p>\n\n\n\n<p>La actividad tuvo lugar en el <strong>Sal\u00f3n Comunal Roma IV<\/strong> \ud83c\udfdb\ufe0f, un espacio alterno articulado con el Crea, donde se desarrollaron talleres de trayecto corto con un grupo de la l\u00ednea <strong>Arte y Salud<\/strong> \ud83c\udf31\ud83d\udc9c. <\/p>\n\n\n\n<p>\ud83d\udc83\u2728 <strong>Grupo IC-6407 | Carolina Alfonso \u2013 \u201cDanza de los Dones\u201d<br><\/strong> Se present\u00f3 una creaci\u00f3n colectiva construida junto a las ni\u00f1as y los ni\u00f1os del grupo <strong>Star Latin Dance \u2013 Crea Roma<\/strong> \ud83c\udf1f. A trav\u00e9s de <strong>tres coreograf\u00edas<\/strong> \u2014dos de salsa y una de bachata\u2014, cada participante aport\u00f3 un paso propio que fue integrado al trabajo t\u00e9cnico del grupo. La obra reflej\u00f3 tanto el aprendizaje de los pasos b\u00e1sicos como la autenticidad y el don personal de cada cuerpo en movimiento.<br>La mini obra se entreteji\u00f3 con el cuento <em>La ciudad de las etiquetas<\/em>, de Viviana Carolina Alfonso \ud83d\udcd6\ud83d\udcad, cuyo mensaje invit\u00f3 a silenciar el ruido externo, escucharse por dentro y moverse con libertad, sin etiquetas.<\/p>\n\n\n\n<figure class=\"wp-block-video\"><video controls src=\"https:\/\/www.crea.gov.co\/crea-roma\/wp-content\/uploads\/sites\/10\/2025\/12\/Star-Latin-Dance.mp4\"><\/video><\/figure>\n\n\n\n<p>\ud83c\udfac\ud83c\udfb6 <strong>Grupo IC-6195 | Jefferson Romero \u2013 Videoclip \u201cTe am\u00e9\u201d<\/strong><strong><br><\/strong> El <strong>Colectivo Enredados<\/strong> present\u00f3 el videoclip <em>Te am\u00e9<\/em>, una creaci\u00f3n audiovisual centrada en temas de amor y desamor \u2764\ufe0f\ud83d\udc94. Este ejercicio represent\u00f3 el primer acercamiento del grupo al g\u00e9nero musical con una canci\u00f3n propia y permiti\u00f3 explorar nociones b\u00e1sicas de narraci\u00f3n corta y las posibilidades po\u00e9ticas del lenguaje audiovisual.<\/p>\n\n\n\n<figure class=\"wp-block-image size-large\"><img loading=\"lazy\" decoding=\"async\" width=\"1024\" height=\"768\" src=\"https:\/\/www.crea.gov.co\/crea-roma\/wp-content\/uploads\/sites\/10\/2025\/12\/WhatsApp-Image-2025-11-26-at-10.34.42-AM-3-1024x768.jpeg\" alt=\"\" class=\"wp-image-1685\" srcset=\"https:\/\/www.crea.gov.co\/crea-roma\/wp-content\/uploads\/sites\/10\/2025\/12\/WhatsApp-Image-2025-11-26-at-10.34.42-AM-3-1024x768.jpeg 1024w, https:\/\/www.crea.gov.co\/crea-roma\/wp-content\/uploads\/sites\/10\/2025\/12\/WhatsApp-Image-2025-11-26-at-10.34.42-AM-3-300x225.jpeg 300w, https:\/\/www.crea.gov.co\/crea-roma\/wp-content\/uploads\/sites\/10\/2025\/12\/WhatsApp-Image-2025-11-26-at-10.34.42-AM-3-768x576.jpeg 768w, https:\/\/www.crea.gov.co\/crea-roma\/wp-content\/uploads\/sites\/10\/2025\/12\/WhatsApp-Image-2025-11-26-at-10.34.42-AM-3-1536x1153.jpeg 1536w, https:\/\/www.crea.gov.co\/crea-roma\/wp-content\/uploads\/sites\/10\/2025\/12\/WhatsApp-Image-2025-11-26-at-10.34.42-AM-3.jpeg 1599w\" sizes=\"auto, (max-width: 1024px) 100vw, 1024px\" \/><\/figure>\n\n\n\n<p>\ud83c\udfad\ud83c\udf25\ufe0f <strong>Grupo IC-6405 | Ivon Quiroga \u2013 \u201cEl regreso a la ni\u00f1ez\u201d<br><\/strong> El grupo <strong>Nube de Ideas<\/strong> present\u00f3 una obra que propuso una reflexi\u00f3n sobre las limitaciones que, como adultos, enfrentamos para atrevernos a jugar, imaginar y crear \ud83c\udfa0\u2728. La puesta en escena surgi\u00f3 de las ideas, di\u00e1logos y acciones de los participantes, fortaleciendo la empat\u00eda, la escucha, la creatividad y la expresi\u00f3n corporal.<\/p>\n\n\n\n<figure class=\"wp-block-video\"><video controls src=\"https:\/\/www.crea.gov.co\/crea-roma\/wp-content\/uploads\/sites\/10\/2025\/12\/Grupo-Nube-de-ideas.mp4\"><\/video><\/figure>\n\n\n\n<figure class=\"wp-block-gallery has-nested-images columns-default is-cropped wp-block-gallery-1 is-layout-flex wp-block-gallery-is-layout-flex\">\n<figure class=\"wp-block-image size-large\"><img loading=\"lazy\" decoding=\"async\" width=\"1024\" height=\"768\" data-id=\"1686\" src=\"https:\/\/www.crea.gov.co\/crea-roma\/wp-content\/uploads\/sites\/10\/2025\/12\/WhatsApp-Image-2025-12-16-at-11.27.01-AM-1024x768.jpeg\" alt=\"\" class=\"wp-image-1686\" srcset=\"https:\/\/www.crea.gov.co\/crea-roma\/wp-content\/uploads\/sites\/10\/2025\/12\/WhatsApp-Image-2025-12-16-at-11.27.01-AM-1024x768.jpeg 1024w, https:\/\/www.crea.gov.co\/crea-roma\/wp-content\/uploads\/sites\/10\/2025\/12\/WhatsApp-Image-2025-12-16-at-11.27.01-AM-300x225.jpeg 300w, https:\/\/www.crea.gov.co\/crea-roma\/wp-content\/uploads\/sites\/10\/2025\/12\/WhatsApp-Image-2025-12-16-at-11.27.01-AM-768x576.jpeg 768w, https:\/\/www.crea.gov.co\/crea-roma\/wp-content\/uploads\/sites\/10\/2025\/12\/WhatsApp-Image-2025-12-16-at-11.27.01-AM.jpeg 1152w\" sizes=\"auto, (max-width: 1024px) 100vw, 1024px\" \/><\/figure>\n\n\n\n<figure class=\"wp-block-image size-large\"><img loading=\"lazy\" decoding=\"async\" width=\"1024\" height=\"768\" data-id=\"1687\" src=\"https:\/\/www.crea.gov.co\/crea-roma\/wp-content\/uploads\/sites\/10\/2025\/12\/WhatsApp-Image-2025-12-16-at-11.26.15-AM-1024x768.jpeg\" alt=\"\" class=\"wp-image-1687\" srcset=\"https:\/\/www.crea.gov.co\/crea-roma\/wp-content\/uploads\/sites\/10\/2025\/12\/WhatsApp-Image-2025-12-16-at-11.26.15-AM-1024x768.jpeg 1024w, https:\/\/www.crea.gov.co\/crea-roma\/wp-content\/uploads\/sites\/10\/2025\/12\/WhatsApp-Image-2025-12-16-at-11.26.15-AM-300x225.jpeg 300w, https:\/\/www.crea.gov.co\/crea-roma\/wp-content\/uploads\/sites\/10\/2025\/12\/WhatsApp-Image-2025-12-16-at-11.26.15-AM-768x576.jpeg 768w, https:\/\/www.crea.gov.co\/crea-roma\/wp-content\/uploads\/sites\/10\/2025\/12\/WhatsApp-Image-2025-12-16-at-11.26.15-AM.jpeg 1152w\" sizes=\"auto, (max-width: 1024px) 100vw, 1024px\" \/><\/figure>\n<\/figure>\n\n\n\n<p>Al finalizar la jornada, se abri\u00f3 un espacio de di\u00e1logo y agradecimiento \ud83d\udcac\ud83e\udd0d, en el que las familias expresaron su gratitud a la <strong>Gerencia Crea<\/strong> y al <strong>Crea Roma<\/strong> por acoger a los participantes. Asimismo, reconocieron el compromiso, la paciencia y el profesionalismo de los <strong>artistas formadores<\/strong> durante el a\u00f1o 2025, y manifestaron su deseo de continuar en los talleres el pr\u00f3ximo a\u00f1o \ud83c\udf31\ud83c\udfa8.<\/p>\n\n\n\n<p>La muestra final realizada en el <strong>Sal\u00f3n Comunal Roma IV<\/strong> evidenci\u00f3 la importancia del <strong>arte como espacio de encuentro, construcci\u00f3n colectiva y reconocimiento mutuo<\/strong> \ud83c\udfd9\ufe0f\u2728. Cada presentaci\u00f3n \u2014desde la danza hasta el audiovisual y el teatro\u2014 revel\u00f3 no solo los aprendizajes adquiridos, sino tambi\u00e9n los procesos humanos que se fortalecen cuando una comunidad crea unida: la escucha, la sensibilidad, el respeto, la confianza y la libertad de expresi\u00f3n \ud83c\udfb6\ud83e\udd1d.<\/p>\n\n\n\n<p><br><\/p>\n","protected":false},"excerpt":{"rendered":"<p>El viernes 14 de noviembre se realiz\u00f3 la muestra final de los procesos de formaci\u00f3n y creaci\u00f3n art\u00edstica desarrollados durante el a\u00f1o 2025, protagonizada por los grupos de danza, teatro y audiovisuales de la l\u00ednea Impulso Colectivo \ud83c\udf08\ud83e\udd1d. Ni\u00f1os, ni\u00f1as, adolescentes, j\u00f3venes y adultos del Crea Roma compartieron sus creaciones como resultado de un a\u00f1o [&hellip;]<\/p>\n","protected":false},"author":89,"featured_media":1684,"comment_status":"open","ping_status":"open","sticky":false,"template":"","format":"standard","meta":{"footnotes":""},"categories":[1],"tags":[],"class_list":["post-1683","post","type-post","status-publish","format-standard","has-post-thumbnail","hentry","category-sin-categoria"],"yoast_head":"<!-- This site is optimized with the Yoast SEO plugin v24.5 - https:\/\/yoast.com\/wordpress\/plugins\/seo\/ -->\n<title>\ud83c\udfa8\ud83c\udfad El arte fue protagonista en la muestra final del Crea Roma \ud83d\udc83\ud83c\udfac - Crea Roma<\/title>\n<meta name=\"robots\" content=\"index, follow, max-snippet:-1, max-image-preview:large, max-video-preview:-1\" \/>\n<link rel=\"canonical\" href=\"https:\/\/www.crea.gov.co\/crea-roma\/\ud83c\udfa8\ud83c\udfad-el-arte-fue-protagonista-en-la-muestra-final-del-crea-roma-\ud83d\udc83\ud83c\udfac\/\" \/>\n<meta property=\"og:locale\" content=\"es_ES\" \/>\n<meta property=\"og:type\" content=\"article\" \/>\n<meta property=\"og:title\" content=\"\ud83c\udfa8\ud83c\udfad El arte fue protagonista en la muestra final del Crea Roma \ud83d\udc83\ud83c\udfac - Crea Roma\" \/>\n<meta property=\"og:description\" content=\"El viernes 14 de noviembre se realiz\u00f3 la muestra final de los procesos de formaci\u00f3n y creaci\u00f3n art\u00edstica desarrollados durante el a\u00f1o 2025, protagonizada por los grupos de danza, teatro y audiovisuales de la l\u00ednea Impulso Colectivo \ud83c\udf08\ud83e\udd1d. Ni\u00f1os, ni\u00f1as, adolescentes, j\u00f3venes y adultos del Crea Roma compartieron sus creaciones como resultado de un a\u00f1o [&hellip;]\" \/>\n<meta property=\"og:url\" content=\"https:\/\/www.crea.gov.co\/crea-roma\/\ud83c\udfa8\ud83c\udfad-el-arte-fue-protagonista-en-la-muestra-final-del-crea-roma-\ud83d\udc83\ud83c\udfac\/\" \/>\n<meta property=\"og:site_name\" content=\"Crea Roma\" \/>\n<meta property=\"article:published_time\" content=\"2025-12-16T16:40:14+00:00\" \/>\n<meta property=\"article:modified_time\" content=\"2025-12-16T16:40:15+00:00\" \/>\n<meta property=\"og:image\" content=\"https:\/\/www.crea.gov.co\/crea-roma\/wp-content\/uploads\/sites\/10\/2025\/12\/WhatsApp-Image-2025-11-26-at-10.34.42-AM-1.jpeg\" \/>\n\t<meta property=\"og:image:width\" content=\"1599\" \/>\n\t<meta property=\"og:image:height\" content=\"899\" \/>\n\t<meta property=\"og:image:type\" content=\"image\/jpeg\" \/>\n<meta name=\"author\" content=\"crearoma\" \/>\n<meta name=\"twitter:card\" content=\"summary_large_image\" \/>\n<meta name=\"twitter:label1\" content=\"Escrito por\" \/>\n\t<meta name=\"twitter:data1\" content=\"crearoma\" \/>\n\t<meta name=\"twitter:label2\" content=\"Tiempo de lectura\" \/>\n\t<meta name=\"twitter:data2\" content=\"3 minutos\" \/>\n<script type=\"application\/ld+json\" class=\"yoast-schema-graph\">{\"@context\":\"https:\/\/schema.org\",\"@graph\":[{\"@type\":\"WebPage\",\"@id\":\"https:\/\/www.crea.gov.co\/crea-roma\/%f0%9f%8e%a8%f0%9f%8e%ad-el-arte-fue-protagonista-en-la-muestra-final-del-crea-roma-%f0%9f%92%83%f0%9f%8e%ac\/\",\"url\":\"https:\/\/www.crea.gov.co\/crea-roma\/%f0%9f%8e%a8%f0%9f%8e%ad-el-arte-fue-protagonista-en-la-muestra-final-del-crea-roma-%f0%9f%92%83%f0%9f%8e%ac\/\",\"name\":\"\ud83c\udfa8\ud83c\udfad El arte fue protagonista en la muestra final del Crea Roma \ud83d\udc83\ud83c\udfac - Crea Roma\",\"isPartOf\":{\"@id\":\"https:\/\/www.crea.gov.co\/crea-roma\/#website\"},\"primaryImageOfPage\":{\"@id\":\"https:\/\/www.crea.gov.co\/crea-roma\/%f0%9f%8e%a8%f0%9f%8e%ad-el-arte-fue-protagonista-en-la-muestra-final-del-crea-roma-%f0%9f%92%83%f0%9f%8e%ac\/#primaryimage\"},\"image\":{\"@id\":\"https:\/\/www.crea.gov.co\/crea-roma\/%f0%9f%8e%a8%f0%9f%8e%ad-el-arte-fue-protagonista-en-la-muestra-final-del-crea-roma-%f0%9f%92%83%f0%9f%8e%ac\/#primaryimage\"},\"thumbnailUrl\":\"https:\/\/www.crea.gov.co\/crea-roma\/wp-content\/uploads\/sites\/10\/2025\/12\/WhatsApp-Image-2025-11-26-at-10.34.42-AM-1.jpeg\",\"datePublished\":\"2025-12-16T16:40:14+00:00\",\"dateModified\":\"2025-12-16T16:40:15+00:00\",\"author\":{\"@id\":\"https:\/\/www.crea.gov.co\/crea-roma\/#\/schema\/person\/98d3131acf7d36de9766d95e8154256d\"},\"breadcrumb\":{\"@id\":\"https:\/\/www.crea.gov.co\/crea-roma\/%f0%9f%8e%a8%f0%9f%8e%ad-el-arte-fue-protagonista-en-la-muestra-final-del-crea-roma-%f0%9f%92%83%f0%9f%8e%ac\/#breadcrumb\"},\"inLanguage\":\"es-CO\",\"potentialAction\":[{\"@type\":\"ReadAction\",\"target\":[\"https:\/\/www.crea.gov.co\/crea-roma\/%f0%9f%8e%a8%f0%9f%8e%ad-el-arte-fue-protagonista-en-la-muestra-final-del-crea-roma-%f0%9f%92%83%f0%9f%8e%ac\/\"]}]},{\"@type\":\"ImageObject\",\"inLanguage\":\"es-CO\",\"@id\":\"https:\/\/www.crea.gov.co\/crea-roma\/%f0%9f%8e%a8%f0%9f%8e%ad-el-arte-fue-protagonista-en-la-muestra-final-del-crea-roma-%f0%9f%92%83%f0%9f%8e%ac\/#primaryimage\",\"url\":\"https:\/\/www.crea.gov.co\/crea-roma\/wp-content\/uploads\/sites\/10\/2025\/12\/WhatsApp-Image-2025-11-26-at-10.34.42-AM-1.jpeg\",\"contentUrl\":\"https:\/\/www.crea.gov.co\/crea-roma\/wp-content\/uploads\/sites\/10\/2025\/12\/WhatsApp-Image-2025-11-26-at-10.34.42-AM-1.jpeg\",\"width\":1599,\"height\":899},{\"@type\":\"BreadcrumbList\",\"@id\":\"https:\/\/www.crea.gov.co\/crea-roma\/%f0%9f%8e%a8%f0%9f%8e%ad-el-arte-fue-protagonista-en-la-muestra-final-del-crea-roma-%f0%9f%92%83%f0%9f%8e%ac\/#breadcrumb\",\"itemListElement\":[{\"@type\":\"ListItem\",\"position\":1,\"name\":\"Home\",\"item\":\"https:\/\/www.crea.gov.co\/crea-roma\/\"},{\"@type\":\"ListItem\",\"position\":2,\"name\":\"\ud83c\udfa8\ud83c\udfad El arte fue protagonista en la muestra final del Crea Roma \ud83d\udc83\ud83c\udfac\"}]},{\"@type\":\"WebSite\",\"@id\":\"https:\/\/www.crea.gov.co\/crea-roma\/#website\",\"url\":\"https:\/\/www.crea.gov.co\/crea-roma\/\",\"name\":\"Crea Roma\",\"description\":\"En Kennedy, rodeado de conjuntos y calles que guardan historias de familias que han crecido en el barrio, este espacio es un lugar donde la creatividad se entrelaza con la vida cotidiana. Aqu\u00ed, los lenguajes art\u00edsticos fortalecen lazos y dan voz a las experiencias de una comunidad que se reconoce en lo colectivo.\",\"potentialAction\":[{\"@type\":\"SearchAction\",\"target\":{\"@type\":\"EntryPoint\",\"urlTemplate\":\"https:\/\/www.crea.gov.co\/crea-roma\/?s={search_term_string}\"},\"query-input\":{\"@type\":\"PropertyValueSpecification\",\"valueRequired\":true,\"valueName\":\"search_term_string\"}}],\"inLanguage\":\"es-CO\"},{\"@type\":\"Person\",\"@id\":\"https:\/\/www.crea.gov.co\/crea-roma\/#\/schema\/person\/98d3131acf7d36de9766d95e8154256d\",\"name\":\"crearoma\",\"image\":{\"@type\":\"ImageObject\",\"inLanguage\":\"es-CO\",\"@id\":\"https:\/\/www.crea.gov.co\/crea-roma\/#\/schema\/person\/image\/\",\"url\":\"https:\/\/secure.gravatar.com\/avatar\/a932fc1012aeb823a10fc90d54ba8dd3?s=96&d=mm&r=g\",\"contentUrl\":\"https:\/\/secure.gravatar.com\/avatar\/a932fc1012aeb823a10fc90d54ba8dd3?s=96&d=mm&r=g\",\"caption\":\"crearoma\"},\"url\":\"https:\/\/www.crea.gov.co\/crea-roma\/author\/crearoma\/\"}]}<\/script>\n<!-- \/ Yoast SEO plugin. -->","yoast_head_json":{"title":"\ud83c\udfa8\ud83c\udfad El arte fue protagonista en la muestra final del Crea Roma \ud83d\udc83\ud83c\udfac - Crea Roma","robots":{"index":"index","follow":"follow","max-snippet":"max-snippet:-1","max-image-preview":"max-image-preview:large","max-video-preview":"max-video-preview:-1"},"canonical":"https:\/\/www.crea.gov.co\/crea-roma\/\ud83c\udfa8\ud83c\udfad-el-arte-fue-protagonista-en-la-muestra-final-del-crea-roma-\ud83d\udc83\ud83c\udfac\/","og_locale":"es_ES","og_type":"article","og_title":"\ud83c\udfa8\ud83c\udfad El arte fue protagonista en la muestra final del Crea Roma \ud83d\udc83\ud83c\udfac - Crea Roma","og_description":"El viernes 14 de noviembre se realiz\u00f3 la muestra final de los procesos de formaci\u00f3n y creaci\u00f3n art\u00edstica desarrollados durante el a\u00f1o 2025, protagonizada por los grupos de danza, teatro y audiovisuales de la l\u00ednea Impulso Colectivo \ud83c\udf08\ud83e\udd1d. Ni\u00f1os, ni\u00f1as, adolescentes, j\u00f3venes y adultos del Crea Roma compartieron sus creaciones como resultado de un a\u00f1o [&hellip;]","og_url":"https:\/\/www.crea.gov.co\/crea-roma\/\ud83c\udfa8\ud83c\udfad-el-arte-fue-protagonista-en-la-muestra-final-del-crea-roma-\ud83d\udc83\ud83c\udfac\/","og_site_name":"Crea Roma","article_published_time":"2025-12-16T16:40:14+00:00","article_modified_time":"2025-12-16T16:40:15+00:00","og_image":[{"width":1599,"height":899,"url":"https:\/\/www.crea.gov.co\/crea-roma\/wp-content\/uploads\/sites\/10\/2025\/12\/WhatsApp-Image-2025-11-26-at-10.34.42-AM-1.jpeg","type":"image\/jpeg"}],"author":"crearoma","twitter_card":"summary_large_image","twitter_misc":{"Escrito por":"crearoma","Tiempo de lectura":"3 minutos"},"schema":{"@context":"https:\/\/schema.org","@graph":[{"@type":"WebPage","@id":"https:\/\/www.crea.gov.co\/crea-roma\/%f0%9f%8e%a8%f0%9f%8e%ad-el-arte-fue-protagonista-en-la-muestra-final-del-crea-roma-%f0%9f%92%83%f0%9f%8e%ac\/","url":"https:\/\/www.crea.gov.co\/crea-roma\/%f0%9f%8e%a8%f0%9f%8e%ad-el-arte-fue-protagonista-en-la-muestra-final-del-crea-roma-%f0%9f%92%83%f0%9f%8e%ac\/","name":"\ud83c\udfa8\ud83c\udfad El arte fue protagonista en la muestra final del Crea Roma \ud83d\udc83\ud83c\udfac - Crea Roma","isPartOf":{"@id":"https:\/\/www.crea.gov.co\/crea-roma\/#website"},"primaryImageOfPage":{"@id":"https:\/\/www.crea.gov.co\/crea-roma\/%f0%9f%8e%a8%f0%9f%8e%ad-el-arte-fue-protagonista-en-la-muestra-final-del-crea-roma-%f0%9f%92%83%f0%9f%8e%ac\/#primaryimage"},"image":{"@id":"https:\/\/www.crea.gov.co\/crea-roma\/%f0%9f%8e%a8%f0%9f%8e%ad-el-arte-fue-protagonista-en-la-muestra-final-del-crea-roma-%f0%9f%92%83%f0%9f%8e%ac\/#primaryimage"},"thumbnailUrl":"https:\/\/www.crea.gov.co\/crea-roma\/wp-content\/uploads\/sites\/10\/2025\/12\/WhatsApp-Image-2025-11-26-at-10.34.42-AM-1.jpeg","datePublished":"2025-12-16T16:40:14+00:00","dateModified":"2025-12-16T16:40:15+00:00","author":{"@id":"https:\/\/www.crea.gov.co\/crea-roma\/#\/schema\/person\/98d3131acf7d36de9766d95e8154256d"},"breadcrumb":{"@id":"https:\/\/www.crea.gov.co\/crea-roma\/%f0%9f%8e%a8%f0%9f%8e%ad-el-arte-fue-protagonista-en-la-muestra-final-del-crea-roma-%f0%9f%92%83%f0%9f%8e%ac\/#breadcrumb"},"inLanguage":"es-CO","potentialAction":[{"@type":"ReadAction","target":["https:\/\/www.crea.gov.co\/crea-roma\/%f0%9f%8e%a8%f0%9f%8e%ad-el-arte-fue-protagonista-en-la-muestra-final-del-crea-roma-%f0%9f%92%83%f0%9f%8e%ac\/"]}]},{"@type":"ImageObject","inLanguage":"es-CO","@id":"https:\/\/www.crea.gov.co\/crea-roma\/%f0%9f%8e%a8%f0%9f%8e%ad-el-arte-fue-protagonista-en-la-muestra-final-del-crea-roma-%f0%9f%92%83%f0%9f%8e%ac\/#primaryimage","url":"https:\/\/www.crea.gov.co\/crea-roma\/wp-content\/uploads\/sites\/10\/2025\/12\/WhatsApp-Image-2025-11-26-at-10.34.42-AM-1.jpeg","contentUrl":"https:\/\/www.crea.gov.co\/crea-roma\/wp-content\/uploads\/sites\/10\/2025\/12\/WhatsApp-Image-2025-11-26-at-10.34.42-AM-1.jpeg","width":1599,"height":899},{"@type":"BreadcrumbList","@id":"https:\/\/www.crea.gov.co\/crea-roma\/%f0%9f%8e%a8%f0%9f%8e%ad-el-arte-fue-protagonista-en-la-muestra-final-del-crea-roma-%f0%9f%92%83%f0%9f%8e%ac\/#breadcrumb","itemListElement":[{"@type":"ListItem","position":1,"name":"Home","item":"https:\/\/www.crea.gov.co\/crea-roma\/"},{"@type":"ListItem","position":2,"name":"\ud83c\udfa8\ud83c\udfad El arte fue protagonista en la muestra final del Crea Roma \ud83d\udc83\ud83c\udfac"}]},{"@type":"WebSite","@id":"https:\/\/www.crea.gov.co\/crea-roma\/#website","url":"https:\/\/www.crea.gov.co\/crea-roma\/","name":"Crea Roma","description":"En Kennedy, rodeado de conjuntos y calles que guardan historias de familias que han crecido en el barrio, este espacio es un lugar donde la creatividad se entrelaza con la vida cotidiana. Aqu\u00ed, los lenguajes art\u00edsticos fortalecen lazos y dan voz a las experiencias de una comunidad que se reconoce en lo colectivo.","potentialAction":[{"@type":"SearchAction","target":{"@type":"EntryPoint","urlTemplate":"https:\/\/www.crea.gov.co\/crea-roma\/?s={search_term_string}"},"query-input":{"@type":"PropertyValueSpecification","valueRequired":true,"valueName":"search_term_string"}}],"inLanguage":"es-CO"},{"@type":"Person","@id":"https:\/\/www.crea.gov.co\/crea-roma\/#\/schema\/person\/98d3131acf7d36de9766d95e8154256d","name":"crearoma","image":{"@type":"ImageObject","inLanguage":"es-CO","@id":"https:\/\/www.crea.gov.co\/crea-roma\/#\/schema\/person\/image\/","url":"https:\/\/secure.gravatar.com\/avatar\/a932fc1012aeb823a10fc90d54ba8dd3?s=96&d=mm&r=g","contentUrl":"https:\/\/secure.gravatar.com\/avatar\/a932fc1012aeb823a10fc90d54ba8dd3?s=96&d=mm&r=g","caption":"crearoma"},"url":"https:\/\/www.crea.gov.co\/crea-roma\/author\/crearoma\/"}]}},"_links":{"self":[{"href":"https:\/\/www.crea.gov.co\/crea-roma\/wp-json\/wp\/v2\/posts\/1683","targetHints":{"allow":["GET"]}}],"collection":[{"href":"https:\/\/www.crea.gov.co\/crea-roma\/wp-json\/wp\/v2\/posts"}],"about":[{"href":"https:\/\/www.crea.gov.co\/crea-roma\/wp-json\/wp\/v2\/types\/post"}],"author":[{"embeddable":true,"href":"https:\/\/www.crea.gov.co\/crea-roma\/wp-json\/wp\/v2\/users\/89"}],"replies":[{"embeddable":true,"href":"https:\/\/www.crea.gov.co\/crea-roma\/wp-json\/wp\/v2\/comments?post=1683"}],"version-history":[{"count":1,"href":"https:\/\/www.crea.gov.co\/crea-roma\/wp-json\/wp\/v2\/posts\/1683\/revisions"}],"predecessor-version":[{"id":1690,"href":"https:\/\/www.crea.gov.co\/crea-roma\/wp-json\/wp\/v2\/posts\/1683\/revisions\/1690"}],"wp:featuredmedia":[{"embeddable":true,"href":"https:\/\/www.crea.gov.co\/crea-roma\/wp-json\/wp\/v2\/media\/1684"}],"wp:attachment":[{"href":"https:\/\/www.crea.gov.co\/crea-roma\/wp-json\/wp\/v2\/media?parent=1683"}],"wp:term":[{"taxonomy":"category","embeddable":true,"href":"https:\/\/www.crea.gov.co\/crea-roma\/wp-json\/wp\/v2\/categories?post=1683"},{"taxonomy":"post_tag","embeddable":true,"href":"https:\/\/www.crea.gov.co\/crea-roma\/wp-json\/wp\/v2\/tags?post=1683"}],"curies":[{"name":"wp","href":"https:\/\/api.w.org\/{rel}","templated":true}]}}